{"id":43978,"date":"2024-07-25T10:15:56","date_gmt":"2024-07-25T08:15:56","guid":{"rendered":"https:\/\/vosgesinfo.fr\/epinalinfo\/?p=43978"},"modified":"2024-07-25T10:15:56","modified_gmt":"2024-07-25T08:15:56","slug":"munksjo-arches-forme-ses-salaries-a-la-securite","status":"publish","type":"post","link":"https:\/\/vosgesinfo.fr\/epinalinfo\/2024\/07\/munksjo-arches-forme-ses-salaries-a-la-securite\/","title":{"rendered":"Munksj\u00f6 Arches forme ses salari\u00e9s \u00e0 la s\u00e9curit\u00e9"},"content":{"rendered":"<p><strong>Ce vendredi 19 juillet, les salari\u00e9s de l&rsquo;entreprise Munksj\u00f6 \u00e0 Arches ont particip\u00e9 \u00e0 une demi-journ\u00e9e s\u00e9curit\u00e9 en partenariat avec la Protection Civile et une soci\u00e9t\u00e9 sp\u00e9cialis\u00e9e dans la s\u00e9curit\u00e9 incendie. Cette demi-journ\u00e9e a \u00e9t\u00e9 d\u00e9velopp\u00e9e par Nicolas Simmonet, directeur de Munksj\u00f6 et Amandine Pigeon, assistante de direction et charg\u00e9e de communication.\u00a0<\/strong><\/p>\n<p>C&rsquo;est lors de leur r\u00e9union bisannuelle instaur\u00e9e pour \u00e9changer des informations sur la vie de l&rsquo;entreprise telles que les r\u00e9sultats, le march\u00e9 actuel, les performances ou encore la s\u00e9curit\u00e9, que les salari\u00e9s de l&rsquo;usine se sont pr\u00eat\u00e9s au jeu des ateliers sur le th\u00e8me de la s\u00e9curit\u00e9 et des bons gestes \u00e0 tenir.<\/p>\n<p>Pour permettre la mixit\u00e9 et la rencontre des autres membres des \u00e9quipes de travail diff\u00e9rentes, les participants ont \u00e9t\u00e9 m\u00e9lang\u00e9s entre eux afin de cr\u00e9er 6 \u00e9quipes de 8. Ils ont ainsi appris les r\u00e9flexes \u00e0 avoir lors d&rsquo;un incendie avec une formation sur le fonctionnement d&rsquo;un extincteur, par exemple. La Protection Civile, elle, s&rsquo;est charg\u00e9e d&rsquo;initier les salari\u00e9s aux gestes de premiers secours.<\/p>\n<p>Cette mi-journ\u00e9e s&rsquo;est cl\u00f4tur\u00e9e par un repas confectionn\u00e9 par un food-truck Vosgien.<\/p>\n\n<p>&nbsp;<\/p>\n<p>&nbsp;<\/p>\n<p>&nbsp;<\/p>\n<p>&nbsp;<\/p>\n<p>&nbsp;<\/p>\n<p>&nbsp;<\/p>\n","protected":false},"excerpt":{"rendered":"<p>Ce vendredi 19 juillet, les salari\u00e9s de l&rsquo;entreprise Munksj\u00f6 \u00e0 Arches ont particip\u00e9 \u00e0 une demi-journ\u00e9e s\u00e9curit\u00e9 en partenariat avec [&hellip;]<\/p>\n","protected":false},"author":418,"featured_media":43979,"comment_status":"open","ping_status":"open","sticky":false,"template":"","format":"standard","meta":{"footnotes":""},"categories":[22,177,24,92],"tags":[178,6582,6583],"class_list":["post-43978","post","type-post","status-publish","format-standard","has-post-thumbnail","hentry","category-a-la-une","category-arches","category-epinal","category-securite","tag-arches","tag-formation-securite","tag-munksjo"],"acf":[],"yoast_head":"<!-- This site is optimized with the Yoast SEO plugin v22.5 - https:\/\/yoast.com\/wordpress\/plugins\/seo\/ -->\n<title>Munksj\u00f6 Arches forme ses salari\u00e9s \u00e0 la s\u00e9curit\u00e9 - Epinal Info<\/title>\n<meta name=\"robots\" content=\"index, follow, max-snippet:-1, max-image-preview:large, max-video-preview:-1\" \/>\n<link rel=\"canonical\" href=\"https:\/\/vosgesinfo.fr\/epinalinfo\/2024\/07\/munksjo-arches-forme-ses-salaries-a-la-securite\/\" \/>\n<meta name=\"twitter:card\" content=\"summary_large_image\" \/>\n<meta name=\"twitter:title\" content=\"Munksj\u00f6 Arches forme ses salari\u00e9s \u00e0 la s\u00e9curit\u00e9 - Epinal Info\" \/>\n<meta name=\"twitter:description\" content=\"Ce vendredi 19 juillet, les salari\u00e9s de l&rsquo;entreprise Munksj\u00f6 \u00e0 Arches ont particip\u00e9 \u00e0 une demi-journ\u00e9e s\u00e9curit\u00e9 en partenariat avec [&hellip;]\" \/>\n<meta name=\"twitter:image\" content=\"https:\/\/vosgesinfo.fr\/app\/uploads\/sites\/3\/2024\/07\/munksjo-securite-2.jpg\" \/>\n<meta name=\"twitter:creator\" content=\"@VosgesInfo88\" \/>\n<meta name=\"twitter:site\" content=\"@VosgesInfo88\" \/>\n<meta name=\"twitter:label1\" content=\"\u00c9crit par\" \/>\n\t<meta name=\"twitter:data1\" content=\"C.M\" \/>\n\t<meta name=\"twitter:label2\" content=\"Dur\u00e9e de lecture estim\u00e9e\" \/>\n\t<meta name=\"twitter:data2\" content=\"1 minute\" \/>\n<script type=\"application\/ld+json\" class=\"yoast-schema-graph\">{\"@context\":\"https:\/\/schema.org\",\"@graph\":[{\"@type\":\"Article\",\"@id\":\"https:\/\/vosgesinfo.fr\/epinalinfo\/2024\/07\/munksjo-arches-forme-ses-salaries-a-la-securite\/#article\",\"isPartOf\":{\"@id\":\"https:\/\/vosgesinfo.fr\/epinalinfo\/2024\/07\/munksjo-arches-forme-ses-salaries-a-la-securite\/\"},\"author\":{\"name\":\"C.M\",\"@id\":\"https:\/\/vosgesinfo.fr\/epinalinfo\/#\/schema\/person\/4f38cd3068e342935b7304695c797d08\"},\"headline\":\"Munksj\u00f6 Arches forme ses salari\u00e9s \u00e0 la s\u00e9curit\u00e9\",\"datePublished\":\"2024-07-25T08:15:56+00:00\",\"dateModified\":\"2024-07-25T08:15:56+00:00\",\"mainEntityOfPage\":{\"@id\":\"https:\/\/vosgesinfo.fr\/epinalinfo\/2024\/07\/munksjo-arches-forme-ses-salaries-a-la-securite\/\"},\"wordCount\":232,\"commentCount\":0,\"publisher\":{\"@id\":\"https:\/\/vosgesinfo.fr\/epinalinfo\/#organization\"},\"image\":{\"@id\":\"https:\/\/vosgesinfo.fr\/epinalinfo\/2024\/07\/munksjo-arches-forme-ses-salaries-a-la-securite\/#primaryimage\"},\"thumbnailUrl\":\"https:\/\/vosgesinfo.fr\/app\/uploads\/sites\/3\/2024\/07\/munksjo-securite-2.jpg\",\"keywords\":[\"Arches\",\"Formation s\u00e9curit\u00e9\",\"Munksj\u00f6\"],\"articleSection\":[\"A la Une\",\"Arches\",\"Epinal\",\"S\u00e9curit\u00e9\"],\"inLanguage\":\"fr-FR\",\"potentialAction\":[{\"@type\":\"CommentAction\",\"name\":\"Comment\",\"target\":[\"https:\/\/vosgesinfo.fr\/epinalinfo\/2024\/07\/munksjo-arches-forme-ses-salaries-a-la-securite\/#respond\"]}]},{\"@type\":\"WebPage\",\"@id\":\"https:\/\/vosgesinfo.fr\/epinalinfo\/2024\/07\/munksjo-arches-forme-ses-salaries-a-la-securite\/\",\"url\":\"https:\/\/vosgesinfo.fr\/epinalinfo\/2024\/07\/munksjo-arches-forme-ses-salaries-a-la-securite\/\",\"name\":\"Munksj\u00f6 Arches forme ses salari\u00e9s \u00e0 la s\u00e9curit\u00e9 - Epinal Info\",\"isPartOf\":{\"@id\":\"https:\/\/vosgesinfo.fr\/epinalinfo\/#website\"},\"primaryImageOfPage\":{\"@id\":\"https:\/\/vosgesinfo.fr\/epinalinfo\/2024\/07\/munksjo-arches-forme-ses-salaries-a-la-securite\/#primaryimage\"},\"image\":{\"@id\":\"https:\/\/vosgesinfo.fr\/epinalinfo\/2024\/07\/munksjo-arches-forme-ses-salaries-a-la-securite\/#primaryimage\"},\"thumbnailUrl\":\"https:\/\/vosgesinfo.fr\/app\/uploads\/sites\/3\/2024\/07\/munksjo-securite-2.jpg\",\"datePublished\":\"2024-07-25T08:15:56+00:00\",\"dateModified\":\"2024-07-25T08:15:56+00:00\",\"breadcrumb\":{\"@id\":\"https:\/\/vosgesinfo.fr\/epinalinfo\/2024\/07\/munksjo-arches-forme-ses-salaries-a-la-securite\/#breadcrumb\"},\"inLanguage\":\"fr-FR\",\"potentialAction\":[{\"@type\":\"ReadAction\",\"target\":[\"https:\/\/vosgesinfo.fr\/epinalinfo\/2024\/07\/munksjo-arches-forme-ses-salaries-a-la-securite\/\"]}]},{\"@type\":\"ImageObject\",\"inLanguage\":\"fr-FR\",\"@id\":\"https:\/\/vosgesinfo.fr\/epinalinfo\/2024\/07\/munksjo-arches-forme-ses-salaries-a-la-securite\/#primaryimage\",\"url\":\"https:\/\/vosgesinfo.fr\/app\/uploads\/sites\/3\/2024\/07\/munksjo-securite-2.jpg\",\"contentUrl\":\"https:\/\/vosgesinfo.fr\/app\/uploads\/sites\/3\/2024\/07\/munksjo-securite-2.jpg\",\"width\":1512,\"height\":2016},{\"@type\":\"BreadcrumbList\",\"@id\":\"https:\/\/vosgesinfo.fr\/epinalinfo\/2024\/07\/munksjo-arches-forme-ses-salaries-a-la-securite\/#breadcrumb\",\"itemListElement\":[{\"@type\":\"ListItem\",\"position\":1,\"name\":\"Home\",\"item\":\"https:\/\/vosgesinfo.fr\/epinalinfo\/\"},{\"@type\":\"ListItem\",\"position\":2,\"name\":\"Munksj\u00f6 Arches forme ses salari\u00e9s \u00e0 la s\u00e9curit\u00e9\"}]},{\"@type\":\"WebSite\",\"@id\":\"https:\/\/vosgesinfo.fr\/epinalinfo\/#website\",\"url\":\"https:\/\/vosgesinfo.fr\/epinalinfo\/\",\"name\":\"Epinal Info\",\"description\":\"Toute l&#039;actualit\u00e9 d&#039;\u00c9pinal\",\"publisher\":{\"@id\":\"https:\/\/vosgesinfo.fr\/epinalinfo\/#organization\"},\"alternateName\":\"Toute l'actualit\u00e9 d'\u00c9pinal\",\"potentialAction\":[{\"@type\":\"SearchAction\",\"target\":{\"@type\":\"EntryPoint\",\"urlTemplate\":\"https:\/\/vosgesinfo.fr\/epinalinfo\/?s={search_term_string}\"},\"query-input\":\"required name=search_term_string\"}],\"inLanguage\":\"fr-FR\"},{\"@type\":\"Organization\",\"@id\":\"https:\/\/vosgesinfo.fr\/epinalinfo\/#organization\",\"name\":\"Epinal Info\",\"url\":\"https:\/\/vosgesinfo.fr\/epinalinfo\/\",\"logo\":{\"@type\":\"ImageObject\",\"inLanguage\":\"fr-FR\",\"@id\":\"https:\/\/vosgesinfo.fr\/epinalinfo\/#\/schema\/logo\/image\/\",\"url\":\"https:\/\/vosgesinfo.fr\/app\/uploads\/sites\/3\/2023\/08\/logo-epinalinfos.svg\",\"contentUrl\":\"https:\/\/vosgesinfo.fr\/app\/uploads\/sites\/3\/2023\/08\/logo-epinalinfos.svg\",\"width\":1,\"height\":1,\"caption\":\"Epinal Info\"},\"image\":{\"@id\":\"https:\/\/vosgesinfo.fr\/epinalinfo\/#\/schema\/logo\/image\/\"},\"sameAs\":[\"https:\/\/www.facebook.com\/Epinalinfos\",\"https:\/\/x.com\/VosgesInfo88\",\"https:\/\/www.youtube.com\/@vosgesinfo\"]},{\"@type\":\"Person\",\"@id\":\"https:\/\/vosgesinfo.fr\/epinalinfo\/#\/schema\/person\/4f38cd3068e342935b7304695c797d08\",\"name\":\"C.M\",\"image\":{\"@type\":\"ImageObject\",\"inLanguage\":\"fr-FR\",\"@id\":\"https:\/\/vosgesinfo.fr\/epinalinfo\/#\/schema\/person\/image\/\",\"url\":\"https:\/\/secure.gravatar.com\/avatar\/fe9daaef0164d920717484172682f3c5c9bcf7d42aa8c7048c76c34f0eb6c8da?s=96&d=mm&r=g\",\"contentUrl\":\"https:\/\/secure.gravatar.com\/avatar\/fe9daaef0164d920717484172682f3c5c9bcf7d42aa8c7048c76c34f0eb6c8da?s=96&d=mm&r=g\",\"caption\":\"C.M\"},\"url\":\"https:\/\/vosgesinfo.fr\/epinalinfo\/author\/cm88200\/\"}]}<\/script>\n<!-- \/ Yoast SEO plugin. -->","yoast_head_json":{"title":"Munksj\u00f6 Arches forme ses salari\u00e9s \u00e0 la s\u00e9curit\u00e9 - Epinal Info","robots":{"index":"index","follow":"follow","max-snippet":"max-snippet:-1","max-image-preview":"max-image-preview:large","max-video-preview":"max-video-preview:-1"},"canonical":"https:\/\/vosgesinfo.fr\/epinalinfo\/2024\/07\/munksjo-arches-forme-ses-salaries-a-la-securite\/","twitter_card":"summary_large_image","twitter_title":"Munksj\u00f6 Arches forme ses salari\u00e9s \u00e0 la s\u00e9curit\u00e9 - Epinal Info","twitter_description":"Ce vendredi 19 juillet, les salari\u00e9s de l&rsquo;entreprise Munksj\u00f6 \u00e0 Arches ont particip\u00e9 \u00e0 une demi-journ\u00e9e s\u00e9curit\u00e9 en partenariat avec [&hellip;]","twitter_image":"https:\/\/vosgesinfo.fr\/app\/uploads\/sites\/3\/2024\/07\/munksjo-securite-2.jpg","twitter_creator":"@VosgesInfo88","twitter_site":"@VosgesInfo88","twitter_misc":{"\u00c9crit par":"C.M","Dur\u00e9e de lecture estim\u00e9e":"1 minute"},"schema":{"@context":"https:\/\/schema.org","@graph":[{"@type":"Article","@id":"https:\/\/vosgesinfo.fr\/epinalinfo\/2024\/07\/munksjo-arches-forme-ses-salaries-a-la-securite\/#article","isPartOf":{"@id":"https:\/\/vosgesinfo.fr\/epinalinfo\/2024\/07\/munksjo-arches-forme-ses-salaries-a-la-securite\/"},"author":{"name":"C.M","@id":"https:\/\/vosgesinfo.fr\/epinalinfo\/#\/schema\/person\/4f38cd3068e342935b7304695c797d08"},"headline":"Munksj\u00f6 Arches forme ses salari\u00e9s \u00e0 la s\u00e9curit\u00e9","datePublished":"2024-07-25T08:15:56+00:00","dateModified":"2024-07-25T08:15:56+00:00","mainEntityOfPage":{"@id":"https:\/\/vosgesinfo.fr\/epinalinfo\/2024\/07\/munksjo-arches-forme-ses-salaries-a-la-securite\/"},"wordCount":232,"commentCount":0,"publisher":{"@id":"https:\/\/vosgesinfo.fr\/epinalinfo\/#organization"},"image":{"@id":"https:\/\/vosgesinfo.fr\/epinalinfo\/2024\/07\/munksjo-arches-forme-ses-salaries-a-la-securite\/#primaryimage"},"thumbnailUrl":"https:\/\/vosgesinfo.fr\/app\/uploads\/sites\/3\/2024\/07\/munksjo-securite-2.jpg","keywords":["Arches","Formation s\u00e9curit\u00e9","Munksj\u00f6"],"articleSection":["A la Une","Arches","Epinal","S\u00e9curit\u00e9"],"inLanguage":"fr-FR","potentialAction":[{"@type":"CommentAction","name":"Comment","target":["https:\/\/vosgesinfo.fr\/epinalinfo\/2024\/07\/munksjo-arches-forme-ses-salaries-a-la-securite\/#respond"]}]},{"@type":"WebPage","@id":"https:\/\/vosgesinfo.fr\/epinalinfo\/2024\/07\/munksjo-arches-forme-ses-salaries-a-la-securite\/","url":"https:\/\/vosgesinfo.fr\/epinalinfo\/2024\/07\/munksjo-arches-forme-ses-salaries-a-la-securite\/","name":"Munksj\u00f6 Arches forme ses salari\u00e9s \u00e0 la s\u00e9curit\u00e9 - Epinal Info","isPartOf":{"@id":"https:\/\/vosgesinfo.fr\/epinalinfo\/#website"},"primaryImageOfPage":{"@id":"https:\/\/vosgesinfo.fr\/epinalinfo\/2024\/07\/munksjo-arches-forme-ses-salaries-a-la-securite\/#primaryimage"},"image":{"@id":"https:\/\/vosgesinfo.fr\/epinalinfo\/2024\/07\/munksjo-arches-forme-ses-salaries-a-la-securite\/#primaryimage"},"thumbnailUrl":"https:\/\/vosgesinfo.fr\/app\/uploads\/sites\/3\/2024\/07\/munksjo-securite-2.jpg","datePublished":"2024-07-25T08:15:56+00:00","dateModified":"2024-07-25T08:15:56+00:00","breadcrumb":{"@id":"https:\/\/vosgesinfo.fr\/epinalinfo\/2024\/07\/munksjo-arches-forme-ses-salaries-a-la-securite\/#breadcrumb"},"inLanguage":"fr-FR","potentialAction":[{"@type":"ReadAction","target":["https:\/\/vosgesinfo.fr\/epinalinfo\/2024\/07\/munksjo-arches-forme-ses-salaries-a-la-securite\/"]}]},{"@type":"ImageObject","inLanguage":"fr-FR","@id":"https:\/\/vosgesinfo.fr\/epinalinfo\/2024\/07\/munksjo-arches-forme-ses-salaries-a-la-securite\/#primaryimage","url":"https:\/\/vosgesinfo.fr\/app\/uploads\/sites\/3\/2024\/07\/munksjo-securite-2.jpg","contentUrl":"https:\/\/vosgesinfo.fr\/app\/uploads\/sites\/3\/2024\/07\/munksjo-securite-2.jpg","width":1512,"height":2016},{"@type":"BreadcrumbList","@id":"https:\/\/vosgesinfo.fr\/epinalinfo\/2024\/07\/munksjo-arches-forme-ses-salaries-a-la-securite\/#breadcrumb","itemListElement":[{"@type":"ListItem","position":1,"name":"Home","item":"https:\/\/vosgesinfo.fr\/epinalinfo\/"},{"@type":"ListItem","position":2,"name":"Munksj\u00f6 Arches forme ses salari\u00e9s \u00e0 la s\u00e9curit\u00e9"}]},{"@type":"WebSite","@id":"https:\/\/vosgesinfo.fr\/epinalinfo\/#website","url":"https:\/\/vosgesinfo.fr\/epinalinfo\/","name":"Epinal Info","description":"Toute l&#039;actualit\u00e9 d&#039;\u00c9pinal","publisher":{"@id":"https:\/\/vosgesinfo.fr\/epinalinfo\/#organization"},"alternateName":"Toute l'actualit\u00e9 d'\u00c9pinal","potentialAction":[{"@type":"SearchAction","target":{"@type":"EntryPoint","urlTemplate":"https:\/\/vosgesinfo.fr\/epinalinfo\/?s={search_term_string}"},"query-input":"required name=search_term_string"}],"inLanguage":"fr-FR"},{"@type":"Organization","@id":"https:\/\/vosgesinfo.fr\/epinalinfo\/#organization","name":"Epinal Info","url":"https:\/\/vosgesinfo.fr\/epinalinfo\/","logo":{"@type":"ImageObject","inLanguage":"fr-FR","@id":"https:\/\/vosgesinfo.fr\/epinalinfo\/#\/schema\/logo\/image\/","url":"https:\/\/vosgesinfo.fr\/app\/uploads\/sites\/3\/2023\/08\/logo-epinalinfos.svg","contentUrl":"https:\/\/vosgesinfo.fr\/app\/uploads\/sites\/3\/2023\/08\/logo-epinalinfos.svg","width":1,"height":1,"caption":"Epinal Info"},"image":{"@id":"https:\/\/vosgesinfo.fr\/epinalinfo\/#\/schema\/logo\/image\/"},"sameAs":["https:\/\/www.facebook.com\/Epinalinfos","https:\/\/x.com\/VosgesInfo88","https:\/\/www.youtube.com\/@vosgesinfo"]},{"@type":"Person","@id":"https:\/\/vosgesinfo.fr\/epinalinfo\/#\/schema\/person\/4f38cd3068e342935b7304695c797d08","name":"C.M","image":{"@type":"ImageObject","inLanguage":"fr-FR","@id":"https:\/\/vosgesinfo.fr\/epinalinfo\/#\/schema\/person\/image\/","url":"https:\/\/secure.gravatar.com\/avatar\/fe9daaef0164d920717484172682f3c5c9bcf7d42aa8c7048c76c34f0eb6c8da?s=96&d=mm&r=g","contentUrl":"https:\/\/secure.gravatar.com\/avatar\/fe9daaef0164d920717484172682f3c5c9bcf7d42aa8c7048c76c34f0eb6c8da?s=96&d=mm&r=g","caption":"C.M"},"url":"https:\/\/vosgesinfo.fr\/epinalinfo\/author\/cm88200\/"}]}},"_links":{"self":[{"href":"https:\/\/vosgesinfo.fr\/epinalinfo\/wp-json\/wp\/v2\/posts\/43978","targetHints":{"allow":["GET"]}}],"collection":[{"href":"https:\/\/vosgesinfo.fr\/epinalinfo\/wp-json\/wp\/v2\/posts"}],"about":[{"href":"https:\/\/vosgesinfo.fr\/epinalinfo\/wp-json\/wp\/v2\/types\/post"}],"author":[{"embeddable":true,"href":"https:\/\/vosgesinfo.fr\/epinalinfo\/wp-json\/wp\/v2\/users\/418"}],"replies":[{"embeddable":true,"href":"https:\/\/vosgesinfo.fr\/epinalinfo\/wp-json\/wp\/v2\/comments?post=43978"}],"version-history":[{"count":0,"href":"https:\/\/vosgesinfo.fr\/epinalinfo\/wp-json\/wp\/v2\/posts\/43978\/revisions"}],"wp:featuredmedia":[{"embeddable":true,"href":"https:\/\/vosgesinfo.fr\/epinalinfo\/wp-json\/wp\/v2\/media\/43979"}],"wp:attachment":[{"href":"https:\/\/vosgesinfo.fr\/epinalinfo\/wp-json\/wp\/v2\/media?parent=43978"}],"wp:term":[{"taxonomy":"category","embeddable":true,"href":"https:\/\/vosgesinfo.fr\/epinalinfo\/wp-json\/wp\/v2\/categories?post=43978"},{"taxonomy":"post_tag","embeddable":true,"href":"https:\/\/vosgesinfo.fr\/epinalinfo\/wp-json\/wp\/v2\/tags?post=43978"}],"curies":[{"name":"wp","href":"https:\/\/api.w.org\/{rel}","templated":true}]}}