{"id":44133,"date":"2024-07-30T12:39:57","date_gmt":"2024-07-30T10:39:57","guid":{"rendered":"https:\/\/vosgesinfo.fr\/epinalinfo\/?p=44133"},"modified":"2024-07-30T12:39:57","modified_gmt":"2024-07-30T10:39:57","slug":"a-epinal-apres-le-passage-des-gens-du-voyage-les-terrains-sont-abimes","status":"publish","type":"post","link":"https:\/\/vosgesinfo.fr\/epinalinfo\/2024\/07\/a-epinal-apres-le-passage-des-gens-du-voyage-les-terrains-sont-abimes\/","title":{"rendered":"A \u00c9pinal, apr\u00e8s le passage des gens du voyage les terrains sont ab\u00eem\u00e9s"},"content":{"rendered":"<p><img decoding=\"async\" class=\"aligncenter size-large wp-image-43947\" src=\"https:\/\/vosgesinfo.fr\/app\/uploads\/sites\/3\/2024\/07\/caravanes-gens-du-voyages-plaine-soba-epinal445-2-1-1024x768.jpg\" alt=\"\" width=\"1024\" height=\"768\" srcset=\"https:\/\/vosgesinfo.fr\/app\/uploads\/sites\/3\/2024\/07\/caravanes-gens-du-voyages-plaine-soba-epinal445-2-1-1024x768.jpg 1024w, https:\/\/vosgesinfo.fr\/app\/uploads\/sites\/3\/2024\/07\/caravanes-gens-du-voyages-plaine-soba-epinal445-2-1-300x225.jpg 300w, https:\/\/vosgesinfo.fr\/app\/uploads\/sites\/3\/2024\/07\/caravanes-gens-du-voyages-plaine-soba-epinal445-2-1-768x576.jpg 768w, https:\/\/vosgesinfo.fr\/app\/uploads\/sites\/3\/2024\/07\/caravanes-gens-du-voyages-plaine-soba-epinal445-2-1-1536x1152.jpg 1536w, https:\/\/vosgesinfo.fr\/app\/uploads\/sites\/3\/2024\/07\/caravanes-gens-du-voyages-plaine-soba-epinal445-2-1-2048x1536.jpg 2048w\" sizes=\"(max-width: 1024px) 100vw, 1024px\" \/>Nous vous en <a href=\"https:\/\/vosgesinfo.fr\/epinalinfo\/2024\/07\/des-gens-du-voyage-installes-sur-le-terrain-de-foot-de-la-plaine-de-soba-a-epinal\/\">parlions, lundi 22 juillet<\/a> dernier, pr\u00e8s de 120 caravanes des gens du voyage \u00e9taient install\u00e9es pendant une semaine sur le terrain de football de la plaine de Soba, \u00e0 Epinal. Il s\u2019agit de membres d\u2019une mission \u00e9vang\u00e9lique.<\/p>\n<p>Les caravanes avaient occup\u00e9 ill\u00e9galement le terrain pendant une semaine et sont partis ce lundi 29 juillet. Les gens du voyage ont laiss\u00e9 derri\u00e8re eux des tas de d\u00e9chets et les terrains sont ravag\u00e9s par le passage des v\u00e9hicules. Un poteau de grillage a m\u00eame \u00e9t\u00e9 descell\u00e9.<\/p>\n<p>La communaut\u00e9 d&rsquo;agglom\u00e9ration d\u2019\u00c9pinal a port\u00e9 plainte d\u00e8s leur installation.<\/p>\n<p>&nbsp;<\/p>\n","protected":false},"excerpt":{"rendered":"<p>Nous vous en parlions, lundi 22 juillet dernier, pr\u00e8s de 120 caravanes des gens du voyage \u00e9taient install\u00e9es pendant une [&hellip;]<\/p>\n","protected":false},"author":52,"featured_media":43947,"comment_status":"open","ping_status":"open","sticky":false,"template":"","format":"standard","meta":{"footnotes":""},"categories":[22,24,6,5],"tags":[],"class_list":["post-44133","post","type-post","status-publish","format-standard","has-post-thumbnail","hentry","category-a-la-une","category-epinal","category-faits-divers","category-vosges"],"acf":[],"yoast_head":"<!-- This site is optimized with the Yoast SEO plugin v22.5 - https:\/\/yoast.com\/wordpress\/plugins\/seo\/ -->\n<title>A \u00c9pinal, apr\u00e8s le passage des gens du voyage les terrains sont ab\u00eem\u00e9s - Epinal Info<\/title>\n<meta name=\"robots\" content=\"index, follow, max-snippet:-1, max-image-preview:large, max-video-preview:-1\" \/>\n<link rel=\"canonical\" href=\"https:\/\/vosgesinfo.fr\/epinalinfo\/2024\/07\/a-epinal-apres-le-passage-des-gens-du-voyage-les-terrains-sont-abimes\/\" \/>\n<meta name=\"twitter:card\" content=\"summary_large_image\" \/>\n<meta name=\"twitter:title\" content=\"A \u00c9pinal, apr\u00e8s le passage des gens du voyage les terrains sont ab\u00eem\u00e9s - Epinal Info\" \/>\n<meta name=\"twitter:description\" content=\"Nous vous en parlions, lundi 22 juillet dernier, pr\u00e8s de 120 caravanes des gens du voyage \u00e9taient install\u00e9es pendant une [&hellip;]\" \/>\n<meta name=\"twitter:image\" content=\"https:\/\/vosgesinfo.fr\/app\/uploads\/sites\/3\/2024\/07\/caravanes-gens-du-voyages-plaine-soba-epinal445-2-1-1024x768.jpg\" \/>\n<meta name=\"twitter:creator\" content=\"@VosgesInfo88\" \/>\n<meta name=\"twitter:site\" content=\"@VosgesInfo88\" \/>\n<meta name=\"twitter:label1\" content=\"\u00c9crit par\" \/>\n\t<meta name=\"twitter:data1\" content=\"C.K.\" \/>\n\t<meta name=\"twitter:label2\" content=\"Dur\u00e9e de lecture estim\u00e9e\" \/>\n\t<meta name=\"twitter:data2\" content=\"1 minute\" \/>\n<script type=\"application\/ld+json\" class=\"yoast-schema-graph\">{\"@context\":\"https:\/\/schema.org\",\"@graph\":[{\"@type\":\"Article\",\"@id\":\"https:\/\/vosgesinfo.fr\/epinalinfo\/2024\/07\/a-epinal-apres-le-passage-des-gens-du-voyage-les-terrains-sont-abimes\/#article\",\"isPartOf\":{\"@id\":\"https:\/\/vosgesinfo.fr\/epinalinfo\/2024\/07\/a-epinal-apres-le-passage-des-gens-du-voyage-les-terrains-sont-abimes\/\"},\"author\":{\"name\":\"C.K.\",\"@id\":\"https:\/\/vosgesinfo.fr\/epinalinfo\/#\/schema\/person\/6f9a650eeea99d969b6c4ab78fccbe81\"},\"headline\":\"A \u00c9pinal, apr\u00e8s le passage des gens du voyage les terrains sont ab\u00eem\u00e9s\",\"datePublished\":\"2024-07-30T10:39:57+00:00\",\"dateModified\":\"2024-07-30T10:39:57+00:00\",\"mainEntityOfPage\":{\"@id\":\"https:\/\/vosgesinfo.fr\/epinalinfo\/2024\/07\/a-epinal-apres-le-passage-des-gens-du-voyage-les-terrains-sont-abimes\/\"},\"wordCount\":125,\"commentCount\":4,\"publisher\":{\"@id\":\"https:\/\/vosgesinfo.fr\/epinalinfo\/#organization\"},\"image\":{\"@id\":\"https:\/\/vosgesinfo.fr\/epinalinfo\/2024\/07\/a-epinal-apres-le-passage-des-gens-du-voyage-les-terrains-sont-abimes\/#primaryimage\"},\"thumbnailUrl\":\"https:\/\/vosgesinfo.fr\/app\/uploads\/sites\/3\/2024\/07\/caravanes-gens-du-voyages-plaine-soba-epinal445-2-1-scaled.jpg\",\"articleSection\":[\"A la Une\",\"Epinal\",\"Faits-divers\",\"Vosges\"],\"inLanguage\":\"fr-FR\",\"potentialAction\":[{\"@type\":\"CommentAction\",\"name\":\"Comment\",\"target\":[\"https:\/\/vosgesinfo.fr\/epinalinfo\/2024\/07\/a-epinal-apres-le-passage-des-gens-du-voyage-les-terrains-sont-abimes\/#respond\"]}]},{\"@type\":\"WebPage\",\"@id\":\"https:\/\/vosgesinfo.fr\/epinalinfo\/2024\/07\/a-epinal-apres-le-passage-des-gens-du-voyage-les-terrains-sont-abimes\/\",\"url\":\"https:\/\/vosgesinfo.fr\/epinalinfo\/2024\/07\/a-epinal-apres-le-passage-des-gens-du-voyage-les-terrains-sont-abimes\/\",\"name\":\"A \u00c9pinal, apr\u00e8s le passage des gens du voyage les terrains sont ab\u00eem\u00e9s - Epinal Info\",\"isPartOf\":{\"@id\":\"https:\/\/vosgesinfo.fr\/epinalinfo\/#website\"},\"primaryImageOfPage\":{\"@id\":\"https:\/\/vosgesinfo.fr\/epinalinfo\/2024\/07\/a-epinal-apres-le-passage-des-gens-du-voyage-les-terrains-sont-abimes\/#primaryimage\"},\"image\":{\"@id\":\"https:\/\/vosgesinfo.fr\/epinalinfo\/2024\/07\/a-epinal-apres-le-passage-des-gens-du-voyage-les-terrains-sont-abimes\/#primaryimage\"},\"thumbnailUrl\":\"https:\/\/vosgesinfo.fr\/app\/uploads\/sites\/3\/2024\/07\/caravanes-gens-du-voyages-plaine-soba-epinal445-2-1-scaled.jpg\",\"datePublished\":\"2024-07-30T10:39:57+00:00\",\"dateModified\":\"2024-07-30T10:39:57+00:00\",\"breadcrumb\":{\"@id\":\"https:\/\/vosgesinfo.fr\/epinalinfo\/2024\/07\/a-epinal-apres-le-passage-des-gens-du-voyage-les-terrains-sont-abimes\/#breadcrumb\"},\"inLanguage\":\"fr-FR\",\"potentialAction\":[{\"@type\":\"ReadAction\",\"target\":[\"https:\/\/vosgesinfo.fr\/epinalinfo\/2024\/07\/a-epinal-apres-le-passage-des-gens-du-voyage-les-terrains-sont-abimes\/\"]}]},{\"@type\":\"ImageObject\",\"inLanguage\":\"fr-FR\",\"@id\":\"https:\/\/vosgesinfo.fr\/epinalinfo\/2024\/07\/a-epinal-apres-le-passage-des-gens-du-voyage-les-terrains-sont-abimes\/#primaryimage\",\"url\":\"https:\/\/vosgesinfo.fr\/app\/uploads\/sites\/3\/2024\/07\/caravanes-gens-du-voyages-plaine-soba-epinal445-2-1-scaled.jpg\",\"contentUrl\":\"https:\/\/vosgesinfo.fr\/app\/uploads\/sites\/3\/2024\/07\/caravanes-gens-du-voyages-plaine-soba-epinal445-2-1-scaled.jpg\",\"width\":2560,\"height\":1920},{\"@type\":\"BreadcrumbList\",\"@id\":\"https:\/\/vosgesinfo.fr\/epinalinfo\/2024\/07\/a-epinal-apres-le-passage-des-gens-du-voyage-les-terrains-sont-abimes\/#breadcrumb\",\"itemListElement\":[{\"@type\":\"ListItem\",\"position\":1,\"name\":\"Home\",\"item\":\"https:\/\/vosgesinfo.fr\/epinalinfo\/\"},{\"@type\":\"ListItem\",\"position\":2,\"name\":\"A \u00c9pinal, apr\u00e8s le passage des gens du voyage les terrains sont ab\u00eem\u00e9s\"}]},{\"@type\":\"WebSite\",\"@id\":\"https:\/\/vosgesinfo.fr\/epinalinfo\/#website\",\"url\":\"https:\/\/vosgesinfo.fr\/epinalinfo\/\",\"name\":\"Epinal Info\",\"description\":\"Toute l&#039;actualit\u00e9 d&#039;\u00c9pinal\",\"publisher\":{\"@id\":\"https:\/\/vosgesinfo.fr\/epinalinfo\/#organization\"},\"alternateName\":\"Toute l'actualit\u00e9 d'\u00c9pinal\",\"potentialAction\":[{\"@type\":\"SearchAction\",\"target\":{\"@type\":\"EntryPoint\",\"urlTemplate\":\"https:\/\/vosgesinfo.fr\/epinalinfo\/?s={search_term_string}\"},\"query-input\":\"required name=search_term_string\"}],\"inLanguage\":\"fr-FR\"},{\"@type\":\"Organization\",\"@id\":\"https:\/\/vosgesinfo.fr\/epinalinfo\/#organization\",\"name\":\"Epinal Info\",\"url\":\"https:\/\/vosgesinfo.fr\/epinalinfo\/\",\"logo\":{\"@type\":\"ImageObject\",\"inLanguage\":\"fr-FR\",\"@id\":\"https:\/\/vosgesinfo.fr\/epinalinfo\/#\/schema\/logo\/image\/\",\"url\":\"https:\/\/vosgesinfo.fr\/app\/uploads\/sites\/3\/2023\/08\/logo-epinalinfos.svg\",\"contentUrl\":\"https:\/\/vosgesinfo.fr\/app\/uploads\/sites\/3\/2023\/08\/logo-epinalinfos.svg\",\"width\":1,\"height\":1,\"caption\":\"Epinal Info\"},\"image\":{\"@id\":\"https:\/\/vosgesinfo.fr\/epinalinfo\/#\/schema\/logo\/image\/\"},\"sameAs\":[\"https:\/\/www.facebook.com\/Epinalinfos\",\"https:\/\/x.com\/VosgesInfo88\",\"https:\/\/www.youtube.com\/@vosgesinfo\"]},{\"@type\":\"Person\",\"@id\":\"https:\/\/vosgesinfo.fr\/epinalinfo\/#\/schema\/person\/6f9a650eeea99d969b6c4ab78fccbe81\",\"name\":\"C.K.\",\"image\":{\"@type\":\"ImageObject\",\"inLanguage\":\"fr-FR\",\"@id\":\"https:\/\/vosgesinfo.fr\/epinalinfo\/#\/schema\/person\/image\/\",\"url\":\"https:\/\/secure.gravatar.com\/avatar\/48e3fc7f8421ba8942be6b74a2b7f014ca39bc00dece156b7a8e098ae7dc87bf?s=96&d=mm&r=g\",\"contentUrl\":\"https:\/\/secure.gravatar.com\/avatar\/48e3fc7f8421ba8942be6b74a2b7f014ca39bc00dece156b7a8e098ae7dc87bf?s=96&d=mm&r=g\",\"caption\":\"C.K.\"},\"url\":\"https:\/\/vosgesinfo.fr\/epinalinfo\/author\/celia-k-n\/\"}]}<\/script>\n<!-- \/ Yoast SEO plugin. -->","yoast_head_json":{"title":"A \u00c9pinal, apr\u00e8s le passage des gens du voyage les terrains sont ab\u00eem\u00e9s - Epinal Info","robots":{"index":"index","follow":"follow","max-snippet":"max-snippet:-1","max-image-preview":"max-image-preview:large","max-video-preview":"max-video-preview:-1"},"canonical":"https:\/\/vosgesinfo.fr\/epinalinfo\/2024\/07\/a-epinal-apres-le-passage-des-gens-du-voyage-les-terrains-sont-abimes\/","twitter_card":"summary_large_image","twitter_title":"A \u00c9pinal, apr\u00e8s le passage des gens du voyage les terrains sont ab\u00eem\u00e9s - Epinal Info","twitter_description":"Nous vous en parlions, lundi 22 juillet dernier, pr\u00e8s de 120 caravanes des gens du voyage \u00e9taient install\u00e9es pendant une [&hellip;]","twitter_image":"https:\/\/vosgesinfo.fr\/app\/uploads\/sites\/3\/2024\/07\/caravanes-gens-du-voyages-plaine-soba-epinal445-2-1-1024x768.jpg","twitter_creator":"@VosgesInfo88","twitter_site":"@VosgesInfo88","twitter_misc":{"\u00c9crit par":"C.K.","Dur\u00e9e de lecture estim\u00e9e":"1 minute"},"schema":{"@context":"https:\/\/schema.org","@graph":[{"@type":"Article","@id":"https:\/\/vosgesinfo.fr\/epinalinfo\/2024\/07\/a-epinal-apres-le-passage-des-gens-du-voyage-les-terrains-sont-abimes\/#article","isPartOf":{"@id":"https:\/\/vosgesinfo.fr\/epinalinfo\/2024\/07\/a-epinal-apres-le-passage-des-gens-du-voyage-les-terrains-sont-abimes\/"},"author":{"name":"C.K.","@id":"https:\/\/vosgesinfo.fr\/epinalinfo\/#\/schema\/person\/6f9a650eeea99d969b6c4ab78fccbe81"},"headline":"A \u00c9pinal, apr\u00e8s le passage des gens du voyage les terrains sont ab\u00eem\u00e9s","datePublished":"2024-07-30T10:39:57+00:00","dateModified":"2024-07-30T10:39:57+00:00","mainEntityOfPage":{"@id":"https:\/\/vosgesinfo.fr\/epinalinfo\/2024\/07\/a-epinal-apres-le-passage-des-gens-du-voyage-les-terrains-sont-abimes\/"},"wordCount":125,"commentCount":4,"publisher":{"@id":"https:\/\/vosgesinfo.fr\/epinalinfo\/#organization"},"image":{"@id":"https:\/\/vosgesinfo.fr\/epinalinfo\/2024\/07\/a-epinal-apres-le-passage-des-gens-du-voyage-les-terrains-sont-abimes\/#primaryimage"},"thumbnailUrl":"https:\/\/vosgesinfo.fr\/app\/uploads\/sites\/3\/2024\/07\/caravanes-gens-du-voyages-plaine-soba-epinal445-2-1-scaled.jpg","articleSection":["A la Une","Epinal","Faits-divers","Vosges"],"inLanguage":"fr-FR","potentialAction":[{"@type":"CommentAction","name":"Comment","target":["https:\/\/vosgesinfo.fr\/epinalinfo\/2024\/07\/a-epinal-apres-le-passage-des-gens-du-voyage-les-terrains-sont-abimes\/#respond"]}]},{"@type":"WebPage","@id":"https:\/\/vosgesinfo.fr\/epinalinfo\/2024\/07\/a-epinal-apres-le-passage-des-gens-du-voyage-les-terrains-sont-abimes\/","url":"https:\/\/vosgesinfo.fr\/epinalinfo\/2024\/07\/a-epinal-apres-le-passage-des-gens-du-voyage-les-terrains-sont-abimes\/","name":"A \u00c9pinal, apr\u00e8s le passage des gens du voyage les terrains sont ab\u00eem\u00e9s - Epinal Info","isPartOf":{"@id":"https:\/\/vosgesinfo.fr\/epinalinfo\/#website"},"primaryImageOfPage":{"@id":"https:\/\/vosgesinfo.fr\/epinalinfo\/2024\/07\/a-epinal-apres-le-passage-des-gens-du-voyage-les-terrains-sont-abimes\/#primaryimage"},"image":{"@id":"https:\/\/vosgesinfo.fr\/epinalinfo\/2024\/07\/a-epinal-apres-le-passage-des-gens-du-voyage-les-terrains-sont-abimes\/#primaryimage"},"thumbnailUrl":"https:\/\/vosgesinfo.fr\/app\/uploads\/sites\/3\/2024\/07\/caravanes-gens-du-voyages-plaine-soba-epinal445-2-1-scaled.jpg","datePublished":"2024-07-30T10:39:57+00:00","dateModified":"2024-07-30T10:39:57+00:00","breadcrumb":{"@id":"https:\/\/vosgesinfo.fr\/epinalinfo\/2024\/07\/a-epinal-apres-le-passage-des-gens-du-voyage-les-terrains-sont-abimes\/#breadcrumb"},"inLanguage":"fr-FR","potentialAction":[{"@type":"ReadAction","target":["https:\/\/vosgesinfo.fr\/epinalinfo\/2024\/07\/a-epinal-apres-le-passage-des-gens-du-voyage-les-terrains-sont-abimes\/"]}]},{"@type":"ImageObject","inLanguage":"fr-FR","@id":"https:\/\/vosgesinfo.fr\/epinalinfo\/2024\/07\/a-epinal-apres-le-passage-des-gens-du-voyage-les-terrains-sont-abimes\/#primaryimage","url":"https:\/\/vosgesinfo.fr\/app\/uploads\/sites\/3\/2024\/07\/caravanes-gens-du-voyages-plaine-soba-epinal445-2-1-scaled.jpg","contentUrl":"https:\/\/vosgesinfo.fr\/app\/uploads\/sites\/3\/2024\/07\/caravanes-gens-du-voyages-plaine-soba-epinal445-2-1-scaled.jpg","width":2560,"height":1920},{"@type":"BreadcrumbList","@id":"https:\/\/vosgesinfo.fr\/epinalinfo\/2024\/07\/a-epinal-apres-le-passage-des-gens-du-voyage-les-terrains-sont-abimes\/#breadcrumb","itemListElement":[{"@type":"ListItem","position":1,"name":"Home","item":"https:\/\/vosgesinfo.fr\/epinalinfo\/"},{"@type":"ListItem","position":2,"name":"A \u00c9pinal, apr\u00e8s le passage des gens du voyage les terrains sont ab\u00eem\u00e9s"}]},{"@type":"WebSite","@id":"https:\/\/vosgesinfo.fr\/epinalinfo\/#website","url":"https:\/\/vosgesinfo.fr\/epinalinfo\/","name":"Epinal Info","description":"Toute l&#039;actualit\u00e9 d&#039;\u00c9pinal","publisher":{"@id":"https:\/\/vosgesinfo.fr\/epinalinfo\/#organization"},"alternateName":"Toute l'actualit\u00e9 d'\u00c9pinal","potentialAction":[{"@type":"SearchAction","target":{"@type":"EntryPoint","urlTemplate":"https:\/\/vosgesinfo.fr\/epinalinfo\/?s={search_term_string}"},"query-input":"required name=search_term_string"}],"inLanguage":"fr-FR"},{"@type":"Organization","@id":"https:\/\/vosgesinfo.fr\/epinalinfo\/#organization","name":"Epinal Info","url":"https:\/\/vosgesinfo.fr\/epinalinfo\/","logo":{"@type":"ImageObject","inLanguage":"fr-FR","@id":"https:\/\/vosgesinfo.fr\/epinalinfo\/#\/schema\/logo\/image\/","url":"https:\/\/vosgesinfo.fr\/app\/uploads\/sites\/3\/2023\/08\/logo-epinalinfos.svg","contentUrl":"https:\/\/vosgesinfo.fr\/app\/uploads\/sites\/3\/2023\/08\/logo-epinalinfos.svg","width":1,"height":1,"caption":"Epinal Info"},"image":{"@id":"https:\/\/vosgesinfo.fr\/epinalinfo\/#\/schema\/logo\/image\/"},"sameAs":["https:\/\/www.facebook.com\/Epinalinfos","https:\/\/x.com\/VosgesInfo88","https:\/\/www.youtube.com\/@vosgesinfo"]},{"@type":"Person","@id":"https:\/\/vosgesinfo.fr\/epinalinfo\/#\/schema\/person\/6f9a650eeea99d969b6c4ab78fccbe81","name":"C.K.","image":{"@type":"ImageObject","inLanguage":"fr-FR","@id":"https:\/\/vosgesinfo.fr\/epinalinfo\/#\/schema\/person\/image\/","url":"https:\/\/secure.gravatar.com\/avatar\/48e3fc7f8421ba8942be6b74a2b7f014ca39bc00dece156b7a8e098ae7dc87bf?s=96&d=mm&r=g","contentUrl":"https:\/\/secure.gravatar.com\/avatar\/48e3fc7f8421ba8942be6b74a2b7f014ca39bc00dece156b7a8e098ae7dc87bf?s=96&d=mm&r=g","caption":"C.K."},"url":"https:\/\/vosgesinfo.fr\/epinalinfo\/author\/celia-k-n\/"}]}},"_links":{"self":[{"href":"https:\/\/vosgesinfo.fr\/epinalinfo\/wp-json\/wp\/v2\/posts\/44133","targetHints":{"allow":["GET"]}}],"collection":[{"href":"https:\/\/vosgesinfo.fr\/epinalinfo\/wp-json\/wp\/v2\/posts"}],"about":[{"href":"https:\/\/vosgesinfo.fr\/epinalinfo\/wp-json\/wp\/v2\/types\/post"}],"author":[{"embeddable":true,"href":"https:\/\/vosgesinfo.fr\/epinalinfo\/wp-json\/wp\/v2\/users\/52"}],"replies":[{"embeddable":true,"href":"https:\/\/vosgesinfo.fr\/epinalinfo\/wp-json\/wp\/v2\/comments?post=44133"}],"version-history":[{"count":1,"href":"https:\/\/vosgesinfo.fr\/epinalinfo\/wp-json\/wp\/v2\/posts\/44133\/revisions"}],"predecessor-version":[{"id":44134,"href":"https:\/\/vosgesinfo.fr\/epinalinfo\/wp-json\/wp\/v2\/posts\/44133\/revisions\/44134"}],"wp:featuredmedia":[{"embeddable":true,"href":"https:\/\/vosgesinfo.fr\/epinalinfo\/wp-json\/wp\/v2\/media\/43947"}],"wp:attachment":[{"href":"https:\/\/vosgesinfo.fr\/epinalinfo\/wp-json\/wp\/v2\/media?parent=44133"}],"wp:term":[{"taxonomy":"category","embeddable":true,"href":"https:\/\/vosgesinfo.fr\/epinalinfo\/wp-json\/wp\/v2\/categories?post=44133"},{"taxonomy":"post_tag","embeddable":true,"href":"https:\/\/vosgesinfo.fr\/epinalinfo\/wp-json\/wp\/v2\/tags?post=44133"}],"curies":[{"name":"wp","href":"https:\/\/api.w.org\/{rel}","templated":true}]}}