{"id":44239,"date":"2014-07-10T20:12:22","date_gmt":"2014-07-10T18:12:22","guid":{"rendered":"https:\/\/vosgesinfo.fr\/epinalinfo\/2014\/07\/tour-de-france-rn-57-bretelles-fermees-samedi-12-juillet-2014\/"},"modified":"2014-07-10T20:12:22","modified_gmt":"2014-07-10T18:12:22","slug":"tour-de-france-rn-57-bretelles-fermees-samedi-12-juillet-2014","status":"publish","type":"post","link":"https:\/\/vosgesinfo.fr\/epinalinfo\/2014\/07\/tour-de-france-rn-57-bretelles-fermees-samedi-12-juillet-2014\/","title":{"rendered":"Tour de France \u2013 RN 57 : bretelles ferm\u00e9es samedi 12 juillet 2014"},"content":{"rendered":"<p><strong>Par AC<\/strong><\/p>\n<div id=\"attachment_39498\" style=\"width: 310px\" class=\"wp-caption alignleft\"><a href=\"http:\/\/epinalinfos.fr\" target=\"_blank\" rel=\"noopener\"><img decoding=\"async\" aria-describedby=\"caption-attachment-39498\" class=\"wp-image-39498 size-medium\" src=\"http:\/\/epinalinfos.fr\" alt=\"VOIE RAPIDE ILLUSTRATION\" width=\"300\" height=\"108\" \/><\/a><p id=\"caption-attachment-39498\" class=\"wp-caption-text\">Photo d&rsquo;illustration<\/p><\/div>\n<p><strong>En raison du passage du Tour de France dans les Vosges, notamment entre Epinal et Remiremont, de nombreuses bretelles de sortie de la RN57 seront ferm\u00e9es.<\/strong><\/p>\n<h3><strong>SENS EPINAL -&gt; REMIREMONT :<\/strong><\/h3>\n<ul>\n<li>bretelle d\u2019Epinal Jeuxey (12h-17h)<\/li>\n<li>bretelle d\u2019Arches\u00a0(12h-17h)<\/li>\n<li>bretelle d\u2019Eloyes\u00a0(13h-17h)<\/li>\n<li>bretelle de Saint Nabord centre\u00a0(13h-17h)<\/li>\n<li>bretelle de Remiremont-Saint Nabord Ranfaing\u00a0(13h-17h)<\/li>\n<\/ul>\n<h3>SENS REMIREMONT -&gt; EPINAL :<\/h3>\n<ul>\n<li>bretelle de Remiremont-Saint Nabord Ranfaing\u00a0(13h-17h)<\/li>\n<li>bretelle de Saint Nabord-Plaine d\u2019Eloyes\u00a0(13h-17h)<\/li>\n<li>bretelle d\u2019Arches\u00a0(12h-17h)<\/li>\n<li>bretelle d\u2019Epinal Jeuxey\u00a0(12h-17h)<\/li>\n<\/ul>\n<p><strong>RN66,<\/strong> la bretelle de sortie de la zone de Choisy sera aussi ferm\u00e9e \u00e0 la circulation (quartier inaccessible en voiture durant le passage du tour)<\/p>\n","protected":false},"excerpt":{"rendered":"<p>Par AC En raison du passage du Tour de France dans les Vosges, notamment entre Epinal et Remiremont, de nombreuses [&hellip;]<\/p>\n","protected":false},"author":44,"featured_media":0,"comment_status":"open","ping_status":"open","sticky":false,"template":"","format":"standard","meta":{"footnotes":""},"categories":[24,92,7,5],"tags":[380,831,1298,75],"class_list":["post-44239","post","type-post","status-publish","format-standard","hentry","category-epinal","category-securite","category-sport","category-vosges","tag-circulation","tag-rn57","tag-tour-de-france","tag-vosges"],"acf":[],"yoast_head":"<!-- This site is optimized with the Yoast SEO plugin v22.5 - https:\/\/yoast.com\/wordpress\/plugins\/seo\/ -->\n<title>Tour de France \u2013 RN 57 : bretelles ferm\u00e9es samedi 12 juillet 2014 - Epinal Info<\/title>\n<meta name=\"robots\" content=\"index, follow, max-snippet:-1, max-image-preview:large, max-video-preview:-1\" \/>\n<link rel=\"canonical\" href=\"https:\/\/vosgesinfo.fr\/epinalinfo\/2014\/07\/tour-de-france-rn-57-bretelles-fermees-samedi-12-juillet-2014\/\" \/>\n<meta name=\"twitter:card\" content=\"summary_large_image\" \/>\n<meta name=\"twitter:title\" content=\"Tour de France \u2013 RN 57 : bretelles ferm\u00e9es samedi 12 juillet 2014 - Epinal Info\" \/>\n<meta name=\"twitter:description\" content=\"Par AC En raison du passage du Tour de France dans les Vosges, notamment entre Epinal et Remiremont, de nombreuses [&hellip;]\" \/>\n<meta name=\"twitter:image\" content=\"http:\/\/epinalinfos.fr\" \/>\n<meta name=\"twitter:creator\" content=\"@VosgesInfo88\" \/>\n<meta name=\"twitter:site\" content=\"@VosgesInfo88\" \/>\n<meta name=\"twitter:label1\" content=\"\u00c9crit par\" \/>\n\t<meta name=\"twitter:data1\" content=\"la r\u00e9daction\" \/>\n\t<meta name=\"twitter:label2\" content=\"Dur\u00e9e de lecture estim\u00e9e\" \/>\n\t<meta name=\"twitter:data2\" content=\"1 minute\" \/>\n<script type=\"application\/ld+json\" class=\"yoast-schema-graph\">{\"@context\":\"https:\/\/schema.org\",\"@graph\":[{\"@type\":\"Article\",\"@id\":\"https:\/\/vosgesinfo.fr\/epinalinfo\/2014\/07\/tour-de-france-rn-57-bretelles-fermees-samedi-12-juillet-2014\/#article\",\"isPartOf\":{\"@id\":\"https:\/\/vosgesinfo.fr\/epinalinfo\/2014\/07\/tour-de-france-rn-57-bretelles-fermees-samedi-12-juillet-2014\/\"},\"author\":{\"name\":\"la r\u00e9daction\",\"@id\":\"https:\/\/vosgesinfo.fr\/epinalinfo\/#\/schema\/person\/faee6704a21f3977511db84bd1cd450f\"},\"headline\":\"Tour de France \u2013 RN 57 : bretelles ferm\u00e9es samedi 12 juillet 2014\",\"datePublished\":\"2014-07-10T18:12:22+00:00\",\"dateModified\":\"2014-07-10T18:12:22+00:00\",\"mainEntityOfPage\":{\"@id\":\"https:\/\/vosgesinfo.fr\/epinalinfo\/2014\/07\/tour-de-france-rn-57-bretelles-fermees-samedi-12-juillet-2014\/\"},\"wordCount\":139,\"commentCount\":0,\"publisher\":{\"@id\":\"https:\/\/vosgesinfo.fr\/epinalinfo\/#organization\"},\"image\":{\"@id\":\"https:\/\/vosgesinfo.fr\/epinalinfo\/2014\/07\/tour-de-france-rn-57-bretelles-fermees-samedi-12-juillet-2014\/#primaryimage\"},\"thumbnailUrl\":\"http:\/\/epinalinfos.fr\",\"keywords\":[\"circulation\",\"RN57\",\"Tour de France\",\"vosges\"],\"articleSection\":[\"Epinal\",\"S\u00e9curit\u00e9\",\"Sport\",\"Vosges\"],\"inLanguage\":\"fr-FR\",\"potentialAction\":[{\"@type\":\"CommentAction\",\"name\":\"Comment\",\"target\":[\"https:\/\/vosgesinfo.fr\/epinalinfo\/2014\/07\/tour-de-france-rn-57-bretelles-fermees-samedi-12-juillet-2014\/#respond\"]}]},{\"@type\":\"WebPage\",\"@id\":\"https:\/\/vosgesinfo.fr\/epinalinfo\/2014\/07\/tour-de-france-rn-57-bretelles-fermees-samedi-12-juillet-2014\/\",\"url\":\"https:\/\/vosgesinfo.fr\/epinalinfo\/2014\/07\/tour-de-france-rn-57-bretelles-fermees-samedi-12-juillet-2014\/\",\"name\":\"Tour de France \u2013 RN 57 : bretelles ferm\u00e9es samedi 12 juillet 2014 - Epinal Info\",\"isPartOf\":{\"@id\":\"https:\/\/vosgesinfo.fr\/epinalinfo\/#website\"},\"primaryImageOfPage\":{\"@id\":\"https:\/\/vosgesinfo.fr\/epinalinfo\/2014\/07\/tour-de-france-rn-57-bretelles-fermees-samedi-12-juillet-2014\/#primaryimage\"},\"image\":{\"@id\":\"https:\/\/vosgesinfo.fr\/epinalinfo\/2014\/07\/tour-de-france-rn-57-bretelles-fermees-samedi-12-juillet-2014\/#primaryimage\"},\"thumbnailUrl\":\"http:\/\/epinalinfos.fr\",\"datePublished\":\"2014-07-10T18:12:22+00:00\",\"dateModified\":\"2014-07-10T18:12:22+00:00\",\"breadcrumb\":{\"@id\":\"https:\/\/vosgesinfo.fr\/epinalinfo\/2014\/07\/tour-de-france-rn-57-bretelles-fermees-samedi-12-juillet-2014\/#breadcrumb\"},\"inLanguage\":\"fr-FR\",\"potentialAction\":[{\"@type\":\"ReadAction\",\"target\":[\"https:\/\/vosgesinfo.fr\/epinalinfo\/2014\/07\/tour-de-france-rn-57-bretelles-fermees-samedi-12-juillet-2014\/\"]}]},{\"@type\":\"ImageObject\",\"inLanguage\":\"fr-FR\",\"@id\":\"https:\/\/vosgesinfo.fr\/epinalinfo\/2014\/07\/tour-de-france-rn-57-bretelles-fermees-samedi-12-juillet-2014\/#primaryimage\",\"url\":\"http:\/\/epinalinfos.fr\",\"contentUrl\":\"http:\/\/epinalinfos.fr\"},{\"@type\":\"BreadcrumbList\",\"@id\":\"https:\/\/vosgesinfo.fr\/epinalinfo\/2014\/07\/tour-de-france-rn-57-bretelles-fermees-samedi-12-juillet-2014\/#breadcrumb\",\"itemListElement\":[{\"@type\":\"ListItem\",\"position\":1,\"name\":\"Home\",\"item\":\"https:\/\/vosgesinfo.fr\/epinalinfo\/\"},{\"@type\":\"ListItem\",\"position\":2,\"name\":\"Tour de France \u2013 RN 57 : bretelles ferm\u00e9es samedi 12 juillet 2014\"}]},{\"@type\":\"WebSite\",\"@id\":\"https:\/\/vosgesinfo.fr\/epinalinfo\/#website\",\"url\":\"https:\/\/vosgesinfo.fr\/epinalinfo\/\",\"name\":\"Epinal Info\",\"description\":\"Toute l&#039;actualit\u00e9 d&#039;\u00c9pinal\",\"publisher\":{\"@id\":\"https:\/\/vosgesinfo.fr\/epinalinfo\/#organization\"},\"alternateName\":\"Toute l'actualit\u00e9 d'\u00c9pinal\",\"potentialAction\":[{\"@type\":\"SearchAction\",\"target\":{\"@type\":\"EntryPoint\",\"urlTemplate\":\"https:\/\/vosgesinfo.fr\/epinalinfo\/?s={search_term_string}\"},\"query-input\":\"required name=search_term_string\"}],\"inLanguage\":\"fr-FR\"},{\"@type\":\"Organization\",\"@id\":\"https:\/\/vosgesinfo.fr\/epinalinfo\/#organization\",\"name\":\"Epinal Info\",\"url\":\"https:\/\/vosgesinfo.fr\/epinalinfo\/\",\"logo\":{\"@type\":\"ImageObject\",\"inLanguage\":\"fr-FR\",\"@id\":\"https:\/\/vosgesinfo.fr\/epinalinfo\/#\/schema\/logo\/image\/\",\"url\":\"https:\/\/vosgesinfo.fr\/app\/uploads\/sites\/3\/2023\/08\/logo-epinalinfos.svg\",\"contentUrl\":\"https:\/\/vosgesinfo.fr\/app\/uploads\/sites\/3\/2023\/08\/logo-epinalinfos.svg\",\"width\":1,\"height\":1,\"caption\":\"Epinal Info\"},\"image\":{\"@id\":\"https:\/\/vosgesinfo.fr\/epinalinfo\/#\/schema\/logo\/image\/\"},\"sameAs\":[\"https:\/\/www.facebook.com\/Epinalinfos\",\"https:\/\/x.com\/VosgesInfo88\",\"https:\/\/www.youtube.com\/@vosgesinfo\"]},{\"@type\":\"Person\",\"@id\":\"https:\/\/vosgesinfo.fr\/epinalinfo\/#\/schema\/person\/faee6704a21f3977511db84bd1cd450f\",\"name\":\"la r\u00e9daction\",\"image\":{\"@type\":\"ImageObject\",\"inLanguage\":\"fr-FR\",\"@id\":\"https:\/\/vosgesinfo.fr\/epinalinfo\/#\/schema\/person\/image\/\",\"url\":\"https:\/\/secure.gravatar.com\/avatar\/6673d8bc6a9c17fa9a453eaa3448de834fa308c2ec9635b7aa99441a7c8d2cf6?s=96&d=mm&r=g\",\"contentUrl\":\"https:\/\/secure.gravatar.com\/avatar\/6673d8bc6a9c17fa9a453eaa3448de834fa308c2ec9635b7aa99441a7c8d2cf6?s=96&d=mm&r=g\",\"caption\":\"la r\u00e9daction\"},\"url\":\"https:\/\/vosgesinfo.fr\/epinalinfo\/author\/redac\/\"}]}<\/script>\n<!-- \/ Yoast SEO plugin. -->","yoast_head_json":{"title":"Tour de France \u2013 RN 57 : bretelles ferm\u00e9es samedi 12 juillet 2014 - Epinal Info","robots":{"index":"index","follow":"follow","max-snippet":"max-snippet:-1","max-image-preview":"max-image-preview:large","max-video-preview":"max-video-preview:-1"},"canonical":"https:\/\/vosgesinfo.fr\/epinalinfo\/2014\/07\/tour-de-france-rn-57-bretelles-fermees-samedi-12-juillet-2014\/","twitter_card":"summary_large_image","twitter_title":"Tour de France \u2013 RN 57 : bretelles ferm\u00e9es samedi 12 juillet 2014 - Epinal Info","twitter_description":"Par AC En raison du passage du Tour de France dans les Vosges, notamment entre Epinal et Remiremont, de nombreuses [&hellip;]","twitter_image":"http:\/\/epinalinfos.fr","twitter_creator":"@VosgesInfo88","twitter_site":"@VosgesInfo88","twitter_misc":{"\u00c9crit par":"la r\u00e9daction","Dur\u00e9e de lecture estim\u00e9e":"1 minute"},"schema":{"@context":"https:\/\/schema.org","@graph":[{"@type":"Article","@id":"https:\/\/vosgesinfo.fr\/epinalinfo\/2014\/07\/tour-de-france-rn-57-bretelles-fermees-samedi-12-juillet-2014\/#article","isPartOf":{"@id":"https:\/\/vosgesinfo.fr\/epinalinfo\/2014\/07\/tour-de-france-rn-57-bretelles-fermees-samedi-12-juillet-2014\/"},"author":{"name":"la r\u00e9daction","@id":"https:\/\/vosgesinfo.fr\/epinalinfo\/#\/schema\/person\/faee6704a21f3977511db84bd1cd450f"},"headline":"Tour de France \u2013 RN 57 : bretelles ferm\u00e9es samedi 12 juillet 2014","datePublished":"2014-07-10T18:12:22+00:00","dateModified":"2014-07-10T18:12:22+00:00","mainEntityOfPage":{"@id":"https:\/\/vosgesinfo.fr\/epinalinfo\/2014\/07\/tour-de-france-rn-57-bretelles-fermees-samedi-12-juillet-2014\/"},"wordCount":139,"commentCount":0,"publisher":{"@id":"https:\/\/vosgesinfo.fr\/epinalinfo\/#organization"},"image":{"@id":"https:\/\/vosgesinfo.fr\/epinalinfo\/2014\/07\/tour-de-france-rn-57-bretelles-fermees-samedi-12-juillet-2014\/#primaryimage"},"thumbnailUrl":"http:\/\/epinalinfos.fr","keywords":["circulation","RN57","Tour de France","vosges"],"articleSection":["Epinal","S\u00e9curit\u00e9","Sport","Vosges"],"inLanguage":"fr-FR","potentialAction":[{"@type":"CommentAction","name":"Comment","target":["https:\/\/vosgesinfo.fr\/epinalinfo\/2014\/07\/tour-de-france-rn-57-bretelles-fermees-samedi-12-juillet-2014\/#respond"]}]},{"@type":"WebPage","@id":"https:\/\/vosgesinfo.fr\/epinalinfo\/2014\/07\/tour-de-france-rn-57-bretelles-fermees-samedi-12-juillet-2014\/","url":"https:\/\/vosgesinfo.fr\/epinalinfo\/2014\/07\/tour-de-france-rn-57-bretelles-fermees-samedi-12-juillet-2014\/","name":"Tour de France \u2013 RN 57 : bretelles ferm\u00e9es samedi 12 juillet 2014 - Epinal Info","isPartOf":{"@id":"https:\/\/vosgesinfo.fr\/epinalinfo\/#website"},"primaryImageOfPage":{"@id":"https:\/\/vosgesinfo.fr\/epinalinfo\/2014\/07\/tour-de-france-rn-57-bretelles-fermees-samedi-12-juillet-2014\/#primaryimage"},"image":{"@id":"https:\/\/vosgesinfo.fr\/epinalinfo\/2014\/07\/tour-de-france-rn-57-bretelles-fermees-samedi-12-juillet-2014\/#primaryimage"},"thumbnailUrl":"http:\/\/epinalinfos.fr","datePublished":"2014-07-10T18:12:22+00:00","dateModified":"2014-07-10T18:12:22+00:00","breadcrumb":{"@id":"https:\/\/vosgesinfo.fr\/epinalinfo\/2014\/07\/tour-de-france-rn-57-bretelles-fermees-samedi-12-juillet-2014\/#breadcrumb"},"inLanguage":"fr-FR","potentialAction":[{"@type":"ReadAction","target":["https:\/\/vosgesinfo.fr\/epinalinfo\/2014\/07\/tour-de-france-rn-57-bretelles-fermees-samedi-12-juillet-2014\/"]}]},{"@type":"ImageObject","inLanguage":"fr-FR","@id":"https:\/\/vosgesinfo.fr\/epinalinfo\/2014\/07\/tour-de-france-rn-57-bretelles-fermees-samedi-12-juillet-2014\/#primaryimage","url":"http:\/\/epinalinfos.fr","contentUrl":"http:\/\/epinalinfos.fr"},{"@type":"BreadcrumbList","@id":"https:\/\/vosgesinfo.fr\/epinalinfo\/2014\/07\/tour-de-france-rn-57-bretelles-fermees-samedi-12-juillet-2014\/#breadcrumb","itemListElement":[{"@type":"ListItem","position":1,"name":"Home","item":"https:\/\/vosgesinfo.fr\/epinalinfo\/"},{"@type":"ListItem","position":2,"name":"Tour de France \u2013 RN 57 : bretelles ferm\u00e9es samedi 12 juillet 2014"}]},{"@type":"WebSite","@id":"https:\/\/vosgesinfo.fr\/epinalinfo\/#website","url":"https:\/\/vosgesinfo.fr\/epinalinfo\/","name":"Epinal Info","description":"Toute l&#039;actualit\u00e9 d&#039;\u00c9pinal","publisher":{"@id":"https:\/\/vosgesinfo.fr\/epinalinfo\/#organization"},"alternateName":"Toute l'actualit\u00e9 d'\u00c9pinal","potentialAction":[{"@type":"SearchAction","target":{"@type":"EntryPoint","urlTemplate":"https:\/\/vosgesinfo.fr\/epinalinfo\/?s={search_term_string}"},"query-input":"required name=search_term_string"}],"inLanguage":"fr-FR"},{"@type":"Organization","@id":"https:\/\/vosgesinfo.fr\/epinalinfo\/#organization","name":"Epinal Info","url":"https:\/\/vosgesinfo.fr\/epinalinfo\/","logo":{"@type":"ImageObject","inLanguage":"fr-FR","@id":"https:\/\/vosgesinfo.fr\/epinalinfo\/#\/schema\/logo\/image\/","url":"https:\/\/vosgesinfo.fr\/app\/uploads\/sites\/3\/2023\/08\/logo-epinalinfos.svg","contentUrl":"https:\/\/vosgesinfo.fr\/app\/uploads\/sites\/3\/2023\/08\/logo-epinalinfos.svg","width":1,"height":1,"caption":"Epinal Info"},"image":{"@id":"https:\/\/vosgesinfo.fr\/epinalinfo\/#\/schema\/logo\/image\/"},"sameAs":["https:\/\/www.facebook.com\/Epinalinfos","https:\/\/x.com\/VosgesInfo88","https:\/\/www.youtube.com\/@vosgesinfo"]},{"@type":"Person","@id":"https:\/\/vosgesinfo.fr\/epinalinfo\/#\/schema\/person\/faee6704a21f3977511db84bd1cd450f","name":"la r\u00e9daction","image":{"@type":"ImageObject","inLanguage":"fr-FR","@id":"https:\/\/vosgesinfo.fr\/epinalinfo\/#\/schema\/person\/image\/","url":"https:\/\/secure.gravatar.com\/avatar\/6673d8bc6a9c17fa9a453eaa3448de834fa308c2ec9635b7aa99441a7c8d2cf6?s=96&d=mm&r=g","contentUrl":"https:\/\/secure.gravatar.com\/avatar\/6673d8bc6a9c17fa9a453eaa3448de834fa308c2ec9635b7aa99441a7c8d2cf6?s=96&d=mm&r=g","caption":"la r\u00e9daction"},"url":"https:\/\/vosgesinfo.fr\/epinalinfo\/author\/redac\/"}]}},"_links":{"self":[{"href":"https:\/\/vosgesinfo.fr\/epinalinfo\/wp-json\/wp\/v2\/posts\/44239","targetHints":{"allow":["GET"]}}],"collection":[{"href":"https:\/\/vosgesinfo.fr\/epinalinfo\/wp-json\/wp\/v2\/posts"}],"about":[{"href":"https:\/\/vosgesinfo.fr\/epinalinfo\/wp-json\/wp\/v2\/types\/post"}],"author":[{"embeddable":true,"href":"https:\/\/vosgesinfo.fr\/epinalinfo\/wp-json\/wp\/v2\/users\/44"}],"replies":[{"embeddable":true,"href":"https:\/\/vosgesinfo.fr\/epinalinfo\/wp-json\/wp\/v2\/comments?post=44239"}],"version-history":[{"count":0,"href":"https:\/\/vosgesinfo.fr\/epinalinfo\/wp-json\/wp\/v2\/posts\/44239\/revisions"}],"wp:attachment":[{"href":"https:\/\/vosgesinfo.fr\/epinalinfo\/wp-json\/wp\/v2\/media?parent=44239"}],"wp:term":[{"taxonomy":"category","embeddable":true,"href":"https:\/\/vosgesinfo.fr\/epinalinfo\/wp-json\/wp\/v2\/categories?post=44239"},{"taxonomy":"post_tag","embeddable":true,"href":"https:\/\/vosgesinfo.fr\/epinalinfo\/wp-json\/wp\/v2\/tags?post=44239"}],"curies":[{"name":"wp","href":"https:\/\/api.w.org\/{rel}","templated":true}]}}