{"id":44475,"date":"2014-08-10T10:05:53","date_gmt":"2014-08-10T08:05:53","guid":{"rendered":"https:\/\/vosgesinfo.fr\/epinalinfo\/2014\/08\/guerre-il-y-a-100-ans-des-poilus-avec-les-poilus\/"},"modified":"2014-08-10T10:05:53","modified_gmt":"2014-08-10T08:05:53","slug":"guerre-il-y-a-100-ans-des-poilus-avec-les-poilus","status":"publish","type":"post","link":"https:\/\/vosgesinfo.fr\/epinalinfo\/2014\/08\/guerre-il-y-a-100-ans-des-poilus-avec-les-poilus\/","title":{"rendered":"Guerre &#8211; Il y a 100 ans, des poilus avec les \u00ab\u00a0Poilus\u00a0\u00bb"},"content":{"rendered":" La Grande Guerre dans les Vosges (Photo : ECPAD)\n<p style=\"margin-bottom: 0cm;\"><strong><span style=\"font-family: Arial, sans-serif;\">Il y a 100 ans, le monde, la France, les Vosges connaissaient une p\u00e9riode sombre de leur histoire.<\/span><\/strong><\/p>\n<p style=\"text-align: left; margin-bottom: 0cm;\"><span style=\"font-family: Arial, sans-serif;\"> La premi\u00e8re guerre mondiale \u00e9clatait provoquant un nombre de morts et des destructions mat\u00e9rielles sans pr\u00e9c\u00e9dent. <\/span><\/p>\n<p style=\"margin-bottom: 0cm;\"><span style=\"font-family: Arial, sans-serif;\">Plus de 60 millions de soldats ont combattu, pr\u00e8s de 9 millions de personnes ont p\u00e9ri et 20 millions d&rsquo;individus ont \u00e9t\u00e9 bless\u00e9s.<\/span><\/p>\n<p style=\"margin-bottom: 0cm;\"><span style=\"font-family: Arial, sans-serif;\">Nous ne retracerons pas ici tous les \u00e9pisodes et les \u00e9v\u00e9nements qui ont marqu\u00e9 \u00e0 jamais notre histoire, non. <\/span><span style=\"font-family: Arial, sans-serif;\">Nous allons juste nous int\u00e9resser \u00e0 une facette moins connue de cette guerre, qui pourtant m\u00e9rite attention et suscite l&rsquo;\u00e9tonnement car elle implique des \u00ab\u00a0soldats\u00a0\u00bb totalement inattendus.<\/span><\/p>\n<p style=\"margin-bottom: 0cm;\"><span style=\"font-family: Arial, sans-serif;\">Ces improbables \u00ab\u00a0r\u00e9sistants\u00a0\u00bb ont, dans nos contr\u00e9es, activement particip\u00e9 \u00e0 la libert\u00e9 dont nous jouissons d\u00e9sormais dans notre pays et \u00e0 la lib\u00e9ration de notre r\u00e9gion.<\/span><\/p>\n<p style=\"margin-bottom: 0cm;\"><span style=\"font-family: Arial, sans-serif;\">Ces r\u00e9sistants\u00a0? <\/span><span style=\"font-family: Arial, sans-serif;\">Des \u00ab\u00a0Poilus,\u00a0\u00bb bien entendu, certes \u00ab\u00a0courageux et virils\u00bb au sens originel et argotique du terme, mais aussi des poilus au sens propre.<\/span><\/p>\n<p style=\"margin-bottom: 0cm;\"><span style=\"font-family: Arial, sans-serif;\">Car\u00a0d&rsquo;\u00e9tonnants \u00ab\u00a0combattants\u00a0\u00bb n&rsquo;\u00e9taient autres que&#8230;des chiens de traineau.<\/span><\/p>\n Les poilus d&rsquo;Alaska aidaient au transport des bless\u00e9s\n<p style=\"margin-bottom: 0cm;\"><span style=\"font-family: Arial, sans-serif;\"><span style=\"font-size: small;\">\u00ab\u00a0Hiver 1914, massif des Vosges. La situation des soldats qui, en premi\u00e8re ligne, d\u00e9fendent la tr\u00e8s strat\u00e9gique \u00ab ligne bleue des Vosges \u00bb est catastrophique : coup\u00e9s de leur base arri\u00e8re par d\u2019importantes chutes de neige, il est impossible de les ravitailler en nourriture et en munitions. Le front r\u00e9siste mais des milliers de chasseurs alpins y laissent la vie. Il faut absolument \u00e9viter que le d\u00e9sastre ne se reproduise l\u2019hiver suivant, au risque, cette fois, de l\u2019invasion totale du territoire fran\u00e7ais par les Allemands !<\/span><\/span><\/p>\n<p><span style=\"font-family: Arial, sans-serif;\"><span style=\"font-size: small;\">Deux officiers proposent alors au commandement de l\u2019Arm\u00e9e des Vosges d\u2019utiliser des chiens de tra\u00eeneau. Pour avoir v\u00e9cu en Alaska avant le conflit, le capitaine Louis Moufflet et le lieutenant Ren\u00e9 Haas, connaissent en effet l\u2019incroyable r\u00e9sistance de ces animaux capables de sillonner le grand nord sur des milliers de kilom\u00e8tres. En ao\u00fbt 1915, ils partent donc pour l\u2019Am\u00e9rique du Nord. Leur mission : ramener 440 chiens en France au plus vite. 10 000 kilom\u00e8tres \u00e0 parcourir sous la menace ennemie avec une meute de b\u00eates sauvages !\u00a0\u00bb <\/span><\/span><em><span style=\"font-family: Arial, sans-serif;\"><span style=\"font-size: small;\">(Source Arte\u00a0: d\u00e9but de la pr\u00e9sentation du film Nom de code : poilus d\u2019Alaska Un documentaire r\u00e9alis\u00e9 par Marc Jampolski, \u00e9crit par Daniel Duhand, Marc Jampolski et Michael Pitiot)<\/span><\/span><\/em><\/p>\n<p style=\"margin-bottom: 0cm;\"><span style=\"font-family: Arial, sans-serif;\"><span style=\"font-size: medium;\">De l\u2019Alaska aux sommets des Vosges, ce documentaire raconte l\u2019\u00e9pop\u00e9e v\u00e9ridique de ces chiens esquimaux engag\u00e9s dans la 1\u00e8re Guerre Mondiale.<\/span><\/span><\/p>\n<p style=\"text-align: center; margin-bottom: 0cm;\">Bande annonce\u00a0&#8211; \u00ab\u00a0Nom de code : Poilus d&rsquo;Alaska\u00a0\u00bb<\/p>\n<p><iframe loading=\"lazy\" src=\"\/\/www.youtube.com\/embed\/fleMehevims?feature=player_detailpage\" width=\"517\" height=\"291\" frameborder=\"0\" allowfullscreen=\"allowfullscreen\"><\/iframe><\/p>\n<p style=\"margin-bottom: 0cm;\"><span style=\"font-family: Arial, sans-serif;\">Il est une autre personne qui s&rsquo;est \u00e9galement int\u00e9ress\u00e9 \u00e0 cet \u00e9pisode de la Grande Guerre.<\/span><\/p>\n<p style=\"margin-bottom: 0cm;\"><span style=\"font-family: Arial, sans-serif;\"> En effet, Pascal Vatinel s&rsquo;est inspir\u00e9 de cette aventure m\u00e9connue pour \u00e9crire son livre \u00ab\u00a0La derni\u00e8re course\u00a0\u00bb.<\/span><\/p>\n<p style=\"margin-bottom: 0cm;\"><span style=\"font-family: Arial, sans-serif;\">\u00a0Un r\u00e9cit pour adolescents qui relate le destin d\u2019Elisabeth, fille de trappeur canadien et \u00ab\u00a0musher\u00a0\u00bb (meneuse de chiens de tra\u00eeneau), qui, d\u00e9guis\u00e9e en homme, surmonte les \u00e9preuves et le danger gr\u00e2ce \u00e0 ses chiens. (<a title=\"\u00ab\u00a0La derni\u00e8re course\u00a0\u00bb : des chiens de tra\u00eeneau sur le front des Vosges\" href=\"http:\/\/epinalinfos.fr\" target=\"_blank\" rel=\"noopener\">Lire notre article complet<\/a>)<\/span><\/p>\n<p style=\"margin-bottom: 0cm;\"><span style=\"font-family: Arial, sans-serif;\">Bient\u00f4t disponible et dans le prolongement du documentaire produit par Arte, cette incroyable histoire existera d\u00e9sormais sous forme de fiction au travers d&rsquo;albums BD;<\/span><\/p>\n<p style=\"margin-bottom: 0cm;\"><span style=\"font-family: Arial, sans-serif;\">Le\u00a0\u00a0sc\u00e9nario a \u00e9t\u00e9 \u00e9crit par Michael Delbosco &amp; Daniel Duhand et les dessins\u00a0r\u00e9alis\u00e9s par\u00a0F\u00e9lix Brune. <\/span><\/p>\n<p style=\"margin-bottom: 0cm;\"><span style=\"font-family: Arial, sans-serif;\">Sortie pr\u00e9vue fin du mois, le 27 ao\u00fbt 2014.<\/span><\/p>\n<p style=\"margin-bottom: 0cm;\"><span style=\"font-family: Arial, sans-serif;\">Site web<\/span> : Poilus d&rsquo;Alaska<\/p>\n<p style=\"margin-bottom: 0cm;\"><span style=\"font-family: Arial, sans-serif;\">Ci dessous, \u00a0une vid\u00e9o issue de la vid\u00e9oth\u00e8que de l&rsquo;ECAPD (\u00c9tablissement de Communication et de Production Audiovisuelle de la D\u00e9fense), montrant le travail r\u00e9alis\u00e9s par les poilus d&rsquo;Alaska dans les Vosges durant la Grande Guerre<\/span><\/p>\n<p><iframe loading=\"lazy\" src=\"\/\/www.dailymotion.com\/embed\/video\/xdnw21\" width=\"480\" height=\"270\" frameborder=\"0\" allowfullscreen=\"allowfullscreen\"><\/iframe><br \/>\n<a href=\"http:\/\/www.dailymotion.com\/video\/xdnw21_les-poilus-d-alaska_news\" target=\"_blank\" rel=\"noopener\">Les Poilus d&rsquo;Alaska<\/a> <i>par <a href=\"http:\/\/www.dailymotion.com\/memoirarchives\" target=\"_blank\" rel=\"noopener\">memoirarchives<\/a><\/i><\/p>\n<p>\u00c9pinal Infos<\/p>\n<hr \/>\n<p style=\"text-align: center;\">Acc\u00e9der \u00e0 tous les articles \u00c9pinal Infos<\/p>\n","protected":false},"excerpt":{"rendered":"<p>Il y a 100 ans, le monde, la France, les Vosges connaissaient une p\u00e9riode sombre de leur histoire. La premi\u00e8re [&hellip;]<\/p>\n","protected":false},"author":44,"featured_media":0,"comment_status":"open","ping_status":"open","sticky":false,"template":"","format":"standard","meta":{"footnotes":""},"categories":[5],"tags":[],"class_list":["post-44475","post","type-post","status-publish","format-standard","hentry","category-vosges"],"acf":[],"yoast_head":"<!-- This site is optimized with the Yoast SEO plugin v22.5 - https:\/\/yoast.com\/wordpress\/plugins\/seo\/ -->\n<title>Guerre - Il y a 100 ans, des poilus avec les &quot;Poilus&quot; - Epinal Info<\/title>\n<meta name=\"robots\" content=\"index, follow, max-snippet:-1, max-image-preview:large, max-video-preview:-1\" \/>\n<link rel=\"canonical\" href=\"https:\/\/vosgesinfo.fr\/epinalinfo\/2014\/08\/guerre-il-y-a-100-ans-des-poilus-avec-les-poilus\/\" \/>\n<meta name=\"twitter:card\" content=\"summary_large_image\" \/>\n<meta name=\"twitter:title\" content=\"Guerre - Il y a 100 ans, des poilus avec les &quot;Poilus&quot; - Epinal Info\" \/>\n<meta name=\"twitter:description\" content=\"Il y a 100 ans, le monde, la France, les Vosges connaissaient une p\u00e9riode sombre de leur histoire. La premi\u00e8re [&hellip;]\" \/>\n<meta name=\"twitter:creator\" content=\"@VosgesInfo88\" \/>\n<meta name=\"twitter:site\" content=\"@VosgesInfo88\" \/>\n<meta name=\"twitter:label1\" content=\"\u00c9crit par\" \/>\n\t<meta name=\"twitter:data1\" content=\"la r\u00e9daction\" \/>\n\t<meta name=\"twitter:label2\" content=\"Dur\u00e9e de lecture estim\u00e9e\" \/>\n\t<meta name=\"twitter:data2\" content=\"3 minutes\" \/>\n<script type=\"application\/ld+json\" class=\"yoast-schema-graph\">{\"@context\":\"https:\/\/schema.org\",\"@graph\":[{\"@type\":\"Article\",\"@id\":\"https:\/\/vosgesinfo.fr\/epinalinfo\/2014\/08\/guerre-il-y-a-100-ans-des-poilus-avec-les-poilus\/#article\",\"isPartOf\":{\"@id\":\"https:\/\/vosgesinfo.fr\/epinalinfo\/2014\/08\/guerre-il-y-a-100-ans-des-poilus-avec-les-poilus\/\"},\"author\":{\"name\":\"la r\u00e9daction\",\"@id\":\"https:\/\/vosgesinfo.fr\/epinalinfo\/#\/schema\/person\/faee6704a21f3977511db84bd1cd450f\"},\"headline\":\"Guerre &#8211; Il y a 100 ans, des poilus avec les \u00ab\u00a0Poilus\u00a0\u00bb\",\"datePublished\":\"2014-08-10T08:05:53+00:00\",\"dateModified\":\"2014-08-10T08:05:53+00:00\",\"mainEntityOfPage\":{\"@id\":\"https:\/\/vosgesinfo.fr\/epinalinfo\/2014\/08\/guerre-il-y-a-100-ans-des-poilus-avec-les-poilus\/\"},\"wordCount\":674,\"commentCount\":0,\"publisher\":{\"@id\":\"https:\/\/vosgesinfo.fr\/epinalinfo\/#organization\"},\"articleSection\":[\"Vosges\"],\"inLanguage\":\"fr-FR\",\"potentialAction\":[{\"@type\":\"CommentAction\",\"name\":\"Comment\",\"target\":[\"https:\/\/vosgesinfo.fr\/epinalinfo\/2014\/08\/guerre-il-y-a-100-ans-des-poilus-avec-les-poilus\/#respond\"]}]},{\"@type\":\"WebPage\",\"@id\":\"https:\/\/vosgesinfo.fr\/epinalinfo\/2014\/08\/guerre-il-y-a-100-ans-des-poilus-avec-les-poilus\/\",\"url\":\"https:\/\/vosgesinfo.fr\/epinalinfo\/2014\/08\/guerre-il-y-a-100-ans-des-poilus-avec-les-poilus\/\",\"name\":\"Guerre - Il y a 100 ans, des poilus avec les \\\"Poilus\\\" - Epinal Info\",\"isPartOf\":{\"@id\":\"https:\/\/vosgesinfo.fr\/epinalinfo\/#website\"},\"datePublished\":\"2014-08-10T08:05:53+00:00\",\"dateModified\":\"2014-08-10T08:05:53+00:00\",\"breadcrumb\":{\"@id\":\"https:\/\/vosgesinfo.fr\/epinalinfo\/2014\/08\/guerre-il-y-a-100-ans-des-poilus-avec-les-poilus\/#breadcrumb\"},\"inLanguage\":\"fr-FR\",\"potentialAction\":[{\"@type\":\"ReadAction\",\"target\":[\"https:\/\/vosgesinfo.fr\/epinalinfo\/2014\/08\/guerre-il-y-a-100-ans-des-poilus-avec-les-poilus\/\"]}]},{\"@type\":\"BreadcrumbList\",\"@id\":\"https:\/\/vosgesinfo.fr\/epinalinfo\/2014\/08\/guerre-il-y-a-100-ans-des-poilus-avec-les-poilus\/#breadcrumb\",\"itemListElement\":[{\"@type\":\"ListItem\",\"position\":1,\"name\":\"Home\",\"item\":\"https:\/\/vosgesinfo.fr\/epinalinfo\/\"},{\"@type\":\"ListItem\",\"position\":2,\"name\":\"Guerre &#8211; Il y a 100 ans, des poilus avec les \u00ab\u00a0Poilus\u00a0\u00bb\"}]},{\"@type\":\"WebSite\",\"@id\":\"https:\/\/vosgesinfo.fr\/epinalinfo\/#website\",\"url\":\"https:\/\/vosgesinfo.fr\/epinalinfo\/\",\"name\":\"Epinal Info\",\"description\":\"Toute l&#039;actualit\u00e9 d&#039;\u00c9pinal\",\"publisher\":{\"@id\":\"https:\/\/vosgesinfo.fr\/epinalinfo\/#organization\"},\"alternateName\":\"Toute l'actualit\u00e9 d'\u00c9pinal\",\"potentialAction\":[{\"@type\":\"SearchAction\",\"target\":{\"@type\":\"EntryPoint\",\"urlTemplate\":\"https:\/\/vosgesinfo.fr\/epinalinfo\/?s={search_term_string}\"},\"query-input\":\"required name=search_term_string\"}],\"inLanguage\":\"fr-FR\"},{\"@type\":\"Organization\",\"@id\":\"https:\/\/vosgesinfo.fr\/epinalinfo\/#organization\",\"name\":\"Epinal Info\",\"url\":\"https:\/\/vosgesinfo.fr\/epinalinfo\/\",\"logo\":{\"@type\":\"ImageObject\",\"inLanguage\":\"fr-FR\",\"@id\":\"https:\/\/vosgesinfo.fr\/epinalinfo\/#\/schema\/logo\/image\/\",\"url\":\"https:\/\/vosgesinfo.fr\/app\/uploads\/sites\/3\/2023\/08\/logo-epinalinfos.svg\",\"contentUrl\":\"https:\/\/vosgesinfo.fr\/app\/uploads\/sites\/3\/2023\/08\/logo-epinalinfos.svg\",\"width\":1,\"height\":1,\"caption\":\"Epinal Info\"},\"image\":{\"@id\":\"https:\/\/vosgesinfo.fr\/epinalinfo\/#\/schema\/logo\/image\/\"},\"sameAs\":[\"https:\/\/www.facebook.com\/Epinalinfos\",\"https:\/\/x.com\/VosgesInfo88\",\"https:\/\/www.youtube.com\/@vosgesinfo\"]},{\"@type\":\"Person\",\"@id\":\"https:\/\/vosgesinfo.fr\/epinalinfo\/#\/schema\/person\/faee6704a21f3977511db84bd1cd450f\",\"name\":\"la r\u00e9daction\",\"image\":{\"@type\":\"ImageObject\",\"inLanguage\":\"fr-FR\",\"@id\":\"https:\/\/vosgesinfo.fr\/epinalinfo\/#\/schema\/person\/image\/\",\"url\":\"https:\/\/secure.gravatar.com\/avatar\/6673d8bc6a9c17fa9a453eaa3448de834fa308c2ec9635b7aa99441a7c8d2cf6?s=96&d=mm&r=g\",\"contentUrl\":\"https:\/\/secure.gravatar.com\/avatar\/6673d8bc6a9c17fa9a453eaa3448de834fa308c2ec9635b7aa99441a7c8d2cf6?s=96&d=mm&r=g\",\"caption\":\"la r\u00e9daction\"},\"url\":\"https:\/\/vosgesinfo.fr\/epinalinfo\/author\/redac\/\"}]}<\/script>\n<!-- \/ Yoast SEO plugin. -->","yoast_head_json":{"title":"Guerre - Il y a 100 ans, des poilus avec les \"Poilus\" - Epinal Info","robots":{"index":"index","follow":"follow","max-snippet":"max-snippet:-1","max-image-preview":"max-image-preview:large","max-video-preview":"max-video-preview:-1"},"canonical":"https:\/\/vosgesinfo.fr\/epinalinfo\/2014\/08\/guerre-il-y-a-100-ans-des-poilus-avec-les-poilus\/","twitter_card":"summary_large_image","twitter_title":"Guerre - Il y a 100 ans, des poilus avec les \"Poilus\" - Epinal Info","twitter_description":"Il y a 100 ans, le monde, la France, les Vosges connaissaient une p\u00e9riode sombre de leur histoire. La premi\u00e8re [&hellip;]","twitter_creator":"@VosgesInfo88","twitter_site":"@VosgesInfo88","twitter_misc":{"\u00c9crit par":"la r\u00e9daction","Dur\u00e9e de lecture estim\u00e9e":"3 minutes"},"schema":{"@context":"https:\/\/schema.org","@graph":[{"@type":"Article","@id":"https:\/\/vosgesinfo.fr\/epinalinfo\/2014\/08\/guerre-il-y-a-100-ans-des-poilus-avec-les-poilus\/#article","isPartOf":{"@id":"https:\/\/vosgesinfo.fr\/epinalinfo\/2014\/08\/guerre-il-y-a-100-ans-des-poilus-avec-les-poilus\/"},"author":{"name":"la r\u00e9daction","@id":"https:\/\/vosgesinfo.fr\/epinalinfo\/#\/schema\/person\/faee6704a21f3977511db84bd1cd450f"},"headline":"Guerre &#8211; Il y a 100 ans, des poilus avec les \u00ab\u00a0Poilus\u00a0\u00bb","datePublished":"2014-08-10T08:05:53+00:00","dateModified":"2014-08-10T08:05:53+00:00","mainEntityOfPage":{"@id":"https:\/\/vosgesinfo.fr\/epinalinfo\/2014\/08\/guerre-il-y-a-100-ans-des-poilus-avec-les-poilus\/"},"wordCount":674,"commentCount":0,"publisher":{"@id":"https:\/\/vosgesinfo.fr\/epinalinfo\/#organization"},"articleSection":["Vosges"],"inLanguage":"fr-FR","potentialAction":[{"@type":"CommentAction","name":"Comment","target":["https:\/\/vosgesinfo.fr\/epinalinfo\/2014\/08\/guerre-il-y-a-100-ans-des-poilus-avec-les-poilus\/#respond"]}]},{"@type":"WebPage","@id":"https:\/\/vosgesinfo.fr\/epinalinfo\/2014\/08\/guerre-il-y-a-100-ans-des-poilus-avec-les-poilus\/","url":"https:\/\/vosgesinfo.fr\/epinalinfo\/2014\/08\/guerre-il-y-a-100-ans-des-poilus-avec-les-poilus\/","name":"Guerre - Il y a 100 ans, des poilus avec les \"Poilus\" - Epinal Info","isPartOf":{"@id":"https:\/\/vosgesinfo.fr\/epinalinfo\/#website"},"datePublished":"2014-08-10T08:05:53+00:00","dateModified":"2014-08-10T08:05:53+00:00","breadcrumb":{"@id":"https:\/\/vosgesinfo.fr\/epinalinfo\/2014\/08\/guerre-il-y-a-100-ans-des-poilus-avec-les-poilus\/#breadcrumb"},"inLanguage":"fr-FR","potentialAction":[{"@type":"ReadAction","target":["https:\/\/vosgesinfo.fr\/epinalinfo\/2014\/08\/guerre-il-y-a-100-ans-des-poilus-avec-les-poilus\/"]}]},{"@type":"BreadcrumbList","@id":"https:\/\/vosgesinfo.fr\/epinalinfo\/2014\/08\/guerre-il-y-a-100-ans-des-poilus-avec-les-poilus\/#breadcrumb","itemListElement":[{"@type":"ListItem","position":1,"name":"Home","item":"https:\/\/vosgesinfo.fr\/epinalinfo\/"},{"@type":"ListItem","position":2,"name":"Guerre &#8211; Il y a 100 ans, des poilus avec les \u00ab\u00a0Poilus\u00a0\u00bb"}]},{"@type":"WebSite","@id":"https:\/\/vosgesinfo.fr\/epinalinfo\/#website","url":"https:\/\/vosgesinfo.fr\/epinalinfo\/","name":"Epinal Info","description":"Toute l&#039;actualit\u00e9 d&#039;\u00c9pinal","publisher":{"@id":"https:\/\/vosgesinfo.fr\/epinalinfo\/#organization"},"alternateName":"Toute l'actualit\u00e9 d'\u00c9pinal","potentialAction":[{"@type":"SearchAction","target":{"@type":"EntryPoint","urlTemplate":"https:\/\/vosgesinfo.fr\/epinalinfo\/?s={search_term_string}"},"query-input":"required name=search_term_string"}],"inLanguage":"fr-FR"},{"@type":"Organization","@id":"https:\/\/vosgesinfo.fr\/epinalinfo\/#organization","name":"Epinal Info","url":"https:\/\/vosgesinfo.fr\/epinalinfo\/","logo":{"@type":"ImageObject","inLanguage":"fr-FR","@id":"https:\/\/vosgesinfo.fr\/epinalinfo\/#\/schema\/logo\/image\/","url":"https:\/\/vosgesinfo.fr\/app\/uploads\/sites\/3\/2023\/08\/logo-epinalinfos.svg","contentUrl":"https:\/\/vosgesinfo.fr\/app\/uploads\/sites\/3\/2023\/08\/logo-epinalinfos.svg","width":1,"height":1,"caption":"Epinal Info"},"image":{"@id":"https:\/\/vosgesinfo.fr\/epinalinfo\/#\/schema\/logo\/image\/"},"sameAs":["https:\/\/www.facebook.com\/Epinalinfos","https:\/\/x.com\/VosgesInfo88","https:\/\/www.youtube.com\/@vosgesinfo"]},{"@type":"Person","@id":"https:\/\/vosgesinfo.fr\/epinalinfo\/#\/schema\/person\/faee6704a21f3977511db84bd1cd450f","name":"la r\u00e9daction","image":{"@type":"ImageObject","inLanguage":"fr-FR","@id":"https:\/\/vosgesinfo.fr\/epinalinfo\/#\/schema\/person\/image\/","url":"https:\/\/secure.gravatar.com\/avatar\/6673d8bc6a9c17fa9a453eaa3448de834fa308c2ec9635b7aa99441a7c8d2cf6?s=96&d=mm&r=g","contentUrl":"https:\/\/secure.gravatar.com\/avatar\/6673d8bc6a9c17fa9a453eaa3448de834fa308c2ec9635b7aa99441a7c8d2cf6?s=96&d=mm&r=g","caption":"la r\u00e9daction"},"url":"https:\/\/vosgesinfo.fr\/epinalinfo\/author\/redac\/"}]}},"_links":{"self":[{"href":"https:\/\/vosgesinfo.fr\/epinalinfo\/wp-json\/wp\/v2\/posts\/44475","targetHints":{"allow":["GET"]}}],"collection":[{"href":"https:\/\/vosgesinfo.fr\/epinalinfo\/wp-json\/wp\/v2\/posts"}],"about":[{"href":"https:\/\/vosgesinfo.fr\/epinalinfo\/wp-json\/wp\/v2\/types\/post"}],"author":[{"embeddable":true,"href":"https:\/\/vosgesinfo.fr\/epinalinfo\/wp-json\/wp\/v2\/users\/44"}],"replies":[{"embeddable":true,"href":"https:\/\/vosgesinfo.fr\/epinalinfo\/wp-json\/wp\/v2\/comments?post=44475"}],"version-history":[{"count":0,"href":"https:\/\/vosgesinfo.fr\/epinalinfo\/wp-json\/wp\/v2\/posts\/44475\/revisions"}],"wp:attachment":[{"href":"https:\/\/vosgesinfo.fr\/epinalinfo\/wp-json\/wp\/v2\/media?parent=44475"}],"wp:term":[{"taxonomy":"category","embeddable":true,"href":"https:\/\/vosgesinfo.fr\/epinalinfo\/wp-json\/wp\/v2\/categories?post=44475"},{"taxonomy":"post_tag","embeddable":true,"href":"https:\/\/vosgesinfo.fr\/epinalinfo\/wp-json\/wp\/v2\/tags?post=44475"}],"curies":[{"name":"wp","href":"https:\/\/api.w.org\/{rel}","templated":true}]}}