{"id":44542,"date":"2014-08-27T08:41:51","date_gmt":"2014-08-27T06:41:51","guid":{"rendered":"https:\/\/vosgesinfo.fr\/epinalinfo\/2014\/08\/epinal-cite-debrouillarde-je-vis-mon-quartier-place-davrinsart\/"},"modified":"2014-08-27T08:41:51","modified_gmt":"2014-08-27T06:41:51","slug":"epinal-cite-debrouillarde-je-vis-mon-quartier-place-davrinsart","status":"publish","type":"post","link":"https:\/\/vosgesinfo.fr\/epinalinfo\/2014\/08\/epinal-cite-debrouillarde-je-vis-mon-quartier-place-davrinsart\/","title":{"rendered":"\u00c9pinal &#8211; Cit\u00e9 D\u00e9brouillarde : \u00ab Je vis mon quartier \u00bb Place d&rsquo;Avrinsart"},"content":{"rendered":"<p style=\"margin-bottom: 0cm;\" align=\"LEFT\"><strong><span style=\"font-family: Arial, sans-serif;\"><span style=\"font-size: medium;\"><\/span><\/span><\/strong><span style=\"font-family: Arial, sans-serif;\"><span style=\"font-size: medium;\"><b>Jusqu&rsquo;au 29 ao\u00fbt, Les Petits D\u00e9brouillards m\u00e8nent l&rsquo;op\u00e9ration Cit\u00e9 D\u00e9brouillarde \u00ab\u00a0Je vis mon quartier\u00a0\u00bb Place d&rsquo;Avrinsart de 10h-12h et de14h-18h<\/b><\/span><\/span><\/p>\n<p style=\"margin-bottom: 0cm;\" align=\"LEFT\">\n<p style=\"margin-bottom: 0cm;\">\n<p style=\"margin-bottom: 0cm;\" align=\"JUSTIFY\"><span style=\"font-family: Arial, sans-serif;\"><span style=\"font-size: medium;\">Cette op\u00e9ration a pour objectif de proposer des animations de rue, gratuites et ouvertes \u00e0 tous, \u00e0 caract\u00e8re scientifique et technique, \u00e0 destination des enfants et des jeunes qui ne partent pas en vacances et \/ou qui ne fr\u00e9quentent pas les structures de loisirs.<\/span><\/span><\/p>\n<p style=\"margin-bottom: 0cm;\" align=\"JUSTIFY\">\n<p style=\"margin-bottom: 0cm;\" align=\"JUSTIFY\"><span style=\"font-family: Arial, sans-serif;\"><span style=\"font-size: medium;\">Il s&rsquo;agit de rendre les jeunes participants curieux et inform\u00e9s sur leur quartier, afin de se l&rsquo;approprier et de pouvoir s&rsquo;exprimer et agir dessus de mani\u00e8re raisonn\u00e9e. Les habitants, les commer\u00e7ants, les parents sont invit\u00e9s \u00e0 participer. <\/span><\/span><\/p>\n<p style=\"margin-bottom: 0cm;\" align=\"JUSTIFY\">\n<p style=\"margin-bottom: 0cm;\" align=\"JUSTIFY\"><span style=\"font-family: Arial, sans-serif;\"><span style=\"font-size: medium;\">Pendant une semaine, les animateurs s&rsquo;installent en ext\u00e9rieur, et proposent des animations ludiques (balades, manipulations, exp\u00e9riences, d\u00e9bats,&#8230;) autour de th\u00e9matiques scientifiques diverses li\u00e9es au lieu de vie. <\/span><\/span><\/p>\n<p style=\"margin-bottom: 0cm;\" align=\"JUSTIFY\">\n<p style=\"margin-bottom: 0cm;\" align=\"JUSTIFY\"><span style=\"font-family: Arial, sans-serif;\"><span style=\"font-size: medium;\"><i>Partenaires\u00a0: la Communaut\u00e9 d&rsquo;Agglom\u00e9ration d&rsquo;Epinal, le Conseil G\u00e9n\u00e9ral des Vosges, la Direction R\u00e9gional des Affaires Culturelles de Lorraine, la Direction D\u00e9partementale de la Coh\u00e9sion Sociale et de la Protection des Populations 88, l&rsquo;Agence pour la Coh\u00e9sion Sociale et l&rsquo;Egalit\u00e9 des chances, le Centre Social du Plateau de la Vierge, le Centre Social Denise Louis, la Caisse d&rsquo;Allocations Familiales. <\/i><\/span><\/span><\/p>\n<p style=\"margin-bottom: 0cm;\" align=\"JUSTIFY\">\n<p style=\"margin-bottom: 0cm;\" align=\"LEFT\"><span style=\"font-family: Arial, sans-serif;\"><span style=\"font-size: medium;\">Pour plus de renseignements, contacter Arthur Demonet\u00a0: <\/span><\/span><\/p>\n<p style=\"margin-bottom: 0.5cm;\" align=\"LEFT\"><span style=\"font-family: Arial, sans-serif;\"><span style=\"font-size: medium;\">(a.demonet@lespetitsdebrouillards.org\/0329354655)<\/span><\/span><\/p>\n","protected":false},"excerpt":{"rendered":"<p>Jusqu&rsquo;au 29 ao\u00fbt, Les Petits D\u00e9brouillards m\u00e8nent l&rsquo;op\u00e9ration Cit\u00e9 D\u00e9brouillarde \u00ab\u00a0Je vis mon quartier\u00a0\u00bb Place d&rsquo;Avrinsart de 10h-12h et de14h-18h [&hellip;]<\/p>\n","protected":false},"author":44,"featured_media":0,"comment_status":"open","ping_status":"open","sticky":false,"template":"","format":"standard","meta":{"footnotes":""},"categories":[285,15,24,36,111],"tags":[],"class_list":["post-44542","post","type-post","status-publish","format-standard","hentry","category-associations","category-education","category-epinal","category-loisirs","category-sciences"],"acf":[],"yoast_head":"<!-- This site is optimized with the Yoast SEO plugin v22.5 - https:\/\/yoast.com\/wordpress\/plugins\/seo\/ -->\n<title>\u00c9pinal - Cit\u00e9 D\u00e9brouillarde : \u00ab Je vis mon quartier \u00bb Place d&#039;Avrinsart - Epinal Info<\/title>\n<meta name=\"robots\" content=\"index, follow, max-snippet:-1, max-image-preview:large, max-video-preview:-1\" \/>\n<link rel=\"canonical\" href=\"https:\/\/vosgesinfo.fr\/epinalinfo\/2014\/08\/epinal-cite-debrouillarde-je-vis-mon-quartier-place-davrinsart\/\" \/>\n<meta name=\"twitter:card\" content=\"summary_large_image\" \/>\n<meta name=\"twitter:title\" content=\"\u00c9pinal - Cit\u00e9 D\u00e9brouillarde : \u00ab Je vis mon quartier \u00bb Place d&#039;Avrinsart - Epinal Info\" \/>\n<meta name=\"twitter:description\" content=\"Jusqu&rsquo;au 29 ao\u00fbt, Les Petits D\u00e9brouillards m\u00e8nent l&rsquo;op\u00e9ration Cit\u00e9 D\u00e9brouillarde \u00ab\u00a0Je vis mon quartier\u00a0\u00bb Place d&rsquo;Avrinsart de 10h-12h et de14h-18h [&hellip;]\" \/>\n<meta name=\"twitter:creator\" content=\"@VosgesInfo88\" \/>\n<meta name=\"twitter:site\" content=\"@VosgesInfo88\" \/>\n<meta name=\"twitter:label1\" content=\"\u00c9crit par\" \/>\n\t<meta name=\"twitter:data1\" content=\"la r\u00e9daction\" \/>\n\t<meta name=\"twitter:label2\" content=\"Dur\u00e9e de lecture estim\u00e9e\" \/>\n\t<meta name=\"twitter:data2\" content=\"1 minute\" \/>\n<script type=\"application\/ld+json\" class=\"yoast-schema-graph\">{\"@context\":\"https:\/\/schema.org\",\"@graph\":[{\"@type\":\"Article\",\"@id\":\"https:\/\/vosgesinfo.fr\/epinalinfo\/2014\/08\/epinal-cite-debrouillarde-je-vis-mon-quartier-place-davrinsart\/#article\",\"isPartOf\":{\"@id\":\"https:\/\/vosgesinfo.fr\/epinalinfo\/2014\/08\/epinal-cite-debrouillarde-je-vis-mon-quartier-place-davrinsart\/\"},\"author\":{\"name\":\"la r\u00e9daction\",\"@id\":\"https:\/\/vosgesinfo.fr\/epinalinfo\/#\/schema\/person\/faee6704a21f3977511db84bd1cd450f\"},\"headline\":\"\u00c9pinal &#8211; Cit\u00e9 D\u00e9brouillarde : \u00ab Je vis mon quartier \u00bb Place d&rsquo;Avrinsart\",\"datePublished\":\"2014-08-27T06:41:51+00:00\",\"dateModified\":\"2014-08-27T06:41:51+00:00\",\"mainEntityOfPage\":{\"@id\":\"https:\/\/vosgesinfo.fr\/epinalinfo\/2014\/08\/epinal-cite-debrouillarde-je-vis-mon-quartier-place-davrinsart\/\"},\"wordCount\":243,\"commentCount\":0,\"publisher\":{\"@id\":\"https:\/\/vosgesinfo.fr\/epinalinfo\/#organization\"},\"articleSection\":[\"Associations\",\"\u00c9ducation\",\"Epinal\",\"Loisirs\",\"Sciences\"],\"inLanguage\":\"fr-FR\",\"potentialAction\":[{\"@type\":\"CommentAction\",\"name\":\"Comment\",\"target\":[\"https:\/\/vosgesinfo.fr\/epinalinfo\/2014\/08\/epinal-cite-debrouillarde-je-vis-mon-quartier-place-davrinsart\/#respond\"]}]},{\"@type\":\"WebPage\",\"@id\":\"https:\/\/vosgesinfo.fr\/epinalinfo\/2014\/08\/epinal-cite-debrouillarde-je-vis-mon-quartier-place-davrinsart\/\",\"url\":\"https:\/\/vosgesinfo.fr\/epinalinfo\/2014\/08\/epinal-cite-debrouillarde-je-vis-mon-quartier-place-davrinsart\/\",\"name\":\"\u00c9pinal - Cit\u00e9 D\u00e9brouillarde : \u00ab Je vis mon quartier \u00bb Place d'Avrinsart - Epinal Info\",\"isPartOf\":{\"@id\":\"https:\/\/vosgesinfo.fr\/epinalinfo\/#website\"},\"datePublished\":\"2014-08-27T06:41:51+00:00\",\"dateModified\":\"2014-08-27T06:41:51+00:00\",\"breadcrumb\":{\"@id\":\"https:\/\/vosgesinfo.fr\/epinalinfo\/2014\/08\/epinal-cite-debrouillarde-je-vis-mon-quartier-place-davrinsart\/#breadcrumb\"},\"inLanguage\":\"fr-FR\",\"potentialAction\":[{\"@type\":\"ReadAction\",\"target\":[\"https:\/\/vosgesinfo.fr\/epinalinfo\/2014\/08\/epinal-cite-debrouillarde-je-vis-mon-quartier-place-davrinsart\/\"]}]},{\"@type\":\"BreadcrumbList\",\"@id\":\"https:\/\/vosgesinfo.fr\/epinalinfo\/2014\/08\/epinal-cite-debrouillarde-je-vis-mon-quartier-place-davrinsart\/#breadcrumb\",\"itemListElement\":[{\"@type\":\"ListItem\",\"position\":1,\"name\":\"Home\",\"item\":\"https:\/\/vosgesinfo.fr\/epinalinfo\/\"},{\"@type\":\"ListItem\",\"position\":2,\"name\":\"\u00c9pinal &#8211; Cit\u00e9 D\u00e9brouillarde : \u00ab Je vis mon quartier \u00bb Place d&rsquo;Avrinsart\"}]},{\"@type\":\"WebSite\",\"@id\":\"https:\/\/vosgesinfo.fr\/epinalinfo\/#website\",\"url\":\"https:\/\/vosgesinfo.fr\/epinalinfo\/\",\"name\":\"Epinal Info\",\"description\":\"Toute l&#039;actualit\u00e9 d&#039;\u00c9pinal\",\"publisher\":{\"@id\":\"https:\/\/vosgesinfo.fr\/epinalinfo\/#organization\"},\"alternateName\":\"Toute l'actualit\u00e9 d'\u00c9pinal\",\"potentialAction\":[{\"@type\":\"SearchAction\",\"target\":{\"@type\":\"EntryPoint\",\"urlTemplate\":\"https:\/\/vosgesinfo.fr\/epinalinfo\/?s={search_term_string}\"},\"query-input\":\"required name=search_term_string\"}],\"inLanguage\":\"fr-FR\"},{\"@type\":\"Organization\",\"@id\":\"https:\/\/vosgesinfo.fr\/epinalinfo\/#organization\",\"name\":\"Epinal Info\",\"url\":\"https:\/\/vosgesinfo.fr\/epinalinfo\/\",\"logo\":{\"@type\":\"ImageObject\",\"inLanguage\":\"fr-FR\",\"@id\":\"https:\/\/vosgesinfo.fr\/epinalinfo\/#\/schema\/logo\/image\/\",\"url\":\"https:\/\/vosgesinfo.fr\/app\/uploads\/sites\/3\/2023\/08\/logo-epinalinfos.svg\",\"contentUrl\":\"https:\/\/vosgesinfo.fr\/app\/uploads\/sites\/3\/2023\/08\/logo-epinalinfos.svg\",\"width\":1,\"height\":1,\"caption\":\"Epinal Info\"},\"image\":{\"@id\":\"https:\/\/vosgesinfo.fr\/epinalinfo\/#\/schema\/logo\/image\/\"},\"sameAs\":[\"https:\/\/www.facebook.com\/Epinalinfos\",\"https:\/\/x.com\/VosgesInfo88\",\"https:\/\/www.youtube.com\/@vosgesinfo\"]},{\"@type\":\"Person\",\"@id\":\"https:\/\/vosgesinfo.fr\/epinalinfo\/#\/schema\/person\/faee6704a21f3977511db84bd1cd450f\",\"name\":\"la r\u00e9daction\",\"image\":{\"@type\":\"ImageObject\",\"inLanguage\":\"fr-FR\",\"@id\":\"https:\/\/vosgesinfo.fr\/epinalinfo\/#\/schema\/person\/image\/\",\"url\":\"https:\/\/secure.gravatar.com\/avatar\/6673d8bc6a9c17fa9a453eaa3448de834fa308c2ec9635b7aa99441a7c8d2cf6?s=96&d=mm&r=g\",\"contentUrl\":\"https:\/\/secure.gravatar.com\/avatar\/6673d8bc6a9c17fa9a453eaa3448de834fa308c2ec9635b7aa99441a7c8d2cf6?s=96&d=mm&r=g\",\"caption\":\"la r\u00e9daction\"},\"url\":\"https:\/\/vosgesinfo.fr\/epinalinfo\/author\/redac\/\"}]}<\/script>\n<!-- \/ Yoast SEO plugin. -->","yoast_head_json":{"title":"\u00c9pinal - Cit\u00e9 D\u00e9brouillarde : \u00ab Je vis mon quartier \u00bb Place d'Avrinsart - Epinal Info","robots":{"index":"index","follow":"follow","max-snippet":"max-snippet:-1","max-image-preview":"max-image-preview:large","max-video-preview":"max-video-preview:-1"},"canonical":"https:\/\/vosgesinfo.fr\/epinalinfo\/2014\/08\/epinal-cite-debrouillarde-je-vis-mon-quartier-place-davrinsart\/","twitter_card":"summary_large_image","twitter_title":"\u00c9pinal - Cit\u00e9 D\u00e9brouillarde : \u00ab Je vis mon quartier \u00bb Place d'Avrinsart - Epinal Info","twitter_description":"Jusqu&rsquo;au 29 ao\u00fbt, Les Petits D\u00e9brouillards m\u00e8nent l&rsquo;op\u00e9ration Cit\u00e9 D\u00e9brouillarde \u00ab\u00a0Je vis mon quartier\u00a0\u00bb Place d&rsquo;Avrinsart de 10h-12h et de14h-18h [&hellip;]","twitter_creator":"@VosgesInfo88","twitter_site":"@VosgesInfo88","twitter_misc":{"\u00c9crit par":"la r\u00e9daction","Dur\u00e9e de lecture estim\u00e9e":"1 minute"},"schema":{"@context":"https:\/\/schema.org","@graph":[{"@type":"Article","@id":"https:\/\/vosgesinfo.fr\/epinalinfo\/2014\/08\/epinal-cite-debrouillarde-je-vis-mon-quartier-place-davrinsart\/#article","isPartOf":{"@id":"https:\/\/vosgesinfo.fr\/epinalinfo\/2014\/08\/epinal-cite-debrouillarde-je-vis-mon-quartier-place-davrinsart\/"},"author":{"name":"la r\u00e9daction","@id":"https:\/\/vosgesinfo.fr\/epinalinfo\/#\/schema\/person\/faee6704a21f3977511db84bd1cd450f"},"headline":"\u00c9pinal &#8211; Cit\u00e9 D\u00e9brouillarde : \u00ab Je vis mon quartier \u00bb Place d&rsquo;Avrinsart","datePublished":"2014-08-27T06:41:51+00:00","dateModified":"2014-08-27T06:41:51+00:00","mainEntityOfPage":{"@id":"https:\/\/vosgesinfo.fr\/epinalinfo\/2014\/08\/epinal-cite-debrouillarde-je-vis-mon-quartier-place-davrinsart\/"},"wordCount":243,"commentCount":0,"publisher":{"@id":"https:\/\/vosgesinfo.fr\/epinalinfo\/#organization"},"articleSection":["Associations","\u00c9ducation","Epinal","Loisirs","Sciences"],"inLanguage":"fr-FR","potentialAction":[{"@type":"CommentAction","name":"Comment","target":["https:\/\/vosgesinfo.fr\/epinalinfo\/2014\/08\/epinal-cite-debrouillarde-je-vis-mon-quartier-place-davrinsart\/#respond"]}]},{"@type":"WebPage","@id":"https:\/\/vosgesinfo.fr\/epinalinfo\/2014\/08\/epinal-cite-debrouillarde-je-vis-mon-quartier-place-davrinsart\/","url":"https:\/\/vosgesinfo.fr\/epinalinfo\/2014\/08\/epinal-cite-debrouillarde-je-vis-mon-quartier-place-davrinsart\/","name":"\u00c9pinal - Cit\u00e9 D\u00e9brouillarde : \u00ab Je vis mon quartier \u00bb Place d'Avrinsart - Epinal Info","isPartOf":{"@id":"https:\/\/vosgesinfo.fr\/epinalinfo\/#website"},"datePublished":"2014-08-27T06:41:51+00:00","dateModified":"2014-08-27T06:41:51+00:00","breadcrumb":{"@id":"https:\/\/vosgesinfo.fr\/epinalinfo\/2014\/08\/epinal-cite-debrouillarde-je-vis-mon-quartier-place-davrinsart\/#breadcrumb"},"inLanguage":"fr-FR","potentialAction":[{"@type":"ReadAction","target":["https:\/\/vosgesinfo.fr\/epinalinfo\/2014\/08\/epinal-cite-debrouillarde-je-vis-mon-quartier-place-davrinsart\/"]}]},{"@type":"BreadcrumbList","@id":"https:\/\/vosgesinfo.fr\/epinalinfo\/2014\/08\/epinal-cite-debrouillarde-je-vis-mon-quartier-place-davrinsart\/#breadcrumb","itemListElement":[{"@type":"ListItem","position":1,"name":"Home","item":"https:\/\/vosgesinfo.fr\/epinalinfo\/"},{"@type":"ListItem","position":2,"name":"\u00c9pinal &#8211; Cit\u00e9 D\u00e9brouillarde : \u00ab Je vis mon quartier \u00bb Place d&rsquo;Avrinsart"}]},{"@type":"WebSite","@id":"https:\/\/vosgesinfo.fr\/epinalinfo\/#website","url":"https:\/\/vosgesinfo.fr\/epinalinfo\/","name":"Epinal Info","description":"Toute l&#039;actualit\u00e9 d&#039;\u00c9pinal","publisher":{"@id":"https:\/\/vosgesinfo.fr\/epinalinfo\/#organization"},"alternateName":"Toute l'actualit\u00e9 d'\u00c9pinal","potentialAction":[{"@type":"SearchAction","target":{"@type":"EntryPoint","urlTemplate":"https:\/\/vosgesinfo.fr\/epinalinfo\/?s={search_term_string}"},"query-input":"required name=search_term_string"}],"inLanguage":"fr-FR"},{"@type":"Organization","@id":"https:\/\/vosgesinfo.fr\/epinalinfo\/#organization","name":"Epinal Info","url":"https:\/\/vosgesinfo.fr\/epinalinfo\/","logo":{"@type":"ImageObject","inLanguage":"fr-FR","@id":"https:\/\/vosgesinfo.fr\/epinalinfo\/#\/schema\/logo\/image\/","url":"https:\/\/vosgesinfo.fr\/app\/uploads\/sites\/3\/2023\/08\/logo-epinalinfos.svg","contentUrl":"https:\/\/vosgesinfo.fr\/app\/uploads\/sites\/3\/2023\/08\/logo-epinalinfos.svg","width":1,"height":1,"caption":"Epinal Info"},"image":{"@id":"https:\/\/vosgesinfo.fr\/epinalinfo\/#\/schema\/logo\/image\/"},"sameAs":["https:\/\/www.facebook.com\/Epinalinfos","https:\/\/x.com\/VosgesInfo88","https:\/\/www.youtube.com\/@vosgesinfo"]},{"@type":"Person","@id":"https:\/\/vosgesinfo.fr\/epinalinfo\/#\/schema\/person\/faee6704a21f3977511db84bd1cd450f","name":"la r\u00e9daction","image":{"@type":"ImageObject","inLanguage":"fr-FR","@id":"https:\/\/vosgesinfo.fr\/epinalinfo\/#\/schema\/person\/image\/","url":"https:\/\/secure.gravatar.com\/avatar\/6673d8bc6a9c17fa9a453eaa3448de834fa308c2ec9635b7aa99441a7c8d2cf6?s=96&d=mm&r=g","contentUrl":"https:\/\/secure.gravatar.com\/avatar\/6673d8bc6a9c17fa9a453eaa3448de834fa308c2ec9635b7aa99441a7c8d2cf6?s=96&d=mm&r=g","caption":"la r\u00e9daction"},"url":"https:\/\/vosgesinfo.fr\/epinalinfo\/author\/redac\/"}]}},"_links":{"self":[{"href":"https:\/\/vosgesinfo.fr\/epinalinfo\/wp-json\/wp\/v2\/posts\/44542","targetHints":{"allow":["GET"]}}],"collection":[{"href":"https:\/\/vosgesinfo.fr\/epinalinfo\/wp-json\/wp\/v2\/posts"}],"about":[{"href":"https:\/\/vosgesinfo.fr\/epinalinfo\/wp-json\/wp\/v2\/types\/post"}],"author":[{"embeddable":true,"href":"https:\/\/vosgesinfo.fr\/epinalinfo\/wp-json\/wp\/v2\/users\/44"}],"replies":[{"embeddable":true,"href":"https:\/\/vosgesinfo.fr\/epinalinfo\/wp-json\/wp\/v2\/comments?post=44542"}],"version-history":[{"count":0,"href":"https:\/\/vosgesinfo.fr\/epinalinfo\/wp-json\/wp\/v2\/posts\/44542\/revisions"}],"wp:attachment":[{"href":"https:\/\/vosgesinfo.fr\/epinalinfo\/wp-json\/wp\/v2\/media?parent=44542"}],"wp:term":[{"taxonomy":"category","embeddable":true,"href":"https:\/\/vosgesinfo.fr\/epinalinfo\/wp-json\/wp\/v2\/categories?post=44542"},{"taxonomy":"post_tag","embeddable":true,"href":"https:\/\/vosgesinfo.fr\/epinalinfo\/wp-json\/wp\/v2\/tags?post=44542"}],"curies":[{"name":"wp","href":"https:\/\/api.w.org\/{rel}","templated":true}]}}