{"id":44652,"date":"2014-09-12T13:21:29","date_gmt":"2014-09-12T11:21:29","guid":{"rendered":"https:\/\/vosgesinfo.fr\/epinalinfo\/2014\/09\/saint-nabord-la-folie-de-l-infernal-trail-cest-ce-week-end\/"},"modified":"2014-09-12T13:21:29","modified_gmt":"2014-09-12T11:21:29","slug":"saint-nabord-la-folie-de-l-infernal-trail-cest-ce-week-end","status":"publish","type":"post","link":"https:\/\/vosgesinfo.fr\/epinalinfo\/2014\/09\/saint-nabord-la-folie-de-l-infernal-trail-cest-ce-week-end\/","title":{"rendered":"Saint-Nabord &#8211; La folie de L&rsquo; Infernal Trail, c&rsquo;est ce week-end!"},"content":{"rendered":"<div class=\"dd_button\"><span style=\"color: #000000;\"><strong>Quelque 3 000 concurrents sont attendus sur le sixi\u00e8me Infernal Trail des Vosges samedi 13 et dimanche 14 septembre au d\u00e9part du stade des Perrey, \u00e0 Saint-Nabord. <\/strong><\/span><\/div>\n<div class=\"dd_button\"><\/div>\n<div class=\"dd_button\"><span style=\"color: #000000;\">Organis\u00e9 par les b\u00e9n\u00e9voles de l\u2019ASRHV, six courses p\u00e9destres sont propos\u00e9es \u00e0 travers la for\u00eat Vosgienne. 2,5 km,\u00a08,5 km, 12 km,\u00a030 km, 72 km et 160 km attendent l\u2019ensemble dans le secteur de Remiremont.<\/span><\/div>\n<p><span style=\"color: #000000;\">Les \u00e9preuves L\u2019INFERNAL 160, L\u2019INFERNAL 72 (+relais), L\u2019INFERNAL 30 et L\u2019INFERNAL RUN sont des courses de montagne \u00e0 allure libre ouvertes aux seniors, v\u00e9t\u00e9rans, hommes et femmes, licenci\u00e9s ou non, en semi autosuffisance. L\u2019INFERNAL RUN est agr\u00e9ment\u00e9 d\u2019obstacles naturels et artificiels n\u00e9cessitant une adaptation de l\u2019\u00e9volution du coureur.<\/span><\/p>\n<p><span style=\"color: #000000;\">Pr\u00e9sentation FB :<\/span><\/p>\n<p><em><span class=\"fsl\">La folie de LINFERNAL, 8.5 km de d\u00e9lire complet. D\u00e9part le samedi \u00e0 21h sous les feux d\u2019artifices, dans une ambiance de folie, \u00e0 la lueur des torches, lancez vous \u00e0 l\u2019assaut des obstacles les plus fous : passage des grumes, trous de boue, labyrinthe de rondins, dunes de sable, mont\u00e9e impossible, murs de paille pour transpirer, \u00eatre mouill\u00e9, crott\u00e9 et rigoler, le break total c\u2019est LINFERNAL RUN . Cette \u00e9preuve de course \u00e0 obstacle se d\u00e9roule de nuit sur un parcours parsem\u00e9 d\u2019obstacles naturels et artificiels.<\/span><\/em> <span style=\"color: #000000;\">Tout savoir en se rendant sur le site de l\u2019Infernal Trail des Vosges<\/span><\/p>\n<hr \/>\n<p style=\"text-align: center;\">Acc\u00e9der \u00e0 l&rsquo;\u00e9dition compl\u00e8te d&rsquo;\u00c9pinal Infos<\/p>\n","protected":false},"excerpt":{"rendered":"<p>Quelque 3 000 concurrents sont attendus sur le sixi\u00e8me Infernal Trail des Vosges samedi 13 et dimanche 14 septembre au [&hellip;]<\/p>\n","protected":false},"author":44,"featured_media":0,"comment_status":"open","ping_status":"open","sticky":false,"template":"","format":"standard","meta":{"footnotes":""},"categories":[24,36,7,5],"tags":[],"class_list":["post-44652","post","type-post","status-publish","format-standard","hentry","category-epinal","category-loisirs","category-sport","category-vosges"],"acf":[],"yoast_head":"<!-- This site is optimized with the Yoast SEO plugin v22.5 - https:\/\/yoast.com\/wordpress\/plugins\/seo\/ -->\n<title>Saint-Nabord - La folie de L&#039; Infernal Trail, c&#039;est ce week-end! - Epinal Info<\/title>\n<meta name=\"robots\" content=\"index, follow, max-snippet:-1, max-image-preview:large, max-video-preview:-1\" \/>\n<link rel=\"canonical\" href=\"https:\/\/vosgesinfo.fr\/epinalinfo\/2014\/09\/saint-nabord-la-folie-de-l-infernal-trail-cest-ce-week-end\/\" \/>\n<meta name=\"twitter:card\" content=\"summary_large_image\" \/>\n<meta name=\"twitter:title\" content=\"Saint-Nabord - La folie de L&#039; Infernal Trail, c&#039;est ce week-end! - Epinal Info\" \/>\n<meta name=\"twitter:description\" content=\"Quelque 3 000 concurrents sont attendus sur le sixi\u00e8me Infernal Trail des Vosges samedi 13 et dimanche 14 septembre au [&hellip;]\" \/>\n<meta name=\"twitter:creator\" content=\"@VosgesInfo88\" \/>\n<meta name=\"twitter:site\" content=\"@VosgesInfo88\" \/>\n<meta name=\"twitter:label1\" content=\"\u00c9crit par\" \/>\n\t<meta name=\"twitter:data1\" content=\"la r\u00e9daction\" \/>\n\t<meta name=\"twitter:label2\" content=\"Dur\u00e9e de lecture estim\u00e9e\" \/>\n\t<meta name=\"twitter:data2\" content=\"1 minute\" \/>\n<script type=\"application\/ld+json\" class=\"yoast-schema-graph\">{\"@context\":\"https:\/\/schema.org\",\"@graph\":[{\"@type\":\"Article\",\"@id\":\"https:\/\/vosgesinfo.fr\/epinalinfo\/2014\/09\/saint-nabord-la-folie-de-l-infernal-trail-cest-ce-week-end\/#article\",\"isPartOf\":{\"@id\":\"https:\/\/vosgesinfo.fr\/epinalinfo\/2014\/09\/saint-nabord-la-folie-de-l-infernal-trail-cest-ce-week-end\/\"},\"author\":{\"name\":\"la r\u00e9daction\",\"@id\":\"https:\/\/vosgesinfo.fr\/epinalinfo\/#\/schema\/person\/faee6704a21f3977511db84bd1cd450f\"},\"headline\":\"Saint-Nabord &#8211; La folie de L&rsquo; Infernal Trail, c&rsquo;est ce week-end!\",\"datePublished\":\"2014-09-12T11:21:29+00:00\",\"dateModified\":\"2014-09-12T11:21:29+00:00\",\"mainEntityOfPage\":{\"@id\":\"https:\/\/vosgesinfo.fr\/epinalinfo\/2014\/09\/saint-nabord-la-folie-de-l-infernal-trail-cest-ce-week-end\/\"},\"wordCount\":242,\"commentCount\":0,\"publisher\":{\"@id\":\"https:\/\/vosgesinfo.fr\/epinalinfo\/#organization\"},\"articleSection\":[\"Epinal\",\"Loisirs\",\"Sport\",\"Vosges\"],\"inLanguage\":\"fr-FR\",\"potentialAction\":[{\"@type\":\"CommentAction\",\"name\":\"Comment\",\"target\":[\"https:\/\/vosgesinfo.fr\/epinalinfo\/2014\/09\/saint-nabord-la-folie-de-l-infernal-trail-cest-ce-week-end\/#respond\"]}]},{\"@type\":\"WebPage\",\"@id\":\"https:\/\/vosgesinfo.fr\/epinalinfo\/2014\/09\/saint-nabord-la-folie-de-l-infernal-trail-cest-ce-week-end\/\",\"url\":\"https:\/\/vosgesinfo.fr\/epinalinfo\/2014\/09\/saint-nabord-la-folie-de-l-infernal-trail-cest-ce-week-end\/\",\"name\":\"Saint-Nabord - La folie de L' Infernal Trail, c'est ce week-end! - Epinal Info\",\"isPartOf\":{\"@id\":\"https:\/\/vosgesinfo.fr\/epinalinfo\/#website\"},\"datePublished\":\"2014-09-12T11:21:29+00:00\",\"dateModified\":\"2014-09-12T11:21:29+00:00\",\"breadcrumb\":{\"@id\":\"https:\/\/vosgesinfo.fr\/epinalinfo\/2014\/09\/saint-nabord-la-folie-de-l-infernal-trail-cest-ce-week-end\/#breadcrumb\"},\"inLanguage\":\"fr-FR\",\"potentialAction\":[{\"@type\":\"ReadAction\",\"target\":[\"https:\/\/vosgesinfo.fr\/epinalinfo\/2014\/09\/saint-nabord-la-folie-de-l-infernal-trail-cest-ce-week-end\/\"]}]},{\"@type\":\"BreadcrumbList\",\"@id\":\"https:\/\/vosgesinfo.fr\/epinalinfo\/2014\/09\/saint-nabord-la-folie-de-l-infernal-trail-cest-ce-week-end\/#breadcrumb\",\"itemListElement\":[{\"@type\":\"ListItem\",\"position\":1,\"name\":\"Home\",\"item\":\"https:\/\/vosgesinfo.fr\/epinalinfo\/\"},{\"@type\":\"ListItem\",\"position\":2,\"name\":\"Saint-Nabord &#8211; La folie de L&rsquo; Infernal Trail, c&rsquo;est ce week-end!\"}]},{\"@type\":\"WebSite\",\"@id\":\"https:\/\/vosgesinfo.fr\/epinalinfo\/#website\",\"url\":\"https:\/\/vosgesinfo.fr\/epinalinfo\/\",\"name\":\"Epinal Info\",\"description\":\"Toute l&#039;actualit\u00e9 d&#039;\u00c9pinal\",\"publisher\":{\"@id\":\"https:\/\/vosgesinfo.fr\/epinalinfo\/#organization\"},\"alternateName\":\"Toute l'actualit\u00e9 d'\u00c9pinal\",\"potentialAction\":[{\"@type\":\"SearchAction\",\"target\":{\"@type\":\"EntryPoint\",\"urlTemplate\":\"https:\/\/vosgesinfo.fr\/epinalinfo\/?s={search_term_string}\"},\"query-input\":\"required name=search_term_string\"}],\"inLanguage\":\"fr-FR\"},{\"@type\":\"Organization\",\"@id\":\"https:\/\/vosgesinfo.fr\/epinalinfo\/#organization\",\"name\":\"Epinal Info\",\"url\":\"https:\/\/vosgesinfo.fr\/epinalinfo\/\",\"logo\":{\"@type\":\"ImageObject\",\"inLanguage\":\"fr-FR\",\"@id\":\"https:\/\/vosgesinfo.fr\/epinalinfo\/#\/schema\/logo\/image\/\",\"url\":\"https:\/\/vosgesinfo.fr\/app\/uploads\/sites\/3\/2023\/08\/logo-epinalinfos.svg\",\"contentUrl\":\"https:\/\/vosgesinfo.fr\/app\/uploads\/sites\/3\/2023\/08\/logo-epinalinfos.svg\",\"width\":1,\"height\":1,\"caption\":\"Epinal Info\"},\"image\":{\"@id\":\"https:\/\/vosgesinfo.fr\/epinalinfo\/#\/schema\/logo\/image\/\"},\"sameAs\":[\"https:\/\/www.facebook.com\/Epinalinfos\",\"https:\/\/x.com\/VosgesInfo88\",\"https:\/\/www.youtube.com\/@vosgesinfo\"]},{\"@type\":\"Person\",\"@id\":\"https:\/\/vosgesinfo.fr\/epinalinfo\/#\/schema\/person\/faee6704a21f3977511db84bd1cd450f\",\"name\":\"la r\u00e9daction\",\"image\":{\"@type\":\"ImageObject\",\"inLanguage\":\"fr-FR\",\"@id\":\"https:\/\/vosgesinfo.fr\/epinalinfo\/#\/schema\/person\/image\/\",\"url\":\"https:\/\/secure.gravatar.com\/avatar\/6673d8bc6a9c17fa9a453eaa3448de834fa308c2ec9635b7aa99441a7c8d2cf6?s=96&d=mm&r=g\",\"contentUrl\":\"https:\/\/secure.gravatar.com\/avatar\/6673d8bc6a9c17fa9a453eaa3448de834fa308c2ec9635b7aa99441a7c8d2cf6?s=96&d=mm&r=g\",\"caption\":\"la r\u00e9daction\"},\"url\":\"https:\/\/vosgesinfo.fr\/epinalinfo\/author\/redac\/\"}]}<\/script>\n<!-- \/ Yoast SEO plugin. -->","yoast_head_json":{"title":"Saint-Nabord - La folie de L' Infernal Trail, c'est ce week-end! - Epinal Info","robots":{"index":"index","follow":"follow","max-snippet":"max-snippet:-1","max-image-preview":"max-image-preview:large","max-video-preview":"max-video-preview:-1"},"canonical":"https:\/\/vosgesinfo.fr\/epinalinfo\/2014\/09\/saint-nabord-la-folie-de-l-infernal-trail-cest-ce-week-end\/","twitter_card":"summary_large_image","twitter_title":"Saint-Nabord - La folie de L' Infernal Trail, c'est ce week-end! - Epinal Info","twitter_description":"Quelque 3 000 concurrents sont attendus sur le sixi\u00e8me Infernal Trail des Vosges samedi 13 et dimanche 14 septembre au [&hellip;]","twitter_creator":"@VosgesInfo88","twitter_site":"@VosgesInfo88","twitter_misc":{"\u00c9crit par":"la r\u00e9daction","Dur\u00e9e de lecture estim\u00e9e":"1 minute"},"schema":{"@context":"https:\/\/schema.org","@graph":[{"@type":"Article","@id":"https:\/\/vosgesinfo.fr\/epinalinfo\/2014\/09\/saint-nabord-la-folie-de-l-infernal-trail-cest-ce-week-end\/#article","isPartOf":{"@id":"https:\/\/vosgesinfo.fr\/epinalinfo\/2014\/09\/saint-nabord-la-folie-de-l-infernal-trail-cest-ce-week-end\/"},"author":{"name":"la r\u00e9daction","@id":"https:\/\/vosgesinfo.fr\/epinalinfo\/#\/schema\/person\/faee6704a21f3977511db84bd1cd450f"},"headline":"Saint-Nabord &#8211; La folie de L&rsquo; Infernal Trail, c&rsquo;est ce week-end!","datePublished":"2014-09-12T11:21:29+00:00","dateModified":"2014-09-12T11:21:29+00:00","mainEntityOfPage":{"@id":"https:\/\/vosgesinfo.fr\/epinalinfo\/2014\/09\/saint-nabord-la-folie-de-l-infernal-trail-cest-ce-week-end\/"},"wordCount":242,"commentCount":0,"publisher":{"@id":"https:\/\/vosgesinfo.fr\/epinalinfo\/#organization"},"articleSection":["Epinal","Loisirs","Sport","Vosges"],"inLanguage":"fr-FR","potentialAction":[{"@type":"CommentAction","name":"Comment","target":["https:\/\/vosgesinfo.fr\/epinalinfo\/2014\/09\/saint-nabord-la-folie-de-l-infernal-trail-cest-ce-week-end\/#respond"]}]},{"@type":"WebPage","@id":"https:\/\/vosgesinfo.fr\/epinalinfo\/2014\/09\/saint-nabord-la-folie-de-l-infernal-trail-cest-ce-week-end\/","url":"https:\/\/vosgesinfo.fr\/epinalinfo\/2014\/09\/saint-nabord-la-folie-de-l-infernal-trail-cest-ce-week-end\/","name":"Saint-Nabord - La folie de L' Infernal Trail, c'est ce week-end! - Epinal Info","isPartOf":{"@id":"https:\/\/vosgesinfo.fr\/epinalinfo\/#website"},"datePublished":"2014-09-12T11:21:29+00:00","dateModified":"2014-09-12T11:21:29+00:00","breadcrumb":{"@id":"https:\/\/vosgesinfo.fr\/epinalinfo\/2014\/09\/saint-nabord-la-folie-de-l-infernal-trail-cest-ce-week-end\/#breadcrumb"},"inLanguage":"fr-FR","potentialAction":[{"@type":"ReadAction","target":["https:\/\/vosgesinfo.fr\/epinalinfo\/2014\/09\/saint-nabord-la-folie-de-l-infernal-trail-cest-ce-week-end\/"]}]},{"@type":"BreadcrumbList","@id":"https:\/\/vosgesinfo.fr\/epinalinfo\/2014\/09\/saint-nabord-la-folie-de-l-infernal-trail-cest-ce-week-end\/#breadcrumb","itemListElement":[{"@type":"ListItem","position":1,"name":"Home","item":"https:\/\/vosgesinfo.fr\/epinalinfo\/"},{"@type":"ListItem","position":2,"name":"Saint-Nabord &#8211; La folie de L&rsquo; Infernal Trail, c&rsquo;est ce week-end!"}]},{"@type":"WebSite","@id":"https:\/\/vosgesinfo.fr\/epinalinfo\/#website","url":"https:\/\/vosgesinfo.fr\/epinalinfo\/","name":"Epinal Info","description":"Toute l&#039;actualit\u00e9 d&#039;\u00c9pinal","publisher":{"@id":"https:\/\/vosgesinfo.fr\/epinalinfo\/#organization"},"alternateName":"Toute l'actualit\u00e9 d'\u00c9pinal","potentialAction":[{"@type":"SearchAction","target":{"@type":"EntryPoint","urlTemplate":"https:\/\/vosgesinfo.fr\/epinalinfo\/?s={search_term_string}"},"query-input":"required name=search_term_string"}],"inLanguage":"fr-FR"},{"@type":"Organization","@id":"https:\/\/vosgesinfo.fr\/epinalinfo\/#organization","name":"Epinal Info","url":"https:\/\/vosgesinfo.fr\/epinalinfo\/","logo":{"@type":"ImageObject","inLanguage":"fr-FR","@id":"https:\/\/vosgesinfo.fr\/epinalinfo\/#\/schema\/logo\/image\/","url":"https:\/\/vosgesinfo.fr\/app\/uploads\/sites\/3\/2023\/08\/logo-epinalinfos.svg","contentUrl":"https:\/\/vosgesinfo.fr\/app\/uploads\/sites\/3\/2023\/08\/logo-epinalinfos.svg","width":1,"height":1,"caption":"Epinal Info"},"image":{"@id":"https:\/\/vosgesinfo.fr\/epinalinfo\/#\/schema\/logo\/image\/"},"sameAs":["https:\/\/www.facebook.com\/Epinalinfos","https:\/\/x.com\/VosgesInfo88","https:\/\/www.youtube.com\/@vosgesinfo"]},{"@type":"Person","@id":"https:\/\/vosgesinfo.fr\/epinalinfo\/#\/schema\/person\/faee6704a21f3977511db84bd1cd450f","name":"la r\u00e9daction","image":{"@type":"ImageObject","inLanguage":"fr-FR","@id":"https:\/\/vosgesinfo.fr\/epinalinfo\/#\/schema\/person\/image\/","url":"https:\/\/secure.gravatar.com\/avatar\/6673d8bc6a9c17fa9a453eaa3448de834fa308c2ec9635b7aa99441a7c8d2cf6?s=96&d=mm&r=g","contentUrl":"https:\/\/secure.gravatar.com\/avatar\/6673d8bc6a9c17fa9a453eaa3448de834fa308c2ec9635b7aa99441a7c8d2cf6?s=96&d=mm&r=g","caption":"la r\u00e9daction"},"url":"https:\/\/vosgesinfo.fr\/epinalinfo\/author\/redac\/"}]}},"_links":{"self":[{"href":"https:\/\/vosgesinfo.fr\/epinalinfo\/wp-json\/wp\/v2\/posts\/44652","targetHints":{"allow":["GET"]}}],"collection":[{"href":"https:\/\/vosgesinfo.fr\/epinalinfo\/wp-json\/wp\/v2\/posts"}],"about":[{"href":"https:\/\/vosgesinfo.fr\/epinalinfo\/wp-json\/wp\/v2\/types\/post"}],"author":[{"embeddable":true,"href":"https:\/\/vosgesinfo.fr\/epinalinfo\/wp-json\/wp\/v2\/users\/44"}],"replies":[{"embeddable":true,"href":"https:\/\/vosgesinfo.fr\/epinalinfo\/wp-json\/wp\/v2\/comments?post=44652"}],"version-history":[{"count":0,"href":"https:\/\/vosgesinfo.fr\/epinalinfo\/wp-json\/wp\/v2\/posts\/44652\/revisions"}],"wp:attachment":[{"href":"https:\/\/vosgesinfo.fr\/epinalinfo\/wp-json\/wp\/v2\/media?parent=44652"}],"wp:term":[{"taxonomy":"category","embeddable":true,"href":"https:\/\/vosgesinfo.fr\/epinalinfo\/wp-json\/wp\/v2\/categories?post=44652"},{"taxonomy":"post_tag","embeddable":true,"href":"https:\/\/vosgesinfo.fr\/epinalinfo\/wp-json\/wp\/v2\/tags?post=44652"}],"curies":[{"name":"wp","href":"https:\/\/api.w.org\/{rel}","templated":true}]}}