{"id":44808,"date":"2014-10-06T22:24:19","date_gmt":"2014-10-06T20:24:19","guid":{"rendered":"https:\/\/vosgesinfo.fr\/epinalinfo\/2014\/10\/ebola-quelle-prise-en-charge-en-lorraine\/"},"modified":"2014-10-06T22:24:19","modified_gmt":"2014-10-06T20:24:19","slug":"ebola-quelle-prise-en-charge-en-lorraine","status":"publish","type":"post","link":"https:\/\/vosgesinfo.fr\/epinalinfo\/2014\/10\/ebola-quelle-prise-en-charge-en-lorraine\/","title":{"rendered":"Ebola &#8211; Quelle prise en charge en Lorraine?"},"content":{"rendered":"<p>&nbsp;<\/p>\n<p><strong><span style=\"color: #000000;\"><span style=\"font-family: Arial, sans-serif;\"><span style=\"font-size: medium;\">Selon une \u00e9tude faite par des scientifiques et parue dans la revue <\/span><\/span><\/span><em><span style=\"color: #000000;\"><span style=\"font-family: Arial, sans-serif;\"><span style=\"font-size: medium;\">Plos Current Outbreaks\u00a0<\/span><\/span><\/span><\/em><span style=\"color: #000000;\"><span style=\"font-family: Arial, sans-serif;\"><span style=\"font-size: medium;\"><a href=\"http:\/\/uk.reuters.com\/article\/uk-health-ebola-spread-idUKKCN0HU0CH20141005\" target=\"_blank\" rel=\"noopener\">et relay\u00e9e par l\u2019agence Reuters<\/a> la probabilit\u00e9 qu\u2019Ebola<\/span><\/span><\/span><span style=\"color: #000000;\"><span style=\"font-family: Arial, sans-serif;\"><span style=\"font-size: medium;\"> (fi\u00e8vre h\u00e9morragique tr\u00e8s contagieuse)<\/span><\/span><\/span><\/strong><span style=\"color: #000000;\"><span style=\"font-family: Arial, sans-serif;\"><span style=\"font-size: medium;\"><strong> atteigne la France d\u2019ici au 24\u00a0octobre est de 75%\u00a0<\/strong>.<\/span><\/span><\/span><\/p>\n<div>\n<div><span style=\"font-family: Arial;\"><span style=\"color: #000000;\"><span style=\"font-family: Arial;\"><span style=\"color: #000000;\"><span style=\"font-family: Arial, sans-serif;\">Le chiffre a d&rsquo;autant plus de\u00a0quoi\u00a0effrayer apr\u00e8s la confirmation\u00a0faite hier par le gouvernement espagnol de l<\/span>a premi\u00e8re contamination r\u00e9pertori\u00e9e hors d&rsquo;Afrique.\u00a0Il s\u2019agit d\u2019une aide-soignante\u00a0d\u2019un h\u00f4pital de Madrid\u00a0qui a contract\u00e9 le virus en soignant\u00a0deux missionnaires morts de la fi\u00e8vre Ebola.<\/span><\/span><\/span><\/span><\/div>\n<div><span style=\"color: #000000;\"><span style=\"font-family: Arial;\">\u00a0<\/span><br \/>\n<\/span><\/div>\n<p><span style=\"color: #000000;\"><span style=\"font-family: Arial, sans-serif;\"><span style=\"font-family: Arial;\"><span style=\"color: #000000;\">Mais il faut \u00e9viter la psychose\u00a0et raison garder.\u00a0<\/span><span style=\"color: #000000; font-family: Arial; font-size: medium;\"><span style=\"color: #000000;\">Notre pays et mieux encore notre R\u00e9gion sont pr\u00eats.<\/span> <\/span><\/span><\/span><\/span><\/p>\n<\/div>\n<p><span style=\"color: #000000;\"><span style=\"font-family: Arial, sans-serif;\"><span style=\"font-size: medium;\"><\/span><\/span><\/span><span style=\"color: #000000;\"><span style=\"font-family: Arial, sans-serif;\"><span style=\"font-size: medium;\">En effet, depuis le 26 septembre, le CHRU de Nancy fait partie des 12 \u00e9tablissements de sant\u00e9 de r\u00e9f\u00e9rence(ESR) pr\u00eat \u00e0 accueillir les patients ayant contract\u00e9 le virus Ebola.<\/span><\/span><\/span><\/p>\n<p>&nbsp;<\/p>\n<p><span style=\"color: #000000;\"><span style=\"font-family: Arial, sans-serif;\"><span style=\"font-size: medium;\">Dans l&rsquo;Est, le CHU de Strasbourg est \u00e9galement habilit\u00e9.\u00a0<\/span><\/span><\/span><\/p>\n<p><span style=\"color: #000000;\"><span style=\"font-family: Arial, sans-serif;\"><span style=\"font-size: medium;\">Depuis le d\u00e9but de l\u2019\u00e9pid\u00e9mie, en d\u00e9cembre 2013, plus de 7\u00a0478 personnes ont \u00e9t\u00e9 infect\u00e9es et 3\u00a0439 en sont mortes en Afrique de l\u2019Ouest, selon l\u2019OMS.\u00a0<\/span><\/span><\/span><\/p>\n<p><span style=\"color: #000000;\"><span style=\"font-family: Arial, sans-serif;\"><span style=\"font-size: medium;\">Dans notre R\u00e9gion, c&rsquo;est \u00e0 l\u2019ARS de Lorraine qu&rsquo;il convient d&rsquo;appliquer et de d\u00e9cliner le dispositif national pilot\u00e9 par le minist\u00e8re des Affaires sociales et de la Sant\u00e9 :<\/span><\/span><\/span><\/p>\n<p><span style=\"color: #000000;\"><span style=\"font-family: Arial, sans-serif;\"><span style=\"font-size: medium;\">L&rsquo;ARS\u00a0informe et\u00a0demande \u00e0 toute personne de retour des pays \u00e0 risque depuis moins de 21 jours et atteinte d&rsquo;une fi\u00e8vre, de se pr\u00e9senter non pas aux urgences mais\u00a0de contacter le SAMU centre15 afin qu\u2019une \u00e9valuation de son \u00e9tat de sant\u00e9 soit r\u00e9alis\u00e9. <\/span><\/span><\/span><\/p>\n \u00a9Leon Neal \/ AFP\n<p><span style=\"color: #000000;\"><span style=\"font-family: Arial, sans-serif;\"><span style=\"font-size: medium;\">Au moindre doute cette personne sera transport\u00e9e vers le service du CHRU de Nancy d\u00e9di\u00e9 \u00e0 la prise en charge des patients hautement contagieux. Elle sera alors accueillie en chambre d&rsquo;isolement avec sas en pression n\u00e9gative par du personnel sp\u00e9cialement form\u00e9 . <\/span><\/span><\/span><\/p>\n<p><span style=\"color: #000000;\"><span style=\"font-family: Arial, sans-serif;\"><span style=\"font-size: medium;\">Les mesures sanitaires appliqu\u00e9e en Lorraine sont les m\u00eames que celles op\u00e9r\u00e9es dans toutes les r\u00e9gions de France \u00e0 savoir :<\/span><\/span><\/span><\/p>\n<p><span style=\"color: #000000;\"><span style=\"font-family: Arial, sans-serif;\"><span style=\"font-size: medium;\">&#8211; diffusion des recommandations nationales aux professionnels et aux \u00e9tablissements de sant\u00e9, dont le <\/span><\/span><\/span><span style=\"color: #000000;\"><span style=\"font-family: Arial, sans-serif;\"><span style=\"font-size: medium;\">signalement au Samu-Centre 15 de tout cas suspect.<\/span><\/span><\/span><\/p>\n<p><span style=\"color: #000000;\"><span style=\"font-family: Arial, sans-serif;\"><span style=\"font-size: medium;\">&#8211; organisation avec les h\u00f4pitaux du parcours de soins de tout cas possible (prise en charge, transfert par <\/span><\/span><\/span><span style=\"color: #000000;\"><span style=\"font-family: Arial, sans-serif;\"><span style=\"font-size: medium;\">le Samu, accueil dans des conditions d\u2019hygi\u00e8ne et de s\u00e9curit\u00e9 optimales)<\/span><\/span><\/span><\/p>\n<p><span style=\"color: #000000;\"><span style=\"font-family: Arial, sans-serif;\"><span style=\"font-size: medium;\">&#8211; si suspicion de cas : coordination entre l\u2019infectiologue du CHRU, le SAMU, l\u2019Institut de veille sanitaire <\/span><\/span><\/span><span style=\"color: #000000;\"><span style=\"font-family: Arial, sans-serif;\"><span style=\"font-size: medium;\">(InVS) et l\u2019ARS pour le classer. Deux hypoth\u00e8ses : soit le cas est infirm\u00e9, soit il est class\u00e9 en \u00abcas <\/span><\/span><\/span><span style=\"color: #000000;\"><span style=\"font-family: Arial, sans-serif;\"><span style=\"font-size: medium;\">possible\u00bb (c\u2019est-\u00e0-dire n\u00e9cessitant des investigations compl\u00e9mentaires pour confirmer ou infirmer le <\/span><\/span><\/span><span style=\"color: #000000;\"><span style=\"font-family: Arial, sans-serif;\"><span style=\"font-size: medium;\">diagnostic). Dans cette hypoth\u00e8se, la personne est prise en charge par une \u00e9quipe du SMUR et orient\u00e9e <\/span><\/span><\/span><span style=\"color: #000000;\"><span style=\"font-family: Arial, sans-serif;\"><span style=\"font-size: medium;\">directement vers l\u2019unit\u00e9 d\u2019hospitalisation d\u00e9di\u00e9e au sein de l\u2019ESR.<\/span><\/span><\/span><\/p>\n<p>&nbsp;<\/p>\n<p style=\"text-align: center;\">Vla \/ \u00c9pinal Infos<\/p>\n","protected":false},"excerpt":{"rendered":"<p>&nbsp; Selon une \u00e9tude faite par des scientifiques et parue dans la revue Plos Current Outbreaks\u00a0et relay\u00e9e par l\u2019agence Reuters [&hellip;]<\/p>\n","protected":false},"author":44,"featured_media":0,"comment_status":"open","ping_status":"open","sticky":false,"template":"","format":"standard","meta":{"footnotes":""},"categories":[24,729,14,5],"tags":[],"class_list":["post-44808","post","type-post","status-publish","format-standard","hentry","category-epinal","category-lorraine","category-sante","category-vosges"],"acf":[],"yoast_head":"<!-- This site is optimized with the Yoast SEO plugin v22.5 - https:\/\/yoast.com\/wordpress\/plugins\/seo\/ -->\n<title>Ebola - Quelle prise en charge en Lorraine? - Epinal Info<\/title>\n<meta name=\"robots\" content=\"index, follow, max-snippet:-1, max-image-preview:large, max-video-preview:-1\" \/>\n<link rel=\"canonical\" href=\"https:\/\/vosgesinfo.fr\/epinalinfo\/2014\/10\/ebola-quelle-prise-en-charge-en-lorraine\/\" \/>\n<meta name=\"twitter:card\" content=\"summary_large_image\" \/>\n<meta name=\"twitter:title\" content=\"Ebola - Quelle prise en charge en Lorraine? - Epinal Info\" \/>\n<meta name=\"twitter:description\" content=\"&nbsp; Selon une \u00e9tude faite par des scientifiques et parue dans la revue Plos Current Outbreaks\u00a0et relay\u00e9e par l\u2019agence Reuters [&hellip;]\" \/>\n<meta name=\"twitter:creator\" content=\"@VosgesInfo88\" \/>\n<meta name=\"twitter:site\" content=\"@VosgesInfo88\" \/>\n<meta name=\"twitter:label1\" content=\"\u00c9crit par\" \/>\n\t<meta name=\"twitter:data1\" content=\"la r\u00e9daction\" \/>\n\t<meta name=\"twitter:label2\" content=\"Dur\u00e9e de lecture estim\u00e9e\" \/>\n\t<meta name=\"twitter:data2\" content=\"2 minutes\" \/>\n<script type=\"application\/ld+json\" class=\"yoast-schema-graph\">{\"@context\":\"https:\/\/schema.org\",\"@graph\":[{\"@type\":\"Article\",\"@id\":\"https:\/\/vosgesinfo.fr\/epinalinfo\/2014\/10\/ebola-quelle-prise-en-charge-en-lorraine\/#article\",\"isPartOf\":{\"@id\":\"https:\/\/vosgesinfo.fr\/epinalinfo\/2014\/10\/ebola-quelle-prise-en-charge-en-lorraine\/\"},\"author\":{\"name\":\"la r\u00e9daction\",\"@id\":\"https:\/\/vosgesinfo.fr\/epinalinfo\/#\/schema\/person\/faee6704a21f3977511db84bd1cd450f\"},\"headline\":\"Ebola &#8211; Quelle prise en charge en Lorraine?\",\"datePublished\":\"2014-10-06T20:24:19+00:00\",\"dateModified\":\"2014-10-06T20:24:19+00:00\",\"mainEntityOfPage\":{\"@id\":\"https:\/\/vosgesinfo.fr\/epinalinfo\/2014\/10\/ebola-quelle-prise-en-charge-en-lorraine\/\"},\"wordCount\":505,\"commentCount\":0,\"publisher\":{\"@id\":\"https:\/\/vosgesinfo.fr\/epinalinfo\/#organization\"},\"articleSection\":[\"Epinal\",\"Lorraine\",\"Sant\u00e9\",\"Vosges\"],\"inLanguage\":\"fr-FR\",\"potentialAction\":[{\"@type\":\"CommentAction\",\"name\":\"Comment\",\"target\":[\"https:\/\/vosgesinfo.fr\/epinalinfo\/2014\/10\/ebola-quelle-prise-en-charge-en-lorraine\/#respond\"]}]},{\"@type\":\"WebPage\",\"@id\":\"https:\/\/vosgesinfo.fr\/epinalinfo\/2014\/10\/ebola-quelle-prise-en-charge-en-lorraine\/\",\"url\":\"https:\/\/vosgesinfo.fr\/epinalinfo\/2014\/10\/ebola-quelle-prise-en-charge-en-lorraine\/\",\"name\":\"Ebola - Quelle prise en charge en Lorraine? - Epinal Info\",\"isPartOf\":{\"@id\":\"https:\/\/vosgesinfo.fr\/epinalinfo\/#website\"},\"datePublished\":\"2014-10-06T20:24:19+00:00\",\"dateModified\":\"2014-10-06T20:24:19+00:00\",\"breadcrumb\":{\"@id\":\"https:\/\/vosgesinfo.fr\/epinalinfo\/2014\/10\/ebola-quelle-prise-en-charge-en-lorraine\/#breadcrumb\"},\"inLanguage\":\"fr-FR\",\"potentialAction\":[{\"@type\":\"ReadAction\",\"target\":[\"https:\/\/vosgesinfo.fr\/epinalinfo\/2014\/10\/ebola-quelle-prise-en-charge-en-lorraine\/\"]}]},{\"@type\":\"BreadcrumbList\",\"@id\":\"https:\/\/vosgesinfo.fr\/epinalinfo\/2014\/10\/ebola-quelle-prise-en-charge-en-lorraine\/#breadcrumb\",\"itemListElement\":[{\"@type\":\"ListItem\",\"position\":1,\"name\":\"Home\",\"item\":\"https:\/\/vosgesinfo.fr\/epinalinfo\/\"},{\"@type\":\"ListItem\",\"position\":2,\"name\":\"Ebola &#8211; Quelle prise en charge en Lorraine?\"}]},{\"@type\":\"WebSite\",\"@id\":\"https:\/\/vosgesinfo.fr\/epinalinfo\/#website\",\"url\":\"https:\/\/vosgesinfo.fr\/epinalinfo\/\",\"name\":\"Epinal Info\",\"description\":\"Toute l&#039;actualit\u00e9 d&#039;\u00c9pinal\",\"publisher\":{\"@id\":\"https:\/\/vosgesinfo.fr\/epinalinfo\/#organization\"},\"alternateName\":\"Toute l'actualit\u00e9 d'\u00c9pinal\",\"potentialAction\":[{\"@type\":\"SearchAction\",\"target\":{\"@type\":\"EntryPoint\",\"urlTemplate\":\"https:\/\/vosgesinfo.fr\/epinalinfo\/?s={search_term_string}\"},\"query-input\":\"required name=search_term_string\"}],\"inLanguage\":\"fr-FR\"},{\"@type\":\"Organization\",\"@id\":\"https:\/\/vosgesinfo.fr\/epinalinfo\/#organization\",\"name\":\"Epinal Info\",\"url\":\"https:\/\/vosgesinfo.fr\/epinalinfo\/\",\"logo\":{\"@type\":\"ImageObject\",\"inLanguage\":\"fr-FR\",\"@id\":\"https:\/\/vosgesinfo.fr\/epinalinfo\/#\/schema\/logo\/image\/\",\"url\":\"https:\/\/vosgesinfo.fr\/app\/uploads\/sites\/3\/2023\/08\/logo-epinalinfos.svg\",\"contentUrl\":\"https:\/\/vosgesinfo.fr\/app\/uploads\/sites\/3\/2023\/08\/logo-epinalinfos.svg\",\"width\":1,\"height\":1,\"caption\":\"Epinal Info\"},\"image\":{\"@id\":\"https:\/\/vosgesinfo.fr\/epinalinfo\/#\/schema\/logo\/image\/\"},\"sameAs\":[\"https:\/\/www.facebook.com\/Epinalinfos\",\"https:\/\/x.com\/VosgesInfo88\",\"https:\/\/www.youtube.com\/@vosgesinfo\"]},{\"@type\":\"Person\",\"@id\":\"https:\/\/vosgesinfo.fr\/epinalinfo\/#\/schema\/person\/faee6704a21f3977511db84bd1cd450f\",\"name\":\"la r\u00e9daction\",\"image\":{\"@type\":\"ImageObject\",\"inLanguage\":\"fr-FR\",\"@id\":\"https:\/\/vosgesinfo.fr\/epinalinfo\/#\/schema\/person\/image\/\",\"url\":\"https:\/\/secure.gravatar.com\/avatar\/6673d8bc6a9c17fa9a453eaa3448de834fa308c2ec9635b7aa99441a7c8d2cf6?s=96&d=mm&r=g\",\"contentUrl\":\"https:\/\/secure.gravatar.com\/avatar\/6673d8bc6a9c17fa9a453eaa3448de834fa308c2ec9635b7aa99441a7c8d2cf6?s=96&d=mm&r=g\",\"caption\":\"la r\u00e9daction\"},\"url\":\"https:\/\/vosgesinfo.fr\/epinalinfo\/author\/redac\/\"}]}<\/script>\n<!-- \/ Yoast SEO plugin. -->","yoast_head_json":{"title":"Ebola - Quelle prise en charge en Lorraine? - Epinal Info","robots":{"index":"index","follow":"follow","max-snippet":"max-snippet:-1","max-image-preview":"max-image-preview:large","max-video-preview":"max-video-preview:-1"},"canonical":"https:\/\/vosgesinfo.fr\/epinalinfo\/2014\/10\/ebola-quelle-prise-en-charge-en-lorraine\/","twitter_card":"summary_large_image","twitter_title":"Ebola - Quelle prise en charge en Lorraine? - Epinal Info","twitter_description":"&nbsp; Selon une \u00e9tude faite par des scientifiques et parue dans la revue Plos Current Outbreaks\u00a0et relay\u00e9e par l\u2019agence Reuters [&hellip;]","twitter_creator":"@VosgesInfo88","twitter_site":"@VosgesInfo88","twitter_misc":{"\u00c9crit par":"la r\u00e9daction","Dur\u00e9e de lecture estim\u00e9e":"2 minutes"},"schema":{"@context":"https:\/\/schema.org","@graph":[{"@type":"Article","@id":"https:\/\/vosgesinfo.fr\/epinalinfo\/2014\/10\/ebola-quelle-prise-en-charge-en-lorraine\/#article","isPartOf":{"@id":"https:\/\/vosgesinfo.fr\/epinalinfo\/2014\/10\/ebola-quelle-prise-en-charge-en-lorraine\/"},"author":{"name":"la r\u00e9daction","@id":"https:\/\/vosgesinfo.fr\/epinalinfo\/#\/schema\/person\/faee6704a21f3977511db84bd1cd450f"},"headline":"Ebola &#8211; Quelle prise en charge en Lorraine?","datePublished":"2014-10-06T20:24:19+00:00","dateModified":"2014-10-06T20:24:19+00:00","mainEntityOfPage":{"@id":"https:\/\/vosgesinfo.fr\/epinalinfo\/2014\/10\/ebola-quelle-prise-en-charge-en-lorraine\/"},"wordCount":505,"commentCount":0,"publisher":{"@id":"https:\/\/vosgesinfo.fr\/epinalinfo\/#organization"},"articleSection":["Epinal","Lorraine","Sant\u00e9","Vosges"],"inLanguage":"fr-FR","potentialAction":[{"@type":"CommentAction","name":"Comment","target":["https:\/\/vosgesinfo.fr\/epinalinfo\/2014\/10\/ebola-quelle-prise-en-charge-en-lorraine\/#respond"]}]},{"@type":"WebPage","@id":"https:\/\/vosgesinfo.fr\/epinalinfo\/2014\/10\/ebola-quelle-prise-en-charge-en-lorraine\/","url":"https:\/\/vosgesinfo.fr\/epinalinfo\/2014\/10\/ebola-quelle-prise-en-charge-en-lorraine\/","name":"Ebola - Quelle prise en charge en Lorraine? - Epinal Info","isPartOf":{"@id":"https:\/\/vosgesinfo.fr\/epinalinfo\/#website"},"datePublished":"2014-10-06T20:24:19+00:00","dateModified":"2014-10-06T20:24:19+00:00","breadcrumb":{"@id":"https:\/\/vosgesinfo.fr\/epinalinfo\/2014\/10\/ebola-quelle-prise-en-charge-en-lorraine\/#breadcrumb"},"inLanguage":"fr-FR","potentialAction":[{"@type":"ReadAction","target":["https:\/\/vosgesinfo.fr\/epinalinfo\/2014\/10\/ebola-quelle-prise-en-charge-en-lorraine\/"]}]},{"@type":"BreadcrumbList","@id":"https:\/\/vosgesinfo.fr\/epinalinfo\/2014\/10\/ebola-quelle-prise-en-charge-en-lorraine\/#breadcrumb","itemListElement":[{"@type":"ListItem","position":1,"name":"Home","item":"https:\/\/vosgesinfo.fr\/epinalinfo\/"},{"@type":"ListItem","position":2,"name":"Ebola &#8211; Quelle prise en charge en Lorraine?"}]},{"@type":"WebSite","@id":"https:\/\/vosgesinfo.fr\/epinalinfo\/#website","url":"https:\/\/vosgesinfo.fr\/epinalinfo\/","name":"Epinal Info","description":"Toute l&#039;actualit\u00e9 d&#039;\u00c9pinal","publisher":{"@id":"https:\/\/vosgesinfo.fr\/epinalinfo\/#organization"},"alternateName":"Toute l'actualit\u00e9 d'\u00c9pinal","potentialAction":[{"@type":"SearchAction","target":{"@type":"EntryPoint","urlTemplate":"https:\/\/vosgesinfo.fr\/epinalinfo\/?s={search_term_string}"},"query-input":"required name=search_term_string"}],"inLanguage":"fr-FR"},{"@type":"Organization","@id":"https:\/\/vosgesinfo.fr\/epinalinfo\/#organization","name":"Epinal Info","url":"https:\/\/vosgesinfo.fr\/epinalinfo\/","logo":{"@type":"ImageObject","inLanguage":"fr-FR","@id":"https:\/\/vosgesinfo.fr\/epinalinfo\/#\/schema\/logo\/image\/","url":"https:\/\/vosgesinfo.fr\/app\/uploads\/sites\/3\/2023\/08\/logo-epinalinfos.svg","contentUrl":"https:\/\/vosgesinfo.fr\/app\/uploads\/sites\/3\/2023\/08\/logo-epinalinfos.svg","width":1,"height":1,"caption":"Epinal Info"},"image":{"@id":"https:\/\/vosgesinfo.fr\/epinalinfo\/#\/schema\/logo\/image\/"},"sameAs":["https:\/\/www.facebook.com\/Epinalinfos","https:\/\/x.com\/VosgesInfo88","https:\/\/www.youtube.com\/@vosgesinfo"]},{"@type":"Person","@id":"https:\/\/vosgesinfo.fr\/epinalinfo\/#\/schema\/person\/faee6704a21f3977511db84bd1cd450f","name":"la r\u00e9daction","image":{"@type":"ImageObject","inLanguage":"fr-FR","@id":"https:\/\/vosgesinfo.fr\/epinalinfo\/#\/schema\/person\/image\/","url":"https:\/\/secure.gravatar.com\/avatar\/6673d8bc6a9c17fa9a453eaa3448de834fa308c2ec9635b7aa99441a7c8d2cf6?s=96&d=mm&r=g","contentUrl":"https:\/\/secure.gravatar.com\/avatar\/6673d8bc6a9c17fa9a453eaa3448de834fa308c2ec9635b7aa99441a7c8d2cf6?s=96&d=mm&r=g","caption":"la r\u00e9daction"},"url":"https:\/\/vosgesinfo.fr\/epinalinfo\/author\/redac\/"}]}},"_links":{"self":[{"href":"https:\/\/vosgesinfo.fr\/epinalinfo\/wp-json\/wp\/v2\/posts\/44808","targetHints":{"allow":["GET"]}}],"collection":[{"href":"https:\/\/vosgesinfo.fr\/epinalinfo\/wp-json\/wp\/v2\/posts"}],"about":[{"href":"https:\/\/vosgesinfo.fr\/epinalinfo\/wp-json\/wp\/v2\/types\/post"}],"author":[{"embeddable":true,"href":"https:\/\/vosgesinfo.fr\/epinalinfo\/wp-json\/wp\/v2\/users\/44"}],"replies":[{"embeddable":true,"href":"https:\/\/vosgesinfo.fr\/epinalinfo\/wp-json\/wp\/v2\/comments?post=44808"}],"version-history":[{"count":0,"href":"https:\/\/vosgesinfo.fr\/epinalinfo\/wp-json\/wp\/v2\/posts\/44808\/revisions"}],"wp:attachment":[{"href":"https:\/\/vosgesinfo.fr\/epinalinfo\/wp-json\/wp\/v2\/media?parent=44808"}],"wp:term":[{"taxonomy":"category","embeddable":true,"href":"https:\/\/vosgesinfo.fr\/epinalinfo\/wp-json\/wp\/v2\/categories?post=44808"},{"taxonomy":"post_tag","embeddable":true,"href":"https:\/\/vosgesinfo.fr\/epinalinfo\/wp-json\/wp\/v2\/tags?post=44808"}],"curies":[{"name":"wp","href":"https:\/\/api.w.org\/{rel}","templated":true}]}}