{"id":44895,"date":"2014-10-20T07:46:42","date_gmt":"2014-10-20T05:46:42","guid":{"rendered":"https:\/\/vosgesinfo.fr\/epinalinfo\/2014\/10\/salon-du-mariage-thaon-j-6\/"},"modified":"2014-10-20T07:46:42","modified_gmt":"2014-10-20T05:46:42","slug":"salon-du-mariage-thaon-j-6","status":"publish","type":"post","link":"https:\/\/vosgesinfo.fr\/epinalinfo\/2014\/10\/salon-du-mariage-thaon-j-6\/","title":{"rendered":"Thaon &#8211; J-5 pour le Salon du mariage"},"content":{"rendered":"<p>C\u2019est dans un b\u00e2timent pour le moins glamour que se d\u00e9roulera le salon \u00ab<strong>\u00a0Passions mariages\u00a0<\/strong>\u00bb de Thaon-les-Vosges. La fameuse <strong>Rotonde<\/strong> accueillera ce <strong>25<\/strong> et <strong>26<\/strong> octobre tous ceux qui se parent au mieux pour l\u2019organisation de leur mariage.<\/p>\n<p>Il faut dire que tout y est\u00a0: bijoutiers, restaurateurs, traiteurs, fleuristes, coiffeurs, maquilleurs, photographes, animateurs\u2026 Dans le peloton de t\u00eate des plus attendus\u00a0: les sublimes\u00a0<strong>d\u00e9fil\u00e9s de mode<\/strong> pr\u00e9sentant robes de mari\u00e9es, costumes pour messieurs et autres robes de cocktail.<\/p>\n<p>Le salon ouvrira ses portes samedi \u00e0 10h avec une inauguration \u00e0 11h en pr\u00e9sence de nombreuses personnalit\u00e9s r\u00e9gionales et cloturera\u00a0\u00e0 20h.\u00a0Dimanche rebelote de 10 \u00e0 19h.<\/p>\n<p>Plusieurs sessions de d\u00e9fil\u00e9s seront organis\u00e9es\u00a0: samedi \u00e0 15h et 17h30 et dimanche \u00e0 11h30, 14h30 et 17h. Pompon de l\u2019organisation\u00a0: plus de <strong>4000 euros de cadeaux<\/strong> seront \u00e0 gagner.<\/p>\n<p><a href=\"http:\/\/www.passions-mariages.com\" target=\"_blank\" rel=\"noopener\">Pour plus d\u2019informations\u00a0<\/a><\/p>\n","protected":false},"excerpt":{"rendered":"<p>C\u2019est dans un b\u00e2timent pour le moins glamour que se d\u00e9roulera le salon \u00ab\u00a0Passions mariages\u00a0\u00bb de Thaon-les-Vosges. La fameuse Rotonde [&hellip;]<\/p>\n","protected":false},"author":44,"featured_media":0,"comment_status":"open","ping_status":"open","sticky":false,"template":"","format":"standard","meta":{"footnotes":""},"categories":[20,93],"tags":[],"class_list":["post-44895","post","type-post","status-publish","format-standard","hentry","category-divertissement","category-thaon-les-vosges"],"acf":[],"yoast_head":"<!-- This site is optimized with the Yoast SEO plugin v22.5 - https:\/\/yoast.com\/wordpress\/plugins\/seo\/ -->\n<title>Thaon - J-5 pour le Salon du mariage - Epinal Info<\/title>\n<meta name=\"robots\" content=\"index, follow, max-snippet:-1, max-image-preview:large, max-video-preview:-1\" \/>\n<link rel=\"canonical\" href=\"https:\/\/vosgesinfo.fr\/epinalinfo\/2014\/10\/salon-du-mariage-thaon-j-6\/\" \/>\n<meta name=\"twitter:card\" content=\"summary_large_image\" \/>\n<meta name=\"twitter:title\" content=\"Thaon - J-5 pour le Salon du mariage - Epinal Info\" \/>\n<meta name=\"twitter:description\" content=\"C\u2019est dans un b\u00e2timent pour le moins glamour que se d\u00e9roulera le salon \u00ab\u00a0Passions mariages\u00a0\u00bb de Thaon-les-Vosges. La fameuse Rotonde [&hellip;]\" \/>\n<meta name=\"twitter:creator\" content=\"@VosgesInfo88\" \/>\n<meta name=\"twitter:site\" content=\"@VosgesInfo88\" \/>\n<meta name=\"twitter:label1\" content=\"\u00c9crit par\" \/>\n\t<meta name=\"twitter:data1\" content=\"la r\u00e9daction\" \/>\n\t<meta name=\"twitter:label2\" content=\"Dur\u00e9e de lecture estim\u00e9e\" \/>\n\t<meta name=\"twitter:data2\" content=\"1 minute\" \/>\n<script type=\"application\/ld+json\" class=\"yoast-schema-graph\">{\"@context\":\"https:\/\/schema.org\",\"@graph\":[{\"@type\":\"Article\",\"@id\":\"https:\/\/vosgesinfo.fr\/epinalinfo\/2014\/10\/salon-du-mariage-thaon-j-6\/#article\",\"isPartOf\":{\"@id\":\"https:\/\/vosgesinfo.fr\/epinalinfo\/2014\/10\/salon-du-mariage-thaon-j-6\/\"},\"author\":{\"name\":\"la r\u00e9daction\",\"@id\":\"https:\/\/vosgesinfo.fr\/epinalinfo\/#\/schema\/person\/faee6704a21f3977511db84bd1cd450f\"},\"headline\":\"Thaon &#8211; J-5 pour le Salon du mariage\",\"datePublished\":\"2014-10-20T05:46:42+00:00\",\"dateModified\":\"2014-10-20T05:46:42+00:00\",\"mainEntityOfPage\":{\"@id\":\"https:\/\/vosgesinfo.fr\/epinalinfo\/2014\/10\/salon-du-mariage-thaon-j-6\/\"},\"wordCount\":154,\"commentCount\":0,\"publisher\":{\"@id\":\"https:\/\/vosgesinfo.fr\/epinalinfo\/#organization\"},\"articleSection\":[\"Divertissement\",\"Thaon-les-Vosges\"],\"inLanguage\":\"fr-FR\",\"potentialAction\":[{\"@type\":\"CommentAction\",\"name\":\"Comment\",\"target\":[\"https:\/\/vosgesinfo.fr\/epinalinfo\/2014\/10\/salon-du-mariage-thaon-j-6\/#respond\"]}]},{\"@type\":\"WebPage\",\"@id\":\"https:\/\/vosgesinfo.fr\/epinalinfo\/2014\/10\/salon-du-mariage-thaon-j-6\/\",\"url\":\"https:\/\/vosgesinfo.fr\/epinalinfo\/2014\/10\/salon-du-mariage-thaon-j-6\/\",\"name\":\"Thaon - J-5 pour le Salon du mariage - Epinal Info\",\"isPartOf\":{\"@id\":\"https:\/\/vosgesinfo.fr\/epinalinfo\/#website\"},\"datePublished\":\"2014-10-20T05:46:42+00:00\",\"dateModified\":\"2014-10-20T05:46:42+00:00\",\"breadcrumb\":{\"@id\":\"https:\/\/vosgesinfo.fr\/epinalinfo\/2014\/10\/salon-du-mariage-thaon-j-6\/#breadcrumb\"},\"inLanguage\":\"fr-FR\",\"potentialAction\":[{\"@type\":\"ReadAction\",\"target\":[\"https:\/\/vosgesinfo.fr\/epinalinfo\/2014\/10\/salon-du-mariage-thaon-j-6\/\"]}]},{\"@type\":\"BreadcrumbList\",\"@id\":\"https:\/\/vosgesinfo.fr\/epinalinfo\/2014\/10\/salon-du-mariage-thaon-j-6\/#breadcrumb\",\"itemListElement\":[{\"@type\":\"ListItem\",\"position\":1,\"name\":\"Home\",\"item\":\"https:\/\/vosgesinfo.fr\/epinalinfo\/\"},{\"@type\":\"ListItem\",\"position\":2,\"name\":\"Thaon &#8211; J-5 pour le Salon du mariage\"}]},{\"@type\":\"WebSite\",\"@id\":\"https:\/\/vosgesinfo.fr\/epinalinfo\/#website\",\"url\":\"https:\/\/vosgesinfo.fr\/epinalinfo\/\",\"name\":\"Epinal Info\",\"description\":\"Toute l&#039;actualit\u00e9 d&#039;\u00c9pinal\",\"publisher\":{\"@id\":\"https:\/\/vosgesinfo.fr\/epinalinfo\/#organization\"},\"alternateName\":\"Toute l'actualit\u00e9 d'\u00c9pinal\",\"potentialAction\":[{\"@type\":\"SearchAction\",\"target\":{\"@type\":\"EntryPoint\",\"urlTemplate\":\"https:\/\/vosgesinfo.fr\/epinalinfo\/?s={search_term_string}\"},\"query-input\":\"required name=search_term_string\"}],\"inLanguage\":\"fr-FR\"},{\"@type\":\"Organization\",\"@id\":\"https:\/\/vosgesinfo.fr\/epinalinfo\/#organization\",\"name\":\"Epinal Info\",\"url\":\"https:\/\/vosgesinfo.fr\/epinalinfo\/\",\"logo\":{\"@type\":\"ImageObject\",\"inLanguage\":\"fr-FR\",\"@id\":\"https:\/\/vosgesinfo.fr\/epinalinfo\/#\/schema\/logo\/image\/\",\"url\":\"https:\/\/vosgesinfo.fr\/app\/uploads\/sites\/3\/2023\/08\/logo-epinalinfos.svg\",\"contentUrl\":\"https:\/\/vosgesinfo.fr\/app\/uploads\/sites\/3\/2023\/08\/logo-epinalinfos.svg\",\"width\":1,\"height\":1,\"caption\":\"Epinal Info\"},\"image\":{\"@id\":\"https:\/\/vosgesinfo.fr\/epinalinfo\/#\/schema\/logo\/image\/\"},\"sameAs\":[\"https:\/\/www.facebook.com\/Epinalinfos\",\"https:\/\/x.com\/VosgesInfo88\",\"https:\/\/www.youtube.com\/@vosgesinfo\"]},{\"@type\":\"Person\",\"@id\":\"https:\/\/vosgesinfo.fr\/epinalinfo\/#\/schema\/person\/faee6704a21f3977511db84bd1cd450f\",\"name\":\"la r\u00e9daction\",\"image\":{\"@type\":\"ImageObject\",\"inLanguage\":\"fr-FR\",\"@id\":\"https:\/\/vosgesinfo.fr\/epinalinfo\/#\/schema\/person\/image\/\",\"url\":\"https:\/\/secure.gravatar.com\/avatar\/6673d8bc6a9c17fa9a453eaa3448de834fa308c2ec9635b7aa99441a7c8d2cf6?s=96&d=mm&r=g\",\"contentUrl\":\"https:\/\/secure.gravatar.com\/avatar\/6673d8bc6a9c17fa9a453eaa3448de834fa308c2ec9635b7aa99441a7c8d2cf6?s=96&d=mm&r=g\",\"caption\":\"la r\u00e9daction\"},\"url\":\"https:\/\/vosgesinfo.fr\/epinalinfo\/author\/redac\/\"}]}<\/script>\n<!-- \/ Yoast SEO plugin. -->","yoast_head_json":{"title":"Thaon - J-5 pour le Salon du mariage - Epinal Info","robots":{"index":"index","follow":"follow","max-snippet":"max-snippet:-1","max-image-preview":"max-image-preview:large","max-video-preview":"max-video-preview:-1"},"canonical":"https:\/\/vosgesinfo.fr\/epinalinfo\/2014\/10\/salon-du-mariage-thaon-j-6\/","twitter_card":"summary_large_image","twitter_title":"Thaon - J-5 pour le Salon du mariage - Epinal Info","twitter_description":"C\u2019est dans un b\u00e2timent pour le moins glamour que se d\u00e9roulera le salon \u00ab\u00a0Passions mariages\u00a0\u00bb de Thaon-les-Vosges. La fameuse Rotonde [&hellip;]","twitter_creator":"@VosgesInfo88","twitter_site":"@VosgesInfo88","twitter_misc":{"\u00c9crit par":"la r\u00e9daction","Dur\u00e9e de lecture estim\u00e9e":"1 minute"},"schema":{"@context":"https:\/\/schema.org","@graph":[{"@type":"Article","@id":"https:\/\/vosgesinfo.fr\/epinalinfo\/2014\/10\/salon-du-mariage-thaon-j-6\/#article","isPartOf":{"@id":"https:\/\/vosgesinfo.fr\/epinalinfo\/2014\/10\/salon-du-mariage-thaon-j-6\/"},"author":{"name":"la r\u00e9daction","@id":"https:\/\/vosgesinfo.fr\/epinalinfo\/#\/schema\/person\/faee6704a21f3977511db84bd1cd450f"},"headline":"Thaon &#8211; J-5 pour le Salon du mariage","datePublished":"2014-10-20T05:46:42+00:00","dateModified":"2014-10-20T05:46:42+00:00","mainEntityOfPage":{"@id":"https:\/\/vosgesinfo.fr\/epinalinfo\/2014\/10\/salon-du-mariage-thaon-j-6\/"},"wordCount":154,"commentCount":0,"publisher":{"@id":"https:\/\/vosgesinfo.fr\/epinalinfo\/#organization"},"articleSection":["Divertissement","Thaon-les-Vosges"],"inLanguage":"fr-FR","potentialAction":[{"@type":"CommentAction","name":"Comment","target":["https:\/\/vosgesinfo.fr\/epinalinfo\/2014\/10\/salon-du-mariage-thaon-j-6\/#respond"]}]},{"@type":"WebPage","@id":"https:\/\/vosgesinfo.fr\/epinalinfo\/2014\/10\/salon-du-mariage-thaon-j-6\/","url":"https:\/\/vosgesinfo.fr\/epinalinfo\/2014\/10\/salon-du-mariage-thaon-j-6\/","name":"Thaon - J-5 pour le Salon du mariage - Epinal Info","isPartOf":{"@id":"https:\/\/vosgesinfo.fr\/epinalinfo\/#website"},"datePublished":"2014-10-20T05:46:42+00:00","dateModified":"2014-10-20T05:46:42+00:00","breadcrumb":{"@id":"https:\/\/vosgesinfo.fr\/epinalinfo\/2014\/10\/salon-du-mariage-thaon-j-6\/#breadcrumb"},"inLanguage":"fr-FR","potentialAction":[{"@type":"ReadAction","target":["https:\/\/vosgesinfo.fr\/epinalinfo\/2014\/10\/salon-du-mariage-thaon-j-6\/"]}]},{"@type":"BreadcrumbList","@id":"https:\/\/vosgesinfo.fr\/epinalinfo\/2014\/10\/salon-du-mariage-thaon-j-6\/#breadcrumb","itemListElement":[{"@type":"ListItem","position":1,"name":"Home","item":"https:\/\/vosgesinfo.fr\/epinalinfo\/"},{"@type":"ListItem","position":2,"name":"Thaon &#8211; J-5 pour le Salon du mariage"}]},{"@type":"WebSite","@id":"https:\/\/vosgesinfo.fr\/epinalinfo\/#website","url":"https:\/\/vosgesinfo.fr\/epinalinfo\/","name":"Epinal Info","description":"Toute l&#039;actualit\u00e9 d&#039;\u00c9pinal","publisher":{"@id":"https:\/\/vosgesinfo.fr\/epinalinfo\/#organization"},"alternateName":"Toute l'actualit\u00e9 d'\u00c9pinal","potentialAction":[{"@type":"SearchAction","target":{"@type":"EntryPoint","urlTemplate":"https:\/\/vosgesinfo.fr\/epinalinfo\/?s={search_term_string}"},"query-input":"required name=search_term_string"}],"inLanguage":"fr-FR"},{"@type":"Organization","@id":"https:\/\/vosgesinfo.fr\/epinalinfo\/#organization","name":"Epinal Info","url":"https:\/\/vosgesinfo.fr\/epinalinfo\/","logo":{"@type":"ImageObject","inLanguage":"fr-FR","@id":"https:\/\/vosgesinfo.fr\/epinalinfo\/#\/schema\/logo\/image\/","url":"https:\/\/vosgesinfo.fr\/app\/uploads\/sites\/3\/2023\/08\/logo-epinalinfos.svg","contentUrl":"https:\/\/vosgesinfo.fr\/app\/uploads\/sites\/3\/2023\/08\/logo-epinalinfos.svg","width":1,"height":1,"caption":"Epinal Info"},"image":{"@id":"https:\/\/vosgesinfo.fr\/epinalinfo\/#\/schema\/logo\/image\/"},"sameAs":["https:\/\/www.facebook.com\/Epinalinfos","https:\/\/x.com\/VosgesInfo88","https:\/\/www.youtube.com\/@vosgesinfo"]},{"@type":"Person","@id":"https:\/\/vosgesinfo.fr\/epinalinfo\/#\/schema\/person\/faee6704a21f3977511db84bd1cd450f","name":"la r\u00e9daction","image":{"@type":"ImageObject","inLanguage":"fr-FR","@id":"https:\/\/vosgesinfo.fr\/epinalinfo\/#\/schema\/person\/image\/","url":"https:\/\/secure.gravatar.com\/avatar\/6673d8bc6a9c17fa9a453eaa3448de834fa308c2ec9635b7aa99441a7c8d2cf6?s=96&d=mm&r=g","contentUrl":"https:\/\/secure.gravatar.com\/avatar\/6673d8bc6a9c17fa9a453eaa3448de834fa308c2ec9635b7aa99441a7c8d2cf6?s=96&d=mm&r=g","caption":"la r\u00e9daction"},"url":"https:\/\/vosgesinfo.fr\/epinalinfo\/author\/redac\/"}]}},"_links":{"self":[{"href":"https:\/\/vosgesinfo.fr\/epinalinfo\/wp-json\/wp\/v2\/posts\/44895","targetHints":{"allow":["GET"]}}],"collection":[{"href":"https:\/\/vosgesinfo.fr\/epinalinfo\/wp-json\/wp\/v2\/posts"}],"about":[{"href":"https:\/\/vosgesinfo.fr\/epinalinfo\/wp-json\/wp\/v2\/types\/post"}],"author":[{"embeddable":true,"href":"https:\/\/vosgesinfo.fr\/epinalinfo\/wp-json\/wp\/v2\/users\/44"}],"replies":[{"embeddable":true,"href":"https:\/\/vosgesinfo.fr\/epinalinfo\/wp-json\/wp\/v2\/comments?post=44895"}],"version-history":[{"count":0,"href":"https:\/\/vosgesinfo.fr\/epinalinfo\/wp-json\/wp\/v2\/posts\/44895\/revisions"}],"wp:attachment":[{"href":"https:\/\/vosgesinfo.fr\/epinalinfo\/wp-json\/wp\/v2\/media?parent=44895"}],"wp:term":[{"taxonomy":"category","embeddable":true,"href":"https:\/\/vosgesinfo.fr\/epinalinfo\/wp-json\/wp\/v2\/categories?post=44895"},{"taxonomy":"post_tag","embeddable":true,"href":"https:\/\/vosgesinfo.fr\/epinalinfo\/wp-json\/wp\/v2\/tags?post=44895"}],"curies":[{"name":"wp","href":"https:\/\/api.w.org\/{rel}","templated":true}]}}