{"id":45178,"date":"2014-11-29T14:33:11","date_gmt":"2014-11-29T13:33:11","guid":{"rendered":"https:\/\/vosgesinfo.fr\/epinalinfo\/2014\/11\/vosges-nomadlab-une-premiere-en-france-pour-les-entrepreneurs-du-departement\/"},"modified":"2014-11-29T14:33:11","modified_gmt":"2014-11-29T13:33:11","slug":"vosges-nomadlab-une-premiere-en-france-pour-les-entrepreneurs-du-departement","status":"publish","type":"post","link":"https:\/\/vosgesinfo.fr\/epinalinfo\/2014\/11\/vosges-nomadlab-une-premiere-en-france-pour-les-entrepreneurs-du-departement\/","title":{"rendered":"Vosges &#8211; Nomad&rsquo;Lab : une premi\u00e8re en France pour les entrepreneurs du d\u00e9partement"},"content":{"rendered":"<p style=\"text-align: justify;\"><strong>Dans le cadre du dispositif APPUI PME PMI \u00ae, la CGPME des Vosges et l\u2019ENSGSI\u00a0 donnent rendez-vous pour une pr\u00e9sentation d&rsquo;un FabLab\u00a0mobile : \u00a0le NOMAD\u2019LAB.<\/strong><\/p>\n<p style=\"text-align: justify;\">Le FabLab est un\u00a0atelier d\u00e9di\u00e9 \u00e0 la fabrication num\u00e9rique. Il\u00a0peut r\u00e9parer, d\u00e9tourner, hacker, fabriquer, monter, d\u00e9monter \u00e0 peu pr\u00e8s n\u2019importe quoi, le but \u00e9tant de rassembler dans un m\u00eame espace toutes les ressources pour r\u00e9aliser un projet de A \u00e0 Z, de l\u2019intention jusqu\u2019au prototype.<\/p>\n<p style=\"text-align: justify;\">Jusu\u2019\u00e0 pr\u00e9sent s\u00e9dentaire, le FabLab \u00a0s\u2019est fait mobile pour devenir le Nomad\u2019Lab\u00a0et\u00a0aller prinipalement \u00e0 la rencontre des\u00a0entreprises vosgiennes afin de leur faire d\u00e9couvrir de nouvelles solutions dans un objectif de projets de d\u00e9veloppement.<\/p>\n Le Nobad&rsquo;Lab sera visible \u00e0 l&rsquo;ENSTIB le 4 d\u00e9cembre\n<p>Il Le Nobad&rsquo;Lab est actuellement \u00e9quip\u00e9 d&rsquo;\u00a0une machine de d\u00e9coupe laser,\u00a0d&rsquo;une machine de d\u00e9coupe vinyle, 1 CNC, plusieurs REPRAP (imprimantes 3D), 1 Kinect (scan 3D) \u2026<\/p>\n<p style=\"text-align: justify;\">L\u2019objectif est de permettre de prototyper plus rapidement qu\u2019avant et \u00e0 moindre co\u00fbt\u00a0les\u00a0id\u00e9es d&rsquo;un projet, de les tester et de les enrichir.<\/p>\n<p style=\"text-align: justify;\">Le dispositif APPUI PME PMI\u00ae pour sa part accompagne les entreprises dans la mise en place des projets, des id\u00e9es, gr\u00e2ce \u00e0 des solutions de prototypage, de mise en relation d\u2019experts et de comp\u00e9tences.<\/p>\n<p style=\"text-align: justify;\">Ce bel outil n\u2019est pas r\u00e9serv\u00e9 aux seules entreprises et s\u201dadresse\u00a0aussi aux\u00a0\u00e9tudiants, \u00a0lyc\u00e9ens\u00a0ou au grand public notamment lors d\u2019\u00e9v\u00e8nements ponctuels (Nancy Renaissance 2013, F\u00eate de la Science :\u00a0 \u00ab FabLab dans la\u00a0 rue \u00bb, Vitrine de l\u2019Innovation)<\/p>\n<p style=\"text-align: justify;\">Pour faire d\u00e9couvrir ce projet, la CGPME des Vosges et l\u2019ENSGSI\u00a0organisent 2 matin\u00e9es sp\u00e9cialement r\u00e9serv\u00e9es aux entreprises lors desquelles le Nomad\u2019Lab et ses nombreuses capacit\u00e9s leur seront pr\u00e9sent\u00e9es.\u00a0Deux moments de rencontre qui pourraient bien leur ouvrir de\u00a0nouveaux horizons pour\u00a0leur d\u00e9veloppement.<\/p>\n<p style=\"text-align: justify;\">L&rsquo;une se d\u00e9roulera \u00e0 l\u2019ENSTIB \u00e0 \u00c9pinal le jeudi 4 d\u00e9cembre 2014 avec un acc\u00e8s\u00a0 r\u00e9serv\u00e9 aux industriels\u00a0de 10h30 \u00e0 12h30 le matin\u00a0(apr\u00e8s midi r\u00e9serv\u00e9 aux \u00e9tudiants et aux personnels de l\u2019\u00e9cole) ,\u00a0l&rsquo; autre \u00e0 l\u2019AFPA de Liffol-Le-Grand le mardi 2 d\u00e9cembre 2014,\u00a0\u00e9galement pour les entrepreneurs,\u00a0de 10h30 \u00e0 12h30<\/p>\n<p style=\"text-align: justify;\">Premier FabLab mobile de France des exemples d\u2019applications du FabLab et d&rsquo;innovation accessibles \u00e0 tous\u00a0seront montr\u00e9s.<\/p>\n<p style=\"text-align: justify;\"><strong>Inscriptions pr\u00e9alables <span style=\"color: #0000ff;\">avec le formulaire en ligne<\/span><\/strong><\/p>\n<p style=\"text-align: center;\">\u00c9pinal Infos<\/p>\n","protected":false},"excerpt":{"rendered":"<p>Dans le cadre du dispositif APPUI PME PMI \u00ae, la CGPME des Vosges et l\u2019ENSGSI\u00a0 donnent rendez-vous pour une pr\u00e9sentation [&hellip;]<\/p>\n","protected":false},"author":44,"featured_media":0,"comment_status":"open","ping_status":"open","sticky":false,"template":"","format":"standard","meta":{"footnotes":""},"categories":[8,24,5],"tags":[],"class_list":["post-45178","post","type-post","status-publish","format-standard","hentry","category-economie","category-epinal","category-vosges"],"acf":[],"yoast_head":"<!-- This site is optimized with the Yoast SEO plugin v22.5 - https:\/\/yoast.com\/wordpress\/plugins\/seo\/ -->\n<title>Vosges - Nomad&#039;Lab : une premi\u00e8re en France pour les entrepreneurs du d\u00e9partement - Epinal Info<\/title>\n<meta name=\"robots\" content=\"index, follow, max-snippet:-1, max-image-preview:large, max-video-preview:-1\" \/>\n<link rel=\"canonical\" href=\"https:\/\/vosgesinfo.fr\/epinalinfo\/2014\/11\/vosges-nomadlab-une-premiere-en-france-pour-les-entrepreneurs-du-departement\/\" \/>\n<meta name=\"twitter:card\" content=\"summary_large_image\" \/>\n<meta name=\"twitter:title\" content=\"Vosges - Nomad&#039;Lab : une premi\u00e8re en France pour les entrepreneurs du d\u00e9partement - Epinal Info\" \/>\n<meta name=\"twitter:description\" content=\"Dans le cadre du dispositif APPUI PME PMI \u00ae, la CGPME des Vosges et l\u2019ENSGSI\u00a0 donnent rendez-vous pour une pr\u00e9sentation [&hellip;]\" \/>\n<meta name=\"twitter:creator\" content=\"@VosgesInfo88\" \/>\n<meta name=\"twitter:site\" content=\"@VosgesInfo88\" \/>\n<meta name=\"twitter:label1\" content=\"\u00c9crit par\" \/>\n\t<meta name=\"twitter:data1\" content=\"la r\u00e9daction\" \/>\n\t<meta name=\"twitter:label2\" content=\"Dur\u00e9e de lecture estim\u00e9e\" \/>\n\t<meta name=\"twitter:data2\" content=\"2 minutes\" \/>\n<script type=\"application\/ld+json\" class=\"yoast-schema-graph\">{\"@context\":\"https:\/\/schema.org\",\"@graph\":[{\"@type\":\"Article\",\"@id\":\"https:\/\/vosgesinfo.fr\/epinalinfo\/2014\/11\/vosges-nomadlab-une-premiere-en-france-pour-les-entrepreneurs-du-departement\/#article\",\"isPartOf\":{\"@id\":\"https:\/\/vosgesinfo.fr\/epinalinfo\/2014\/11\/vosges-nomadlab-une-premiere-en-france-pour-les-entrepreneurs-du-departement\/\"},\"author\":{\"name\":\"la r\u00e9daction\",\"@id\":\"https:\/\/vosgesinfo.fr\/epinalinfo\/#\/schema\/person\/faee6704a21f3977511db84bd1cd450f\"},\"headline\":\"Vosges &#8211; Nomad&rsquo;Lab : une premi\u00e8re en France pour les entrepreneurs du d\u00e9partement\",\"datePublished\":\"2014-11-29T13:33:11+00:00\",\"dateModified\":\"2014-11-29T13:33:11+00:00\",\"mainEntityOfPage\":{\"@id\":\"https:\/\/vosgesinfo.fr\/epinalinfo\/2014\/11\/vosges-nomadlab-une-premiere-en-france-pour-les-entrepreneurs-du-departement\/\"},\"wordCount\":432,\"commentCount\":0,\"publisher\":{\"@id\":\"https:\/\/vosgesinfo.fr\/epinalinfo\/#organization\"},\"articleSection\":[\"\u00c9conomie\",\"Epinal\",\"Vosges\"],\"inLanguage\":\"fr-FR\",\"potentialAction\":[{\"@type\":\"CommentAction\",\"name\":\"Comment\",\"target\":[\"https:\/\/vosgesinfo.fr\/epinalinfo\/2014\/11\/vosges-nomadlab-une-premiere-en-france-pour-les-entrepreneurs-du-departement\/#respond\"]}]},{\"@type\":\"WebPage\",\"@id\":\"https:\/\/vosgesinfo.fr\/epinalinfo\/2014\/11\/vosges-nomadlab-une-premiere-en-france-pour-les-entrepreneurs-du-departement\/\",\"url\":\"https:\/\/vosgesinfo.fr\/epinalinfo\/2014\/11\/vosges-nomadlab-une-premiere-en-france-pour-les-entrepreneurs-du-departement\/\",\"name\":\"Vosges - Nomad'Lab : une premi\u00e8re en France pour les entrepreneurs du d\u00e9partement - Epinal Info\",\"isPartOf\":{\"@id\":\"https:\/\/vosgesinfo.fr\/epinalinfo\/#website\"},\"datePublished\":\"2014-11-29T13:33:11+00:00\",\"dateModified\":\"2014-11-29T13:33:11+00:00\",\"breadcrumb\":{\"@id\":\"https:\/\/vosgesinfo.fr\/epinalinfo\/2014\/11\/vosges-nomadlab-une-premiere-en-france-pour-les-entrepreneurs-du-departement\/#breadcrumb\"},\"inLanguage\":\"fr-FR\",\"potentialAction\":[{\"@type\":\"ReadAction\",\"target\":[\"https:\/\/vosgesinfo.fr\/epinalinfo\/2014\/11\/vosges-nomadlab-une-premiere-en-france-pour-les-entrepreneurs-du-departement\/\"]}]},{\"@type\":\"BreadcrumbList\",\"@id\":\"https:\/\/vosgesinfo.fr\/epinalinfo\/2014\/11\/vosges-nomadlab-une-premiere-en-france-pour-les-entrepreneurs-du-departement\/#breadcrumb\",\"itemListElement\":[{\"@type\":\"ListItem\",\"position\":1,\"name\":\"Home\",\"item\":\"https:\/\/vosgesinfo.fr\/epinalinfo\/\"},{\"@type\":\"ListItem\",\"position\":2,\"name\":\"Vosges &#8211; Nomad&rsquo;Lab : une premi\u00e8re en France pour les entrepreneurs du d\u00e9partement\"}]},{\"@type\":\"WebSite\",\"@id\":\"https:\/\/vosgesinfo.fr\/epinalinfo\/#website\",\"url\":\"https:\/\/vosgesinfo.fr\/epinalinfo\/\",\"name\":\"Epinal Info\",\"description\":\"Toute l&#039;actualit\u00e9 d&#039;\u00c9pinal\",\"publisher\":{\"@id\":\"https:\/\/vosgesinfo.fr\/epinalinfo\/#organization\"},\"alternateName\":\"Toute l'actualit\u00e9 d'\u00c9pinal\",\"potentialAction\":[{\"@type\":\"SearchAction\",\"target\":{\"@type\":\"EntryPoint\",\"urlTemplate\":\"https:\/\/vosgesinfo.fr\/epinalinfo\/?s={search_term_string}\"},\"query-input\":\"required name=search_term_string\"}],\"inLanguage\":\"fr-FR\"},{\"@type\":\"Organization\",\"@id\":\"https:\/\/vosgesinfo.fr\/epinalinfo\/#organization\",\"name\":\"Epinal Info\",\"url\":\"https:\/\/vosgesinfo.fr\/epinalinfo\/\",\"logo\":{\"@type\":\"ImageObject\",\"inLanguage\":\"fr-FR\",\"@id\":\"https:\/\/vosgesinfo.fr\/epinalinfo\/#\/schema\/logo\/image\/\",\"url\":\"https:\/\/vosgesinfo.fr\/app\/uploads\/sites\/3\/2023\/08\/logo-epinalinfos.svg\",\"contentUrl\":\"https:\/\/vosgesinfo.fr\/app\/uploads\/sites\/3\/2023\/08\/logo-epinalinfos.svg\",\"width\":1,\"height\":1,\"caption\":\"Epinal Info\"},\"image\":{\"@id\":\"https:\/\/vosgesinfo.fr\/epinalinfo\/#\/schema\/logo\/image\/\"},\"sameAs\":[\"https:\/\/www.facebook.com\/Epinalinfos\",\"https:\/\/x.com\/VosgesInfo88\",\"https:\/\/www.youtube.com\/@vosgesinfo\"]},{\"@type\":\"Person\",\"@id\":\"https:\/\/vosgesinfo.fr\/epinalinfo\/#\/schema\/person\/faee6704a21f3977511db84bd1cd450f\",\"name\":\"la r\u00e9daction\",\"image\":{\"@type\":\"ImageObject\",\"inLanguage\":\"fr-FR\",\"@id\":\"https:\/\/vosgesinfo.fr\/epinalinfo\/#\/schema\/person\/image\/\",\"url\":\"https:\/\/secure.gravatar.com\/avatar\/6673d8bc6a9c17fa9a453eaa3448de834fa308c2ec9635b7aa99441a7c8d2cf6?s=96&d=mm&r=g\",\"contentUrl\":\"https:\/\/secure.gravatar.com\/avatar\/6673d8bc6a9c17fa9a453eaa3448de834fa308c2ec9635b7aa99441a7c8d2cf6?s=96&d=mm&r=g\",\"caption\":\"la r\u00e9daction\"},\"url\":\"https:\/\/vosgesinfo.fr\/epinalinfo\/author\/redac\/\"}]}<\/script>\n<!-- \/ Yoast SEO plugin. -->","yoast_head_json":{"title":"Vosges - Nomad'Lab : une premi\u00e8re en France pour les entrepreneurs du d\u00e9partement - Epinal Info","robots":{"index":"index","follow":"follow","max-snippet":"max-snippet:-1","max-image-preview":"max-image-preview:large","max-video-preview":"max-video-preview:-1"},"canonical":"https:\/\/vosgesinfo.fr\/epinalinfo\/2014\/11\/vosges-nomadlab-une-premiere-en-france-pour-les-entrepreneurs-du-departement\/","twitter_card":"summary_large_image","twitter_title":"Vosges - Nomad'Lab : une premi\u00e8re en France pour les entrepreneurs du d\u00e9partement - Epinal Info","twitter_description":"Dans le cadre du dispositif APPUI PME PMI \u00ae, la CGPME des Vosges et l\u2019ENSGSI\u00a0 donnent rendez-vous pour une pr\u00e9sentation [&hellip;]","twitter_creator":"@VosgesInfo88","twitter_site":"@VosgesInfo88","twitter_misc":{"\u00c9crit par":"la r\u00e9daction","Dur\u00e9e de lecture estim\u00e9e":"2 minutes"},"schema":{"@context":"https:\/\/schema.org","@graph":[{"@type":"Article","@id":"https:\/\/vosgesinfo.fr\/epinalinfo\/2014\/11\/vosges-nomadlab-une-premiere-en-france-pour-les-entrepreneurs-du-departement\/#article","isPartOf":{"@id":"https:\/\/vosgesinfo.fr\/epinalinfo\/2014\/11\/vosges-nomadlab-une-premiere-en-france-pour-les-entrepreneurs-du-departement\/"},"author":{"name":"la r\u00e9daction","@id":"https:\/\/vosgesinfo.fr\/epinalinfo\/#\/schema\/person\/faee6704a21f3977511db84bd1cd450f"},"headline":"Vosges &#8211; Nomad&rsquo;Lab : une premi\u00e8re en France pour les entrepreneurs du d\u00e9partement","datePublished":"2014-11-29T13:33:11+00:00","dateModified":"2014-11-29T13:33:11+00:00","mainEntityOfPage":{"@id":"https:\/\/vosgesinfo.fr\/epinalinfo\/2014\/11\/vosges-nomadlab-une-premiere-en-france-pour-les-entrepreneurs-du-departement\/"},"wordCount":432,"commentCount":0,"publisher":{"@id":"https:\/\/vosgesinfo.fr\/epinalinfo\/#organization"},"articleSection":["\u00c9conomie","Epinal","Vosges"],"inLanguage":"fr-FR","potentialAction":[{"@type":"CommentAction","name":"Comment","target":["https:\/\/vosgesinfo.fr\/epinalinfo\/2014\/11\/vosges-nomadlab-une-premiere-en-france-pour-les-entrepreneurs-du-departement\/#respond"]}]},{"@type":"WebPage","@id":"https:\/\/vosgesinfo.fr\/epinalinfo\/2014\/11\/vosges-nomadlab-une-premiere-en-france-pour-les-entrepreneurs-du-departement\/","url":"https:\/\/vosgesinfo.fr\/epinalinfo\/2014\/11\/vosges-nomadlab-une-premiere-en-france-pour-les-entrepreneurs-du-departement\/","name":"Vosges - Nomad'Lab : une premi\u00e8re en France pour les entrepreneurs du d\u00e9partement - Epinal Info","isPartOf":{"@id":"https:\/\/vosgesinfo.fr\/epinalinfo\/#website"},"datePublished":"2014-11-29T13:33:11+00:00","dateModified":"2014-11-29T13:33:11+00:00","breadcrumb":{"@id":"https:\/\/vosgesinfo.fr\/epinalinfo\/2014\/11\/vosges-nomadlab-une-premiere-en-france-pour-les-entrepreneurs-du-departement\/#breadcrumb"},"inLanguage":"fr-FR","potentialAction":[{"@type":"ReadAction","target":["https:\/\/vosgesinfo.fr\/epinalinfo\/2014\/11\/vosges-nomadlab-une-premiere-en-france-pour-les-entrepreneurs-du-departement\/"]}]},{"@type":"BreadcrumbList","@id":"https:\/\/vosgesinfo.fr\/epinalinfo\/2014\/11\/vosges-nomadlab-une-premiere-en-france-pour-les-entrepreneurs-du-departement\/#breadcrumb","itemListElement":[{"@type":"ListItem","position":1,"name":"Home","item":"https:\/\/vosgesinfo.fr\/epinalinfo\/"},{"@type":"ListItem","position":2,"name":"Vosges &#8211; Nomad&rsquo;Lab : une premi\u00e8re en France pour les entrepreneurs du d\u00e9partement"}]},{"@type":"WebSite","@id":"https:\/\/vosgesinfo.fr\/epinalinfo\/#website","url":"https:\/\/vosgesinfo.fr\/epinalinfo\/","name":"Epinal Info","description":"Toute l&#039;actualit\u00e9 d&#039;\u00c9pinal","publisher":{"@id":"https:\/\/vosgesinfo.fr\/epinalinfo\/#organization"},"alternateName":"Toute l'actualit\u00e9 d'\u00c9pinal","potentialAction":[{"@type":"SearchAction","target":{"@type":"EntryPoint","urlTemplate":"https:\/\/vosgesinfo.fr\/epinalinfo\/?s={search_term_string}"},"query-input":"required name=search_term_string"}],"inLanguage":"fr-FR"},{"@type":"Organization","@id":"https:\/\/vosgesinfo.fr\/epinalinfo\/#organization","name":"Epinal Info","url":"https:\/\/vosgesinfo.fr\/epinalinfo\/","logo":{"@type":"ImageObject","inLanguage":"fr-FR","@id":"https:\/\/vosgesinfo.fr\/epinalinfo\/#\/schema\/logo\/image\/","url":"https:\/\/vosgesinfo.fr\/app\/uploads\/sites\/3\/2023\/08\/logo-epinalinfos.svg","contentUrl":"https:\/\/vosgesinfo.fr\/app\/uploads\/sites\/3\/2023\/08\/logo-epinalinfos.svg","width":1,"height":1,"caption":"Epinal Info"},"image":{"@id":"https:\/\/vosgesinfo.fr\/epinalinfo\/#\/schema\/logo\/image\/"},"sameAs":["https:\/\/www.facebook.com\/Epinalinfos","https:\/\/x.com\/VosgesInfo88","https:\/\/www.youtube.com\/@vosgesinfo"]},{"@type":"Person","@id":"https:\/\/vosgesinfo.fr\/epinalinfo\/#\/schema\/person\/faee6704a21f3977511db84bd1cd450f","name":"la r\u00e9daction","image":{"@type":"ImageObject","inLanguage":"fr-FR","@id":"https:\/\/vosgesinfo.fr\/epinalinfo\/#\/schema\/person\/image\/","url":"https:\/\/secure.gravatar.com\/avatar\/6673d8bc6a9c17fa9a453eaa3448de834fa308c2ec9635b7aa99441a7c8d2cf6?s=96&d=mm&r=g","contentUrl":"https:\/\/secure.gravatar.com\/avatar\/6673d8bc6a9c17fa9a453eaa3448de834fa308c2ec9635b7aa99441a7c8d2cf6?s=96&d=mm&r=g","caption":"la r\u00e9daction"},"url":"https:\/\/vosgesinfo.fr\/epinalinfo\/author\/redac\/"}]}},"_links":{"self":[{"href":"https:\/\/vosgesinfo.fr\/epinalinfo\/wp-json\/wp\/v2\/posts\/45178","targetHints":{"allow":["GET"]}}],"collection":[{"href":"https:\/\/vosgesinfo.fr\/epinalinfo\/wp-json\/wp\/v2\/posts"}],"about":[{"href":"https:\/\/vosgesinfo.fr\/epinalinfo\/wp-json\/wp\/v2\/types\/post"}],"author":[{"embeddable":true,"href":"https:\/\/vosgesinfo.fr\/epinalinfo\/wp-json\/wp\/v2\/users\/44"}],"replies":[{"embeddable":true,"href":"https:\/\/vosgesinfo.fr\/epinalinfo\/wp-json\/wp\/v2\/comments?post=45178"}],"version-history":[{"count":0,"href":"https:\/\/vosgesinfo.fr\/epinalinfo\/wp-json\/wp\/v2\/posts\/45178\/revisions"}],"wp:attachment":[{"href":"https:\/\/vosgesinfo.fr\/epinalinfo\/wp-json\/wp\/v2\/media?parent=45178"}],"wp:term":[{"taxonomy":"category","embeddable":true,"href":"https:\/\/vosgesinfo.fr\/epinalinfo\/wp-json\/wp\/v2\/categories?post=45178"},{"taxonomy":"post_tag","embeddable":true,"href":"https:\/\/vosgesinfo.fr\/epinalinfo\/wp-json\/wp\/v2\/tags?post=45178"}],"curies":[{"name":"wp","href":"https:\/\/api.w.org\/{rel}","templated":true}]}}