{"id":45184,"date":"2014-11-30T11:06:55","date_gmt":"2014-11-30T10:06:55","guid":{"rendered":"https:\/\/vosgesinfo.fr\/epinalinfo\/2014\/11\/vosges-monthureux-sur-saone-lehpad-du-pre-de-favet-inauguree\/"},"modified":"2014-11-30T11:06:55","modified_gmt":"2014-11-30T10:06:55","slug":"vosges-monthureux-sur-saone-lehpad-du-pre-de-favet-inauguree","status":"publish","type":"post","link":"https:\/\/vosgesinfo.fr\/epinalinfo\/2014\/11\/vosges-monthureux-sur-saone-lehpad-du-pre-de-favet-inauguree\/","title":{"rendered":"Vosges &#8211; Monthureux-sur-Sa\u00f4ne : L&rsquo;EHPAD du Pr\u00e9 Favet inaugur\u00e9"},"content":{"rendered":"<p style=\"text-align: justify;\" align=\"justify\"><span style=\"data-mce-style: 'font-size:';\"><span style=\"font-family: Arial;\"><strong>Christian Poncelet, Pr\u00e9sident du Conseil G\u00e9n\u00e9ral des Vosges, et Alain Roussel Vice-Pr\u00e9sident du Conseil G\u00e9n\u00e9ral des Vosges et Pr\u00e9sident de la Communaut\u00e9 de Communes du Pays de la Sa\u00f4ne Vosgienne\u00a0ont inaugur\u00e9 ce s<span style=\"font-family: Times New Roman, serif;\"><span style=\"font-family: Arial, sans-serif;\">amedi 29 novembre la Maison de Sant\u00e9 du Pr\u00e9 Favet <\/span><\/span><\/strong><strong><span style=\"font-family: Arial, sans-serif;\">\u00e0 Monthureux-sur-Sa\u00f4ne.<\/span><\/strong><\/span><\/span><\/p>\n <span style=\"data-mce-style: 'font-size:';\"><span style=\"font-family: Arial;\">Photo monthureux.fr<\/span><\/span>\n<p style=\"text-align: justify;\" align=\"justify\"><span style=\"data-mce-style: 'font-size:';\"><span style=\"font-family: Arial;\"><span style=\"font-family: Arial;\">La Maison de Sant\u00e9 du Pr\u00e9 Favet<\/span>\u00a0r\u00e9pond \u00e0 un double objectif qui est d&rsquo;une part de maintenir les professionnels de sant\u00e9 sur le secteur et d&rsquo;autre part\u00a0 de lutter contre les in\u00e9galit\u00e9s dans nos territoires ruraux. <\/span><\/span><\/p>\n<p style=\"text-align: justify;\" align=\"justify\"><span style=\"data-mce-style: 'font-size:';\"><span style=\"font-family: Arial;\">Le vieillissement de la population et la politique de maintien \u00e0 domicile des personnes \u00e2g\u00e9es engendrent un besoin en termes de soins qui ne cesse d\u2019augmenter. En regroupant dans un m\u00eame \u00e9tablissement une pluralit\u00e9 d\u2019activit\u00e9s m\u00e9dicales et param\u00e9dicales et en offrant, en un lieu unique, un ensemble de services, cette maison de sant\u00e9 r\u00e9pond aux besoins et lutte contre la d\u00e9sertification m\u00e9dicale.<\/span><\/span><\/p>\n<p style=\"text-align: justify;\" align=\"justify\"><span style=\"data-mce-style: 'font-size:';\"><span style=\"font-family: Arial;\">De plus, en partenariat avec VOSGELIS, ce sont \u00e9galement 12 appartements pour s\u00e9niors qui ont \u00e9t\u00e9 am\u00e9nag\u00e9s \u00e0 l\u2019\u00e9tage de cette structure. Ceux-ci ont imm\u00e9diatement connu le succ\u00e8s puisqu\u2019ils sont tous occup\u00e9s \u00e0 ce jour.<\/span><\/span><\/p>\n<p style=\"text-align: justify;\" align=\"justify\"><span style=\"data-mce-style: 'font-size:';\"><span style=\"font-family: Arial;\">La Maison de Sant\u00e9 du Pr\u00e9 Favet pr\u00e9pare \u00e9galement l\u2019avenir en poursuivant sa politique de services\u00a0:<\/span><\/span><\/p>\n<ul>\n<li style=\"text-align: justify;\"><span style=\"font-family: Arial, sans-serif; font-size: 12pt;\"><span style=\"font-family: Arial;\">Accueil de nouveaux praticiens notamment sp\u00e9cialistes\u00a0;<\/span><\/span><\/li>\n<li style=\"text-align: justify;\"><span style=\"font-family: Arial, sans-serif; font-size: 12pt;\"><span style=\"font-family: Arial;\">Recherche de partenariats avec les centres hospitaliers d\u00e9partementaux\u00a0et r\u00e9gionaux\u00a0;<\/span><\/span><\/li>\n<li style=\"text-align: justify;\"><span style=\"font-family: Arial, sans-serif; font-size: 12pt;\"><span style=\"font-family: Arial;\">Mise en place de la t\u00e9l\u00e9m\u00e9decine\u00a0;<\/span><\/span><\/li>\n<li style=\"text-align: justify;\"><span style=\"font-family: Arial, sans-serif; font-size: 12pt;\"><span style=\"font-family: Arial;\">Formation d\u2019\u00e9tudiants dans diff\u00e9rentes disciplines\u00a0;<\/span><\/span><\/li>\n<li style=\"text-align: justify;\"><span style=\"font-family: Arial, sans-serif; font-size: 12pt;\"><span style=\"font-family: Arial;\">Partenariat avec les services sociaux, l\u2019ADMR et la M\u00e9decine du Travail<\/span><\/span><\/li>\n<\/ul>\n","protected":false},"excerpt":{"rendered":"<p>Christian Poncelet, Pr\u00e9sident du Conseil G\u00e9n\u00e9ral des Vosges, et Alain Roussel Vice-Pr\u00e9sident du Conseil G\u00e9n\u00e9ral des Vosges et Pr\u00e9sident de [&hellip;]<\/p>\n","protected":false},"author":44,"featured_media":0,"comment_status":"open","ping_status":"open","sticky":false,"template":"","format":"standard","meta":{"footnotes":""},"categories":[24,14,162,5],"tags":[],"class_list":["post-45184","post","type-post","status-publish","format-standard","hentry","category-epinal","category-sante","category-social","category-vosges"],"acf":[],"yoast_head":"<!-- This site is optimized with the Yoast SEO plugin v22.5 - https:\/\/yoast.com\/wordpress\/plugins\/seo\/ -->\n<title>Vosges - Monthureux-sur-Sa\u00f4ne : L&#039;EHPAD du Pr\u00e9 Favet inaugur\u00e9 - Epinal Info<\/title>\n<meta name=\"robots\" content=\"index, follow, max-snippet:-1, max-image-preview:large, max-video-preview:-1\" \/>\n<link rel=\"canonical\" href=\"https:\/\/vosgesinfo.fr\/epinalinfo\/2014\/11\/vosges-monthureux-sur-saone-lehpad-du-pre-de-favet-inauguree\/\" \/>\n<meta name=\"twitter:card\" content=\"summary_large_image\" \/>\n<meta name=\"twitter:title\" content=\"Vosges - Monthureux-sur-Sa\u00f4ne : L&#039;EHPAD du Pr\u00e9 Favet inaugur\u00e9 - Epinal Info\" \/>\n<meta name=\"twitter:description\" content=\"Christian Poncelet, Pr\u00e9sident du Conseil G\u00e9n\u00e9ral des Vosges, et Alain Roussel Vice-Pr\u00e9sident du Conseil G\u00e9n\u00e9ral des Vosges et Pr\u00e9sident de [&hellip;]\" \/>\n<meta name=\"twitter:creator\" content=\"@VosgesInfo88\" \/>\n<meta name=\"twitter:site\" content=\"@VosgesInfo88\" \/>\n<meta name=\"twitter:label1\" content=\"\u00c9crit par\" \/>\n\t<meta name=\"twitter:data1\" content=\"la r\u00e9daction\" \/>\n\t<meta name=\"twitter:label2\" content=\"Dur\u00e9e de lecture estim\u00e9e\" \/>\n\t<meta name=\"twitter:data2\" content=\"1 minute\" \/>\n<script type=\"application\/ld+json\" class=\"yoast-schema-graph\">{\"@context\":\"https:\/\/schema.org\",\"@graph\":[{\"@type\":\"Article\",\"@id\":\"https:\/\/vosgesinfo.fr\/epinalinfo\/2014\/11\/vosges-monthureux-sur-saone-lehpad-du-pre-de-favet-inauguree\/#article\",\"isPartOf\":{\"@id\":\"https:\/\/vosgesinfo.fr\/epinalinfo\/2014\/11\/vosges-monthureux-sur-saone-lehpad-du-pre-de-favet-inauguree\/\"},\"author\":{\"name\":\"la r\u00e9daction\",\"@id\":\"https:\/\/vosgesinfo.fr\/epinalinfo\/#\/schema\/person\/faee6704a21f3977511db84bd1cd450f\"},\"headline\":\"Vosges &#8211; Monthureux-sur-Sa\u00f4ne : L&rsquo;EHPAD du Pr\u00e9 Favet inaugur\u00e9\",\"datePublished\":\"2014-11-30T10:06:55+00:00\",\"dateModified\":\"2014-11-30T10:06:55+00:00\",\"mainEntityOfPage\":{\"@id\":\"https:\/\/vosgesinfo.fr\/epinalinfo\/2014\/11\/vosges-monthureux-sur-saone-lehpad-du-pre-de-favet-inauguree\/\"},\"wordCount\":291,\"commentCount\":0,\"publisher\":{\"@id\":\"https:\/\/vosgesinfo.fr\/epinalinfo\/#organization\"},\"articleSection\":[\"Epinal\",\"Sant\u00e9\",\"Social\",\"Vosges\"],\"inLanguage\":\"fr-FR\",\"potentialAction\":[{\"@type\":\"CommentAction\",\"name\":\"Comment\",\"target\":[\"https:\/\/vosgesinfo.fr\/epinalinfo\/2014\/11\/vosges-monthureux-sur-saone-lehpad-du-pre-de-favet-inauguree\/#respond\"]}]},{\"@type\":\"WebPage\",\"@id\":\"https:\/\/vosgesinfo.fr\/epinalinfo\/2014\/11\/vosges-monthureux-sur-saone-lehpad-du-pre-de-favet-inauguree\/\",\"url\":\"https:\/\/vosgesinfo.fr\/epinalinfo\/2014\/11\/vosges-monthureux-sur-saone-lehpad-du-pre-de-favet-inauguree\/\",\"name\":\"Vosges - Monthureux-sur-Sa\u00f4ne : L'EHPAD du Pr\u00e9 Favet inaugur\u00e9 - Epinal Info\",\"isPartOf\":{\"@id\":\"https:\/\/vosgesinfo.fr\/epinalinfo\/#website\"},\"datePublished\":\"2014-11-30T10:06:55+00:00\",\"dateModified\":\"2014-11-30T10:06:55+00:00\",\"breadcrumb\":{\"@id\":\"https:\/\/vosgesinfo.fr\/epinalinfo\/2014\/11\/vosges-monthureux-sur-saone-lehpad-du-pre-de-favet-inauguree\/#breadcrumb\"},\"inLanguage\":\"fr-FR\",\"potentialAction\":[{\"@type\":\"ReadAction\",\"target\":[\"https:\/\/vosgesinfo.fr\/epinalinfo\/2014\/11\/vosges-monthureux-sur-saone-lehpad-du-pre-de-favet-inauguree\/\"]}]},{\"@type\":\"BreadcrumbList\",\"@id\":\"https:\/\/vosgesinfo.fr\/epinalinfo\/2014\/11\/vosges-monthureux-sur-saone-lehpad-du-pre-de-favet-inauguree\/#breadcrumb\",\"itemListElement\":[{\"@type\":\"ListItem\",\"position\":1,\"name\":\"Home\",\"item\":\"https:\/\/vosgesinfo.fr\/epinalinfo\/\"},{\"@type\":\"ListItem\",\"position\":2,\"name\":\"Vosges &#8211; Monthureux-sur-Sa\u00f4ne : L&rsquo;EHPAD du Pr\u00e9 Favet inaugur\u00e9\"}]},{\"@type\":\"WebSite\",\"@id\":\"https:\/\/vosgesinfo.fr\/epinalinfo\/#website\",\"url\":\"https:\/\/vosgesinfo.fr\/epinalinfo\/\",\"name\":\"Epinal Info\",\"description\":\"Toute l&#039;actualit\u00e9 d&#039;\u00c9pinal\",\"publisher\":{\"@id\":\"https:\/\/vosgesinfo.fr\/epinalinfo\/#organization\"},\"alternateName\":\"Toute l'actualit\u00e9 d'\u00c9pinal\",\"potentialAction\":[{\"@type\":\"SearchAction\",\"target\":{\"@type\":\"EntryPoint\",\"urlTemplate\":\"https:\/\/vosgesinfo.fr\/epinalinfo\/?s={search_term_string}\"},\"query-input\":\"required name=search_term_string\"}],\"inLanguage\":\"fr-FR\"},{\"@type\":\"Organization\",\"@id\":\"https:\/\/vosgesinfo.fr\/epinalinfo\/#organization\",\"name\":\"Epinal Info\",\"url\":\"https:\/\/vosgesinfo.fr\/epinalinfo\/\",\"logo\":{\"@type\":\"ImageObject\",\"inLanguage\":\"fr-FR\",\"@id\":\"https:\/\/vosgesinfo.fr\/epinalinfo\/#\/schema\/logo\/image\/\",\"url\":\"https:\/\/vosgesinfo.fr\/app\/uploads\/sites\/3\/2023\/08\/logo-epinalinfos.svg\",\"contentUrl\":\"https:\/\/vosgesinfo.fr\/app\/uploads\/sites\/3\/2023\/08\/logo-epinalinfos.svg\",\"width\":1,\"height\":1,\"caption\":\"Epinal Info\"},\"image\":{\"@id\":\"https:\/\/vosgesinfo.fr\/epinalinfo\/#\/schema\/logo\/image\/\"},\"sameAs\":[\"https:\/\/www.facebook.com\/Epinalinfos\",\"https:\/\/x.com\/VosgesInfo88\",\"https:\/\/www.youtube.com\/@vosgesinfo\"]},{\"@type\":\"Person\",\"@id\":\"https:\/\/vosgesinfo.fr\/epinalinfo\/#\/schema\/person\/faee6704a21f3977511db84bd1cd450f\",\"name\":\"la r\u00e9daction\",\"image\":{\"@type\":\"ImageObject\",\"inLanguage\":\"fr-FR\",\"@id\":\"https:\/\/vosgesinfo.fr\/epinalinfo\/#\/schema\/person\/image\/\",\"url\":\"https:\/\/secure.gravatar.com\/avatar\/6673d8bc6a9c17fa9a453eaa3448de834fa308c2ec9635b7aa99441a7c8d2cf6?s=96&d=mm&r=g\",\"contentUrl\":\"https:\/\/secure.gravatar.com\/avatar\/6673d8bc6a9c17fa9a453eaa3448de834fa308c2ec9635b7aa99441a7c8d2cf6?s=96&d=mm&r=g\",\"caption\":\"la r\u00e9daction\"},\"url\":\"https:\/\/vosgesinfo.fr\/epinalinfo\/author\/redac\/\"}]}<\/script>\n<!-- \/ Yoast SEO plugin. -->","yoast_head_json":{"title":"Vosges - Monthureux-sur-Sa\u00f4ne : L'EHPAD du Pr\u00e9 Favet inaugur\u00e9 - Epinal Info","robots":{"index":"index","follow":"follow","max-snippet":"max-snippet:-1","max-image-preview":"max-image-preview:large","max-video-preview":"max-video-preview:-1"},"canonical":"https:\/\/vosgesinfo.fr\/epinalinfo\/2014\/11\/vosges-monthureux-sur-saone-lehpad-du-pre-de-favet-inauguree\/","twitter_card":"summary_large_image","twitter_title":"Vosges - Monthureux-sur-Sa\u00f4ne : L'EHPAD du Pr\u00e9 Favet inaugur\u00e9 - Epinal Info","twitter_description":"Christian Poncelet, Pr\u00e9sident du Conseil G\u00e9n\u00e9ral des Vosges, et Alain Roussel Vice-Pr\u00e9sident du Conseil G\u00e9n\u00e9ral des Vosges et Pr\u00e9sident de [&hellip;]","twitter_creator":"@VosgesInfo88","twitter_site":"@VosgesInfo88","twitter_misc":{"\u00c9crit par":"la r\u00e9daction","Dur\u00e9e de lecture estim\u00e9e":"1 minute"},"schema":{"@context":"https:\/\/schema.org","@graph":[{"@type":"Article","@id":"https:\/\/vosgesinfo.fr\/epinalinfo\/2014\/11\/vosges-monthureux-sur-saone-lehpad-du-pre-de-favet-inauguree\/#article","isPartOf":{"@id":"https:\/\/vosgesinfo.fr\/epinalinfo\/2014\/11\/vosges-monthureux-sur-saone-lehpad-du-pre-de-favet-inauguree\/"},"author":{"name":"la r\u00e9daction","@id":"https:\/\/vosgesinfo.fr\/epinalinfo\/#\/schema\/person\/faee6704a21f3977511db84bd1cd450f"},"headline":"Vosges &#8211; Monthureux-sur-Sa\u00f4ne : L&rsquo;EHPAD du Pr\u00e9 Favet inaugur\u00e9","datePublished":"2014-11-30T10:06:55+00:00","dateModified":"2014-11-30T10:06:55+00:00","mainEntityOfPage":{"@id":"https:\/\/vosgesinfo.fr\/epinalinfo\/2014\/11\/vosges-monthureux-sur-saone-lehpad-du-pre-de-favet-inauguree\/"},"wordCount":291,"commentCount":0,"publisher":{"@id":"https:\/\/vosgesinfo.fr\/epinalinfo\/#organization"},"articleSection":["Epinal","Sant\u00e9","Social","Vosges"],"inLanguage":"fr-FR","potentialAction":[{"@type":"CommentAction","name":"Comment","target":["https:\/\/vosgesinfo.fr\/epinalinfo\/2014\/11\/vosges-monthureux-sur-saone-lehpad-du-pre-de-favet-inauguree\/#respond"]}]},{"@type":"WebPage","@id":"https:\/\/vosgesinfo.fr\/epinalinfo\/2014\/11\/vosges-monthureux-sur-saone-lehpad-du-pre-de-favet-inauguree\/","url":"https:\/\/vosgesinfo.fr\/epinalinfo\/2014\/11\/vosges-monthureux-sur-saone-lehpad-du-pre-de-favet-inauguree\/","name":"Vosges - Monthureux-sur-Sa\u00f4ne : L'EHPAD du Pr\u00e9 Favet inaugur\u00e9 - Epinal Info","isPartOf":{"@id":"https:\/\/vosgesinfo.fr\/epinalinfo\/#website"},"datePublished":"2014-11-30T10:06:55+00:00","dateModified":"2014-11-30T10:06:55+00:00","breadcrumb":{"@id":"https:\/\/vosgesinfo.fr\/epinalinfo\/2014\/11\/vosges-monthureux-sur-saone-lehpad-du-pre-de-favet-inauguree\/#breadcrumb"},"inLanguage":"fr-FR","potentialAction":[{"@type":"ReadAction","target":["https:\/\/vosgesinfo.fr\/epinalinfo\/2014\/11\/vosges-monthureux-sur-saone-lehpad-du-pre-de-favet-inauguree\/"]}]},{"@type":"BreadcrumbList","@id":"https:\/\/vosgesinfo.fr\/epinalinfo\/2014\/11\/vosges-monthureux-sur-saone-lehpad-du-pre-de-favet-inauguree\/#breadcrumb","itemListElement":[{"@type":"ListItem","position":1,"name":"Home","item":"https:\/\/vosgesinfo.fr\/epinalinfo\/"},{"@type":"ListItem","position":2,"name":"Vosges &#8211; Monthureux-sur-Sa\u00f4ne : L&rsquo;EHPAD du Pr\u00e9 Favet inaugur\u00e9"}]},{"@type":"WebSite","@id":"https:\/\/vosgesinfo.fr\/epinalinfo\/#website","url":"https:\/\/vosgesinfo.fr\/epinalinfo\/","name":"Epinal Info","description":"Toute l&#039;actualit\u00e9 d&#039;\u00c9pinal","publisher":{"@id":"https:\/\/vosgesinfo.fr\/epinalinfo\/#organization"},"alternateName":"Toute l'actualit\u00e9 d'\u00c9pinal","potentialAction":[{"@type":"SearchAction","target":{"@type":"EntryPoint","urlTemplate":"https:\/\/vosgesinfo.fr\/epinalinfo\/?s={search_term_string}"},"query-input":"required name=search_term_string"}],"inLanguage":"fr-FR"},{"@type":"Organization","@id":"https:\/\/vosgesinfo.fr\/epinalinfo\/#organization","name":"Epinal Info","url":"https:\/\/vosgesinfo.fr\/epinalinfo\/","logo":{"@type":"ImageObject","inLanguage":"fr-FR","@id":"https:\/\/vosgesinfo.fr\/epinalinfo\/#\/schema\/logo\/image\/","url":"https:\/\/vosgesinfo.fr\/app\/uploads\/sites\/3\/2023\/08\/logo-epinalinfos.svg","contentUrl":"https:\/\/vosgesinfo.fr\/app\/uploads\/sites\/3\/2023\/08\/logo-epinalinfos.svg","width":1,"height":1,"caption":"Epinal Info"},"image":{"@id":"https:\/\/vosgesinfo.fr\/epinalinfo\/#\/schema\/logo\/image\/"},"sameAs":["https:\/\/www.facebook.com\/Epinalinfos","https:\/\/x.com\/VosgesInfo88","https:\/\/www.youtube.com\/@vosgesinfo"]},{"@type":"Person","@id":"https:\/\/vosgesinfo.fr\/epinalinfo\/#\/schema\/person\/faee6704a21f3977511db84bd1cd450f","name":"la r\u00e9daction","image":{"@type":"ImageObject","inLanguage":"fr-FR","@id":"https:\/\/vosgesinfo.fr\/epinalinfo\/#\/schema\/person\/image\/","url":"https:\/\/secure.gravatar.com\/avatar\/6673d8bc6a9c17fa9a453eaa3448de834fa308c2ec9635b7aa99441a7c8d2cf6?s=96&d=mm&r=g","contentUrl":"https:\/\/secure.gravatar.com\/avatar\/6673d8bc6a9c17fa9a453eaa3448de834fa308c2ec9635b7aa99441a7c8d2cf6?s=96&d=mm&r=g","caption":"la r\u00e9daction"},"url":"https:\/\/vosgesinfo.fr\/epinalinfo\/author\/redac\/"}]}},"_links":{"self":[{"href":"https:\/\/vosgesinfo.fr\/epinalinfo\/wp-json\/wp\/v2\/posts\/45184","targetHints":{"allow":["GET"]}}],"collection":[{"href":"https:\/\/vosgesinfo.fr\/epinalinfo\/wp-json\/wp\/v2\/posts"}],"about":[{"href":"https:\/\/vosgesinfo.fr\/epinalinfo\/wp-json\/wp\/v2\/types\/post"}],"author":[{"embeddable":true,"href":"https:\/\/vosgesinfo.fr\/epinalinfo\/wp-json\/wp\/v2\/users\/44"}],"replies":[{"embeddable":true,"href":"https:\/\/vosgesinfo.fr\/epinalinfo\/wp-json\/wp\/v2\/comments?post=45184"}],"version-history":[{"count":0,"href":"https:\/\/vosgesinfo.fr\/epinalinfo\/wp-json\/wp\/v2\/posts\/45184\/revisions"}],"wp:attachment":[{"href":"https:\/\/vosgesinfo.fr\/epinalinfo\/wp-json\/wp\/v2\/media?parent=45184"}],"wp:term":[{"taxonomy":"category","embeddable":true,"href":"https:\/\/vosgesinfo.fr\/epinalinfo\/wp-json\/wp\/v2\/categories?post=45184"},{"taxonomy":"post_tag","embeddable":true,"href":"https:\/\/vosgesinfo.fr\/epinalinfo\/wp-json\/wp\/v2\/tags?post=45184"}],"curies":[{"name":"wp","href":"https:\/\/api.w.org\/{rel}","templated":true}]}}