{"id":45196,"date":"2014-12-02T12:28:40","date_gmt":"2014-12-02T11:28:40","guid":{"rendered":"https:\/\/vosgesinfo.fr\/epinalinfo\/2014\/12\/ski-pass-vosges-des-pris-reduits-pour-acceder-aux-pistes-mais-pas-seulement\/"},"modified":"2014-12-02T12:28:40","modified_gmt":"2014-12-02T11:28:40","slug":"ski-pass-vosges-des-pris-reduits-pour-acceder-aux-pistes-mais-pas-seulement","status":"publish","type":"post","link":"https:\/\/vosgesinfo.fr\/epinalinfo\/2014\/12\/ski-pass-vosges-des-pris-reduits-pour-acceder-aux-pistes-mais-pas-seulement\/","title":{"rendered":"Ski Pass Vosges &#8211;  Des pris r\u00e9duits pour acc\u00e9der aux pistes mais pas seulement"},"content":{"rendered":"<p align=\"JUSTIFY\"><strong>C\u2019est reparti pour une nouvelle saison du Ski Pass Vosges et le Conseil R\u00e9gional de Lorraine engage encore cette ann\u00e9e une large campagne d\u2019information sur cette offre comprenant affiches, brochures, spots publicitaires, etc..<\/strong><\/p>\n<p align=\"JUSTIFY\">Tous les week-ends \u00e0 partir du 14 d\u00e9cembre et\u00a0jusqu\u2019au\u00a08 mars 2015, les Lorrains pourront b\u00e9n\u00e9ficier de prix r\u00e9duits sur leurs trajets en M\u00e9trolor-TER vers les stations de ski vosgiennes.<\/p>\n<p align=\"JUSTIFY\">La formule Ski Pass Vosges permet un \u00a0trajet aller-retour depuis les gares de Lorraine qui le permettent et la gare de Luxembourg-ville, jusqu\u2019au pied des pistes (en train TER M\u00e9trolor jusqu\u2019\u00e0 Remiremont, puis en autocar M\u00e9trolor jusqu\u2019aux stations).\u00a0Elle offre \u00e9galement des \u00a0avantages tarifaires sur les h\u00e9bergements, les locations de mat\u00e9riels ou encore \u00a0les activit\u00e9s de loisirs : patinoire, piscine, bowling, visite du th\u00e9\u00e2tre du Peuple de Bussang..<\/p>\n<p align=\"JUSTIFY\"><span style=\"font-size: 12pt;\">Cette offre combine, pour tous les week-ends de la saison hivernale. Renseignements en gare et points de vente SNCF.<\/span><\/p>\n<p align=\"JUSTIFY\"><span style=\"font-size: 12pt;\">L\u2019offre Ski Pass Vosges\u00a0a \u00e9t\u00e9 initi\u00e9e par le CRL en\u00a0d\u00e9cembre 1999\u00a0et s&rsquo;appuie sur de nombreux partenaires*. Il a connu depuis 15 ans de nombreuses \u00e9volutions notamment ces derni\u00e8res ann\u00e9es\u3000:<\/span><\/p>\n<p align=\"JUSTIFY\"><span style=\"font-size: 12pt;\">&#8211; en 2009, une offre d\u2019h\u00e9bergement collectif sur tous les sites aux pieds des pistes,<\/span><\/p>\n<p align=\"JUSTIFY\"><span style=\"font-size: 12pt;\">&#8211; en 2010, l\u2019int\u00e9gration des partenaires de la vall\u00e9e de Bussang pour desservir les stations de Larcenaire et Rouge gazon,<\/span><\/p>\n<p align=\"JUSTIFY\"><span style=\"font-size: 12pt;\">&#8211; en 2011, la mise en place de l\u2019offre M\u00e9trolor Loisirs Vosges (groupes de 3 \u00e0 5 personnes avec la 3\u00e8me, 4\u00e8me et 5\u00e8me personne voyageant chacune pour 1 \u20ac, avec les m\u00eames avantages tarifaires sur place),<\/span><\/p>\n<p align=\"JUSTIFY\"><span style=\"font-size: 12pt;\">&#8211; en 2013, la mise en place compl\u00e9mentaire, uniquement sur internet, de 3 offres int\u00e9gr\u00e9es train + location de mat\u00e9riel + forfait remont\u00e9es (Boutique en ligne TER Lorraine) \u00e0 tarif tr\u00e8s avantageux\u3000: Pass Touschoussss \u00e0 La Bresse, le Ski\u2019N Pass et le Snow\u2019N Pass \u00e0 G\u00e9rardmer<\/span><\/p>\n<p align=\"JUSTIFY\"><span style=\"font-size: 12pt;\">Depuis 2008, cette initiative a permis \u00e0 7 000 personnes de profiter des joies des sports d\u2019hiver et de la beaut\u00e9 des paysages vosgiens enneig\u00e9s. Son attractivit\u00e9, li\u00e9e aux tarifs avantageux et \u00e0 l\u2019offre de loisirs dans les stations vosgiennes, ne se d\u00e9ment pas d\u2019ann\u00e9e en ann\u00e9e, m\u00eame en cas de faible enneigement.<\/span><\/p>\n<p style=\"text-align: center;\" align=\"JUSTIFY\"><strong>\u2217\u2217\u2217<\/strong><\/p>\n<p align=\"JUSTIFY\"><span style=\"font-size: 10pt;\"><strong>* Partenaires de l&rsquo;op\u00e9ration<\/strong><\/span><\/p>\n<p align=\"JUSTIFY\"><span style=\"font-size: 10pt;\">&#8211; CFL et SNCF TER Lorraine<\/span><\/p>\n<p align=\"JUSTIFY\"><span style=\"font-size: 10pt;\">&#8211; les offices du tourisme de G\u00e9rardmer\/Xonrupt, La Bresse, de Bussang, et de Saint Maurice sur Moselle,<\/span><\/p>\n<p align=\"JUSTIFY\"><span style=\"font-size: 10pt;\">&#8211; les mairies de Bussang, Fresse sur Moselle, G\u00e9rardmer, La Bresse, et Saint Maurice sur Moselle,<\/span><\/p>\n<p align=\"JUSTIFY\"><span style=\"font-size: 10pt;\">&#8211; les centres d\u2019h\u00e9bergement ODCVL la Mauselaine et le ch\u00e2let d\u2019Artimont, Azur\u00e9va et Rouge Gazon,<\/span><\/p>\n<p align=\"JUSTIFY\"><span style=\"font-size: 10pt;\">&#8211; les loueurs de mat\u00e9riel aux pieds des pistes (Labellemontagne),<\/span><\/p>\n<p align=\"JUSTIFY\"><span style=\"font-size: 10pt;\">&#8211; les stations de ski de Hohneck et Lispach \u00e0 La Bresse, La Mauselaine et Les Bas Rupts \u00e0 G\u00e9rardmer, Rouge gazon et Larcenaire \u00e0 Bussang<\/span><\/p>\n","protected":false},"excerpt":{"rendered":"<p>C\u2019est reparti pour une nouvelle saison du Ski Pass Vosges et le Conseil R\u00e9gional de Lorraine engage encore cette ann\u00e9e [&hellip;]<\/p>\n","protected":false},"author":44,"featured_media":0,"comment_status":"open","ping_status":"open","sticky":false,"template":"","format":"standard","meta":{"footnotes":""},"categories":[24,36,729,7,17,5],"tags":[],"class_list":["post-45196","post","type-post","status-publish","format-standard","hentry","category-epinal","category-loisirs","category-lorraine","category-sport","category-tourisme","category-vosges"],"acf":[],"yoast_head":"<!-- This site is optimized with the Yoast SEO plugin v22.5 - https:\/\/yoast.com\/wordpress\/plugins\/seo\/ -->\n<title>Ski Pass Vosges - Des pris r\u00e9duits pour acc\u00e9der aux pistes mais pas seulement - Epinal Info<\/title>\n<meta name=\"robots\" content=\"index, follow, max-snippet:-1, max-image-preview:large, max-video-preview:-1\" \/>\n<link rel=\"canonical\" href=\"https:\/\/vosgesinfo.fr\/epinalinfo\/2014\/12\/ski-pass-vosges-des-pris-reduits-pour-acceder-aux-pistes-mais-pas-seulement\/\" \/>\n<meta name=\"twitter:card\" content=\"summary_large_image\" \/>\n<meta name=\"twitter:title\" content=\"Ski Pass Vosges - Des pris r\u00e9duits pour acc\u00e9der aux pistes mais pas seulement - Epinal Info\" \/>\n<meta name=\"twitter:description\" content=\"C\u2019est reparti pour une nouvelle saison du Ski Pass Vosges et le Conseil R\u00e9gional de Lorraine engage encore cette ann\u00e9e [&hellip;]\" \/>\n<meta name=\"twitter:creator\" content=\"@VosgesInfo88\" \/>\n<meta name=\"twitter:site\" content=\"@VosgesInfo88\" \/>\n<meta name=\"twitter:label1\" content=\"\u00c9crit par\" \/>\n\t<meta name=\"twitter:data1\" content=\"la r\u00e9daction\" \/>\n\t<meta name=\"twitter:label2\" content=\"Dur\u00e9e de lecture estim\u00e9e\" \/>\n\t<meta name=\"twitter:data2\" content=\"2 minutes\" \/>\n<script type=\"application\/ld+json\" class=\"yoast-schema-graph\">{\"@context\":\"https:\/\/schema.org\",\"@graph\":[{\"@type\":\"Article\",\"@id\":\"https:\/\/vosgesinfo.fr\/epinalinfo\/2014\/12\/ski-pass-vosges-des-pris-reduits-pour-acceder-aux-pistes-mais-pas-seulement\/#article\",\"isPartOf\":{\"@id\":\"https:\/\/vosgesinfo.fr\/epinalinfo\/2014\/12\/ski-pass-vosges-des-pris-reduits-pour-acceder-aux-pistes-mais-pas-seulement\/\"},\"author\":{\"name\":\"la r\u00e9daction\",\"@id\":\"https:\/\/vosgesinfo.fr\/epinalinfo\/#\/schema\/person\/faee6704a21f3977511db84bd1cd450f\"},\"headline\":\"Ski Pass Vosges &#8211; Des pris r\u00e9duits pour acc\u00e9der aux pistes mais pas seulement\",\"datePublished\":\"2014-12-02T11:28:40+00:00\",\"dateModified\":\"2014-12-02T11:28:40+00:00\",\"mainEntityOfPage\":{\"@id\":\"https:\/\/vosgesinfo.fr\/epinalinfo\/2014\/12\/ski-pass-vosges-des-pris-reduits-pour-acceder-aux-pistes-mais-pas-seulement\/\"},\"wordCount\":495,\"commentCount\":0,\"publisher\":{\"@id\":\"https:\/\/vosgesinfo.fr\/epinalinfo\/#organization\"},\"articleSection\":[\"Epinal\",\"Loisirs\",\"Lorraine\",\"Sport\",\"Tourisme\",\"Vosges\"],\"inLanguage\":\"fr-FR\",\"potentialAction\":[{\"@type\":\"CommentAction\",\"name\":\"Comment\",\"target\":[\"https:\/\/vosgesinfo.fr\/epinalinfo\/2014\/12\/ski-pass-vosges-des-pris-reduits-pour-acceder-aux-pistes-mais-pas-seulement\/#respond\"]}]},{\"@type\":\"WebPage\",\"@id\":\"https:\/\/vosgesinfo.fr\/epinalinfo\/2014\/12\/ski-pass-vosges-des-pris-reduits-pour-acceder-aux-pistes-mais-pas-seulement\/\",\"url\":\"https:\/\/vosgesinfo.fr\/epinalinfo\/2014\/12\/ski-pass-vosges-des-pris-reduits-pour-acceder-aux-pistes-mais-pas-seulement\/\",\"name\":\"Ski Pass Vosges - Des pris r\u00e9duits pour acc\u00e9der aux pistes mais pas seulement - Epinal Info\",\"isPartOf\":{\"@id\":\"https:\/\/vosgesinfo.fr\/epinalinfo\/#website\"},\"datePublished\":\"2014-12-02T11:28:40+00:00\",\"dateModified\":\"2014-12-02T11:28:40+00:00\",\"breadcrumb\":{\"@id\":\"https:\/\/vosgesinfo.fr\/epinalinfo\/2014\/12\/ski-pass-vosges-des-pris-reduits-pour-acceder-aux-pistes-mais-pas-seulement\/#breadcrumb\"},\"inLanguage\":\"fr-FR\",\"potentialAction\":[{\"@type\":\"ReadAction\",\"target\":[\"https:\/\/vosgesinfo.fr\/epinalinfo\/2014\/12\/ski-pass-vosges-des-pris-reduits-pour-acceder-aux-pistes-mais-pas-seulement\/\"]}]},{\"@type\":\"BreadcrumbList\",\"@id\":\"https:\/\/vosgesinfo.fr\/epinalinfo\/2014\/12\/ski-pass-vosges-des-pris-reduits-pour-acceder-aux-pistes-mais-pas-seulement\/#breadcrumb\",\"itemListElement\":[{\"@type\":\"ListItem\",\"position\":1,\"name\":\"Home\",\"item\":\"https:\/\/vosgesinfo.fr\/epinalinfo\/\"},{\"@type\":\"ListItem\",\"position\":2,\"name\":\"Ski Pass Vosges &#8211; Des pris r\u00e9duits pour acc\u00e9der aux pistes mais pas seulement\"}]},{\"@type\":\"WebSite\",\"@id\":\"https:\/\/vosgesinfo.fr\/epinalinfo\/#website\",\"url\":\"https:\/\/vosgesinfo.fr\/epinalinfo\/\",\"name\":\"Epinal Info\",\"description\":\"Toute l&#039;actualit\u00e9 d&#039;\u00c9pinal\",\"publisher\":{\"@id\":\"https:\/\/vosgesinfo.fr\/epinalinfo\/#organization\"},\"alternateName\":\"Toute l'actualit\u00e9 d'\u00c9pinal\",\"potentialAction\":[{\"@type\":\"SearchAction\",\"target\":{\"@type\":\"EntryPoint\",\"urlTemplate\":\"https:\/\/vosgesinfo.fr\/epinalinfo\/?s={search_term_string}\"},\"query-input\":\"required name=search_term_string\"}],\"inLanguage\":\"fr-FR\"},{\"@type\":\"Organization\",\"@id\":\"https:\/\/vosgesinfo.fr\/epinalinfo\/#organization\",\"name\":\"Epinal Info\",\"url\":\"https:\/\/vosgesinfo.fr\/epinalinfo\/\",\"logo\":{\"@type\":\"ImageObject\",\"inLanguage\":\"fr-FR\",\"@id\":\"https:\/\/vosgesinfo.fr\/epinalinfo\/#\/schema\/logo\/image\/\",\"url\":\"https:\/\/vosgesinfo.fr\/app\/uploads\/sites\/3\/2023\/08\/logo-epinalinfos.svg\",\"contentUrl\":\"https:\/\/vosgesinfo.fr\/app\/uploads\/sites\/3\/2023\/08\/logo-epinalinfos.svg\",\"width\":1,\"height\":1,\"caption\":\"Epinal Info\"},\"image\":{\"@id\":\"https:\/\/vosgesinfo.fr\/epinalinfo\/#\/schema\/logo\/image\/\"},\"sameAs\":[\"https:\/\/www.facebook.com\/Epinalinfos\",\"https:\/\/x.com\/VosgesInfo88\",\"https:\/\/www.youtube.com\/@vosgesinfo\"]},{\"@type\":\"Person\",\"@id\":\"https:\/\/vosgesinfo.fr\/epinalinfo\/#\/schema\/person\/faee6704a21f3977511db84bd1cd450f\",\"name\":\"la r\u00e9daction\",\"image\":{\"@type\":\"ImageObject\",\"inLanguage\":\"fr-FR\",\"@id\":\"https:\/\/vosgesinfo.fr\/epinalinfo\/#\/schema\/person\/image\/\",\"url\":\"https:\/\/secure.gravatar.com\/avatar\/6673d8bc6a9c17fa9a453eaa3448de834fa308c2ec9635b7aa99441a7c8d2cf6?s=96&d=mm&r=g\",\"contentUrl\":\"https:\/\/secure.gravatar.com\/avatar\/6673d8bc6a9c17fa9a453eaa3448de834fa308c2ec9635b7aa99441a7c8d2cf6?s=96&d=mm&r=g\",\"caption\":\"la r\u00e9daction\"},\"url\":\"https:\/\/vosgesinfo.fr\/epinalinfo\/author\/redac\/\"}]}<\/script>\n<!-- \/ Yoast SEO plugin. -->","yoast_head_json":{"title":"Ski Pass Vosges - Des pris r\u00e9duits pour acc\u00e9der aux pistes mais pas seulement - Epinal Info","robots":{"index":"index","follow":"follow","max-snippet":"max-snippet:-1","max-image-preview":"max-image-preview:large","max-video-preview":"max-video-preview:-1"},"canonical":"https:\/\/vosgesinfo.fr\/epinalinfo\/2014\/12\/ski-pass-vosges-des-pris-reduits-pour-acceder-aux-pistes-mais-pas-seulement\/","twitter_card":"summary_large_image","twitter_title":"Ski Pass Vosges - Des pris r\u00e9duits pour acc\u00e9der aux pistes mais pas seulement - Epinal Info","twitter_description":"C\u2019est reparti pour une nouvelle saison du Ski Pass Vosges et le Conseil R\u00e9gional de Lorraine engage encore cette ann\u00e9e [&hellip;]","twitter_creator":"@VosgesInfo88","twitter_site":"@VosgesInfo88","twitter_misc":{"\u00c9crit par":"la r\u00e9daction","Dur\u00e9e de lecture estim\u00e9e":"2 minutes"},"schema":{"@context":"https:\/\/schema.org","@graph":[{"@type":"Article","@id":"https:\/\/vosgesinfo.fr\/epinalinfo\/2014\/12\/ski-pass-vosges-des-pris-reduits-pour-acceder-aux-pistes-mais-pas-seulement\/#article","isPartOf":{"@id":"https:\/\/vosgesinfo.fr\/epinalinfo\/2014\/12\/ski-pass-vosges-des-pris-reduits-pour-acceder-aux-pistes-mais-pas-seulement\/"},"author":{"name":"la r\u00e9daction","@id":"https:\/\/vosgesinfo.fr\/epinalinfo\/#\/schema\/person\/faee6704a21f3977511db84bd1cd450f"},"headline":"Ski Pass Vosges &#8211; Des pris r\u00e9duits pour acc\u00e9der aux pistes mais pas seulement","datePublished":"2014-12-02T11:28:40+00:00","dateModified":"2014-12-02T11:28:40+00:00","mainEntityOfPage":{"@id":"https:\/\/vosgesinfo.fr\/epinalinfo\/2014\/12\/ski-pass-vosges-des-pris-reduits-pour-acceder-aux-pistes-mais-pas-seulement\/"},"wordCount":495,"commentCount":0,"publisher":{"@id":"https:\/\/vosgesinfo.fr\/epinalinfo\/#organization"},"articleSection":["Epinal","Loisirs","Lorraine","Sport","Tourisme","Vosges"],"inLanguage":"fr-FR","potentialAction":[{"@type":"CommentAction","name":"Comment","target":["https:\/\/vosgesinfo.fr\/epinalinfo\/2014\/12\/ski-pass-vosges-des-pris-reduits-pour-acceder-aux-pistes-mais-pas-seulement\/#respond"]}]},{"@type":"WebPage","@id":"https:\/\/vosgesinfo.fr\/epinalinfo\/2014\/12\/ski-pass-vosges-des-pris-reduits-pour-acceder-aux-pistes-mais-pas-seulement\/","url":"https:\/\/vosgesinfo.fr\/epinalinfo\/2014\/12\/ski-pass-vosges-des-pris-reduits-pour-acceder-aux-pistes-mais-pas-seulement\/","name":"Ski Pass Vosges - Des pris r\u00e9duits pour acc\u00e9der aux pistes mais pas seulement - Epinal Info","isPartOf":{"@id":"https:\/\/vosgesinfo.fr\/epinalinfo\/#website"},"datePublished":"2014-12-02T11:28:40+00:00","dateModified":"2014-12-02T11:28:40+00:00","breadcrumb":{"@id":"https:\/\/vosgesinfo.fr\/epinalinfo\/2014\/12\/ski-pass-vosges-des-pris-reduits-pour-acceder-aux-pistes-mais-pas-seulement\/#breadcrumb"},"inLanguage":"fr-FR","potentialAction":[{"@type":"ReadAction","target":["https:\/\/vosgesinfo.fr\/epinalinfo\/2014\/12\/ski-pass-vosges-des-pris-reduits-pour-acceder-aux-pistes-mais-pas-seulement\/"]}]},{"@type":"BreadcrumbList","@id":"https:\/\/vosgesinfo.fr\/epinalinfo\/2014\/12\/ski-pass-vosges-des-pris-reduits-pour-acceder-aux-pistes-mais-pas-seulement\/#breadcrumb","itemListElement":[{"@type":"ListItem","position":1,"name":"Home","item":"https:\/\/vosgesinfo.fr\/epinalinfo\/"},{"@type":"ListItem","position":2,"name":"Ski Pass Vosges &#8211; Des pris r\u00e9duits pour acc\u00e9der aux pistes mais pas seulement"}]},{"@type":"WebSite","@id":"https:\/\/vosgesinfo.fr\/epinalinfo\/#website","url":"https:\/\/vosgesinfo.fr\/epinalinfo\/","name":"Epinal Info","description":"Toute l&#039;actualit\u00e9 d&#039;\u00c9pinal","publisher":{"@id":"https:\/\/vosgesinfo.fr\/epinalinfo\/#organization"},"alternateName":"Toute l'actualit\u00e9 d'\u00c9pinal","potentialAction":[{"@type":"SearchAction","target":{"@type":"EntryPoint","urlTemplate":"https:\/\/vosgesinfo.fr\/epinalinfo\/?s={search_term_string}"},"query-input":"required name=search_term_string"}],"inLanguage":"fr-FR"},{"@type":"Organization","@id":"https:\/\/vosgesinfo.fr\/epinalinfo\/#organization","name":"Epinal Info","url":"https:\/\/vosgesinfo.fr\/epinalinfo\/","logo":{"@type":"ImageObject","inLanguage":"fr-FR","@id":"https:\/\/vosgesinfo.fr\/epinalinfo\/#\/schema\/logo\/image\/","url":"https:\/\/vosgesinfo.fr\/app\/uploads\/sites\/3\/2023\/08\/logo-epinalinfos.svg","contentUrl":"https:\/\/vosgesinfo.fr\/app\/uploads\/sites\/3\/2023\/08\/logo-epinalinfos.svg","width":1,"height":1,"caption":"Epinal Info"},"image":{"@id":"https:\/\/vosgesinfo.fr\/epinalinfo\/#\/schema\/logo\/image\/"},"sameAs":["https:\/\/www.facebook.com\/Epinalinfos","https:\/\/x.com\/VosgesInfo88","https:\/\/www.youtube.com\/@vosgesinfo"]},{"@type":"Person","@id":"https:\/\/vosgesinfo.fr\/epinalinfo\/#\/schema\/person\/faee6704a21f3977511db84bd1cd450f","name":"la r\u00e9daction","image":{"@type":"ImageObject","inLanguage":"fr-FR","@id":"https:\/\/vosgesinfo.fr\/epinalinfo\/#\/schema\/person\/image\/","url":"https:\/\/secure.gravatar.com\/avatar\/6673d8bc6a9c17fa9a453eaa3448de834fa308c2ec9635b7aa99441a7c8d2cf6?s=96&d=mm&r=g","contentUrl":"https:\/\/secure.gravatar.com\/avatar\/6673d8bc6a9c17fa9a453eaa3448de834fa308c2ec9635b7aa99441a7c8d2cf6?s=96&d=mm&r=g","caption":"la r\u00e9daction"},"url":"https:\/\/vosgesinfo.fr\/epinalinfo\/author\/redac\/"}]}},"_links":{"self":[{"href":"https:\/\/vosgesinfo.fr\/epinalinfo\/wp-json\/wp\/v2\/posts\/45196","targetHints":{"allow":["GET"]}}],"collection":[{"href":"https:\/\/vosgesinfo.fr\/epinalinfo\/wp-json\/wp\/v2\/posts"}],"about":[{"href":"https:\/\/vosgesinfo.fr\/epinalinfo\/wp-json\/wp\/v2\/types\/post"}],"author":[{"embeddable":true,"href":"https:\/\/vosgesinfo.fr\/epinalinfo\/wp-json\/wp\/v2\/users\/44"}],"replies":[{"embeddable":true,"href":"https:\/\/vosgesinfo.fr\/epinalinfo\/wp-json\/wp\/v2\/comments?post=45196"}],"version-history":[{"count":0,"href":"https:\/\/vosgesinfo.fr\/epinalinfo\/wp-json\/wp\/v2\/posts\/45196\/revisions"}],"wp:attachment":[{"href":"https:\/\/vosgesinfo.fr\/epinalinfo\/wp-json\/wp\/v2\/media?parent=45196"}],"wp:term":[{"taxonomy":"category","embeddable":true,"href":"https:\/\/vosgesinfo.fr\/epinalinfo\/wp-json\/wp\/v2\/categories?post=45196"},{"taxonomy":"post_tag","embeddable":true,"href":"https:\/\/vosgesinfo.fr\/epinalinfo\/wp-json\/wp\/v2\/tags?post=45196"}],"curies":[{"name":"wp","href":"https:\/\/api.w.org\/{rel}","templated":true}]}}