{"id":46158,"date":"2015-04-11T10:23:07","date_gmt":"2015-04-11T08:23:07","guid":{"rendered":"https:\/\/vosgesinfo.fr\/epinalinfo\/2015\/04\/54546\/"},"modified":"2015-04-11T10:23:07","modified_gmt":"2015-04-11T08:23:07","slug":"54546","status":"publish","type":"post","link":"https:\/\/vosgesinfo.fr\/epinalinfo\/2015\/04\/54546\/","title":{"rendered":"Gupix est de retour!"},"content":{"rendered":" (Cr\u00e9dit photo agglo-epinal)\n<p><strong>Du 13 avril au 23 mai, Gupix est de retour sur le territoire de la Communaut\u00e9 d&rsquo;Agglom\u00e9ration d&rsquo;Epinal.<\/strong><\/p>\n<p>L&rsquo;\u00e9dition 2015 du concours de cr\u00e9ation num\u00e9rique Gupix propose un volet \u00ab\u00a0formation \/ initiation \/ perfectionnement\u00a0\u00bb, qui se d\u00e9roulera pendant les vacances de Printemps, encadr\u00e9 par les animateurs du centre multim\u00e9dia d&rsquo;Epinal et de la bmi. Deuxi\u00e8me partie du projet Gupix, le concours qui se d\u00e9roulera <strong>le samedi 23 mai, \u00e0 partir de 9h30 \u00e0 la bmi d&rsquo;Epinal<\/strong>. De nombreux lots sont \u00e0 gagner !<\/p>\n<p>Pour bien d\u00e9buter, ou se perfectionner dans le domaine de la cr\u00e9ation num\u00e9rique, la CAE propose \u00e0 tous les enfants de 8 \u00e0 15 ans des stages d&rsquo;initiation et de perfectionnement sur le logiciel paint.net. Paint.net est un logiciel gratuit qui te permettra d&rsquo;exprimer toutes tes envies de cr\u00e9ation.<\/p>\n<p><strong>Au programme des prochaines vacances de Printemps, 5 sessions de 2 heures\u00a0 pour maitriser les bases techniques de la cr\u00e9ation num\u00e9rique :<\/strong><\/p>\n<ul>\n<li>Initiation technique \u00e0 Paint.net (3 s\u00e9ances)<\/li>\n<\/ul>\n<p>D\u00e9couper, d\u00e9tourer des images, les superposer, les assembler, retoucher les couleurs, faire un fond,&#8230;<\/p>\n<ul>\n<li>Initiation artistique (1 s\u00e9ance)<\/li>\n<\/ul>\n<p>Aid\u00e9 par un professionnel de l&rsquo;illustration num\u00e9rique, tu vas transformer ta cr\u00e9ation en v\u00e9ritable oeuvre d&rsquo;art<\/p>\n<ul>\n<li>Gupix Blanc (1 s\u00e9ance)<\/li>\n<\/ul>\n<p>Un concours \u00ab\u00a0pour de rire\u00a0\u00bb, pour s&rsquo;entra\u00eener \u00e0 l&rsquo;\u00e9preuve qui se d\u00e9roulera le samedi 23 mai \u00e0 la bmi d&rsquo;Epinal.<\/p>\n<p>&nbsp;<\/p>\n<p><strong>Les dates des stages Gupix<\/strong>\u00a0 <strong><br \/>\n<\/strong><\/p>\n<table>\n<tbody>\n<tr>\n<td><\/td>\n<td rowspan=\"3\"><strong>Epinal<\/strong><\/td>\n<td><strong>centre multim\u00e9dia<\/strong><\/td>\n<td>du 13 au 17 avril<\/td>\n<td>14h \u00e0 16h<\/td>\n<td>11-15 ans<\/td>\n<td><\/td>\n<\/tr>\n<tr>\n<td><\/td>\n<td><strong>centre multim\u00e9dia<br \/>\n<\/strong><\/td>\n<td>du 20 au 24 avril<\/td>\n<td>10h \u00e0 12h<\/td>\n<td>8-10 ans<\/td>\n<td><\/td>\n<\/tr>\n<tr>\n<td><\/td>\n<td><strong>bmi<\/strong><\/td>\n<td>du 21 au 25 avril<\/td>\n<td>10h \u00e0 12h<\/td>\n<td>8-15 ans<\/td>\n<td><\/td>\n<\/tr>\n<tr>\n<td><\/td>\n<td><strong>Deyvillers<\/strong><\/td>\n<td><strong>m\u00e9diath\u00e8que<\/strong><\/td>\n<td>du 14 au 18 avril<\/td>\n<td>10h \u00e0 12h<\/td>\n<td>8-15 ans<\/td>\n<td><\/td>\n<\/tr>\n<tr>\n<td><\/td>\n<td><strong>Golbey<\/strong><\/td>\n<td><strong>relais bmi<\/strong><\/td>\n<td>du 21 au 25 avril<\/td>\n<td>14h \u00e0 16h<\/td>\n<td>8-15 ans<\/td>\n<td><\/td>\n<\/tr>\n<tr>\n<td><\/td>\n<td><strong>Thaon-les-Vosges<\/strong><\/td>\n<td><strong>m\u00e9diath\u00e8que<\/strong><\/td>\n<td>du 21 au 25 avril<\/td>\n<td>14h \u00e0 16h<\/td>\n<td>8-15 ans<\/td>\n<td><\/td>\n<\/tr>\n<\/tbody>\n<\/table>\n<p>&nbsp;<\/p>\n<p><strong>Les lots\u00a0<\/strong><\/p>\n<p>Les classements seront faits en fonction de l&rsquo;\u00e2ge des participants (8-10 ans et 11-15 ans).<br \/>\nPour chaque cat\u00e9gorie :<\/p>\n<ul>\n<li><strong>1er<\/strong> : une tablette tactile<\/li>\n<li><strong>2\u00e8me<\/strong> :\u00a0 une tablette graphique<\/li>\n<li><strong>3\u00e8me<\/strong> : une carte Google-play (50 \u20ac)<\/li>\n<\/ul>\n<p><strong>et de nombreux autres lots pour tous les participants.<\/strong><\/p>\n<p>&nbsp;<\/p>\n<p><strong>Comment s&rsquo;inscrire<\/strong><\/p>\n<p>Les inscriptions sont possibles \u00e0<\/p>\n<ul>\n<li><strong>la Maison des sports et de la Jeunesse<br \/>\n<\/strong>12 rue G\u00e9n\u00e9ral Leclerc &#8211; 03 29 68 51 30<br \/>\nouvert de 7h45 \u00e0 12h15 et de 13h30 \u00e0 18h00<\/li>\n<\/ul>\n<ul>\n<li><strong>la Direction de la culture<br \/>\n<\/strong>12 rue Raymond Poincar\u00e9 &#8211; 1er \u00e9tage &#8211; 03 29 68 51 23<\/li>\n<li><strong><strong>\u00e0 la bmi d&rsquo;Epinal, et les m\u00e9diath\u00e8ques de Thaon-les-vosges, Golbey et Deyvillers<\/strong><\/strong>&nbsp;<\/li>\n<li>ou par mail \u00e0 <a href=\"mailto:gupix@agglo-epinal.fr\">gupix@agglo-epinal.fr<\/a>, en indiquant :\n<ul>\n<li>le lieu de stage et les dates choisis<\/li>\n<\/ul>\n<\/li>\n<li>\n<ul>\n<li>nom pr\u00e9nom de l&rsquo;enfant<\/li>\n<li>une copie du pass communautaire<\/li>\n<\/ul>\n<\/li>\n<\/ul>\n<p>Le stage et le concours sont gratuits, il suffit de pr\u00e9senter le Pass&rsquo;Communautaire. La participation \u00e0 un stage Gupix implique obligatoirement la participation au concours Gupix du 23 mai.<\/p>\n<p><strong>Renseignements<\/strong><br \/>\n<strong>Dans les lieux d&rsquo;inscription ci-dessus<\/strong><br \/>\n<strong>par mail \u00e0 <a href=\"mailto:gupix@agglo-epinal.fr\">gupix@agglo-epinal.fr<\/a><\/strong><br \/>\n<strong>par t\u00e9l\u00e9phone, 03 29 37 54 61<\/strong><\/p>\n<p>&nbsp;<\/p>\n","protected":false},"excerpt":{"rendered":"<p>Du 13 avril au 23 mai, Gupix est de retour sur le territoire de la Communaut\u00e9 d&rsquo;Agglom\u00e9ration d&rsquo;Epinal. L&rsquo;\u00e9dition 2015 [&hellip;]<\/p>\n","protected":false},"author":52,"featured_media":0,"comment_status":"open","ping_status":"open","sticky":false,"template":"","format":"standard","meta":{"footnotes":""},"categories":[12,146,20,24,148,93],"tags":[],"class_list":["post-46158","post","type-post","status-publish","format-standard","hentry","category-culture","category-deyvillers","category-divertissement","category-epinal","category-golbey","category-thaon-les-vosges"],"acf":[],"yoast_head":"<!-- This site is optimized with the Yoast SEO plugin v22.5 - https:\/\/yoast.com\/wordpress\/plugins\/seo\/ -->\n<title>Gupix est de retour! - Epinal Info<\/title>\n<meta name=\"robots\" content=\"index, follow, max-snippet:-1, max-image-preview:large, max-video-preview:-1\" \/>\n<link rel=\"canonical\" href=\"https:\/\/vosgesinfo.fr\/epinalinfo\/2015\/04\/54546\/\" \/>\n<meta name=\"twitter:card\" content=\"summary_large_image\" \/>\n<meta name=\"twitter:title\" content=\"Gupix est de retour! - Epinal Info\" \/>\n<meta name=\"twitter:description\" content=\"Du 13 avril au 23 mai, Gupix est de retour sur le territoire de la Communaut\u00e9 d&rsquo;Agglom\u00e9ration d&rsquo;Epinal. L&rsquo;\u00e9dition 2015 [&hellip;]\" \/>\n<meta name=\"twitter:creator\" content=\"@VosgesInfo88\" \/>\n<meta name=\"twitter:site\" content=\"@VosgesInfo88\" \/>\n<meta name=\"twitter:label1\" content=\"\u00c9crit par\" \/>\n\t<meta name=\"twitter:data1\" content=\"C.K.\" \/>\n\t<meta name=\"twitter:label2\" content=\"Dur\u00e9e de lecture estim\u00e9e\" \/>\n\t<meta name=\"twitter:data2\" content=\"2 minutes\" \/>\n<script type=\"application\/ld+json\" class=\"yoast-schema-graph\">{\"@context\":\"https:\/\/schema.org\",\"@graph\":[{\"@type\":\"Article\",\"@id\":\"https:\/\/vosgesinfo.fr\/epinalinfo\/2015\/04\/54546\/#article\",\"isPartOf\":{\"@id\":\"https:\/\/vosgesinfo.fr\/epinalinfo\/2015\/04\/54546\/\"},\"author\":{\"name\":\"C.K.\",\"@id\":\"https:\/\/vosgesinfo.fr\/epinalinfo\/#\/schema\/person\/6f9a650eeea99d969b6c4ab78fccbe81\"},\"headline\":\"Gupix est de retour!\",\"datePublished\":\"2015-04-11T08:23:07+00:00\",\"dateModified\":\"2015-04-11T08:23:07+00:00\",\"mainEntityOfPage\":{\"@id\":\"https:\/\/vosgesinfo.fr\/epinalinfo\/2015\/04\/54546\/\"},\"wordCount\":488,\"commentCount\":0,\"publisher\":{\"@id\":\"https:\/\/vosgesinfo.fr\/epinalinfo\/#organization\"},\"articleSection\":[\"Culture\",\"Deyvillers\",\"Divertissement\",\"Epinal\",\"Golbey\",\"Thaon-les-Vosges\"],\"inLanguage\":\"fr-FR\",\"potentialAction\":[{\"@type\":\"CommentAction\",\"name\":\"Comment\",\"target\":[\"https:\/\/vosgesinfo.fr\/epinalinfo\/2015\/04\/54546\/#respond\"]}]},{\"@type\":\"WebPage\",\"@id\":\"https:\/\/vosgesinfo.fr\/epinalinfo\/2015\/04\/54546\/\",\"url\":\"https:\/\/vosgesinfo.fr\/epinalinfo\/2015\/04\/54546\/\",\"name\":\"Gupix est de retour! - Epinal Info\",\"isPartOf\":{\"@id\":\"https:\/\/vosgesinfo.fr\/epinalinfo\/#website\"},\"datePublished\":\"2015-04-11T08:23:07+00:00\",\"dateModified\":\"2015-04-11T08:23:07+00:00\",\"breadcrumb\":{\"@id\":\"https:\/\/vosgesinfo.fr\/epinalinfo\/2015\/04\/54546\/#breadcrumb\"},\"inLanguage\":\"fr-FR\",\"potentialAction\":[{\"@type\":\"ReadAction\",\"target\":[\"https:\/\/vosgesinfo.fr\/epinalinfo\/2015\/04\/54546\/\"]}]},{\"@type\":\"BreadcrumbList\",\"@id\":\"https:\/\/vosgesinfo.fr\/epinalinfo\/2015\/04\/54546\/#breadcrumb\",\"itemListElement\":[{\"@type\":\"ListItem\",\"position\":1,\"name\":\"Home\",\"item\":\"https:\/\/vosgesinfo.fr\/epinalinfo\/\"},{\"@type\":\"ListItem\",\"position\":2,\"name\":\"Gupix est de retour!\"}]},{\"@type\":\"WebSite\",\"@id\":\"https:\/\/vosgesinfo.fr\/epinalinfo\/#website\",\"url\":\"https:\/\/vosgesinfo.fr\/epinalinfo\/\",\"name\":\"Epinal Info\",\"description\":\"Toute l&#039;actualit\u00e9 d&#039;\u00c9pinal\",\"publisher\":{\"@id\":\"https:\/\/vosgesinfo.fr\/epinalinfo\/#organization\"},\"alternateName\":\"Toute l'actualit\u00e9 d'\u00c9pinal\",\"potentialAction\":[{\"@type\":\"SearchAction\",\"target\":{\"@type\":\"EntryPoint\",\"urlTemplate\":\"https:\/\/vosgesinfo.fr\/epinalinfo\/?s={search_term_string}\"},\"query-input\":\"required name=search_term_string\"}],\"inLanguage\":\"fr-FR\"},{\"@type\":\"Organization\",\"@id\":\"https:\/\/vosgesinfo.fr\/epinalinfo\/#organization\",\"name\":\"Epinal Info\",\"url\":\"https:\/\/vosgesinfo.fr\/epinalinfo\/\",\"logo\":{\"@type\":\"ImageObject\",\"inLanguage\":\"fr-FR\",\"@id\":\"https:\/\/vosgesinfo.fr\/epinalinfo\/#\/schema\/logo\/image\/\",\"url\":\"https:\/\/vosgesinfo.fr\/app\/uploads\/sites\/3\/2023\/08\/logo-epinalinfos.svg\",\"contentUrl\":\"https:\/\/vosgesinfo.fr\/app\/uploads\/sites\/3\/2023\/08\/logo-epinalinfos.svg\",\"width\":1,\"height\":1,\"caption\":\"Epinal Info\"},\"image\":{\"@id\":\"https:\/\/vosgesinfo.fr\/epinalinfo\/#\/schema\/logo\/image\/\"},\"sameAs\":[\"https:\/\/www.facebook.com\/Epinalinfos\",\"https:\/\/x.com\/VosgesInfo88\",\"https:\/\/www.youtube.com\/@vosgesinfo\"]},{\"@type\":\"Person\",\"@id\":\"https:\/\/vosgesinfo.fr\/epinalinfo\/#\/schema\/person\/6f9a650eeea99d969b6c4ab78fccbe81\",\"name\":\"C.K.\",\"image\":{\"@type\":\"ImageObject\",\"inLanguage\":\"fr-FR\",\"@id\":\"https:\/\/vosgesinfo.fr\/epinalinfo\/#\/schema\/person\/image\/\",\"url\":\"https:\/\/secure.gravatar.com\/avatar\/48e3fc7f8421ba8942be6b74a2b7f014ca39bc00dece156b7a8e098ae7dc87bf?s=96&d=mm&r=g\",\"contentUrl\":\"https:\/\/secure.gravatar.com\/avatar\/48e3fc7f8421ba8942be6b74a2b7f014ca39bc00dece156b7a8e098ae7dc87bf?s=96&d=mm&r=g\",\"caption\":\"C.K.\"},\"url\":\"https:\/\/vosgesinfo.fr\/epinalinfo\/author\/celia-k-n\/\"}]}<\/script>\n<!-- \/ Yoast SEO plugin. -->","yoast_head_json":{"title":"Gupix est de retour! - Epinal Info","robots":{"index":"index","follow":"follow","max-snippet":"max-snippet:-1","max-image-preview":"max-image-preview:large","max-video-preview":"max-video-preview:-1"},"canonical":"https:\/\/vosgesinfo.fr\/epinalinfo\/2015\/04\/54546\/","twitter_card":"summary_large_image","twitter_title":"Gupix est de retour! - Epinal Info","twitter_description":"Du 13 avril au 23 mai, Gupix est de retour sur le territoire de la Communaut\u00e9 d&rsquo;Agglom\u00e9ration d&rsquo;Epinal. L&rsquo;\u00e9dition 2015 [&hellip;]","twitter_creator":"@VosgesInfo88","twitter_site":"@VosgesInfo88","twitter_misc":{"\u00c9crit par":"C.K.","Dur\u00e9e de lecture estim\u00e9e":"2 minutes"},"schema":{"@context":"https:\/\/schema.org","@graph":[{"@type":"Article","@id":"https:\/\/vosgesinfo.fr\/epinalinfo\/2015\/04\/54546\/#article","isPartOf":{"@id":"https:\/\/vosgesinfo.fr\/epinalinfo\/2015\/04\/54546\/"},"author":{"name":"C.K.","@id":"https:\/\/vosgesinfo.fr\/epinalinfo\/#\/schema\/person\/6f9a650eeea99d969b6c4ab78fccbe81"},"headline":"Gupix est de retour!","datePublished":"2015-04-11T08:23:07+00:00","dateModified":"2015-04-11T08:23:07+00:00","mainEntityOfPage":{"@id":"https:\/\/vosgesinfo.fr\/epinalinfo\/2015\/04\/54546\/"},"wordCount":488,"commentCount":0,"publisher":{"@id":"https:\/\/vosgesinfo.fr\/epinalinfo\/#organization"},"articleSection":["Culture","Deyvillers","Divertissement","Epinal","Golbey","Thaon-les-Vosges"],"inLanguage":"fr-FR","potentialAction":[{"@type":"CommentAction","name":"Comment","target":["https:\/\/vosgesinfo.fr\/epinalinfo\/2015\/04\/54546\/#respond"]}]},{"@type":"WebPage","@id":"https:\/\/vosgesinfo.fr\/epinalinfo\/2015\/04\/54546\/","url":"https:\/\/vosgesinfo.fr\/epinalinfo\/2015\/04\/54546\/","name":"Gupix est de retour! - Epinal Info","isPartOf":{"@id":"https:\/\/vosgesinfo.fr\/epinalinfo\/#website"},"datePublished":"2015-04-11T08:23:07+00:00","dateModified":"2015-04-11T08:23:07+00:00","breadcrumb":{"@id":"https:\/\/vosgesinfo.fr\/epinalinfo\/2015\/04\/54546\/#breadcrumb"},"inLanguage":"fr-FR","potentialAction":[{"@type":"ReadAction","target":["https:\/\/vosgesinfo.fr\/epinalinfo\/2015\/04\/54546\/"]}]},{"@type":"BreadcrumbList","@id":"https:\/\/vosgesinfo.fr\/epinalinfo\/2015\/04\/54546\/#breadcrumb","itemListElement":[{"@type":"ListItem","position":1,"name":"Home","item":"https:\/\/vosgesinfo.fr\/epinalinfo\/"},{"@type":"ListItem","position":2,"name":"Gupix est de retour!"}]},{"@type":"WebSite","@id":"https:\/\/vosgesinfo.fr\/epinalinfo\/#website","url":"https:\/\/vosgesinfo.fr\/epinalinfo\/","name":"Epinal Info","description":"Toute l&#039;actualit\u00e9 d&#039;\u00c9pinal","publisher":{"@id":"https:\/\/vosgesinfo.fr\/epinalinfo\/#organization"},"alternateName":"Toute l'actualit\u00e9 d'\u00c9pinal","potentialAction":[{"@type":"SearchAction","target":{"@type":"EntryPoint","urlTemplate":"https:\/\/vosgesinfo.fr\/epinalinfo\/?s={search_term_string}"},"query-input":"required name=search_term_string"}],"inLanguage":"fr-FR"},{"@type":"Organization","@id":"https:\/\/vosgesinfo.fr\/epinalinfo\/#organization","name":"Epinal Info","url":"https:\/\/vosgesinfo.fr\/epinalinfo\/","logo":{"@type":"ImageObject","inLanguage":"fr-FR","@id":"https:\/\/vosgesinfo.fr\/epinalinfo\/#\/schema\/logo\/image\/","url":"https:\/\/vosgesinfo.fr\/app\/uploads\/sites\/3\/2023\/08\/logo-epinalinfos.svg","contentUrl":"https:\/\/vosgesinfo.fr\/app\/uploads\/sites\/3\/2023\/08\/logo-epinalinfos.svg","width":1,"height":1,"caption":"Epinal Info"},"image":{"@id":"https:\/\/vosgesinfo.fr\/epinalinfo\/#\/schema\/logo\/image\/"},"sameAs":["https:\/\/www.facebook.com\/Epinalinfos","https:\/\/x.com\/VosgesInfo88","https:\/\/www.youtube.com\/@vosgesinfo"]},{"@type":"Person","@id":"https:\/\/vosgesinfo.fr\/epinalinfo\/#\/schema\/person\/6f9a650eeea99d969b6c4ab78fccbe81","name":"C.K.","image":{"@type":"ImageObject","inLanguage":"fr-FR","@id":"https:\/\/vosgesinfo.fr\/epinalinfo\/#\/schema\/person\/image\/","url":"https:\/\/secure.gravatar.com\/avatar\/48e3fc7f8421ba8942be6b74a2b7f014ca39bc00dece156b7a8e098ae7dc87bf?s=96&d=mm&r=g","contentUrl":"https:\/\/secure.gravatar.com\/avatar\/48e3fc7f8421ba8942be6b74a2b7f014ca39bc00dece156b7a8e098ae7dc87bf?s=96&d=mm&r=g","caption":"C.K."},"url":"https:\/\/vosgesinfo.fr\/epinalinfo\/author\/celia-k-n\/"}]}},"_links":{"self":[{"href":"https:\/\/vosgesinfo.fr\/epinalinfo\/wp-json\/wp\/v2\/posts\/46158","targetHints":{"allow":["GET"]}}],"collection":[{"href":"https:\/\/vosgesinfo.fr\/epinalinfo\/wp-json\/wp\/v2\/posts"}],"about":[{"href":"https:\/\/vosgesinfo.fr\/epinalinfo\/wp-json\/wp\/v2\/types\/post"}],"author":[{"embeddable":true,"href":"https:\/\/vosgesinfo.fr\/epinalinfo\/wp-json\/wp\/v2\/users\/52"}],"replies":[{"embeddable":true,"href":"https:\/\/vosgesinfo.fr\/epinalinfo\/wp-json\/wp\/v2\/comments?post=46158"}],"version-history":[{"count":0,"href":"https:\/\/vosgesinfo.fr\/epinalinfo\/wp-json\/wp\/v2\/posts\/46158\/revisions"}],"wp:attachment":[{"href":"https:\/\/vosgesinfo.fr\/epinalinfo\/wp-json\/wp\/v2\/media?parent=46158"}],"wp:term":[{"taxonomy":"category","embeddable":true,"href":"https:\/\/vosgesinfo.fr\/epinalinfo\/wp-json\/wp\/v2\/categories?post=46158"},{"taxonomy":"post_tag","embeddable":true,"href":"https:\/\/vosgesinfo.fr\/epinalinfo\/wp-json\/wp\/v2\/tags?post=46158"}],"curies":[{"name":"wp","href":"https:\/\/api.w.org\/{rel}","templated":true}]}}