{"id":46347,"date":"2015-05-02T12:56:51","date_gmt":"2015-05-02T10:56:51","guid":{"rendered":"https:\/\/vosgesinfo.fr\/epinalinfo\/2015\/05\/saint-maurice-sur-moselle-victime-dun-grave-accident-le-1er-mai-kevin-fornezzo-est-decede\/"},"modified":"2015-05-02T12:56:51","modified_gmt":"2015-05-02T10:56:51","slug":"saint-maurice-sur-moselle-victime-dun-grave-accident-le-1er-mai-kevin-fornezzo-est-decede","status":"publish","type":"post","link":"https:\/\/vosgesinfo.fr\/epinalinfo\/2015\/05\/saint-maurice-sur-moselle-victime-dun-grave-accident-le-1er-mai-kevin-fornezzo-est-decede\/","title":{"rendered":"Saint-Maurice-sur-Moselle \u2013 Victime d\u2019un grave accident le 1er mai, K\u00e9vin Fornezzo est d\u00e9c\u00e9d\u00e9"},"content":{"rendered":"<div class=\"entry-byline cf\"><\/div>\n<div class=\"entry-content cf\">\n<blockquote><p><strong>Ecrit par D.J.<\/strong><\/p><\/blockquote>\n<p><strong>Victime d\u2019un grave accident \u00e0 l\u2019entr\u00e9e de Saint-Maurice-sur-Moselle ce vendredi 1er mai 2015 \u00e0 3 heures 20 du matin, K\u00e9vin Fonezzo n\u2019a pas surv\u00e9cu \u00e0 ses blessures. Il est d\u00e9c\u00e9d\u00e9 ce samedi matin \u00e0 l\u2019h\u00f4pital central de Nancy. Il avait eu 18 ans le 17 mars 2015.<\/strong><\/p>\n<\/div>\n","protected":false},"excerpt":{"rendered":"<p>Ecrit par D.J. Victime d\u2019un grave accident \u00e0 l\u2019entr\u00e9e de Saint-Maurice-sur-Moselle ce vendredi 1er mai 2015 \u00e0 3 heures 20 [&hellip;]<\/p>\n","protected":false},"author":52,"featured_media":0,"comment_status":"open","ping_status":"open","sticky":false,"template":"","format":"standard","meta":{"footnotes":""},"categories":[6,5],"tags":[],"class_list":["post-46347","post","type-post","status-publish","format-standard","hentry","category-faits-divers","category-vosges"],"acf":[],"yoast_head":"<!-- This site is optimized with the Yoast SEO plugin v22.5 - https:\/\/yoast.com\/wordpress\/plugins\/seo\/ -->\n<title>Saint-Maurice-sur-Moselle \u2013 Victime d\u2019un grave accident le 1er mai, K\u00e9vin Fornezzo est d\u00e9c\u00e9d\u00e9 - Epinal Info<\/title>\n<meta name=\"robots\" content=\"index, follow, max-snippet:-1, max-image-preview:large, max-video-preview:-1\" \/>\n<link rel=\"canonical\" href=\"https:\/\/vosgesinfo.fr\/epinalinfo\/2015\/05\/saint-maurice-sur-moselle-victime-dun-grave-accident-le-1er-mai-kevin-fornezzo-est-decede\/\" \/>\n<meta name=\"twitter:card\" content=\"summary_large_image\" \/>\n<meta name=\"twitter:title\" content=\"Saint-Maurice-sur-Moselle \u2013 Victime d\u2019un grave accident le 1er mai, K\u00e9vin Fornezzo est d\u00e9c\u00e9d\u00e9 - Epinal Info\" \/>\n<meta name=\"twitter:description\" content=\"Ecrit par D.J. Victime d\u2019un grave accident \u00e0 l\u2019entr\u00e9e de Saint-Maurice-sur-Moselle ce vendredi 1er mai 2015 \u00e0 3 heures 20 [&hellip;]\" \/>\n<meta name=\"twitter:creator\" content=\"@VosgesInfo88\" \/>\n<meta name=\"twitter:site\" content=\"@VosgesInfo88\" \/>\n<meta name=\"twitter:label1\" content=\"\u00c9crit par\" \/>\n\t<meta name=\"twitter:data1\" content=\"C.K.\" \/>\n<script type=\"application\/ld+json\" class=\"yoast-schema-graph\">{\"@context\":\"https:\/\/schema.org\",\"@graph\":[{\"@type\":\"Article\",\"@id\":\"https:\/\/vosgesinfo.fr\/epinalinfo\/2015\/05\/saint-maurice-sur-moselle-victime-dun-grave-accident-le-1er-mai-kevin-fornezzo-est-decede\/#article\",\"isPartOf\":{\"@id\":\"https:\/\/vosgesinfo.fr\/epinalinfo\/2015\/05\/saint-maurice-sur-moselle-victime-dun-grave-accident-le-1er-mai-kevin-fornezzo-est-decede\/\"},\"author\":{\"name\":\"C.K.\",\"@id\":\"https:\/\/vosgesinfo.fr\/epinalinfo\/#\/schema\/person\/6f9a650eeea99d969b6c4ab78fccbe81\"},\"headline\":\"Saint-Maurice-sur-Moselle \u2013 Victime d\u2019un grave accident le 1er mai, K\u00e9vin Fornezzo est d\u00e9c\u00e9d\u00e9\",\"datePublished\":\"2015-05-02T10:56:51+00:00\",\"dateModified\":\"2015-05-02T10:56:51+00:00\",\"mainEntityOfPage\":{\"@id\":\"https:\/\/vosgesinfo.fr\/epinalinfo\/2015\/05\/saint-maurice-sur-moselle-victime-dun-grave-accident-le-1er-mai-kevin-fornezzo-est-decede\/\"},\"wordCount\":67,\"commentCount\":0,\"publisher\":{\"@id\":\"https:\/\/vosgesinfo.fr\/epinalinfo\/#organization\"},\"articleSection\":[\"Faits-divers\",\"Vosges\"],\"inLanguage\":\"fr-FR\",\"potentialAction\":[{\"@type\":\"CommentAction\",\"name\":\"Comment\",\"target\":[\"https:\/\/vosgesinfo.fr\/epinalinfo\/2015\/05\/saint-maurice-sur-moselle-victime-dun-grave-accident-le-1er-mai-kevin-fornezzo-est-decede\/#respond\"]}]},{\"@type\":\"WebPage\",\"@id\":\"https:\/\/vosgesinfo.fr\/epinalinfo\/2015\/05\/saint-maurice-sur-moselle-victime-dun-grave-accident-le-1er-mai-kevin-fornezzo-est-decede\/\",\"url\":\"https:\/\/vosgesinfo.fr\/epinalinfo\/2015\/05\/saint-maurice-sur-moselle-victime-dun-grave-accident-le-1er-mai-kevin-fornezzo-est-decede\/\",\"name\":\"Saint-Maurice-sur-Moselle \u2013 Victime d\u2019un grave accident le 1er mai, K\u00e9vin Fornezzo est d\u00e9c\u00e9d\u00e9 - Epinal Info\",\"isPartOf\":{\"@id\":\"https:\/\/vosgesinfo.fr\/epinalinfo\/#website\"},\"datePublished\":\"2015-05-02T10:56:51+00:00\",\"dateModified\":\"2015-05-02T10:56:51+00:00\",\"breadcrumb\":{\"@id\":\"https:\/\/vosgesinfo.fr\/epinalinfo\/2015\/05\/saint-maurice-sur-moselle-victime-dun-grave-accident-le-1er-mai-kevin-fornezzo-est-decede\/#breadcrumb\"},\"inLanguage\":\"fr-FR\",\"potentialAction\":[{\"@type\":\"ReadAction\",\"target\":[\"https:\/\/vosgesinfo.fr\/epinalinfo\/2015\/05\/saint-maurice-sur-moselle-victime-dun-grave-accident-le-1er-mai-kevin-fornezzo-est-decede\/\"]}]},{\"@type\":\"BreadcrumbList\",\"@id\":\"https:\/\/vosgesinfo.fr\/epinalinfo\/2015\/05\/saint-maurice-sur-moselle-victime-dun-grave-accident-le-1er-mai-kevin-fornezzo-est-decede\/#breadcrumb\",\"itemListElement\":[{\"@type\":\"ListItem\",\"position\":1,\"name\":\"Home\",\"item\":\"https:\/\/vosgesinfo.fr\/epinalinfo\/\"},{\"@type\":\"ListItem\",\"position\":2,\"name\":\"Saint-Maurice-sur-Moselle \u2013 Victime d\u2019un grave accident le 1er mai, K\u00e9vin Fornezzo est d\u00e9c\u00e9d\u00e9\"}]},{\"@type\":\"WebSite\",\"@id\":\"https:\/\/vosgesinfo.fr\/epinalinfo\/#website\",\"url\":\"https:\/\/vosgesinfo.fr\/epinalinfo\/\",\"name\":\"Epinal Info\",\"description\":\"Toute l&#039;actualit\u00e9 d&#039;\u00c9pinal\",\"publisher\":{\"@id\":\"https:\/\/vosgesinfo.fr\/epinalinfo\/#organization\"},\"alternateName\":\"Toute l'actualit\u00e9 d'\u00c9pinal\",\"potentialAction\":[{\"@type\":\"SearchAction\",\"target\":{\"@type\":\"EntryPoint\",\"urlTemplate\":\"https:\/\/vosgesinfo.fr\/epinalinfo\/?s={search_term_string}\"},\"query-input\":\"required name=search_term_string\"}],\"inLanguage\":\"fr-FR\"},{\"@type\":\"Organization\",\"@id\":\"https:\/\/vosgesinfo.fr\/epinalinfo\/#organization\",\"name\":\"Epinal Info\",\"url\":\"https:\/\/vosgesinfo.fr\/epinalinfo\/\",\"logo\":{\"@type\":\"ImageObject\",\"inLanguage\":\"fr-FR\",\"@id\":\"https:\/\/vosgesinfo.fr\/epinalinfo\/#\/schema\/logo\/image\/\",\"url\":\"https:\/\/vosgesinfo.fr\/app\/uploads\/sites\/3\/2023\/08\/logo-epinalinfos.svg\",\"contentUrl\":\"https:\/\/vosgesinfo.fr\/app\/uploads\/sites\/3\/2023\/08\/logo-epinalinfos.svg\",\"width\":1,\"height\":1,\"caption\":\"Epinal Info\"},\"image\":{\"@id\":\"https:\/\/vosgesinfo.fr\/epinalinfo\/#\/schema\/logo\/image\/\"},\"sameAs\":[\"https:\/\/www.facebook.com\/Epinalinfos\",\"https:\/\/x.com\/VosgesInfo88\",\"https:\/\/www.youtube.com\/@vosgesinfo\"]},{\"@type\":\"Person\",\"@id\":\"https:\/\/vosgesinfo.fr\/epinalinfo\/#\/schema\/person\/6f9a650eeea99d969b6c4ab78fccbe81\",\"name\":\"C.K.\",\"image\":{\"@type\":\"ImageObject\",\"inLanguage\":\"fr-FR\",\"@id\":\"https:\/\/vosgesinfo.fr\/epinalinfo\/#\/schema\/person\/image\/\",\"url\":\"https:\/\/secure.gravatar.com\/avatar\/48e3fc7f8421ba8942be6b74a2b7f014ca39bc00dece156b7a8e098ae7dc87bf?s=96&d=mm&r=g\",\"contentUrl\":\"https:\/\/secure.gravatar.com\/avatar\/48e3fc7f8421ba8942be6b74a2b7f014ca39bc00dece156b7a8e098ae7dc87bf?s=96&d=mm&r=g\",\"caption\":\"C.K.\"},\"url\":\"https:\/\/vosgesinfo.fr\/epinalinfo\/author\/celia-k-n\/\"}]}<\/script>\n<!-- \/ Yoast SEO plugin. -->","yoast_head_json":{"title":"Saint-Maurice-sur-Moselle \u2013 Victime d\u2019un grave accident le 1er mai, K\u00e9vin Fornezzo est d\u00e9c\u00e9d\u00e9 - Epinal Info","robots":{"index":"index","follow":"follow","max-snippet":"max-snippet:-1","max-image-preview":"max-image-preview:large","max-video-preview":"max-video-preview:-1"},"canonical":"https:\/\/vosgesinfo.fr\/epinalinfo\/2015\/05\/saint-maurice-sur-moselle-victime-dun-grave-accident-le-1er-mai-kevin-fornezzo-est-decede\/","twitter_card":"summary_large_image","twitter_title":"Saint-Maurice-sur-Moselle \u2013 Victime d\u2019un grave accident le 1er mai, K\u00e9vin Fornezzo est d\u00e9c\u00e9d\u00e9 - Epinal Info","twitter_description":"Ecrit par D.J. Victime d\u2019un grave accident \u00e0 l\u2019entr\u00e9e de Saint-Maurice-sur-Moselle ce vendredi 1er mai 2015 \u00e0 3 heures 20 [&hellip;]","twitter_creator":"@VosgesInfo88","twitter_site":"@VosgesInfo88","twitter_misc":{"\u00c9crit par":"C.K."},"schema":{"@context":"https:\/\/schema.org","@graph":[{"@type":"Article","@id":"https:\/\/vosgesinfo.fr\/epinalinfo\/2015\/05\/saint-maurice-sur-moselle-victime-dun-grave-accident-le-1er-mai-kevin-fornezzo-est-decede\/#article","isPartOf":{"@id":"https:\/\/vosgesinfo.fr\/epinalinfo\/2015\/05\/saint-maurice-sur-moselle-victime-dun-grave-accident-le-1er-mai-kevin-fornezzo-est-decede\/"},"author":{"name":"C.K.","@id":"https:\/\/vosgesinfo.fr\/epinalinfo\/#\/schema\/person\/6f9a650eeea99d969b6c4ab78fccbe81"},"headline":"Saint-Maurice-sur-Moselle \u2013 Victime d\u2019un grave accident le 1er mai, K\u00e9vin Fornezzo est d\u00e9c\u00e9d\u00e9","datePublished":"2015-05-02T10:56:51+00:00","dateModified":"2015-05-02T10:56:51+00:00","mainEntityOfPage":{"@id":"https:\/\/vosgesinfo.fr\/epinalinfo\/2015\/05\/saint-maurice-sur-moselle-victime-dun-grave-accident-le-1er-mai-kevin-fornezzo-est-decede\/"},"wordCount":67,"commentCount":0,"publisher":{"@id":"https:\/\/vosgesinfo.fr\/epinalinfo\/#organization"},"articleSection":["Faits-divers","Vosges"],"inLanguage":"fr-FR","potentialAction":[{"@type":"CommentAction","name":"Comment","target":["https:\/\/vosgesinfo.fr\/epinalinfo\/2015\/05\/saint-maurice-sur-moselle-victime-dun-grave-accident-le-1er-mai-kevin-fornezzo-est-decede\/#respond"]}]},{"@type":"WebPage","@id":"https:\/\/vosgesinfo.fr\/epinalinfo\/2015\/05\/saint-maurice-sur-moselle-victime-dun-grave-accident-le-1er-mai-kevin-fornezzo-est-decede\/","url":"https:\/\/vosgesinfo.fr\/epinalinfo\/2015\/05\/saint-maurice-sur-moselle-victime-dun-grave-accident-le-1er-mai-kevin-fornezzo-est-decede\/","name":"Saint-Maurice-sur-Moselle \u2013 Victime d\u2019un grave accident le 1er mai, K\u00e9vin Fornezzo est d\u00e9c\u00e9d\u00e9 - Epinal Info","isPartOf":{"@id":"https:\/\/vosgesinfo.fr\/epinalinfo\/#website"},"datePublished":"2015-05-02T10:56:51+00:00","dateModified":"2015-05-02T10:56:51+00:00","breadcrumb":{"@id":"https:\/\/vosgesinfo.fr\/epinalinfo\/2015\/05\/saint-maurice-sur-moselle-victime-dun-grave-accident-le-1er-mai-kevin-fornezzo-est-decede\/#breadcrumb"},"inLanguage":"fr-FR","potentialAction":[{"@type":"ReadAction","target":["https:\/\/vosgesinfo.fr\/epinalinfo\/2015\/05\/saint-maurice-sur-moselle-victime-dun-grave-accident-le-1er-mai-kevin-fornezzo-est-decede\/"]}]},{"@type":"BreadcrumbList","@id":"https:\/\/vosgesinfo.fr\/epinalinfo\/2015\/05\/saint-maurice-sur-moselle-victime-dun-grave-accident-le-1er-mai-kevin-fornezzo-est-decede\/#breadcrumb","itemListElement":[{"@type":"ListItem","position":1,"name":"Home","item":"https:\/\/vosgesinfo.fr\/epinalinfo\/"},{"@type":"ListItem","position":2,"name":"Saint-Maurice-sur-Moselle \u2013 Victime d\u2019un grave accident le 1er mai, K\u00e9vin Fornezzo est d\u00e9c\u00e9d\u00e9"}]},{"@type":"WebSite","@id":"https:\/\/vosgesinfo.fr\/epinalinfo\/#website","url":"https:\/\/vosgesinfo.fr\/epinalinfo\/","name":"Epinal Info","description":"Toute l&#039;actualit\u00e9 d&#039;\u00c9pinal","publisher":{"@id":"https:\/\/vosgesinfo.fr\/epinalinfo\/#organization"},"alternateName":"Toute l'actualit\u00e9 d'\u00c9pinal","potentialAction":[{"@type":"SearchAction","target":{"@type":"EntryPoint","urlTemplate":"https:\/\/vosgesinfo.fr\/epinalinfo\/?s={search_term_string}"},"query-input":"required name=search_term_string"}],"inLanguage":"fr-FR"},{"@type":"Organization","@id":"https:\/\/vosgesinfo.fr\/epinalinfo\/#organization","name":"Epinal Info","url":"https:\/\/vosgesinfo.fr\/epinalinfo\/","logo":{"@type":"ImageObject","inLanguage":"fr-FR","@id":"https:\/\/vosgesinfo.fr\/epinalinfo\/#\/schema\/logo\/image\/","url":"https:\/\/vosgesinfo.fr\/app\/uploads\/sites\/3\/2023\/08\/logo-epinalinfos.svg","contentUrl":"https:\/\/vosgesinfo.fr\/app\/uploads\/sites\/3\/2023\/08\/logo-epinalinfos.svg","width":1,"height":1,"caption":"Epinal Info"},"image":{"@id":"https:\/\/vosgesinfo.fr\/epinalinfo\/#\/schema\/logo\/image\/"},"sameAs":["https:\/\/www.facebook.com\/Epinalinfos","https:\/\/x.com\/VosgesInfo88","https:\/\/www.youtube.com\/@vosgesinfo"]},{"@type":"Person","@id":"https:\/\/vosgesinfo.fr\/epinalinfo\/#\/schema\/person\/6f9a650eeea99d969b6c4ab78fccbe81","name":"C.K.","image":{"@type":"ImageObject","inLanguage":"fr-FR","@id":"https:\/\/vosgesinfo.fr\/epinalinfo\/#\/schema\/person\/image\/","url":"https:\/\/secure.gravatar.com\/avatar\/48e3fc7f8421ba8942be6b74a2b7f014ca39bc00dece156b7a8e098ae7dc87bf?s=96&d=mm&r=g","contentUrl":"https:\/\/secure.gravatar.com\/avatar\/48e3fc7f8421ba8942be6b74a2b7f014ca39bc00dece156b7a8e098ae7dc87bf?s=96&d=mm&r=g","caption":"C.K."},"url":"https:\/\/vosgesinfo.fr\/epinalinfo\/author\/celia-k-n\/"}]}},"_links":{"self":[{"href":"https:\/\/vosgesinfo.fr\/epinalinfo\/wp-json\/wp\/v2\/posts\/46347","targetHints":{"allow":["GET"]}}],"collection":[{"href":"https:\/\/vosgesinfo.fr\/epinalinfo\/wp-json\/wp\/v2\/posts"}],"about":[{"href":"https:\/\/vosgesinfo.fr\/epinalinfo\/wp-json\/wp\/v2\/types\/post"}],"author":[{"embeddable":true,"href":"https:\/\/vosgesinfo.fr\/epinalinfo\/wp-json\/wp\/v2\/users\/52"}],"replies":[{"embeddable":true,"href":"https:\/\/vosgesinfo.fr\/epinalinfo\/wp-json\/wp\/v2\/comments?post=46347"}],"version-history":[{"count":0,"href":"https:\/\/vosgesinfo.fr\/epinalinfo\/wp-json\/wp\/v2\/posts\/46347\/revisions"}],"wp:attachment":[{"href":"https:\/\/vosgesinfo.fr\/epinalinfo\/wp-json\/wp\/v2\/media?parent=46347"}],"wp:term":[{"taxonomy":"category","embeddable":true,"href":"https:\/\/vosgesinfo.fr\/epinalinfo\/wp-json\/wp\/v2\/categories?post=46347"},{"taxonomy":"post_tag","embeddable":true,"href":"https:\/\/vosgesinfo.fr\/epinalinfo\/wp-json\/wp\/v2\/tags?post=46347"}],"curies":[{"name":"wp","href":"https:\/\/api.w.org\/{rel}","templated":true}]}}