{"id":488,"date":"2023-08-18T13:41:01","date_gmt":"2023-08-18T11:41:01","guid":{"rendered":"https:\/\/vosgesinfo.fr\/epinalinfo\/2023\/08\/des-ateliers-cuisine-anti-gaspillage-dans-les-vosges\/"},"modified":"2024-02-27T18:10:38","modified_gmt":"2024-02-27T17:10:38","slug":"ateliers-cuisine-anti-gaspillage-vosges","status":"publish","type":"post","link":"https:\/\/vosgesinfo.fr\/epinalinfo\/2023\/08\/ateliers-cuisine-anti-gaspillage-vosges\/","title":{"rendered":"Des ateliers cuisine anti-gaspillage dans les Vosges"},"content":{"rendered":"<h2><span style=\"font-size: 14pt;\"><a href=\"https:\/\/epinalinfos.fr\/wp-content\/uploads\/2023\/08\/restaurant-1284351_960_720.jpg\"><img decoding=\"async\" class=\"aligncenter size-large wp-image-223102\" src=\"https:\/\/vosgesinfo.fr\/app\/uploads\/sites\/3\/2023\/08\/restaurant-1284351-960-720.jpg\" alt=\"restaurant-1284351_960_720\" width=\"800\" height=\"533\" \/><\/a>L\u2019association Les Insatiables agit pour permettre \u00e0 chacun d\u2019avoir une alimentation saine , durable et adapt\u00e9e. Soutenu par la Conf\u00e9rence des Financeurs des Vosges, Les Insatiables proposent trois ateliers de cuisine encadr\u00e9s par une di\u00e9t\u00e9ticienne nutritionniste, pour aborder la cuisine gourmande, locale et \u00e9quilibr\u00e9e.<\/span><\/h2>\n<p>Ces ateliers cuisines sont port\u00e9s sur l\u2019anti-gaspillage. L\u2019objectif est de r\u00e9aliser plusieurs recettes avec un m\u00eame ingr\u00e9dient, et, d\u2019apprendre des astuces pour faire le moins de gaspillage possible au quotidien.<\/p>\n<h3>Au menu<\/h3>\n<p>Les participants profiteront d\u2019un moment d\u2019\u00e9change avec un expert en nutrition puis se mettront derri\u00e8re les fourneaux pour concocter des recettes gourmandes avec le m\u00eame ingr\u00e9dient. Ils partageront ensuite un moment de convivialit\u00e9 et de d\u00e9gustation des plats qu\u2019ils auront pr\u00e9par\u00e9s tous ensemble!<\/p>\n<h3>3 ateliers cuisine, 3 dates et lieux diff\u00e9rents:<\/h3>\n<p>LIEU:<\/p>\n<p>Le p\u2019tit campagnard, 470 Rue de Xertigny, 88370 <strong>Girancourt<\/strong><\/p>\n<p>DATE ET HEURE:10h00 \u201312h00, mardi 5 septembre 2023<\/p>\n<p>LIEU:<\/p>\n<p>R\u00e9sidence Seniors, 4 rue Notre Dame, 88500 <strong>Mattaincourt<\/strong><\/p>\n<p>DATE ET HEURE:10h00 \u201312h00, jeudi 21septembre 2023<\/p>\n<p>LIEU:<\/p>\n<p>Le p\u2019tit campagnard, 470 Rue de Xertigny, 88220 <strong>Dounoux<\/strong><\/p>\n<p>DATE ET HEURE:D\u00e9but octobre mais date pr\u00e9cise \u00e0 confirmer<\/p>\n<p><strong>POUR S\u2019INSCRIRE:<\/strong>Inscription gratuite mais obligatoire aupr\u00e8s des Insatiables \u00e0 grand-est@lesinsatiables.orgou au 07 50 64 03 71<\/p>\n","protected":false},"excerpt":{"rendered":"<p>L\u2019association Les Insatiables agit pour permettre \u00e0 chacun d\u2019avoir une alimentation saine , durable et adapt\u00e9e. Soutenu par la Conf\u00e9rence [&hellip;]<\/p>\n","protected":false},"author":52,"featured_media":487,"comment_status":"open","ping_status":"open","sticky":false,"template":"","format":"standard","meta":{"footnotes":""},"categories":[22,5],"tags":[196,197,198],"class_list":["post-488","post","type-post","status-publish","format-standard","has-post-thumbnail","hentry","category-a-la-une","category-vosges","tag-antigaspi","tag-atelier-cuisine","tag-cuisine"],"acf":[],"yoast_head":"<!-- This site is optimized with the Yoast SEO plugin v22.5 - https:\/\/yoast.com\/wordpress\/plugins\/seo\/ -->\n<title>Des ateliers cuisine anti-gaspillage dans les Vosges - Epinal Info<\/title>\n<meta name=\"robots\" content=\"index, follow, max-snippet:-1, max-image-preview:large, max-video-preview:-1\" \/>\n<link rel=\"canonical\" href=\"https:\/\/vosgesinfo.fr\/epinalinfo\/2023\/08\/ateliers-cuisine-anti-gaspillage-vosges\/\" \/>\n<meta name=\"twitter:card\" content=\"summary_large_image\" \/>\n<meta name=\"twitter:title\" content=\"Des ateliers cuisine anti-gaspillage dans les Vosges - Epinal Info\" \/>\n<meta name=\"twitter:description\" content=\"L\u2019association Les Insatiables agit pour permettre \u00e0 chacun d\u2019avoir une alimentation saine , durable et adapt\u00e9e. Soutenu par la Conf\u00e9rence [&hellip;]\" \/>\n<meta name=\"twitter:image\" content=\"https:\/\/vosgesinfo.fr\/app\/uploads\/sites\/3\/2023\/08\/restaurant-1284351-960-720.jpg\" \/>\n<meta name=\"twitter:creator\" content=\"@VosgesInfo88\" \/>\n<meta name=\"twitter:site\" content=\"@VosgesInfo88\" \/>\n<meta name=\"twitter:label1\" content=\"\u00c9crit par\" \/>\n\t<meta name=\"twitter:data1\" content=\"C.K.\" \/>\n\t<meta name=\"twitter:label2\" content=\"Dur\u00e9e de lecture estim\u00e9e\" \/>\n\t<meta name=\"twitter:data2\" content=\"1 minute\" \/>\n<script type=\"application\/ld+json\" class=\"yoast-schema-graph\">{\"@context\":\"https:\/\/schema.org\",\"@graph\":[{\"@type\":\"Article\",\"@id\":\"https:\/\/vosgesinfo.fr\/epinalinfo\/2023\/08\/ateliers-cuisine-anti-gaspillage-vosges\/#article\",\"isPartOf\":{\"@id\":\"https:\/\/vosgesinfo.fr\/epinalinfo\/2023\/08\/ateliers-cuisine-anti-gaspillage-vosges\/\"},\"author\":{\"name\":\"C.K.\",\"@id\":\"https:\/\/vosgesinfo.fr\/epinalinfo\/#\/schema\/person\/6f9a650eeea99d969b6c4ab78fccbe81\"},\"headline\":\"Des ateliers cuisine anti-gaspillage dans les Vosges\",\"datePublished\":\"2023-08-18T11:41:01+00:00\",\"dateModified\":\"2024-02-27T17:10:38+00:00\",\"mainEntityOfPage\":{\"@id\":\"https:\/\/vosgesinfo.fr\/epinalinfo\/2023\/08\/ateliers-cuisine-anti-gaspillage-vosges\/\"},\"wordCount\":221,\"commentCount\":0,\"publisher\":{\"@id\":\"https:\/\/vosgesinfo.fr\/epinalinfo\/#organization\"},\"image\":{\"@id\":\"https:\/\/vosgesinfo.fr\/epinalinfo\/2023\/08\/ateliers-cuisine-anti-gaspillage-vosges\/#primaryimage\"},\"thumbnailUrl\":\"https:\/\/vosgesinfo.fr\/app\/uploads\/sites\/3\/2023\/08\/restaurant-1284351-960-720.jpg\",\"keywords\":[\"antigaspi\",\"Atelier cuisine\",\"cuisine\"],\"articleSection\":[\"A la Une\",\"Vosges\"],\"inLanguage\":\"fr-FR\",\"potentialAction\":[{\"@type\":\"CommentAction\",\"name\":\"Comment\",\"target\":[\"https:\/\/vosgesinfo.fr\/epinalinfo\/2023\/08\/ateliers-cuisine-anti-gaspillage-vosges\/#respond\"]}]},{\"@type\":\"WebPage\",\"@id\":\"https:\/\/vosgesinfo.fr\/epinalinfo\/2023\/08\/ateliers-cuisine-anti-gaspillage-vosges\/\",\"url\":\"https:\/\/vosgesinfo.fr\/epinalinfo\/2023\/08\/ateliers-cuisine-anti-gaspillage-vosges\/\",\"name\":\"Des ateliers cuisine anti-gaspillage dans les Vosges - Epinal Info\",\"isPartOf\":{\"@id\":\"https:\/\/vosgesinfo.fr\/epinalinfo\/#website\"},\"primaryImageOfPage\":{\"@id\":\"https:\/\/vosgesinfo.fr\/epinalinfo\/2023\/08\/ateliers-cuisine-anti-gaspillage-vosges\/#primaryimage\"},\"image\":{\"@id\":\"https:\/\/vosgesinfo.fr\/epinalinfo\/2023\/08\/ateliers-cuisine-anti-gaspillage-vosges\/#primaryimage\"},\"thumbnailUrl\":\"https:\/\/vosgesinfo.fr\/app\/uploads\/sites\/3\/2023\/08\/restaurant-1284351-960-720.jpg\",\"datePublished\":\"2023-08-18T11:41:01+00:00\",\"dateModified\":\"2024-02-27T17:10:38+00:00\",\"breadcrumb\":{\"@id\":\"https:\/\/vosgesinfo.fr\/epinalinfo\/2023\/08\/ateliers-cuisine-anti-gaspillage-vosges\/#breadcrumb\"},\"inLanguage\":\"fr-FR\",\"potentialAction\":[{\"@type\":\"ReadAction\",\"target\":[\"https:\/\/vosgesinfo.fr\/epinalinfo\/2023\/08\/ateliers-cuisine-anti-gaspillage-vosges\/\"]}]},{\"@type\":\"ImageObject\",\"inLanguage\":\"fr-FR\",\"@id\":\"https:\/\/vosgesinfo.fr\/epinalinfo\/2023\/08\/ateliers-cuisine-anti-gaspillage-vosges\/#primaryimage\",\"url\":\"https:\/\/vosgesinfo.fr\/app\/uploads\/sites\/3\/2023\/08\/restaurant-1284351-960-720.jpg\",\"contentUrl\":\"https:\/\/vosgesinfo.fr\/app\/uploads\/sites\/3\/2023\/08\/restaurant-1284351-960-720.jpg\",\"width\":800,\"height\":533},{\"@type\":\"BreadcrumbList\",\"@id\":\"https:\/\/vosgesinfo.fr\/epinalinfo\/2023\/08\/ateliers-cuisine-anti-gaspillage-vosges\/#breadcrumb\",\"itemListElement\":[{\"@type\":\"ListItem\",\"position\":1,\"name\":\"Home\",\"item\":\"https:\/\/vosgesinfo.fr\/epinalinfo\/\"},{\"@type\":\"ListItem\",\"position\":2,\"name\":\"Des ateliers cuisine anti-gaspillage dans les Vosges\"}]},{\"@type\":\"WebSite\",\"@id\":\"https:\/\/vosgesinfo.fr\/epinalinfo\/#website\",\"url\":\"https:\/\/vosgesinfo.fr\/epinalinfo\/\",\"name\":\"Epinal Info\",\"description\":\"Toute l&#039;actualit\u00e9 d&#039;\u00c9pinal\",\"publisher\":{\"@id\":\"https:\/\/vosgesinfo.fr\/epinalinfo\/#organization\"},\"alternateName\":\"Toute l'actualit\u00e9 d'\u00c9pinal\",\"potentialAction\":[{\"@type\":\"SearchAction\",\"target\":{\"@type\":\"EntryPoint\",\"urlTemplate\":\"https:\/\/vosgesinfo.fr\/epinalinfo\/?s={search_term_string}\"},\"query-input\":\"required name=search_term_string\"}],\"inLanguage\":\"fr-FR\"},{\"@type\":\"Organization\",\"@id\":\"https:\/\/vosgesinfo.fr\/epinalinfo\/#organization\",\"name\":\"Epinal Info\",\"url\":\"https:\/\/vosgesinfo.fr\/epinalinfo\/\",\"logo\":{\"@type\":\"ImageObject\",\"inLanguage\":\"fr-FR\",\"@id\":\"https:\/\/vosgesinfo.fr\/epinalinfo\/#\/schema\/logo\/image\/\",\"url\":\"https:\/\/vosgesinfo.fr\/app\/uploads\/sites\/3\/2023\/08\/logo-epinalinfos.svg\",\"contentUrl\":\"https:\/\/vosgesinfo.fr\/app\/uploads\/sites\/3\/2023\/08\/logo-epinalinfos.svg\",\"width\":1,\"height\":1,\"caption\":\"Epinal Info\"},\"image\":{\"@id\":\"https:\/\/vosgesinfo.fr\/epinalinfo\/#\/schema\/logo\/image\/\"},\"sameAs\":[\"https:\/\/www.facebook.com\/Epinalinfos\",\"https:\/\/x.com\/VosgesInfo88\",\"https:\/\/www.youtube.com\/@vosgesinfo\"]},{\"@type\":\"Person\",\"@id\":\"https:\/\/vosgesinfo.fr\/epinalinfo\/#\/schema\/person\/6f9a650eeea99d969b6c4ab78fccbe81\",\"name\":\"C.K.\",\"image\":{\"@type\":\"ImageObject\",\"inLanguage\":\"fr-FR\",\"@id\":\"https:\/\/vosgesinfo.fr\/epinalinfo\/#\/schema\/person\/image\/\",\"url\":\"https:\/\/secure.gravatar.com\/avatar\/48e3fc7f8421ba8942be6b74a2b7f014ca39bc00dece156b7a8e098ae7dc87bf?s=96&d=mm&r=g\",\"contentUrl\":\"https:\/\/secure.gravatar.com\/avatar\/48e3fc7f8421ba8942be6b74a2b7f014ca39bc00dece156b7a8e098ae7dc87bf?s=96&d=mm&r=g\",\"caption\":\"C.K.\"},\"url\":\"https:\/\/vosgesinfo.fr\/epinalinfo\/author\/celia-k-n\/\"}]}<\/script>\n<!-- \/ Yoast SEO plugin. -->","yoast_head_json":{"title":"Des ateliers cuisine anti-gaspillage dans les Vosges - Epinal Info","robots":{"index":"index","follow":"follow","max-snippet":"max-snippet:-1","max-image-preview":"max-image-preview:large","max-video-preview":"max-video-preview:-1"},"canonical":"https:\/\/vosgesinfo.fr\/epinalinfo\/2023\/08\/ateliers-cuisine-anti-gaspillage-vosges\/","twitter_card":"summary_large_image","twitter_title":"Des ateliers cuisine anti-gaspillage dans les Vosges - Epinal Info","twitter_description":"L\u2019association Les Insatiables agit pour permettre \u00e0 chacun d\u2019avoir une alimentation saine , durable et adapt\u00e9e. Soutenu par la Conf\u00e9rence [&hellip;]","twitter_image":"https:\/\/vosgesinfo.fr\/app\/uploads\/sites\/3\/2023\/08\/restaurant-1284351-960-720.jpg","twitter_creator":"@VosgesInfo88","twitter_site":"@VosgesInfo88","twitter_misc":{"\u00c9crit par":"C.K.","Dur\u00e9e de lecture estim\u00e9e":"1 minute"},"schema":{"@context":"https:\/\/schema.org","@graph":[{"@type":"Article","@id":"https:\/\/vosgesinfo.fr\/epinalinfo\/2023\/08\/ateliers-cuisine-anti-gaspillage-vosges\/#article","isPartOf":{"@id":"https:\/\/vosgesinfo.fr\/epinalinfo\/2023\/08\/ateliers-cuisine-anti-gaspillage-vosges\/"},"author":{"name":"C.K.","@id":"https:\/\/vosgesinfo.fr\/epinalinfo\/#\/schema\/person\/6f9a650eeea99d969b6c4ab78fccbe81"},"headline":"Des ateliers cuisine anti-gaspillage dans les Vosges","datePublished":"2023-08-18T11:41:01+00:00","dateModified":"2024-02-27T17:10:38+00:00","mainEntityOfPage":{"@id":"https:\/\/vosgesinfo.fr\/epinalinfo\/2023\/08\/ateliers-cuisine-anti-gaspillage-vosges\/"},"wordCount":221,"commentCount":0,"publisher":{"@id":"https:\/\/vosgesinfo.fr\/epinalinfo\/#organization"},"image":{"@id":"https:\/\/vosgesinfo.fr\/epinalinfo\/2023\/08\/ateliers-cuisine-anti-gaspillage-vosges\/#primaryimage"},"thumbnailUrl":"https:\/\/vosgesinfo.fr\/app\/uploads\/sites\/3\/2023\/08\/restaurant-1284351-960-720.jpg","keywords":["antigaspi","Atelier cuisine","cuisine"],"articleSection":["A la Une","Vosges"],"inLanguage":"fr-FR","potentialAction":[{"@type":"CommentAction","name":"Comment","target":["https:\/\/vosgesinfo.fr\/epinalinfo\/2023\/08\/ateliers-cuisine-anti-gaspillage-vosges\/#respond"]}]},{"@type":"WebPage","@id":"https:\/\/vosgesinfo.fr\/epinalinfo\/2023\/08\/ateliers-cuisine-anti-gaspillage-vosges\/","url":"https:\/\/vosgesinfo.fr\/epinalinfo\/2023\/08\/ateliers-cuisine-anti-gaspillage-vosges\/","name":"Des ateliers cuisine anti-gaspillage dans les Vosges - Epinal Info","isPartOf":{"@id":"https:\/\/vosgesinfo.fr\/epinalinfo\/#website"},"primaryImageOfPage":{"@id":"https:\/\/vosgesinfo.fr\/epinalinfo\/2023\/08\/ateliers-cuisine-anti-gaspillage-vosges\/#primaryimage"},"image":{"@id":"https:\/\/vosgesinfo.fr\/epinalinfo\/2023\/08\/ateliers-cuisine-anti-gaspillage-vosges\/#primaryimage"},"thumbnailUrl":"https:\/\/vosgesinfo.fr\/app\/uploads\/sites\/3\/2023\/08\/restaurant-1284351-960-720.jpg","datePublished":"2023-08-18T11:41:01+00:00","dateModified":"2024-02-27T17:10:38+00:00","breadcrumb":{"@id":"https:\/\/vosgesinfo.fr\/epinalinfo\/2023\/08\/ateliers-cuisine-anti-gaspillage-vosges\/#breadcrumb"},"inLanguage":"fr-FR","potentialAction":[{"@type":"ReadAction","target":["https:\/\/vosgesinfo.fr\/epinalinfo\/2023\/08\/ateliers-cuisine-anti-gaspillage-vosges\/"]}]},{"@type":"ImageObject","inLanguage":"fr-FR","@id":"https:\/\/vosgesinfo.fr\/epinalinfo\/2023\/08\/ateliers-cuisine-anti-gaspillage-vosges\/#primaryimage","url":"https:\/\/vosgesinfo.fr\/app\/uploads\/sites\/3\/2023\/08\/restaurant-1284351-960-720.jpg","contentUrl":"https:\/\/vosgesinfo.fr\/app\/uploads\/sites\/3\/2023\/08\/restaurant-1284351-960-720.jpg","width":800,"height":533},{"@type":"BreadcrumbList","@id":"https:\/\/vosgesinfo.fr\/epinalinfo\/2023\/08\/ateliers-cuisine-anti-gaspillage-vosges\/#breadcrumb","itemListElement":[{"@type":"ListItem","position":1,"name":"Home","item":"https:\/\/vosgesinfo.fr\/epinalinfo\/"},{"@type":"ListItem","position":2,"name":"Des ateliers cuisine anti-gaspillage dans les Vosges"}]},{"@type":"WebSite","@id":"https:\/\/vosgesinfo.fr\/epinalinfo\/#website","url":"https:\/\/vosgesinfo.fr\/epinalinfo\/","name":"Epinal Info","description":"Toute l&#039;actualit\u00e9 d&#039;\u00c9pinal","publisher":{"@id":"https:\/\/vosgesinfo.fr\/epinalinfo\/#organization"},"alternateName":"Toute l'actualit\u00e9 d'\u00c9pinal","potentialAction":[{"@type":"SearchAction","target":{"@type":"EntryPoint","urlTemplate":"https:\/\/vosgesinfo.fr\/epinalinfo\/?s={search_term_string}"},"query-input":"required name=search_term_string"}],"inLanguage":"fr-FR"},{"@type":"Organization","@id":"https:\/\/vosgesinfo.fr\/epinalinfo\/#organization","name":"Epinal Info","url":"https:\/\/vosgesinfo.fr\/epinalinfo\/","logo":{"@type":"ImageObject","inLanguage":"fr-FR","@id":"https:\/\/vosgesinfo.fr\/epinalinfo\/#\/schema\/logo\/image\/","url":"https:\/\/vosgesinfo.fr\/app\/uploads\/sites\/3\/2023\/08\/logo-epinalinfos.svg","contentUrl":"https:\/\/vosgesinfo.fr\/app\/uploads\/sites\/3\/2023\/08\/logo-epinalinfos.svg","width":1,"height":1,"caption":"Epinal Info"},"image":{"@id":"https:\/\/vosgesinfo.fr\/epinalinfo\/#\/schema\/logo\/image\/"},"sameAs":["https:\/\/www.facebook.com\/Epinalinfos","https:\/\/x.com\/VosgesInfo88","https:\/\/www.youtube.com\/@vosgesinfo"]},{"@type":"Person","@id":"https:\/\/vosgesinfo.fr\/epinalinfo\/#\/schema\/person\/6f9a650eeea99d969b6c4ab78fccbe81","name":"C.K.","image":{"@type":"ImageObject","inLanguage":"fr-FR","@id":"https:\/\/vosgesinfo.fr\/epinalinfo\/#\/schema\/person\/image\/","url":"https:\/\/secure.gravatar.com\/avatar\/48e3fc7f8421ba8942be6b74a2b7f014ca39bc00dece156b7a8e098ae7dc87bf?s=96&d=mm&r=g","contentUrl":"https:\/\/secure.gravatar.com\/avatar\/48e3fc7f8421ba8942be6b74a2b7f014ca39bc00dece156b7a8e098ae7dc87bf?s=96&d=mm&r=g","caption":"C.K."},"url":"https:\/\/vosgesinfo.fr\/epinalinfo\/author\/celia-k-n\/"}]}},"_links":{"self":[{"href":"https:\/\/vosgesinfo.fr\/epinalinfo\/wp-json\/wp\/v2\/posts\/488","targetHints":{"allow":["GET"]}}],"collection":[{"href":"https:\/\/vosgesinfo.fr\/epinalinfo\/wp-json\/wp\/v2\/posts"}],"about":[{"href":"https:\/\/vosgesinfo.fr\/epinalinfo\/wp-json\/wp\/v2\/types\/post"}],"author":[{"embeddable":true,"href":"https:\/\/vosgesinfo.fr\/epinalinfo\/wp-json\/wp\/v2\/users\/52"}],"replies":[{"embeddable":true,"href":"https:\/\/vosgesinfo.fr\/epinalinfo\/wp-json\/wp\/v2\/comments?post=488"}],"version-history":[{"count":1,"href":"https:\/\/vosgesinfo.fr\/epinalinfo\/wp-json\/wp\/v2\/posts\/488\/revisions"}],"predecessor-version":[{"id":37312,"href":"https:\/\/vosgesinfo.fr\/epinalinfo\/wp-json\/wp\/v2\/posts\/488\/revisions\/37312"}],"wp:featuredmedia":[{"embeddable":true,"href":"https:\/\/vosgesinfo.fr\/epinalinfo\/wp-json\/wp\/v2\/media\/487"}],"wp:attachment":[{"href":"https:\/\/vosgesinfo.fr\/epinalinfo\/wp-json\/wp\/v2\/media?parent=488"}],"wp:term":[{"taxonomy":"category","embeddable":true,"href":"https:\/\/vosgesinfo.fr\/epinalinfo\/wp-json\/wp\/v2\/categories?post=488"},{"taxonomy":"post_tag","embeddable":true,"href":"https:\/\/vosgesinfo.fr\/epinalinfo\/wp-json\/wp\/v2\/tags?post=488"}],"curies":[{"name":"wp","href":"https:\/\/api.w.org\/{rel}","templated":true}]}}