{"id":49428,"date":"2024-08-20T07:00:04","date_gmt":"2024-08-20T05:00:04","guid":{"rendered":"https:\/\/vosgesinfo.fr\/epinalinfo\/?p=49428"},"modified":"2024-08-01T11:35:16","modified_gmt":"2024-08-01T09:35:16","slug":"journees-europeennes-du-patrimoine-decouvrez-litineraire-des-dechets-vosgiens-a-travers-3-visites-gratuites","status":"publish","type":"post","link":"https:\/\/vosgesinfo.fr\/epinalinfo\/2024\/08\/journees-europeennes-du-patrimoine-decouvrez-litineraire-des-dechets-vosgiens-a-travers-3-visites-gratuites\/","title":{"rendered":"Journ\u00e9es europ\u00e9ennes du patrimoine : d\u00e9couvrez l\u2019itin\u00e9raire des d\u00e9chets vosgiens \u00e0 travers 3 visites gratuites !"},"content":{"rendered":"<p><strong><img decoding=\"async\" class=\"aligncenter size-large wp-image-49478\" src=\"https:\/\/vosgesinfo.fr\/app\/uploads\/sites\/3\/2024\/08\/jep-2024-affiche-724x1024.png\" alt=\"\" width=\"724\" height=\"1024\" srcset=\"https:\/\/vosgesinfo.fr\/app\/uploads\/sites\/3\/2024\/08\/jep-2024-affiche-724x1024.png 724w, https:\/\/vosgesinfo.fr\/app\/uploads\/sites\/3\/2024\/08\/jep-2024-affiche-212x300.png 212w, https:\/\/vosgesinfo.fr\/app\/uploads\/sites\/3\/2024\/08\/jep-2024-affiche-768x1086.png 768w, https:\/\/vosgesinfo.fr\/app\/uploads\/sites\/3\/2024\/08\/jep-2024-affiche-1086x1536.png 1086w, https:\/\/vosgesinfo.fr\/app\/uploads\/sites\/3\/2024\/08\/jep-2024-affiche.png 1414w\" sizes=\"(max-width: 724px) 100vw, 724px\" \/>A la rentr\u00e9e, c\u2019est PARTI pour visiter\u00a0! Dans le cadre des journ\u00e9es europ\u00e9ennes du patrimoine, les 20, 21 et 22 septembre, \u00c9vodia vous invite \u00e0 d\u00e9couvrir l\u2019itin\u00e9raire des d\u00e9chets vosgiens en ouvrant exceptionnellement les portes des usines de traitement et de valorisation des d\u00e9chets le week-end :<\/strong><\/p>\n<ul>\n<li><strong>Unit\u00e9 de valorisation \u00e9nerg\u00e9tique FENIIX \u00e0 Rambervillers<\/strong><\/li>\n<li><strong>Centre de recyclage de la Maix \u00e0 Chavelot<\/strong><\/li>\n<li><strong>Centre de tri des textiles Vosges TLC \u00e0 Girmont<\/strong><\/li>\n<\/ul>\n<p><strong>\u00c9vodia transforme vos d\u00e9chets en ressources\u00a0:<\/strong><\/p>\n<p><strong>Lorsque vous d\u00e9posez vos d\u00e9chets sur votre trottoir ou lorsque vous les apportez dans les points d\u2019apport volontaire, ils ne disparaissent pas comme par magie<\/strong>. Une fois qu\u2019ils sont collect\u00e9s, \u00c9vodia se charge du traitement de vos d\u00e9chets (ordures m\u00e9nag\u00e8res, d\u00e9chets issus des d\u00e9ch\u00e8teries, d\u00e9chets recyclables et textiles d\u00e9pos\u00e9s dans les bornes textiles). Pour y parvenir nous sommes dot\u00e9s de sites de traitement des d\u00e9chets pr\u00e9sents sur le d\u00e9partement des Vosges : centre de recyclage \u00e0 Chavelot, unit\u00e9 de valorisation \u00e9nerg\u00e9tique FENIIX pr\u00e9sente \u00e0 Rambervillers et centre de tri textiles \u00e0 Girmont.<\/p>\n<p><strong>Une fois tri\u00e9s, vos d\u00e9chets sont transport\u00e9s dans les entreprises de recyclage qui sont en grande partie pr\u00e9sentes dans les Vosges, voire le Grand Est<\/strong>. \u00c9vodia met l\u2019\u00e9conomie circulaire au c\u0153ur de ses missions en misant sur des partenariats locaux qui donnent une seconde vie \u00e0 vos d\u00e9chets au c\u0153ur du d\u00e9partement. Ainsi vos gestes de tri sont cr\u00e9ateurs de nouvelles ressources, de nouvelles mati\u00e8res et surtout d\u2019activit\u00e9s et d\u2019emplois locaux.<\/p>\n<p><strong>Donnez du sens \u00e0 vos gestes de tri\u00a0:<\/strong><\/p>\n<p><strong>Nouveaut\u00e9 2024\u00a0!\u00a0A la suite de la visite du Centre de Recyclage d\u00e9couvrez le savoir-faire des recycleurs vosgiens et la seconde vie de vos d\u00e9chets tri\u00e9s \u00e0 la Maison de l\u2019Economie Circulaire. V\u00e9ritable vitrine de l\u2019\u00e9conomie circulaire, cet espace de 100 m2 vous fera d\u00e9couvrir les actions innovantes du territoire vosgien en mati\u00e8re de revalorisation des d\u00e9chets. <\/strong><\/p>\n<p><u>Le programme\u00a0:<\/u><\/p>\n<p><strong>\u2013 Vendredi 20 sept de 17h30 \u00e0 19h30<\/strong><\/p>\n<p>Visite du centre de recyclage de la Maix \u00e0 Chavelot<\/p>\n<p><strong>\u2013Samedi 21 sept de 10h \u00e0 12h<\/strong><\/p>\n<p>Visite du centre de recyclage de la Maix \u00e0 Chavelot<\/p>\n<p>Visite de l\u2019unit\u00e9 de valorisation \u00e9nerg\u00e9tique FENIIX \u00e0 Rambervillers :<\/p>\n<p>Visite du centre de tri des textiles Vosges TLC \u00e0 Girmont<\/p>\n<p><strong>\u2013 Samedi 21 sept de 14h \u00e0 15h30<\/strong><\/p>\n<p>Visite du centre de tri des textiles Vosges TLC \u00e0 Girmont<\/p>\n<p><strong>\u2013 Dimanche 22sept de 10h \u00e0 12h<\/strong><\/p>\n<p>Visite de l\u2019unit\u00e9 de valorisation \u00e9nerg\u00e9tique FENIIX \u00e0 Rambervillers<\/p>\n<p>Inscriptions gratuites &amp; obligatoires\u00a0: <a href=\"http:\/\/www.evodia.org\">www.evodia.org<\/a> ou sur nos r\u00e9seaux sociaux<\/p>\n<p><strong>Seul, je TRIE. Ensemble, on REDUIT. D\u00e9fi presque REUSSI\u00a0!<\/strong><\/p>\n","protected":false},"excerpt":{"rendered":"<p>A la rentr\u00e9e, c\u2019est PARTI pour visiter\u00a0! Dans le cadre des journ\u00e9es europ\u00e9ennes du patrimoine, les 20, 21 et 22 [&hellip;]<\/p>\n","protected":false},"author":52,"featured_media":49478,"comment_status":"open","ping_status":"open","sticky":false,"template":"","format":"standard","meta":{"footnotes":""},"categories":[22,24,6056,6057,3,6055,6155,5],"tags":[],"class_list":["post-49428","post","type-post","status-publish","format-standard","has-post-thumbnail","hentry","category-a-la-une","category-epinal","category-gerardmer","category-la-plaine-des-vosges","category-publi-reportage","category-remiremont","category-saint-die","category-vosges"],"acf":[],"yoast_head":"<!-- This site is optimized with the Yoast SEO plugin v22.5 - https:\/\/yoast.com\/wordpress\/plugins\/seo\/ -->\n<title>Journ\u00e9es europ\u00e9ennes du patrimoine : d\u00e9couvrez l\u2019itin\u00e9raire des d\u00e9chets vosgiens \u00e0 travers 3 visites gratuites ! - Epinal Info<\/title>\n<meta name=\"robots\" content=\"index, follow, max-snippet:-1, max-image-preview:large, max-video-preview:-1\" \/>\n<link rel=\"canonical\" href=\"https:\/\/vosgesinfo.fr\/epinalinfo\/2024\/08\/journees-europeennes-du-patrimoine-decouvrez-litineraire-des-dechets-vosgiens-a-travers-3-visites-gratuites\/\" \/>\n<meta name=\"twitter:card\" content=\"summary_large_image\" \/>\n<meta name=\"twitter:title\" content=\"Journ\u00e9es europ\u00e9ennes du patrimoine : d\u00e9couvrez l\u2019itin\u00e9raire des d\u00e9chets vosgiens \u00e0 travers 3 visites gratuites ! - Epinal Info\" \/>\n<meta name=\"twitter:description\" content=\"A la rentr\u00e9e, c\u2019est PARTI pour visiter\u00a0! Dans le cadre des journ\u00e9es europ\u00e9ennes du patrimoine, les 20, 21 et 22 [&hellip;]\" \/>\n<meta name=\"twitter:image\" content=\"https:\/\/vosgesinfo.fr\/app\/uploads\/sites\/3\/2024\/08\/jep-2024-affiche-724x1024.png\" \/>\n<meta name=\"twitter:creator\" content=\"@VosgesInfo88\" \/>\n<meta name=\"twitter:site\" content=\"@VosgesInfo88\" \/>\n<meta name=\"twitter:label1\" content=\"\u00c9crit par\" \/>\n\t<meta name=\"twitter:data1\" content=\"C.K.\" \/>\n\t<meta name=\"twitter:label2\" content=\"Dur\u00e9e de lecture estim\u00e9e\" \/>\n\t<meta name=\"twitter:data2\" content=\"2 minutes\" \/>\n<script type=\"application\/ld+json\" class=\"yoast-schema-graph\">{\"@context\":\"https:\/\/schema.org\",\"@graph\":[{\"@type\":\"Article\",\"@id\":\"https:\/\/vosgesinfo.fr\/epinalinfo\/2024\/08\/journees-europeennes-du-patrimoine-decouvrez-litineraire-des-dechets-vosgiens-a-travers-3-visites-gratuites\/#article\",\"isPartOf\":{\"@id\":\"https:\/\/vosgesinfo.fr\/epinalinfo\/2024\/08\/journees-europeennes-du-patrimoine-decouvrez-litineraire-des-dechets-vosgiens-a-travers-3-visites-gratuites\/\"},\"author\":{\"name\":\"C.K.\",\"@id\":\"https:\/\/vosgesinfo.fr\/epinalinfo\/#\/schema\/person\/6f9a650eeea99d969b6c4ab78fccbe81\"},\"headline\":\"Journ\u00e9es europ\u00e9ennes du patrimoine : d\u00e9couvrez l\u2019itin\u00e9raire des d\u00e9chets vosgiens \u00e0 travers 3 visites gratuites !\",\"datePublished\":\"2024-08-20T05:00:04+00:00\",\"dateModified\":\"2024-08-01T09:35:16+00:00\",\"mainEntityOfPage\":{\"@id\":\"https:\/\/vosgesinfo.fr\/epinalinfo\/2024\/08\/journees-europeennes-du-patrimoine-decouvrez-litineraire-des-dechets-vosgiens-a-travers-3-visites-gratuites\/\"},\"wordCount\":463,\"commentCount\":0,\"publisher\":{\"@id\":\"https:\/\/vosgesinfo.fr\/epinalinfo\/#organization\"},\"image\":{\"@id\":\"https:\/\/vosgesinfo.fr\/epinalinfo\/2024\/08\/journees-europeennes-du-patrimoine-decouvrez-litineraire-des-dechets-vosgiens-a-travers-3-visites-gratuites\/#primaryimage\"},\"thumbnailUrl\":\"https:\/\/vosgesinfo.fr\/app\/uploads\/sites\/3\/2024\/08\/jep-2024-affiche.png\",\"articleSection\":[\"A la Une\",\"Epinal\",\"Gerardmer\",\"La plaine des vosges\",\"Publi-reportage\",\"Remiremont\",\"Saint-di\u00e9\",\"Vosges\"],\"inLanguage\":\"fr-FR\",\"potentialAction\":[{\"@type\":\"CommentAction\",\"name\":\"Comment\",\"target\":[\"https:\/\/vosgesinfo.fr\/epinalinfo\/2024\/08\/journees-europeennes-du-patrimoine-decouvrez-litineraire-des-dechets-vosgiens-a-travers-3-visites-gratuites\/#respond\"]}]},{\"@type\":\"WebPage\",\"@id\":\"https:\/\/vosgesinfo.fr\/epinalinfo\/2024\/08\/journees-europeennes-du-patrimoine-decouvrez-litineraire-des-dechets-vosgiens-a-travers-3-visites-gratuites\/\",\"url\":\"https:\/\/vosgesinfo.fr\/epinalinfo\/2024\/08\/journees-europeennes-du-patrimoine-decouvrez-litineraire-des-dechets-vosgiens-a-travers-3-visites-gratuites\/\",\"name\":\"Journ\u00e9es europ\u00e9ennes du patrimoine : d\u00e9couvrez l\u2019itin\u00e9raire des d\u00e9chets vosgiens \u00e0 travers 3 visites gratuites ! - Epinal Info\",\"isPartOf\":{\"@id\":\"https:\/\/vosgesinfo.fr\/epinalinfo\/#website\"},\"primaryImageOfPage\":{\"@id\":\"https:\/\/vosgesinfo.fr\/epinalinfo\/2024\/08\/journees-europeennes-du-patrimoine-decouvrez-litineraire-des-dechets-vosgiens-a-travers-3-visites-gratuites\/#primaryimage\"},\"image\":{\"@id\":\"https:\/\/vosgesinfo.fr\/epinalinfo\/2024\/08\/journees-europeennes-du-patrimoine-decouvrez-litineraire-des-dechets-vosgiens-a-travers-3-visites-gratuites\/#primaryimage\"},\"thumbnailUrl\":\"https:\/\/vosgesinfo.fr\/app\/uploads\/sites\/3\/2024\/08\/jep-2024-affiche.png\",\"datePublished\":\"2024-08-20T05:00:04+00:00\",\"dateModified\":\"2024-08-01T09:35:16+00:00\",\"breadcrumb\":{\"@id\":\"https:\/\/vosgesinfo.fr\/epinalinfo\/2024\/08\/journees-europeennes-du-patrimoine-decouvrez-litineraire-des-dechets-vosgiens-a-travers-3-visites-gratuites\/#breadcrumb\"},\"inLanguage\":\"fr-FR\",\"potentialAction\":[{\"@type\":\"ReadAction\",\"target\":[\"https:\/\/vosgesinfo.fr\/epinalinfo\/2024\/08\/journees-europeennes-du-patrimoine-decouvrez-litineraire-des-dechets-vosgiens-a-travers-3-visites-gratuites\/\"]}]},{\"@type\":\"ImageObject\",\"inLanguage\":\"fr-FR\",\"@id\":\"https:\/\/vosgesinfo.fr\/epinalinfo\/2024\/08\/journees-europeennes-du-patrimoine-decouvrez-litineraire-des-dechets-vosgiens-a-travers-3-visites-gratuites\/#primaryimage\",\"url\":\"https:\/\/vosgesinfo.fr\/app\/uploads\/sites\/3\/2024\/08\/jep-2024-affiche.png\",\"contentUrl\":\"https:\/\/vosgesinfo.fr\/app\/uploads\/sites\/3\/2024\/08\/jep-2024-affiche.png\",\"width\":1414,\"height\":2000},{\"@type\":\"BreadcrumbList\",\"@id\":\"https:\/\/vosgesinfo.fr\/epinalinfo\/2024\/08\/journees-europeennes-du-patrimoine-decouvrez-litineraire-des-dechets-vosgiens-a-travers-3-visites-gratuites\/#breadcrumb\",\"itemListElement\":[{\"@type\":\"ListItem\",\"position\":1,\"name\":\"Home\",\"item\":\"https:\/\/vosgesinfo.fr\/epinalinfo\/\"},{\"@type\":\"ListItem\",\"position\":2,\"name\":\"Journ\u00e9es europ\u00e9ennes du patrimoine : d\u00e9couvrez l\u2019itin\u00e9raire des d\u00e9chets vosgiens \u00e0 travers 3 visites gratuites !\"}]},{\"@type\":\"WebSite\",\"@id\":\"https:\/\/vosgesinfo.fr\/epinalinfo\/#website\",\"url\":\"https:\/\/vosgesinfo.fr\/epinalinfo\/\",\"name\":\"Epinal Info\",\"description\":\"Toute l&#039;actualit\u00e9 d&#039;\u00c9pinal\",\"publisher\":{\"@id\":\"https:\/\/vosgesinfo.fr\/epinalinfo\/#organization\"},\"alternateName\":\"Toute l'actualit\u00e9 d'\u00c9pinal\",\"potentialAction\":[{\"@type\":\"SearchAction\",\"target\":{\"@type\":\"EntryPoint\",\"urlTemplate\":\"https:\/\/vosgesinfo.fr\/epinalinfo\/?s={search_term_string}\"},\"query-input\":\"required name=search_term_string\"}],\"inLanguage\":\"fr-FR\"},{\"@type\":\"Organization\",\"@id\":\"https:\/\/vosgesinfo.fr\/epinalinfo\/#organization\",\"name\":\"Epinal Info\",\"url\":\"https:\/\/vosgesinfo.fr\/epinalinfo\/\",\"logo\":{\"@type\":\"ImageObject\",\"inLanguage\":\"fr-FR\",\"@id\":\"https:\/\/vosgesinfo.fr\/epinalinfo\/#\/schema\/logo\/image\/\",\"url\":\"https:\/\/vosgesinfo.fr\/app\/uploads\/sites\/3\/2023\/08\/logo-epinalinfos.svg\",\"contentUrl\":\"https:\/\/vosgesinfo.fr\/app\/uploads\/sites\/3\/2023\/08\/logo-epinalinfos.svg\",\"width\":1,\"height\":1,\"caption\":\"Epinal Info\"},\"image\":{\"@id\":\"https:\/\/vosgesinfo.fr\/epinalinfo\/#\/schema\/logo\/image\/\"},\"sameAs\":[\"https:\/\/www.facebook.com\/Epinalinfos\",\"https:\/\/x.com\/VosgesInfo88\",\"https:\/\/www.youtube.com\/@vosgesinfo\"]},{\"@type\":\"Person\",\"@id\":\"https:\/\/vosgesinfo.fr\/epinalinfo\/#\/schema\/person\/6f9a650eeea99d969b6c4ab78fccbe81\",\"name\":\"C.K.\",\"image\":{\"@type\":\"ImageObject\",\"inLanguage\":\"fr-FR\",\"@id\":\"https:\/\/vosgesinfo.fr\/epinalinfo\/#\/schema\/person\/image\/\",\"url\":\"https:\/\/secure.gravatar.com\/avatar\/48e3fc7f8421ba8942be6b74a2b7f014ca39bc00dece156b7a8e098ae7dc87bf?s=96&d=mm&r=g\",\"contentUrl\":\"https:\/\/secure.gravatar.com\/avatar\/48e3fc7f8421ba8942be6b74a2b7f014ca39bc00dece156b7a8e098ae7dc87bf?s=96&d=mm&r=g\",\"caption\":\"C.K.\"},\"url\":\"https:\/\/vosgesinfo.fr\/epinalinfo\/author\/celia-k-n\/\"}]}<\/script>\n<!-- \/ Yoast SEO plugin. -->","yoast_head_json":{"title":"Journ\u00e9es europ\u00e9ennes du patrimoine : d\u00e9couvrez l\u2019itin\u00e9raire des d\u00e9chets vosgiens \u00e0 travers 3 visites gratuites ! - Epinal Info","robots":{"index":"index","follow":"follow","max-snippet":"max-snippet:-1","max-image-preview":"max-image-preview:large","max-video-preview":"max-video-preview:-1"},"canonical":"https:\/\/vosgesinfo.fr\/epinalinfo\/2024\/08\/journees-europeennes-du-patrimoine-decouvrez-litineraire-des-dechets-vosgiens-a-travers-3-visites-gratuites\/","twitter_card":"summary_large_image","twitter_title":"Journ\u00e9es europ\u00e9ennes du patrimoine : d\u00e9couvrez l\u2019itin\u00e9raire des d\u00e9chets vosgiens \u00e0 travers 3 visites gratuites ! - Epinal Info","twitter_description":"A la rentr\u00e9e, c\u2019est PARTI pour visiter\u00a0! Dans le cadre des journ\u00e9es europ\u00e9ennes du patrimoine, les 20, 21 et 22 [&hellip;]","twitter_image":"https:\/\/vosgesinfo.fr\/app\/uploads\/sites\/3\/2024\/08\/jep-2024-affiche-724x1024.png","twitter_creator":"@VosgesInfo88","twitter_site":"@VosgesInfo88","twitter_misc":{"\u00c9crit par":"C.K.","Dur\u00e9e de lecture estim\u00e9e":"2 minutes"},"schema":{"@context":"https:\/\/schema.org","@graph":[{"@type":"Article","@id":"https:\/\/vosgesinfo.fr\/epinalinfo\/2024\/08\/journees-europeennes-du-patrimoine-decouvrez-litineraire-des-dechets-vosgiens-a-travers-3-visites-gratuites\/#article","isPartOf":{"@id":"https:\/\/vosgesinfo.fr\/epinalinfo\/2024\/08\/journees-europeennes-du-patrimoine-decouvrez-litineraire-des-dechets-vosgiens-a-travers-3-visites-gratuites\/"},"author":{"name":"C.K.","@id":"https:\/\/vosgesinfo.fr\/epinalinfo\/#\/schema\/person\/6f9a650eeea99d969b6c4ab78fccbe81"},"headline":"Journ\u00e9es europ\u00e9ennes du patrimoine : d\u00e9couvrez l\u2019itin\u00e9raire des d\u00e9chets vosgiens \u00e0 travers 3 visites gratuites !","datePublished":"2024-08-20T05:00:04+00:00","dateModified":"2024-08-01T09:35:16+00:00","mainEntityOfPage":{"@id":"https:\/\/vosgesinfo.fr\/epinalinfo\/2024\/08\/journees-europeennes-du-patrimoine-decouvrez-litineraire-des-dechets-vosgiens-a-travers-3-visites-gratuites\/"},"wordCount":463,"commentCount":0,"publisher":{"@id":"https:\/\/vosgesinfo.fr\/epinalinfo\/#organization"},"image":{"@id":"https:\/\/vosgesinfo.fr\/epinalinfo\/2024\/08\/journees-europeennes-du-patrimoine-decouvrez-litineraire-des-dechets-vosgiens-a-travers-3-visites-gratuites\/#primaryimage"},"thumbnailUrl":"https:\/\/vosgesinfo.fr\/app\/uploads\/sites\/3\/2024\/08\/jep-2024-affiche.png","articleSection":["A la Une","Epinal","Gerardmer","La plaine des vosges","Publi-reportage","Remiremont","Saint-di\u00e9","Vosges"],"inLanguage":"fr-FR","potentialAction":[{"@type":"CommentAction","name":"Comment","target":["https:\/\/vosgesinfo.fr\/epinalinfo\/2024\/08\/journees-europeennes-du-patrimoine-decouvrez-litineraire-des-dechets-vosgiens-a-travers-3-visites-gratuites\/#respond"]}]},{"@type":"WebPage","@id":"https:\/\/vosgesinfo.fr\/epinalinfo\/2024\/08\/journees-europeennes-du-patrimoine-decouvrez-litineraire-des-dechets-vosgiens-a-travers-3-visites-gratuites\/","url":"https:\/\/vosgesinfo.fr\/epinalinfo\/2024\/08\/journees-europeennes-du-patrimoine-decouvrez-litineraire-des-dechets-vosgiens-a-travers-3-visites-gratuites\/","name":"Journ\u00e9es europ\u00e9ennes du patrimoine : d\u00e9couvrez l\u2019itin\u00e9raire des d\u00e9chets vosgiens \u00e0 travers 3 visites gratuites ! - Epinal Info","isPartOf":{"@id":"https:\/\/vosgesinfo.fr\/epinalinfo\/#website"},"primaryImageOfPage":{"@id":"https:\/\/vosgesinfo.fr\/epinalinfo\/2024\/08\/journees-europeennes-du-patrimoine-decouvrez-litineraire-des-dechets-vosgiens-a-travers-3-visites-gratuites\/#primaryimage"},"image":{"@id":"https:\/\/vosgesinfo.fr\/epinalinfo\/2024\/08\/journees-europeennes-du-patrimoine-decouvrez-litineraire-des-dechets-vosgiens-a-travers-3-visites-gratuites\/#primaryimage"},"thumbnailUrl":"https:\/\/vosgesinfo.fr\/app\/uploads\/sites\/3\/2024\/08\/jep-2024-affiche.png","datePublished":"2024-08-20T05:00:04+00:00","dateModified":"2024-08-01T09:35:16+00:00","breadcrumb":{"@id":"https:\/\/vosgesinfo.fr\/epinalinfo\/2024\/08\/journees-europeennes-du-patrimoine-decouvrez-litineraire-des-dechets-vosgiens-a-travers-3-visites-gratuites\/#breadcrumb"},"inLanguage":"fr-FR","potentialAction":[{"@type":"ReadAction","target":["https:\/\/vosgesinfo.fr\/epinalinfo\/2024\/08\/journees-europeennes-du-patrimoine-decouvrez-litineraire-des-dechets-vosgiens-a-travers-3-visites-gratuites\/"]}]},{"@type":"ImageObject","inLanguage":"fr-FR","@id":"https:\/\/vosgesinfo.fr\/epinalinfo\/2024\/08\/journees-europeennes-du-patrimoine-decouvrez-litineraire-des-dechets-vosgiens-a-travers-3-visites-gratuites\/#primaryimage","url":"https:\/\/vosgesinfo.fr\/app\/uploads\/sites\/3\/2024\/08\/jep-2024-affiche.png","contentUrl":"https:\/\/vosgesinfo.fr\/app\/uploads\/sites\/3\/2024\/08\/jep-2024-affiche.png","width":1414,"height":2000},{"@type":"BreadcrumbList","@id":"https:\/\/vosgesinfo.fr\/epinalinfo\/2024\/08\/journees-europeennes-du-patrimoine-decouvrez-litineraire-des-dechets-vosgiens-a-travers-3-visites-gratuites\/#breadcrumb","itemListElement":[{"@type":"ListItem","position":1,"name":"Home","item":"https:\/\/vosgesinfo.fr\/epinalinfo\/"},{"@type":"ListItem","position":2,"name":"Journ\u00e9es europ\u00e9ennes du patrimoine : d\u00e9couvrez l\u2019itin\u00e9raire des d\u00e9chets vosgiens \u00e0 travers 3 visites gratuites !"}]},{"@type":"WebSite","@id":"https:\/\/vosgesinfo.fr\/epinalinfo\/#website","url":"https:\/\/vosgesinfo.fr\/epinalinfo\/","name":"Epinal Info","description":"Toute l&#039;actualit\u00e9 d&#039;\u00c9pinal","publisher":{"@id":"https:\/\/vosgesinfo.fr\/epinalinfo\/#organization"},"alternateName":"Toute l'actualit\u00e9 d'\u00c9pinal","potentialAction":[{"@type":"SearchAction","target":{"@type":"EntryPoint","urlTemplate":"https:\/\/vosgesinfo.fr\/epinalinfo\/?s={search_term_string}"},"query-input":"required name=search_term_string"}],"inLanguage":"fr-FR"},{"@type":"Organization","@id":"https:\/\/vosgesinfo.fr\/epinalinfo\/#organization","name":"Epinal Info","url":"https:\/\/vosgesinfo.fr\/epinalinfo\/","logo":{"@type":"ImageObject","inLanguage":"fr-FR","@id":"https:\/\/vosgesinfo.fr\/epinalinfo\/#\/schema\/logo\/image\/","url":"https:\/\/vosgesinfo.fr\/app\/uploads\/sites\/3\/2023\/08\/logo-epinalinfos.svg","contentUrl":"https:\/\/vosgesinfo.fr\/app\/uploads\/sites\/3\/2023\/08\/logo-epinalinfos.svg","width":1,"height":1,"caption":"Epinal Info"},"image":{"@id":"https:\/\/vosgesinfo.fr\/epinalinfo\/#\/schema\/logo\/image\/"},"sameAs":["https:\/\/www.facebook.com\/Epinalinfos","https:\/\/x.com\/VosgesInfo88","https:\/\/www.youtube.com\/@vosgesinfo"]},{"@type":"Person","@id":"https:\/\/vosgesinfo.fr\/epinalinfo\/#\/schema\/person\/6f9a650eeea99d969b6c4ab78fccbe81","name":"C.K.","image":{"@type":"ImageObject","inLanguage":"fr-FR","@id":"https:\/\/vosgesinfo.fr\/epinalinfo\/#\/schema\/person\/image\/","url":"https:\/\/secure.gravatar.com\/avatar\/48e3fc7f8421ba8942be6b74a2b7f014ca39bc00dece156b7a8e098ae7dc87bf?s=96&d=mm&r=g","contentUrl":"https:\/\/secure.gravatar.com\/avatar\/48e3fc7f8421ba8942be6b74a2b7f014ca39bc00dece156b7a8e098ae7dc87bf?s=96&d=mm&r=g","caption":"C.K."},"url":"https:\/\/vosgesinfo.fr\/epinalinfo\/author\/celia-k-n\/"}]}},"_links":{"self":[{"href":"https:\/\/vosgesinfo.fr\/epinalinfo\/wp-json\/wp\/v2\/posts\/49428","targetHints":{"allow":["GET"]}}],"collection":[{"href":"https:\/\/vosgesinfo.fr\/epinalinfo\/wp-json\/wp\/v2\/posts"}],"about":[{"href":"https:\/\/vosgesinfo.fr\/epinalinfo\/wp-json\/wp\/v2\/types\/post"}],"author":[{"embeddable":true,"href":"https:\/\/vosgesinfo.fr\/epinalinfo\/wp-json\/wp\/v2\/users\/52"}],"replies":[{"embeddable":true,"href":"https:\/\/vosgesinfo.fr\/epinalinfo\/wp-json\/wp\/v2\/comments?post=49428"}],"version-history":[{"count":1,"href":"https:\/\/vosgesinfo.fr\/epinalinfo\/wp-json\/wp\/v2\/posts\/49428\/revisions"}],"predecessor-version":[{"id":49492,"href":"https:\/\/vosgesinfo.fr\/epinalinfo\/wp-json\/wp\/v2\/posts\/49428\/revisions\/49492"}],"wp:featuredmedia":[{"embeddable":true,"href":"https:\/\/vosgesinfo.fr\/epinalinfo\/wp-json\/wp\/v2\/media\/49478"}],"wp:attachment":[{"href":"https:\/\/vosgesinfo.fr\/epinalinfo\/wp-json\/wp\/v2\/media?parent=49428"}],"wp:term":[{"taxonomy":"category","embeddable":true,"href":"https:\/\/vosgesinfo.fr\/epinalinfo\/wp-json\/wp\/v2\/categories?post=49428"},{"taxonomy":"post_tag","embeddable":true,"href":"https:\/\/vosgesinfo.fr\/epinalinfo\/wp-json\/wp\/v2\/tags?post=49428"}],"curies":[{"name":"wp","href":"https:\/\/api.w.org\/{rel}","templated":true}]}}