{"id":557,"date":"2023-08-23T13:21:40","date_gmt":"2023-08-23T11:21:40","guid":{"rendered":"https:\/\/vosgesinfo.fr\/epinalinfo\/2023\/08\/10-pompiers-vosgiens-ont-pris-le-depart-ce-mercredi-pour-les-bouches-du-rhone\/"},"modified":"2024-02-27T18:10:54","modified_gmt":"2024-02-27T17:10:54","slug":"10-pompiers-vosgiens-ont-pris-depart-mercredi-bouches-rhone","status":"publish","type":"post","link":"https:\/\/vosgesinfo.fr\/epinalinfo\/2023\/08\/10-pompiers-vosgiens-ont-pris-depart-mercredi-bouches-rhone\/","title":{"rendered":"10 pompiers vosgiens ont pris le d\u00e9part ce mercredi pour les Bouches-du-Rh\u00f4ne"},"content":{"rendered":"<div class=\"x11i5rnm xat24cr x1mh8g0r x1vvkbs xtlvy1s x126k92a\">\n<div dir=\"auto\">\n<div id=\"attachment_223216\" style=\"width: 810px\" class=\"wp-caption aligncenter\"><a href=\"https:\/\/epinalinfos.fr\/wp-content\/uploads\/2023\/08\/369701634_681087304062269_8108970847275005896_n.jpg\"><img decoding=\"async\" aria-describedby=\"caption-attachment-223216\" class=\"size-large wp-image-223216\" src=\"https:\/\/vosgesinfo.fr\/app\/uploads\/sites\/3\/2023\/08\/369701634-681087304062269-8108970847275005896-n.jpg\" alt=\"photo sapeurs-pompiers des Vosges\" width=\"800\" height=\"600\" \/><\/a><p id=\"caption-attachment-223216\" class=\"wp-caption-text\">photo sapeurs-pompiers des Vosges<\/p><\/div>\n<p>10 <span class=\"xt0psk2\">Sapeurs Pompiers des Vosges<\/span> ont pris d\u00e9part \u00e0 8h30 ce matin \u00e0 la demande du COGIC pour se positionner de mani\u00e8re pr\u00e9ventive dans les Bouches-du-Rh\u00f4ne<\/div>\n<\/div>\n<div class=\"x11i5rnm xat24cr x1mh8g0r x1vvkbs xtlvy1s x126k92a\">\n<div dir=\"auto\">Ils constituent, avec les <span class=\"xt0psk2\">Sapeurs Pompiers de Meurthe-et-Moselle 54<\/span>, un GIFF de la Colonne Est Bravo qui sera bas\u00e9e \u00e0 l&rsquo; <span class=\"xt0psk2\">Ecole Nationale Sup\u00e9rieure des Officiers de Sapeurs- Pompiers<\/span> au centre de regroupement des moyens<\/div>\n<\/div>\n<p>&nbsp;<\/p>\n","protected":false},"excerpt":{"rendered":"<p>10 Sapeurs Pompiers des Vosges ont pris d\u00e9part \u00e0 8h30 ce matin \u00e0 la demande du COGIC pour se positionner [&hellip;]<\/p>\n","protected":false},"author":52,"featured_media":556,"comment_status":"open","ping_status":"open","sticky":false,"template":"","format":"standard","meta":{"footnotes":""},"categories":[22,92,5],"tags":[],"class_list":["post-557","post","type-post","status-publish","format-standard","has-post-thumbnail","hentry","category-a-la-une","category-securite","category-vosges"],"acf":[],"yoast_head":"<!-- This site is optimized with the Yoast SEO plugin v22.5 - https:\/\/yoast.com\/wordpress\/plugins\/seo\/ -->\n<title>10 pompiers vosgiens ont pris le d\u00e9part ce mercredi pour les Bouches-du-Rh\u00f4ne - Epinal Info<\/title>\n<meta name=\"robots\" content=\"index, follow, max-snippet:-1, max-image-preview:large, max-video-preview:-1\" \/>\n<link rel=\"canonical\" href=\"https:\/\/vosgesinfo.fr\/epinalinfo\/2023\/08\/10-pompiers-vosgiens-ont-pris-depart-mercredi-bouches-rhone\/\" \/>\n<meta name=\"twitter:card\" content=\"summary_large_image\" \/>\n<meta name=\"twitter:title\" content=\"10 pompiers vosgiens ont pris le d\u00e9part ce mercredi pour les Bouches-du-Rh\u00f4ne - Epinal Info\" \/>\n<meta name=\"twitter:description\" content=\"10 Sapeurs Pompiers des Vosges ont pris d\u00e9part \u00e0 8h30 ce matin \u00e0 la demande du COGIC pour se positionner [&hellip;]\" \/>\n<meta name=\"twitter:image\" content=\"https:\/\/vosgesinfo.fr\/app\/uploads\/sites\/3\/2023\/08\/369701634-681087304062269-8108970847275005896-n.jpg\" \/>\n<meta name=\"twitter:creator\" content=\"@VosgesInfo88\" \/>\n<meta name=\"twitter:site\" content=\"@VosgesInfo88\" \/>\n<meta name=\"twitter:label1\" content=\"\u00c9crit par\" \/>\n\t<meta name=\"twitter:data1\" content=\"C.K.\" \/>\n<script type=\"application\/ld+json\" class=\"yoast-schema-graph\">{\"@context\":\"https:\/\/schema.org\",\"@graph\":[{\"@type\":\"Article\",\"@id\":\"https:\/\/vosgesinfo.fr\/epinalinfo\/2023\/08\/10-pompiers-vosgiens-ont-pris-depart-mercredi-bouches-rhone\/#article\",\"isPartOf\":{\"@id\":\"https:\/\/vosgesinfo.fr\/epinalinfo\/2023\/08\/10-pompiers-vosgiens-ont-pris-depart-mercredi-bouches-rhone\/\"},\"author\":{\"name\":\"C.K.\",\"@id\":\"https:\/\/vosgesinfo.fr\/epinalinfo\/#\/schema\/person\/6f9a650eeea99d969b6c4ab78fccbe81\"},\"headline\":\"10 pompiers vosgiens ont pris le d\u00e9part ce mercredi pour les Bouches-du-Rh\u00f4ne\",\"datePublished\":\"2023-08-23T11:21:40+00:00\",\"dateModified\":\"2024-02-27T17:10:54+00:00\",\"mainEntityOfPage\":{\"@id\":\"https:\/\/vosgesinfo.fr\/epinalinfo\/2023\/08\/10-pompiers-vosgiens-ont-pris-depart-mercredi-bouches-rhone\/\"},\"wordCount\":87,\"commentCount\":0,\"publisher\":{\"@id\":\"https:\/\/vosgesinfo.fr\/epinalinfo\/#organization\"},\"image\":{\"@id\":\"https:\/\/vosgesinfo.fr\/epinalinfo\/2023\/08\/10-pompiers-vosgiens-ont-pris-depart-mercredi-bouches-rhone\/#primaryimage\"},\"thumbnailUrl\":\"https:\/\/vosgesinfo.fr\/app\/uploads\/sites\/3\/2023\/08\/369701634-681087304062269-8108970847275005896-n.jpg\",\"articleSection\":[\"A la Une\",\"S\u00e9curit\u00e9\",\"Vosges\"],\"inLanguage\":\"fr-FR\",\"potentialAction\":[{\"@type\":\"CommentAction\",\"name\":\"Comment\",\"target\":[\"https:\/\/vosgesinfo.fr\/epinalinfo\/2023\/08\/10-pompiers-vosgiens-ont-pris-depart-mercredi-bouches-rhone\/#respond\"]}]},{\"@type\":\"WebPage\",\"@id\":\"https:\/\/vosgesinfo.fr\/epinalinfo\/2023\/08\/10-pompiers-vosgiens-ont-pris-depart-mercredi-bouches-rhone\/\",\"url\":\"https:\/\/vosgesinfo.fr\/epinalinfo\/2023\/08\/10-pompiers-vosgiens-ont-pris-depart-mercredi-bouches-rhone\/\",\"name\":\"10 pompiers vosgiens ont pris le d\u00e9part ce mercredi pour les Bouches-du-Rh\u00f4ne - Epinal Info\",\"isPartOf\":{\"@id\":\"https:\/\/vosgesinfo.fr\/epinalinfo\/#website\"},\"primaryImageOfPage\":{\"@id\":\"https:\/\/vosgesinfo.fr\/epinalinfo\/2023\/08\/10-pompiers-vosgiens-ont-pris-depart-mercredi-bouches-rhone\/#primaryimage\"},\"image\":{\"@id\":\"https:\/\/vosgesinfo.fr\/epinalinfo\/2023\/08\/10-pompiers-vosgiens-ont-pris-depart-mercredi-bouches-rhone\/#primaryimage\"},\"thumbnailUrl\":\"https:\/\/vosgesinfo.fr\/app\/uploads\/sites\/3\/2023\/08\/369701634-681087304062269-8108970847275005896-n.jpg\",\"datePublished\":\"2023-08-23T11:21:40+00:00\",\"dateModified\":\"2024-02-27T17:10:54+00:00\",\"breadcrumb\":{\"@id\":\"https:\/\/vosgesinfo.fr\/epinalinfo\/2023\/08\/10-pompiers-vosgiens-ont-pris-depart-mercredi-bouches-rhone\/#breadcrumb\"},\"inLanguage\":\"fr-FR\",\"potentialAction\":[{\"@type\":\"ReadAction\",\"target\":[\"https:\/\/vosgesinfo.fr\/epinalinfo\/2023\/08\/10-pompiers-vosgiens-ont-pris-depart-mercredi-bouches-rhone\/\"]}]},{\"@type\":\"ImageObject\",\"inLanguage\":\"fr-FR\",\"@id\":\"https:\/\/vosgesinfo.fr\/epinalinfo\/2023\/08\/10-pompiers-vosgiens-ont-pris-depart-mercredi-bouches-rhone\/#primaryimage\",\"url\":\"https:\/\/vosgesinfo.fr\/app\/uploads\/sites\/3\/2023\/08\/369701634-681087304062269-8108970847275005896-n.jpg\",\"contentUrl\":\"https:\/\/vosgesinfo.fr\/app\/uploads\/sites\/3\/2023\/08\/369701634-681087304062269-8108970847275005896-n.jpg\",\"width\":800,\"height\":600},{\"@type\":\"BreadcrumbList\",\"@id\":\"https:\/\/vosgesinfo.fr\/epinalinfo\/2023\/08\/10-pompiers-vosgiens-ont-pris-depart-mercredi-bouches-rhone\/#breadcrumb\",\"itemListElement\":[{\"@type\":\"ListItem\",\"position\":1,\"name\":\"Home\",\"item\":\"https:\/\/vosgesinfo.fr\/epinalinfo\/\"},{\"@type\":\"ListItem\",\"position\":2,\"name\":\"10 pompiers vosgiens ont pris le d\u00e9part ce mercredi pour les Bouches-du-Rh\u00f4ne\"}]},{\"@type\":\"WebSite\",\"@id\":\"https:\/\/vosgesinfo.fr\/epinalinfo\/#website\",\"url\":\"https:\/\/vosgesinfo.fr\/epinalinfo\/\",\"name\":\"Epinal Info\",\"description\":\"Toute l&#039;actualit\u00e9 d&#039;\u00c9pinal\",\"publisher\":{\"@id\":\"https:\/\/vosgesinfo.fr\/epinalinfo\/#organization\"},\"alternateName\":\"Toute l'actualit\u00e9 d'\u00c9pinal\",\"potentialAction\":[{\"@type\":\"SearchAction\",\"target\":{\"@type\":\"EntryPoint\",\"urlTemplate\":\"https:\/\/vosgesinfo.fr\/epinalinfo\/?s={search_term_string}\"},\"query-input\":\"required name=search_term_string\"}],\"inLanguage\":\"fr-FR\"},{\"@type\":\"Organization\",\"@id\":\"https:\/\/vosgesinfo.fr\/epinalinfo\/#organization\",\"name\":\"Epinal Info\",\"url\":\"https:\/\/vosgesinfo.fr\/epinalinfo\/\",\"logo\":{\"@type\":\"ImageObject\",\"inLanguage\":\"fr-FR\",\"@id\":\"https:\/\/vosgesinfo.fr\/epinalinfo\/#\/schema\/logo\/image\/\",\"url\":\"https:\/\/vosgesinfo.fr\/app\/uploads\/sites\/3\/2023\/08\/logo-epinalinfos.svg\",\"contentUrl\":\"https:\/\/vosgesinfo.fr\/app\/uploads\/sites\/3\/2023\/08\/logo-epinalinfos.svg\",\"width\":1,\"height\":1,\"caption\":\"Epinal Info\"},\"image\":{\"@id\":\"https:\/\/vosgesinfo.fr\/epinalinfo\/#\/schema\/logo\/image\/\"},\"sameAs\":[\"https:\/\/www.facebook.com\/Epinalinfos\",\"https:\/\/x.com\/VosgesInfo88\",\"https:\/\/www.youtube.com\/@vosgesinfo\"]},{\"@type\":\"Person\",\"@id\":\"https:\/\/vosgesinfo.fr\/epinalinfo\/#\/schema\/person\/6f9a650eeea99d969b6c4ab78fccbe81\",\"name\":\"C.K.\",\"image\":{\"@type\":\"ImageObject\",\"inLanguage\":\"fr-FR\",\"@id\":\"https:\/\/vosgesinfo.fr\/epinalinfo\/#\/schema\/person\/image\/\",\"url\":\"https:\/\/secure.gravatar.com\/avatar\/48e3fc7f8421ba8942be6b74a2b7f014ca39bc00dece156b7a8e098ae7dc87bf?s=96&d=mm&r=g\",\"contentUrl\":\"https:\/\/secure.gravatar.com\/avatar\/48e3fc7f8421ba8942be6b74a2b7f014ca39bc00dece156b7a8e098ae7dc87bf?s=96&d=mm&r=g\",\"caption\":\"C.K.\"},\"url\":\"https:\/\/vosgesinfo.fr\/epinalinfo\/author\/celia-k-n\/\"}]}<\/script>\n<!-- \/ Yoast SEO plugin. -->","yoast_head_json":{"title":"10 pompiers vosgiens ont pris le d\u00e9part ce mercredi pour les Bouches-du-Rh\u00f4ne - Epinal Info","robots":{"index":"index","follow":"follow","max-snippet":"max-snippet:-1","max-image-preview":"max-image-preview:large","max-video-preview":"max-video-preview:-1"},"canonical":"https:\/\/vosgesinfo.fr\/epinalinfo\/2023\/08\/10-pompiers-vosgiens-ont-pris-depart-mercredi-bouches-rhone\/","twitter_card":"summary_large_image","twitter_title":"10 pompiers vosgiens ont pris le d\u00e9part ce mercredi pour les Bouches-du-Rh\u00f4ne - Epinal Info","twitter_description":"10 Sapeurs Pompiers des Vosges ont pris d\u00e9part \u00e0 8h30 ce matin \u00e0 la demande du COGIC pour se positionner [&hellip;]","twitter_image":"https:\/\/vosgesinfo.fr\/app\/uploads\/sites\/3\/2023\/08\/369701634-681087304062269-8108970847275005896-n.jpg","twitter_creator":"@VosgesInfo88","twitter_site":"@VosgesInfo88","twitter_misc":{"\u00c9crit par":"C.K."},"schema":{"@context":"https:\/\/schema.org","@graph":[{"@type":"Article","@id":"https:\/\/vosgesinfo.fr\/epinalinfo\/2023\/08\/10-pompiers-vosgiens-ont-pris-depart-mercredi-bouches-rhone\/#article","isPartOf":{"@id":"https:\/\/vosgesinfo.fr\/epinalinfo\/2023\/08\/10-pompiers-vosgiens-ont-pris-depart-mercredi-bouches-rhone\/"},"author":{"name":"C.K.","@id":"https:\/\/vosgesinfo.fr\/epinalinfo\/#\/schema\/person\/6f9a650eeea99d969b6c4ab78fccbe81"},"headline":"10 pompiers vosgiens ont pris le d\u00e9part ce mercredi pour les Bouches-du-Rh\u00f4ne","datePublished":"2023-08-23T11:21:40+00:00","dateModified":"2024-02-27T17:10:54+00:00","mainEntityOfPage":{"@id":"https:\/\/vosgesinfo.fr\/epinalinfo\/2023\/08\/10-pompiers-vosgiens-ont-pris-depart-mercredi-bouches-rhone\/"},"wordCount":87,"commentCount":0,"publisher":{"@id":"https:\/\/vosgesinfo.fr\/epinalinfo\/#organization"},"image":{"@id":"https:\/\/vosgesinfo.fr\/epinalinfo\/2023\/08\/10-pompiers-vosgiens-ont-pris-depart-mercredi-bouches-rhone\/#primaryimage"},"thumbnailUrl":"https:\/\/vosgesinfo.fr\/app\/uploads\/sites\/3\/2023\/08\/369701634-681087304062269-8108970847275005896-n.jpg","articleSection":["A la Une","S\u00e9curit\u00e9","Vosges"],"inLanguage":"fr-FR","potentialAction":[{"@type":"CommentAction","name":"Comment","target":["https:\/\/vosgesinfo.fr\/epinalinfo\/2023\/08\/10-pompiers-vosgiens-ont-pris-depart-mercredi-bouches-rhone\/#respond"]}]},{"@type":"WebPage","@id":"https:\/\/vosgesinfo.fr\/epinalinfo\/2023\/08\/10-pompiers-vosgiens-ont-pris-depart-mercredi-bouches-rhone\/","url":"https:\/\/vosgesinfo.fr\/epinalinfo\/2023\/08\/10-pompiers-vosgiens-ont-pris-depart-mercredi-bouches-rhone\/","name":"10 pompiers vosgiens ont pris le d\u00e9part ce mercredi pour les Bouches-du-Rh\u00f4ne - Epinal Info","isPartOf":{"@id":"https:\/\/vosgesinfo.fr\/epinalinfo\/#website"},"primaryImageOfPage":{"@id":"https:\/\/vosgesinfo.fr\/epinalinfo\/2023\/08\/10-pompiers-vosgiens-ont-pris-depart-mercredi-bouches-rhone\/#primaryimage"},"image":{"@id":"https:\/\/vosgesinfo.fr\/epinalinfo\/2023\/08\/10-pompiers-vosgiens-ont-pris-depart-mercredi-bouches-rhone\/#primaryimage"},"thumbnailUrl":"https:\/\/vosgesinfo.fr\/app\/uploads\/sites\/3\/2023\/08\/369701634-681087304062269-8108970847275005896-n.jpg","datePublished":"2023-08-23T11:21:40+00:00","dateModified":"2024-02-27T17:10:54+00:00","breadcrumb":{"@id":"https:\/\/vosgesinfo.fr\/epinalinfo\/2023\/08\/10-pompiers-vosgiens-ont-pris-depart-mercredi-bouches-rhone\/#breadcrumb"},"inLanguage":"fr-FR","potentialAction":[{"@type":"ReadAction","target":["https:\/\/vosgesinfo.fr\/epinalinfo\/2023\/08\/10-pompiers-vosgiens-ont-pris-depart-mercredi-bouches-rhone\/"]}]},{"@type":"ImageObject","inLanguage":"fr-FR","@id":"https:\/\/vosgesinfo.fr\/epinalinfo\/2023\/08\/10-pompiers-vosgiens-ont-pris-depart-mercredi-bouches-rhone\/#primaryimage","url":"https:\/\/vosgesinfo.fr\/app\/uploads\/sites\/3\/2023\/08\/369701634-681087304062269-8108970847275005896-n.jpg","contentUrl":"https:\/\/vosgesinfo.fr\/app\/uploads\/sites\/3\/2023\/08\/369701634-681087304062269-8108970847275005896-n.jpg","width":800,"height":600},{"@type":"BreadcrumbList","@id":"https:\/\/vosgesinfo.fr\/epinalinfo\/2023\/08\/10-pompiers-vosgiens-ont-pris-depart-mercredi-bouches-rhone\/#breadcrumb","itemListElement":[{"@type":"ListItem","position":1,"name":"Home","item":"https:\/\/vosgesinfo.fr\/epinalinfo\/"},{"@type":"ListItem","position":2,"name":"10 pompiers vosgiens ont pris le d\u00e9part ce mercredi pour les Bouches-du-Rh\u00f4ne"}]},{"@type":"WebSite","@id":"https:\/\/vosgesinfo.fr\/epinalinfo\/#website","url":"https:\/\/vosgesinfo.fr\/epinalinfo\/","name":"Epinal Info","description":"Toute l&#039;actualit\u00e9 d&#039;\u00c9pinal","publisher":{"@id":"https:\/\/vosgesinfo.fr\/epinalinfo\/#organization"},"alternateName":"Toute l'actualit\u00e9 d'\u00c9pinal","potentialAction":[{"@type":"SearchAction","target":{"@type":"EntryPoint","urlTemplate":"https:\/\/vosgesinfo.fr\/epinalinfo\/?s={search_term_string}"},"query-input":"required name=search_term_string"}],"inLanguage":"fr-FR"},{"@type":"Organization","@id":"https:\/\/vosgesinfo.fr\/epinalinfo\/#organization","name":"Epinal Info","url":"https:\/\/vosgesinfo.fr\/epinalinfo\/","logo":{"@type":"ImageObject","inLanguage":"fr-FR","@id":"https:\/\/vosgesinfo.fr\/epinalinfo\/#\/schema\/logo\/image\/","url":"https:\/\/vosgesinfo.fr\/app\/uploads\/sites\/3\/2023\/08\/logo-epinalinfos.svg","contentUrl":"https:\/\/vosgesinfo.fr\/app\/uploads\/sites\/3\/2023\/08\/logo-epinalinfos.svg","width":1,"height":1,"caption":"Epinal Info"},"image":{"@id":"https:\/\/vosgesinfo.fr\/epinalinfo\/#\/schema\/logo\/image\/"},"sameAs":["https:\/\/www.facebook.com\/Epinalinfos","https:\/\/x.com\/VosgesInfo88","https:\/\/www.youtube.com\/@vosgesinfo"]},{"@type":"Person","@id":"https:\/\/vosgesinfo.fr\/epinalinfo\/#\/schema\/person\/6f9a650eeea99d969b6c4ab78fccbe81","name":"C.K.","image":{"@type":"ImageObject","inLanguage":"fr-FR","@id":"https:\/\/vosgesinfo.fr\/epinalinfo\/#\/schema\/person\/image\/","url":"https:\/\/secure.gravatar.com\/avatar\/48e3fc7f8421ba8942be6b74a2b7f014ca39bc00dece156b7a8e098ae7dc87bf?s=96&d=mm&r=g","contentUrl":"https:\/\/secure.gravatar.com\/avatar\/48e3fc7f8421ba8942be6b74a2b7f014ca39bc00dece156b7a8e098ae7dc87bf?s=96&d=mm&r=g","caption":"C.K."},"url":"https:\/\/vosgesinfo.fr\/epinalinfo\/author\/celia-k-n\/"}]}},"_links":{"self":[{"href":"https:\/\/vosgesinfo.fr\/epinalinfo\/wp-json\/wp\/v2\/posts\/557","targetHints":{"allow":["GET"]}}],"collection":[{"href":"https:\/\/vosgesinfo.fr\/epinalinfo\/wp-json\/wp\/v2\/posts"}],"about":[{"href":"https:\/\/vosgesinfo.fr\/epinalinfo\/wp-json\/wp\/v2\/types\/post"}],"author":[{"embeddable":true,"href":"https:\/\/vosgesinfo.fr\/epinalinfo\/wp-json\/wp\/v2\/users\/52"}],"replies":[{"embeddable":true,"href":"https:\/\/vosgesinfo.fr\/epinalinfo\/wp-json\/wp\/v2\/comments?post=557"}],"version-history":[{"count":1,"href":"https:\/\/vosgesinfo.fr\/epinalinfo\/wp-json\/wp\/v2\/posts\/557\/revisions"}],"predecessor-version":[{"id":37337,"href":"https:\/\/vosgesinfo.fr\/epinalinfo\/wp-json\/wp\/v2\/posts\/557\/revisions\/37337"}],"wp:featuredmedia":[{"embeddable":true,"href":"https:\/\/vosgesinfo.fr\/epinalinfo\/wp-json\/wp\/v2\/media\/556"}],"wp:attachment":[{"href":"https:\/\/vosgesinfo.fr\/epinalinfo\/wp-json\/wp\/v2\/media?parent=557"}],"wp:term":[{"taxonomy":"category","embeddable":true,"href":"https:\/\/vosgesinfo.fr\/epinalinfo\/wp-json\/wp\/v2\/categories?post=557"},{"taxonomy":"post_tag","embeddable":true,"href":"https:\/\/vosgesinfo.fr\/epinalinfo\/wp-json\/wp\/v2\/tags?post=557"}],"curies":[{"name":"wp","href":"https:\/\/api.w.org\/{rel}","templated":true}]}}