{"id":56279,"date":"2024-08-01T13:44:52","date_gmt":"2024-08-01T11:44:52","guid":{"rendered":"https:\/\/vosgesinfo.fr\/epinalinfo\/?p=56279"},"modified":"2024-08-01T13:44:52","modified_gmt":"2024-08-01T11:44:52","slug":"thaon-les-vosges-les-residents-dune-maison-de-retraite-attendent-des-cartes-postales-de-vacances","status":"publish","type":"post","link":"https:\/\/vosgesinfo.fr\/epinalinfo\/2024\/08\/thaon-les-vosges-les-residents-dune-maison-de-retraite-attendent-des-cartes-postales-de-vacances\/","title":{"rendered":"Thaon-l\u00e8s-Vosges &#8211; Les r\u00e9sidents d&rsquo;une maison de retraite attendent des cartes postales de vacances"},"content":{"rendered":"<h2><img decoding=\"async\" class=\"aligncenter size-full wp-image-56280\" src=\"https:\/\/vosgesinfo.fr\/app\/uploads\/sites\/3\/2024\/08\/carte-postale.jpg\" alt=\"\" width=\"814\" height=\"720\" srcset=\"https:\/\/vosgesinfo.fr\/app\/uploads\/sites\/3\/2024\/08\/carte-postale.jpg 814w, https:\/\/vosgesinfo.fr\/app\/uploads\/sites\/3\/2024\/08\/carte-postale-300x265.jpg 300w, https:\/\/vosgesinfo.fr\/app\/uploads\/sites\/3\/2024\/08\/carte-postale-768x679.jpg 768w\" sizes=\"(max-width: 814px) 100vw, 814px\" \/>Cet \u00e9t\u00e9 les r\u00e9sidents de la maison de retraite \u00ab\u00a0Les Jardins des Cuvi\u00e8res\u00a0\u00bb de Thaon-l\u00e8s-Vosges vont recevoir des cartes postales de vacances. Une op\u00e9ration qui permet de \u00ab\u00a0faire voyager les r\u00e9sidents\u00a0\u00bb.<\/h2>\n<p>La Maison de retraite \u00ab\u00a0Les Jardins des Cuvi\u00e8res\u00a0\u00bb de Thaon-l\u00e8s-Vosges a lanc\u00e9 son op\u00e9ration \u00ab\u00a0Cartes postales\u00a0\u00bb cet \u00e9t\u00e9. Sur les r\u00e9seaux sociaux, les r\u00e9sidents ont invit\u00e9 les personnes qui voyagent \u00e0 leur envoyer une carte postale du lieu de leur vacances.<\/p>\n<p><em>\u00ab\u00a0Nous lan\u00e7ons une bouteille \u00e0 la mer. Nous sommes un groupe de personnes \u00e2g\u00e9es, r\u00e9sidant dans une maison de retraite dans les Vosges. Ne pouvant plus trop voyager du fait de notre grand \u00e2ge, nous serions tr\u00e8s heureux de recevoir des cartes postales de toute la France. Cela nous permettrait de voyager \u00e0 travers vos cartes, faire resurgir nos bons souvenirs, des \u00e9motions et de conna\u00eetre un peu plus nos belles r\u00e9gions fran\u00e7aises. De garder un lien social, car \u00e9videmment c&rsquo;est avec plaisir que nous r\u00e9pondrons \u00e0 votre courrier par l&rsquo;envoi d&rsquo;une carte postale de notre belle r\u00e9gion la Lorraine.\u00a0\u00bb<\/em><\/p>\n<p><strong>Voici l&rsquo;adresse des r\u00e9sidents : <\/strong><\/p>\n<p><strong>Maison de retraite Les Jardins des Cuvi\u00e8res (secteur PASA)<\/strong><\/p>\n<p><strong>205 TER Rue de Lorraine <\/strong><\/p>\n<p><strong>88150 Thaon-l\u00e8s-Vosges<\/strong><\/p>\n","protected":false},"excerpt":{"rendered":"<p>Cet \u00e9t\u00e9 les r\u00e9sidents de la maison de retraite \u00ab\u00a0Les Jardins des Cuvi\u00e8res\u00a0\u00bb de Thaon-l\u00e8s-Vosges vont recevoir des cartes postales [&hellip;]<\/p>\n","protected":false},"author":52,"featured_media":56280,"comment_status":"open","ping_status":"open","sticky":false,"template":"","format":"standard","meta":{"footnotes":""},"categories":[22,24,93,5],"tags":[],"class_list":["post-56279","post","type-post","status-publish","format-standard","has-post-thumbnail","hentry","category-a-la-une","category-epinal","category-thaon-les-vosges","category-vosges"],"acf":[],"yoast_head":"<!-- This site is optimized with the Yoast SEO plugin v22.5 - https:\/\/yoast.com\/wordpress\/plugins\/seo\/ -->\n<title>Thaon-l\u00e8s-Vosges - Les r\u00e9sidents d&#039;une maison de retraite attendent des cartes postales de vacances - Epinal Info<\/title>\n<meta name=\"robots\" content=\"index, follow, max-snippet:-1, max-image-preview:large, max-video-preview:-1\" \/>\n<link rel=\"canonical\" href=\"https:\/\/vosgesinfo.fr\/epinalinfo\/2024\/08\/thaon-les-vosges-les-residents-dune-maison-de-retraite-attendent-des-cartes-postales-de-vacances\/\" \/>\n<meta name=\"twitter:card\" content=\"summary_large_image\" \/>\n<meta name=\"twitter:title\" content=\"Thaon-l\u00e8s-Vosges - Les r\u00e9sidents d&#039;une maison de retraite attendent des cartes postales de vacances - Epinal Info\" \/>\n<meta name=\"twitter:description\" content=\"Cet \u00e9t\u00e9 les r\u00e9sidents de la maison de retraite \u00ab\u00a0Les Jardins des Cuvi\u00e8res\u00a0\u00bb de Thaon-l\u00e8s-Vosges vont recevoir des cartes postales [&hellip;]\" \/>\n<meta name=\"twitter:image\" content=\"https:\/\/vosgesinfo.fr\/app\/uploads\/sites\/3\/2024\/08\/carte-postale.jpg\" \/>\n<meta name=\"twitter:creator\" content=\"@VosgesInfo88\" \/>\n<meta name=\"twitter:site\" content=\"@VosgesInfo88\" \/>\n<meta name=\"twitter:label1\" content=\"\u00c9crit par\" \/>\n\t<meta name=\"twitter:data1\" content=\"C.K.\" \/>\n\t<meta name=\"twitter:label2\" content=\"Dur\u00e9e de lecture estim\u00e9e\" \/>\n\t<meta name=\"twitter:data2\" content=\"1 minute\" \/>\n<script type=\"application\/ld+json\" class=\"yoast-schema-graph\">{\"@context\":\"https:\/\/schema.org\",\"@graph\":[{\"@type\":\"Article\",\"@id\":\"https:\/\/vosgesinfo.fr\/epinalinfo\/2024\/08\/thaon-les-vosges-les-residents-dune-maison-de-retraite-attendent-des-cartes-postales-de-vacances\/#article\",\"isPartOf\":{\"@id\":\"https:\/\/vosgesinfo.fr\/epinalinfo\/2024\/08\/thaon-les-vosges-les-residents-dune-maison-de-retraite-attendent-des-cartes-postales-de-vacances\/\"},\"author\":{\"name\":\"C.K.\",\"@id\":\"https:\/\/vosgesinfo.fr\/epinalinfo\/#\/schema\/person\/6f9a650eeea99d969b6c4ab78fccbe81\"},\"headline\":\"Thaon-l\u00e8s-Vosges &#8211; Les r\u00e9sidents d&rsquo;une maison de retraite attendent des cartes postales de vacances\",\"datePublished\":\"2024-08-01T11:44:52+00:00\",\"dateModified\":\"2024-08-01T11:44:52+00:00\",\"mainEntityOfPage\":{\"@id\":\"https:\/\/vosgesinfo.fr\/epinalinfo\/2024\/08\/thaon-les-vosges-les-residents-dune-maison-de-retraite-attendent-des-cartes-postales-de-vacances\/\"},\"wordCount\":229,\"commentCount\":0,\"publisher\":{\"@id\":\"https:\/\/vosgesinfo.fr\/epinalinfo\/#organization\"},\"image\":{\"@id\":\"https:\/\/vosgesinfo.fr\/epinalinfo\/2024\/08\/thaon-les-vosges-les-residents-dune-maison-de-retraite-attendent-des-cartes-postales-de-vacances\/#primaryimage\"},\"thumbnailUrl\":\"https:\/\/vosgesinfo.fr\/app\/uploads\/sites\/3\/2024\/08\/carte-postale.jpg\",\"articleSection\":[\"A la Une\",\"Epinal\",\"Thaon-les-Vosges\",\"Vosges\"],\"inLanguage\":\"fr-FR\",\"potentialAction\":[{\"@type\":\"CommentAction\",\"name\":\"Comment\",\"target\":[\"https:\/\/vosgesinfo.fr\/epinalinfo\/2024\/08\/thaon-les-vosges-les-residents-dune-maison-de-retraite-attendent-des-cartes-postales-de-vacances\/#respond\"]}]},{\"@type\":\"WebPage\",\"@id\":\"https:\/\/vosgesinfo.fr\/epinalinfo\/2024\/08\/thaon-les-vosges-les-residents-dune-maison-de-retraite-attendent-des-cartes-postales-de-vacances\/\",\"url\":\"https:\/\/vosgesinfo.fr\/epinalinfo\/2024\/08\/thaon-les-vosges-les-residents-dune-maison-de-retraite-attendent-des-cartes-postales-de-vacances\/\",\"name\":\"Thaon-l\u00e8s-Vosges - Les r\u00e9sidents d'une maison de retraite attendent des cartes postales de vacances - Epinal Info\",\"isPartOf\":{\"@id\":\"https:\/\/vosgesinfo.fr\/epinalinfo\/#website\"},\"primaryImageOfPage\":{\"@id\":\"https:\/\/vosgesinfo.fr\/epinalinfo\/2024\/08\/thaon-les-vosges-les-residents-dune-maison-de-retraite-attendent-des-cartes-postales-de-vacances\/#primaryimage\"},\"image\":{\"@id\":\"https:\/\/vosgesinfo.fr\/epinalinfo\/2024\/08\/thaon-les-vosges-les-residents-dune-maison-de-retraite-attendent-des-cartes-postales-de-vacances\/#primaryimage\"},\"thumbnailUrl\":\"https:\/\/vosgesinfo.fr\/app\/uploads\/sites\/3\/2024\/08\/carte-postale.jpg\",\"datePublished\":\"2024-08-01T11:44:52+00:00\",\"dateModified\":\"2024-08-01T11:44:52+00:00\",\"breadcrumb\":{\"@id\":\"https:\/\/vosgesinfo.fr\/epinalinfo\/2024\/08\/thaon-les-vosges-les-residents-dune-maison-de-retraite-attendent-des-cartes-postales-de-vacances\/#breadcrumb\"},\"inLanguage\":\"fr-FR\",\"potentialAction\":[{\"@type\":\"ReadAction\",\"target\":[\"https:\/\/vosgesinfo.fr\/epinalinfo\/2024\/08\/thaon-les-vosges-les-residents-dune-maison-de-retraite-attendent-des-cartes-postales-de-vacances\/\"]}]},{\"@type\":\"ImageObject\",\"inLanguage\":\"fr-FR\",\"@id\":\"https:\/\/vosgesinfo.fr\/epinalinfo\/2024\/08\/thaon-les-vosges-les-residents-dune-maison-de-retraite-attendent-des-cartes-postales-de-vacances\/#primaryimage\",\"url\":\"https:\/\/vosgesinfo.fr\/app\/uploads\/sites\/3\/2024\/08\/carte-postale.jpg\",\"contentUrl\":\"https:\/\/vosgesinfo.fr\/app\/uploads\/sites\/3\/2024\/08\/carte-postale.jpg\",\"width\":814,\"height\":720},{\"@type\":\"BreadcrumbList\",\"@id\":\"https:\/\/vosgesinfo.fr\/epinalinfo\/2024\/08\/thaon-les-vosges-les-residents-dune-maison-de-retraite-attendent-des-cartes-postales-de-vacances\/#breadcrumb\",\"itemListElement\":[{\"@type\":\"ListItem\",\"position\":1,\"name\":\"Home\",\"item\":\"https:\/\/vosgesinfo.fr\/epinalinfo\/\"},{\"@type\":\"ListItem\",\"position\":2,\"name\":\"Thaon-l\u00e8s-Vosges &#8211; Les r\u00e9sidents d&#8217;une maison de retraite attendent des cartes postales de vacances\"}]},{\"@type\":\"WebSite\",\"@id\":\"https:\/\/vosgesinfo.fr\/epinalinfo\/#website\",\"url\":\"https:\/\/vosgesinfo.fr\/epinalinfo\/\",\"name\":\"Epinal Info\",\"description\":\"Toute l&#039;actualit\u00e9 d&#039;\u00c9pinal\",\"publisher\":{\"@id\":\"https:\/\/vosgesinfo.fr\/epinalinfo\/#organization\"},\"alternateName\":\"Toute l'actualit\u00e9 d'\u00c9pinal\",\"potentialAction\":[{\"@type\":\"SearchAction\",\"target\":{\"@type\":\"EntryPoint\",\"urlTemplate\":\"https:\/\/vosgesinfo.fr\/epinalinfo\/?s={search_term_string}\"},\"query-input\":\"required name=search_term_string\"}],\"inLanguage\":\"fr-FR\"},{\"@type\":\"Organization\",\"@id\":\"https:\/\/vosgesinfo.fr\/epinalinfo\/#organization\",\"name\":\"Epinal Info\",\"url\":\"https:\/\/vosgesinfo.fr\/epinalinfo\/\",\"logo\":{\"@type\":\"ImageObject\",\"inLanguage\":\"fr-FR\",\"@id\":\"https:\/\/vosgesinfo.fr\/epinalinfo\/#\/schema\/logo\/image\/\",\"url\":\"https:\/\/vosgesinfo.fr\/app\/uploads\/sites\/3\/2023\/08\/logo-epinalinfos.svg\",\"contentUrl\":\"https:\/\/vosgesinfo.fr\/app\/uploads\/sites\/3\/2023\/08\/logo-epinalinfos.svg\",\"width\":1,\"height\":1,\"caption\":\"Epinal Info\"},\"image\":{\"@id\":\"https:\/\/vosgesinfo.fr\/epinalinfo\/#\/schema\/logo\/image\/\"},\"sameAs\":[\"https:\/\/www.facebook.com\/Epinalinfos\",\"https:\/\/x.com\/VosgesInfo88\",\"https:\/\/www.youtube.com\/@vosgesinfo\"]},{\"@type\":\"Person\",\"@id\":\"https:\/\/vosgesinfo.fr\/epinalinfo\/#\/schema\/person\/6f9a650eeea99d969b6c4ab78fccbe81\",\"name\":\"C.K.\",\"image\":{\"@type\":\"ImageObject\",\"inLanguage\":\"fr-FR\",\"@id\":\"https:\/\/vosgesinfo.fr\/epinalinfo\/#\/schema\/person\/image\/\",\"url\":\"https:\/\/secure.gravatar.com\/avatar\/48e3fc7f8421ba8942be6b74a2b7f014ca39bc00dece156b7a8e098ae7dc87bf?s=96&d=mm&r=g\",\"contentUrl\":\"https:\/\/secure.gravatar.com\/avatar\/48e3fc7f8421ba8942be6b74a2b7f014ca39bc00dece156b7a8e098ae7dc87bf?s=96&d=mm&r=g\",\"caption\":\"C.K.\"},\"url\":\"https:\/\/vosgesinfo.fr\/epinalinfo\/author\/celia-k-n\/\"}]}<\/script>\n<!-- \/ Yoast SEO plugin. -->","yoast_head_json":{"title":"Thaon-l\u00e8s-Vosges - Les r\u00e9sidents d'une maison de retraite attendent des cartes postales de vacances - Epinal Info","robots":{"index":"index","follow":"follow","max-snippet":"max-snippet:-1","max-image-preview":"max-image-preview:large","max-video-preview":"max-video-preview:-1"},"canonical":"https:\/\/vosgesinfo.fr\/epinalinfo\/2024\/08\/thaon-les-vosges-les-residents-dune-maison-de-retraite-attendent-des-cartes-postales-de-vacances\/","twitter_card":"summary_large_image","twitter_title":"Thaon-l\u00e8s-Vosges - Les r\u00e9sidents d'une maison de retraite attendent des cartes postales de vacances - Epinal Info","twitter_description":"Cet \u00e9t\u00e9 les r\u00e9sidents de la maison de retraite \u00ab\u00a0Les Jardins des Cuvi\u00e8res\u00a0\u00bb de Thaon-l\u00e8s-Vosges vont recevoir des cartes postales [&hellip;]","twitter_image":"https:\/\/vosgesinfo.fr\/app\/uploads\/sites\/3\/2024\/08\/carte-postale.jpg","twitter_creator":"@VosgesInfo88","twitter_site":"@VosgesInfo88","twitter_misc":{"\u00c9crit par":"C.K.","Dur\u00e9e de lecture estim\u00e9e":"1 minute"},"schema":{"@context":"https:\/\/schema.org","@graph":[{"@type":"Article","@id":"https:\/\/vosgesinfo.fr\/epinalinfo\/2024\/08\/thaon-les-vosges-les-residents-dune-maison-de-retraite-attendent-des-cartes-postales-de-vacances\/#article","isPartOf":{"@id":"https:\/\/vosgesinfo.fr\/epinalinfo\/2024\/08\/thaon-les-vosges-les-residents-dune-maison-de-retraite-attendent-des-cartes-postales-de-vacances\/"},"author":{"name":"C.K.","@id":"https:\/\/vosgesinfo.fr\/epinalinfo\/#\/schema\/person\/6f9a650eeea99d969b6c4ab78fccbe81"},"headline":"Thaon-l\u00e8s-Vosges &#8211; Les r\u00e9sidents d&rsquo;une maison de retraite attendent des cartes postales de vacances","datePublished":"2024-08-01T11:44:52+00:00","dateModified":"2024-08-01T11:44:52+00:00","mainEntityOfPage":{"@id":"https:\/\/vosgesinfo.fr\/epinalinfo\/2024\/08\/thaon-les-vosges-les-residents-dune-maison-de-retraite-attendent-des-cartes-postales-de-vacances\/"},"wordCount":229,"commentCount":0,"publisher":{"@id":"https:\/\/vosgesinfo.fr\/epinalinfo\/#organization"},"image":{"@id":"https:\/\/vosgesinfo.fr\/epinalinfo\/2024\/08\/thaon-les-vosges-les-residents-dune-maison-de-retraite-attendent-des-cartes-postales-de-vacances\/#primaryimage"},"thumbnailUrl":"https:\/\/vosgesinfo.fr\/app\/uploads\/sites\/3\/2024\/08\/carte-postale.jpg","articleSection":["A la Une","Epinal","Thaon-les-Vosges","Vosges"],"inLanguage":"fr-FR","potentialAction":[{"@type":"CommentAction","name":"Comment","target":["https:\/\/vosgesinfo.fr\/epinalinfo\/2024\/08\/thaon-les-vosges-les-residents-dune-maison-de-retraite-attendent-des-cartes-postales-de-vacances\/#respond"]}]},{"@type":"WebPage","@id":"https:\/\/vosgesinfo.fr\/epinalinfo\/2024\/08\/thaon-les-vosges-les-residents-dune-maison-de-retraite-attendent-des-cartes-postales-de-vacances\/","url":"https:\/\/vosgesinfo.fr\/epinalinfo\/2024\/08\/thaon-les-vosges-les-residents-dune-maison-de-retraite-attendent-des-cartes-postales-de-vacances\/","name":"Thaon-l\u00e8s-Vosges - Les r\u00e9sidents d'une maison de retraite attendent des cartes postales de vacances - Epinal Info","isPartOf":{"@id":"https:\/\/vosgesinfo.fr\/epinalinfo\/#website"},"primaryImageOfPage":{"@id":"https:\/\/vosgesinfo.fr\/epinalinfo\/2024\/08\/thaon-les-vosges-les-residents-dune-maison-de-retraite-attendent-des-cartes-postales-de-vacances\/#primaryimage"},"image":{"@id":"https:\/\/vosgesinfo.fr\/epinalinfo\/2024\/08\/thaon-les-vosges-les-residents-dune-maison-de-retraite-attendent-des-cartes-postales-de-vacances\/#primaryimage"},"thumbnailUrl":"https:\/\/vosgesinfo.fr\/app\/uploads\/sites\/3\/2024\/08\/carte-postale.jpg","datePublished":"2024-08-01T11:44:52+00:00","dateModified":"2024-08-01T11:44:52+00:00","breadcrumb":{"@id":"https:\/\/vosgesinfo.fr\/epinalinfo\/2024\/08\/thaon-les-vosges-les-residents-dune-maison-de-retraite-attendent-des-cartes-postales-de-vacances\/#breadcrumb"},"inLanguage":"fr-FR","potentialAction":[{"@type":"ReadAction","target":["https:\/\/vosgesinfo.fr\/epinalinfo\/2024\/08\/thaon-les-vosges-les-residents-dune-maison-de-retraite-attendent-des-cartes-postales-de-vacances\/"]}]},{"@type":"ImageObject","inLanguage":"fr-FR","@id":"https:\/\/vosgesinfo.fr\/epinalinfo\/2024\/08\/thaon-les-vosges-les-residents-dune-maison-de-retraite-attendent-des-cartes-postales-de-vacances\/#primaryimage","url":"https:\/\/vosgesinfo.fr\/app\/uploads\/sites\/3\/2024\/08\/carte-postale.jpg","contentUrl":"https:\/\/vosgesinfo.fr\/app\/uploads\/sites\/3\/2024\/08\/carte-postale.jpg","width":814,"height":720},{"@type":"BreadcrumbList","@id":"https:\/\/vosgesinfo.fr\/epinalinfo\/2024\/08\/thaon-les-vosges-les-residents-dune-maison-de-retraite-attendent-des-cartes-postales-de-vacances\/#breadcrumb","itemListElement":[{"@type":"ListItem","position":1,"name":"Home","item":"https:\/\/vosgesinfo.fr\/epinalinfo\/"},{"@type":"ListItem","position":2,"name":"Thaon-l\u00e8s-Vosges &#8211; Les r\u00e9sidents d&#8217;une maison de retraite attendent des cartes postales de vacances"}]},{"@type":"WebSite","@id":"https:\/\/vosgesinfo.fr\/epinalinfo\/#website","url":"https:\/\/vosgesinfo.fr\/epinalinfo\/","name":"Epinal Info","description":"Toute l&#039;actualit\u00e9 d&#039;\u00c9pinal","publisher":{"@id":"https:\/\/vosgesinfo.fr\/epinalinfo\/#organization"},"alternateName":"Toute l'actualit\u00e9 d'\u00c9pinal","potentialAction":[{"@type":"SearchAction","target":{"@type":"EntryPoint","urlTemplate":"https:\/\/vosgesinfo.fr\/epinalinfo\/?s={search_term_string}"},"query-input":"required name=search_term_string"}],"inLanguage":"fr-FR"},{"@type":"Organization","@id":"https:\/\/vosgesinfo.fr\/epinalinfo\/#organization","name":"Epinal Info","url":"https:\/\/vosgesinfo.fr\/epinalinfo\/","logo":{"@type":"ImageObject","inLanguage":"fr-FR","@id":"https:\/\/vosgesinfo.fr\/epinalinfo\/#\/schema\/logo\/image\/","url":"https:\/\/vosgesinfo.fr\/app\/uploads\/sites\/3\/2023\/08\/logo-epinalinfos.svg","contentUrl":"https:\/\/vosgesinfo.fr\/app\/uploads\/sites\/3\/2023\/08\/logo-epinalinfos.svg","width":1,"height":1,"caption":"Epinal Info"},"image":{"@id":"https:\/\/vosgesinfo.fr\/epinalinfo\/#\/schema\/logo\/image\/"},"sameAs":["https:\/\/www.facebook.com\/Epinalinfos","https:\/\/x.com\/VosgesInfo88","https:\/\/www.youtube.com\/@vosgesinfo"]},{"@type":"Person","@id":"https:\/\/vosgesinfo.fr\/epinalinfo\/#\/schema\/person\/6f9a650eeea99d969b6c4ab78fccbe81","name":"C.K.","image":{"@type":"ImageObject","inLanguage":"fr-FR","@id":"https:\/\/vosgesinfo.fr\/epinalinfo\/#\/schema\/person\/image\/","url":"https:\/\/secure.gravatar.com\/avatar\/48e3fc7f8421ba8942be6b74a2b7f014ca39bc00dece156b7a8e098ae7dc87bf?s=96&d=mm&r=g","contentUrl":"https:\/\/secure.gravatar.com\/avatar\/48e3fc7f8421ba8942be6b74a2b7f014ca39bc00dece156b7a8e098ae7dc87bf?s=96&d=mm&r=g","caption":"C.K."},"url":"https:\/\/vosgesinfo.fr\/epinalinfo\/author\/celia-k-n\/"}]}},"_links":{"self":[{"href":"https:\/\/vosgesinfo.fr\/epinalinfo\/wp-json\/wp\/v2\/posts\/56279","targetHints":{"allow":["GET"]}}],"collection":[{"href":"https:\/\/vosgesinfo.fr\/epinalinfo\/wp-json\/wp\/v2\/posts"}],"about":[{"href":"https:\/\/vosgesinfo.fr\/epinalinfo\/wp-json\/wp\/v2\/types\/post"}],"author":[{"embeddable":true,"href":"https:\/\/vosgesinfo.fr\/epinalinfo\/wp-json\/wp\/v2\/users\/52"}],"replies":[{"embeddable":true,"href":"https:\/\/vosgesinfo.fr\/epinalinfo\/wp-json\/wp\/v2\/comments?post=56279"}],"version-history":[{"count":1,"href":"https:\/\/vosgesinfo.fr\/epinalinfo\/wp-json\/wp\/v2\/posts\/56279\/revisions"}],"predecessor-version":[{"id":56281,"href":"https:\/\/vosgesinfo.fr\/epinalinfo\/wp-json\/wp\/v2\/posts\/56279\/revisions\/56281"}],"wp:featuredmedia":[{"embeddable":true,"href":"https:\/\/vosgesinfo.fr\/epinalinfo\/wp-json\/wp\/v2\/media\/56280"}],"wp:attachment":[{"href":"https:\/\/vosgesinfo.fr\/epinalinfo\/wp-json\/wp\/v2\/media?parent=56279"}],"wp:term":[{"taxonomy":"category","embeddable":true,"href":"https:\/\/vosgesinfo.fr\/epinalinfo\/wp-json\/wp\/v2\/categories?post=56279"},{"taxonomy":"post_tag","embeddable":true,"href":"https:\/\/vosgesinfo.fr\/epinalinfo\/wp-json\/wp\/v2\/tags?post=56279"}],"curies":[{"name":"wp","href":"https:\/\/api.w.org\/{rel}","templated":true}]}}