{"id":57349,"date":"2016-01-26T11:43:50","date_gmt":"2016-01-26T10:43:50","guid":{"rendered":"https:\/\/vosgesinfo.fr\/epinalinfo\/2016\/01\/rentree-2016-3-postes-supplementaires-vosges-dont-a-lecole-paul-emile-victor-depinal\/"},"modified":"2016-01-26T11:43:50","modified_gmt":"2016-01-26T10:43:50","slug":"rentree-2016-3-postes-supplementaires-vosges-dont-a-lecole-paul-emile-victor-depinal","status":"publish","type":"post","link":"https:\/\/vosgesinfo.fr\/epinalinfo\/2016\/01\/rentree-2016-3-postes-supplementaires-vosges-dont-a-lecole-paul-emile-victor-depinal\/","title":{"rendered":"Rentr\u00e9e 2016 : 3 postes suppl\u00e9mentaires dans les Vosges dont un \u00e0 l&rsquo;\u00e9cole Paul Emile Victor d&rsquo;Epinal"},"content":{"rendered":"<div id=\"attachment_75385\" style=\"width: 1034px\" class=\"wp-caption aligncenter\"><a href=\"\/2016\/01\/paul-emile-victor.jpg\"><img decoding=\"async\" aria-describedby=\"caption-attachment-75385\" class=\"size-full wp-image-75385\" src=\"\/2016\/01\/paul-emile-victor.jpg\" alt=\"(photo google maps)\" width=\"1024\" height=\"455\" \/><\/a><p id=\"caption-attachment-75385\" class=\"wp-caption-text\">(photo google maps)<\/p><\/div>\n<p><strong>Les nouvelles mesures de carte scolaire ont \u00e9t\u00e9 \u00e9tudi\u00e9es au comit\u00e9 technique sp\u00e9cial d\u00e9partemental du 25 janvier 2016 pour la rentr\u00e9e 2016 &#8211; 1er degr\u00e9.\u00a0Le Recteur d\u2019acad\u00e9mie a attribu\u00e9 trois postes suppl\u00e9mentaires \u00e0 la rentr\u00e9e scolaire 2016 pour le d\u00e9partement des Vosges.<\/strong><\/p>\n<p>On doit ces affectations suppl\u00e9mentaires \u00e0 la hausse du nombre d\u2019\u00e9l\u00e8ves. Ces nouveaux professeurs seront affect\u00e9s \u00e0 \u00c9pinal au sein de l\u2019\u00e9cole primaire \u00ab\u00a0Paul-\u00c9mile Victor\u00a0\u00bb, \u00e0 l\u2019\u00e9cole primaire de Flor\u00e9mont ainsi qu\u2019\u00e0 Savigny \u00e0 l\u2019\u00e9cole primaire \u00ab\u00a0Terres de l\u00e9gendes\u00a0\u00bb.<\/p>\n<p><strong>Le dispositif \u00ab\u00a0plus de ma\u00eetres que de classes\u00a0\u00bb est suivi par :\u00a0<\/strong><\/p>\n<ul>\n<li>Capavenir Vosges primaire \u00ab\u00a0Gohypr\u00e9\u00a0\u00bb<\/li>\n<li>\u00c9pinal \u00e9l\u00e9mentaire \u00ab\u00a0Loge Blanche\u00a0\u00bb<\/li>\n<li>G\u00e9rardmer \u00e9l\u00e9mentaire \u00ab\u00a0Jules Ferry\u00a0\u00bb<\/li>\n<li>Le Thillot primaire \u00ab\u00a0Jules Ferry\u00a0\u00bb<\/li>\n<li>Mirecourt \u00e9l\u00e9mentaire \u00ab\u00a0Docteur Brahy\u00a0\u00bb \/ \u00e9l\u00e9mentaire \u00ab\u00a0Joseph Bey\u00a0\u00bb<\/li>\n<li>Raon l\u2019\u00c9tape primaire \u00ab Centre \u00bb<\/li>\n<li>Senones primaire \u00ab\u00a0Perrin &#8211; Sand\u00a0\u00bb<\/li>\n<li>Vittel \u00e9l\u00e9mentaire \u00ab\u00a0Haut de Fol\u00a0\u00bb<\/li>\n<\/ul>\n<p>Le projet TBS qui permet d\u2019accueilli des \u00e9l\u00e8ves de moins de 3 ans est suivi par la maternelle \u00ab\u00a0Bouxi\u00e8res\u00a0\u00bb de Capavenir Vosges.<\/p>\n<p>L\u2019\u00e9cole \u00e9l\u00e9mentaire \u00ab\u00a0Centre\u00a0\u00bb de Xertigny propose la scolarisation des \u00e9l\u00e8ves handicap\u00e9s.<\/p>\n<p><strong>Les \u00e9coles qui subissent une baisse d\u2019emplois (-30 emplois) :\u00a0<\/strong><\/p>\n<ul>\n<li>Bruy\u00e8res \u00e9l\u00e9mentaire \u00ab\u00a0Jules Ferry\u00a0\u00bb<\/li>\n<li>Bussang primaire \u00ab\u00a0Centre\u00a0\u00bb<\/li>\n<li>Champ-le-Duc primaire<\/li>\n<li>Charmes primaire \u00ab\u00a0Docteur Malgaigne\u00a0\u00bb<\/li>\n<li>Charmes primaire \u00ab\u00a0Henri Breton\u00a0\u00bb<\/li>\n<li>\u00c9loyes maternelle \u00ab\u00a0Centre\u00a0\u00bb<\/li>\n<li>\u00c9pinal \u00e9l\u00e9mentaire \u00ab\u00a0Champbeauvert\u00a0\u00bb<\/li>\n<li>\u00c9pinal \u00e9l\u00e9mentaire \u00ab\u00a0Loge Blanche\u00a0\u00bb<\/li>\n<li>Freb\u00e9court maternelle<\/li>\n<li>G\u00e9rardmer \u00e9l\u00e9mentaire \u00ab\u00a0Marie Curie\u00a0\u00bb<\/li>\n<li>Girancourt primaire<\/li>\n<li>Granges-Aumontzey \u00e9l\u00e9mentaire \u00ab\u00a0Ferry-Charlemagne\u00a0\u00bb<\/li>\n<li>La Forge primaire \u00ab\u00a0Les Grillons\u00a0\u00bb<\/li>\n<li>La Petite Raon primaire \u00ab\u00a0Pr\u00e9 des Moines\u00a0\u00bb<\/li>\n<li>Lamarche primaire \u00ab\u00a0Camille Picard\u00a0\u00bb<\/li>\n<li>Le Clerjus primaire<\/li>\n<li>Martigny-les-Bains primaire \u00ab\u00a0Pierre et Marie Curie\u00a0\u00bb<\/li>\n<li>Martigny-les-Gerbonvaux primaire \u00ab\u00a0Les Quatre Vents\u00a0\u00bb<\/li>\n<li>Mirecourt \u00e9l\u00e9mentaire \u00ab\u00a0Docteur Brahy\u00a0\u00bb<\/li>\n<li>Mirecourt maternelle \u00ab\u00a0Centre\u00a0\u00bb<\/li>\n<li>Moyenmoutier maternelle \u00ab\u00a0Centre\u00a0\u00bb<\/li>\n<li>Rambervillers \u00e9l\u00e9mentaire \u00ab\u00a0Le Void R\u00e9gnier\u00a0\u00bb<\/li>\n<li>Ramonchamp \u00e9l\u00e9mentaire<\/li>\n<li>Sainte-Marguerite \u00e9l\u00e9mentaire \u00ab\u00a0Centre\u00a0\u00bb<\/li>\n<li>Vagney \u00e9l\u00e9mentaire \u00ab\u00a0Perce-Neige\u00a0\u00bb<\/li>\n<li>Vagney primaire \u00ab\u00a0Zainvillers\u00a0\u00bb<\/li>\n<li>Vittel \u00e9l\u00e9mentaire \u00ab\u00a0Centre\u00a0\u00bb<\/li>\n<li>Vittel \u00e9l\u00e9mentaire \u00ab\u00a0Le haut de Fol\u00a0\u00bb<\/li>\n<li>RPI Belmont-sur-Buttant \/ Domfaing<\/li>\n<li>RPI Domptail \/ Saint-Pierremont \/ Xaff\u00e9villers<\/li>\n<\/ul>\n<p>&nbsp;<\/p>\n","protected":false},"excerpt":{"rendered":"<p>Les nouvelles mesures de carte scolaire ont \u00e9t\u00e9 \u00e9tudi\u00e9es au comit\u00e9 technique sp\u00e9cial d\u00e9partemental du 25 janvier 2016 pour la [&hellip;]<\/p>\n","protected":false},"author":52,"featured_media":57350,"comment_status":"open","ping_status":"open","sticky":false,"template":"","format":"standard","meta":{"footnotes":""},"categories":[15,5],"tags":[],"class_list":["post-57349","post","type-post","status-publish","format-standard","has-post-thumbnail","hentry","category-education","category-vosges"],"acf":[],"yoast_head":"<!-- This site is optimized with the Yoast SEO plugin v22.5 - https:\/\/yoast.com\/wordpress\/plugins\/seo\/ -->\n<title>Rentr\u00e9e 2016 : 3 postes suppl\u00e9mentaires dans les Vosges dont un \u00e0 l&#039;\u00e9cole Paul Emile Victor d&#039;Epinal - Epinal Info<\/title>\n<meta name=\"robots\" content=\"index, follow, max-snippet:-1, max-image-preview:large, max-video-preview:-1\" \/>\n<link rel=\"canonical\" href=\"https:\/\/vosgesinfo.fr\/epinalinfo\/2016\/01\/rentree-2016-3-postes-supplementaires-vosges-dont-a-lecole-paul-emile-victor-depinal\/\" \/>\n<meta name=\"twitter:card\" content=\"summary_large_image\" \/>\n<meta name=\"twitter:title\" content=\"Rentr\u00e9e 2016 : 3 postes suppl\u00e9mentaires dans les Vosges dont un \u00e0 l&#039;\u00e9cole Paul Emile Victor d&#039;Epinal - Epinal Info\" \/>\n<meta name=\"twitter:description\" content=\"Les nouvelles mesures de carte scolaire ont \u00e9t\u00e9 \u00e9tudi\u00e9es au comit\u00e9 technique sp\u00e9cial d\u00e9partemental du 25 janvier 2016 pour la [&hellip;]\" \/>\n<meta name=\"twitter:image\" content=\"https:\/\/vosgesinfo.fr\/app\/uploads\/sites\/3\/2024\/08\/201601paul-emile-victor.jpg\" \/>\n<meta name=\"twitter:creator\" content=\"@VosgesInfo88\" \/>\n<meta name=\"twitter:site\" content=\"@VosgesInfo88\" \/>\n<meta name=\"twitter:label1\" content=\"\u00c9crit par\" \/>\n\t<meta name=\"twitter:data1\" content=\"C.K.\" \/>\n\t<meta name=\"twitter:label2\" content=\"Dur\u00e9e de lecture estim\u00e9e\" \/>\n\t<meta name=\"twitter:data2\" content=\"2 minutes\" \/>\n<script type=\"application\/ld+json\" class=\"yoast-schema-graph\">{\"@context\":\"https:\/\/schema.org\",\"@graph\":[{\"@type\":\"Article\",\"@id\":\"https:\/\/vosgesinfo.fr\/epinalinfo\/2016\/01\/rentree-2016-3-postes-supplementaires-vosges-dont-a-lecole-paul-emile-victor-depinal\/#article\",\"isPartOf\":{\"@id\":\"https:\/\/vosgesinfo.fr\/epinalinfo\/2016\/01\/rentree-2016-3-postes-supplementaires-vosges-dont-a-lecole-paul-emile-victor-depinal\/\"},\"author\":{\"name\":\"C.K.\",\"@id\":\"https:\/\/vosgesinfo.fr\/epinalinfo\/#\/schema\/person\/6f9a650eeea99d969b6c4ab78fccbe81\"},\"headline\":\"Rentr\u00e9e 2016 : 3 postes suppl\u00e9mentaires dans les Vosges dont un \u00e0 l&rsquo;\u00e9cole Paul Emile Victor d&rsquo;Epinal\",\"datePublished\":\"2016-01-26T10:43:50+00:00\",\"dateModified\":\"2016-01-26T10:43:50+00:00\",\"mainEntityOfPage\":{\"@id\":\"https:\/\/vosgesinfo.fr\/epinalinfo\/2016\/01\/rentree-2016-3-postes-supplementaires-vosges-dont-a-lecole-paul-emile-victor-depinal\/\"},\"wordCount\":353,\"commentCount\":0,\"publisher\":{\"@id\":\"https:\/\/vosgesinfo.fr\/epinalinfo\/#organization\"},\"image\":{\"@id\":\"https:\/\/vosgesinfo.fr\/epinalinfo\/2016\/01\/rentree-2016-3-postes-supplementaires-vosges-dont-a-lecole-paul-emile-victor-depinal\/#primaryimage\"},\"thumbnailUrl\":\"https:\/\/vosgesinfo.fr\/app\/uploads\/sites\/3\/2024\/08\/201601paul-emile-victor.jpg\",\"articleSection\":[\"\u00c9ducation\",\"Vosges\"],\"inLanguage\":\"fr-FR\",\"potentialAction\":[{\"@type\":\"CommentAction\",\"name\":\"Comment\",\"target\":[\"https:\/\/vosgesinfo.fr\/epinalinfo\/2016\/01\/rentree-2016-3-postes-supplementaires-vosges-dont-a-lecole-paul-emile-victor-depinal\/#respond\"]}]},{\"@type\":\"WebPage\",\"@id\":\"https:\/\/vosgesinfo.fr\/epinalinfo\/2016\/01\/rentree-2016-3-postes-supplementaires-vosges-dont-a-lecole-paul-emile-victor-depinal\/\",\"url\":\"https:\/\/vosgesinfo.fr\/epinalinfo\/2016\/01\/rentree-2016-3-postes-supplementaires-vosges-dont-a-lecole-paul-emile-victor-depinal\/\",\"name\":\"Rentr\u00e9e 2016 : 3 postes suppl\u00e9mentaires dans les Vosges dont un \u00e0 l'\u00e9cole Paul Emile Victor d'Epinal - Epinal Info\",\"isPartOf\":{\"@id\":\"https:\/\/vosgesinfo.fr\/epinalinfo\/#website\"},\"primaryImageOfPage\":{\"@id\":\"https:\/\/vosgesinfo.fr\/epinalinfo\/2016\/01\/rentree-2016-3-postes-supplementaires-vosges-dont-a-lecole-paul-emile-victor-depinal\/#primaryimage\"},\"image\":{\"@id\":\"https:\/\/vosgesinfo.fr\/epinalinfo\/2016\/01\/rentree-2016-3-postes-supplementaires-vosges-dont-a-lecole-paul-emile-victor-depinal\/#primaryimage\"},\"thumbnailUrl\":\"https:\/\/vosgesinfo.fr\/app\/uploads\/sites\/3\/2024\/08\/201601paul-emile-victor.jpg\",\"datePublished\":\"2016-01-26T10:43:50+00:00\",\"dateModified\":\"2016-01-26T10:43:50+00:00\",\"breadcrumb\":{\"@id\":\"https:\/\/vosgesinfo.fr\/epinalinfo\/2016\/01\/rentree-2016-3-postes-supplementaires-vosges-dont-a-lecole-paul-emile-victor-depinal\/#breadcrumb\"},\"inLanguage\":\"fr-FR\",\"potentialAction\":[{\"@type\":\"ReadAction\",\"target\":[\"https:\/\/vosgesinfo.fr\/epinalinfo\/2016\/01\/rentree-2016-3-postes-supplementaires-vosges-dont-a-lecole-paul-emile-victor-depinal\/\"]}]},{\"@type\":\"ImageObject\",\"inLanguage\":\"fr-FR\",\"@id\":\"https:\/\/vosgesinfo.fr\/epinalinfo\/2016\/01\/rentree-2016-3-postes-supplementaires-vosges-dont-a-lecole-paul-emile-victor-depinal\/#primaryimage\",\"url\":\"https:\/\/vosgesinfo.fr\/app\/uploads\/sites\/3\/2024\/08\/201601paul-emile-victor.jpg\",\"contentUrl\":\"https:\/\/vosgesinfo.fr\/app\/uploads\/sites\/3\/2024\/08\/201601paul-emile-victor.jpg\",\"width\":1024,\"height\":455},{\"@type\":\"BreadcrumbList\",\"@id\":\"https:\/\/vosgesinfo.fr\/epinalinfo\/2016\/01\/rentree-2016-3-postes-supplementaires-vosges-dont-a-lecole-paul-emile-victor-depinal\/#breadcrumb\",\"itemListElement\":[{\"@type\":\"ListItem\",\"position\":1,\"name\":\"Home\",\"item\":\"https:\/\/vosgesinfo.fr\/epinalinfo\/\"},{\"@type\":\"ListItem\",\"position\":2,\"name\":\"Rentr\u00e9e 2016 : 3 postes suppl\u00e9mentaires dans les Vosges dont un \u00e0 l&rsquo;\u00e9cole Paul Emile Victor d&rsquo;Epinal\"}]},{\"@type\":\"WebSite\",\"@id\":\"https:\/\/vosgesinfo.fr\/epinalinfo\/#website\",\"url\":\"https:\/\/vosgesinfo.fr\/epinalinfo\/\",\"name\":\"Epinal Info\",\"description\":\"Toute l&#039;actualit\u00e9 d&#039;\u00c9pinal\",\"publisher\":{\"@id\":\"https:\/\/vosgesinfo.fr\/epinalinfo\/#organization\"},\"alternateName\":\"Toute l'actualit\u00e9 d'\u00c9pinal\",\"potentialAction\":[{\"@type\":\"SearchAction\",\"target\":{\"@type\":\"EntryPoint\",\"urlTemplate\":\"https:\/\/vosgesinfo.fr\/epinalinfo\/?s={search_term_string}\"},\"query-input\":\"required name=search_term_string\"}],\"inLanguage\":\"fr-FR\"},{\"@type\":\"Organization\",\"@id\":\"https:\/\/vosgesinfo.fr\/epinalinfo\/#organization\",\"name\":\"Epinal Info\",\"url\":\"https:\/\/vosgesinfo.fr\/epinalinfo\/\",\"logo\":{\"@type\":\"ImageObject\",\"inLanguage\":\"fr-FR\",\"@id\":\"https:\/\/vosgesinfo.fr\/epinalinfo\/#\/schema\/logo\/image\/\",\"url\":\"https:\/\/vosgesinfo.fr\/app\/uploads\/sites\/3\/2023\/08\/logo-epinalinfos.svg\",\"contentUrl\":\"https:\/\/vosgesinfo.fr\/app\/uploads\/sites\/3\/2023\/08\/logo-epinalinfos.svg\",\"width\":1,\"height\":1,\"caption\":\"Epinal Info\"},\"image\":{\"@id\":\"https:\/\/vosgesinfo.fr\/epinalinfo\/#\/schema\/logo\/image\/\"},\"sameAs\":[\"https:\/\/www.facebook.com\/Epinalinfos\",\"https:\/\/x.com\/VosgesInfo88\",\"https:\/\/www.youtube.com\/@vosgesinfo\"]},{\"@type\":\"Person\",\"@id\":\"https:\/\/vosgesinfo.fr\/epinalinfo\/#\/schema\/person\/6f9a650eeea99d969b6c4ab78fccbe81\",\"name\":\"C.K.\",\"image\":{\"@type\":\"ImageObject\",\"inLanguage\":\"fr-FR\",\"@id\":\"https:\/\/vosgesinfo.fr\/epinalinfo\/#\/schema\/person\/image\/\",\"url\":\"https:\/\/secure.gravatar.com\/avatar\/48e3fc7f8421ba8942be6b74a2b7f014ca39bc00dece156b7a8e098ae7dc87bf?s=96&d=mm&r=g\",\"contentUrl\":\"https:\/\/secure.gravatar.com\/avatar\/48e3fc7f8421ba8942be6b74a2b7f014ca39bc00dece156b7a8e098ae7dc87bf?s=96&d=mm&r=g\",\"caption\":\"C.K.\"},\"url\":\"https:\/\/vosgesinfo.fr\/epinalinfo\/author\/celia-k-n\/\"}]}<\/script>\n<!-- \/ Yoast SEO plugin. -->","yoast_head_json":{"title":"Rentr\u00e9e 2016 : 3 postes suppl\u00e9mentaires dans les Vosges dont un \u00e0 l'\u00e9cole Paul Emile Victor d'Epinal - Epinal Info","robots":{"index":"index","follow":"follow","max-snippet":"max-snippet:-1","max-image-preview":"max-image-preview:large","max-video-preview":"max-video-preview:-1"},"canonical":"https:\/\/vosgesinfo.fr\/epinalinfo\/2016\/01\/rentree-2016-3-postes-supplementaires-vosges-dont-a-lecole-paul-emile-victor-depinal\/","twitter_card":"summary_large_image","twitter_title":"Rentr\u00e9e 2016 : 3 postes suppl\u00e9mentaires dans les Vosges dont un \u00e0 l'\u00e9cole Paul Emile Victor d'Epinal - Epinal Info","twitter_description":"Les nouvelles mesures de carte scolaire ont \u00e9t\u00e9 \u00e9tudi\u00e9es au comit\u00e9 technique sp\u00e9cial d\u00e9partemental du 25 janvier 2016 pour la [&hellip;]","twitter_image":"https:\/\/vosgesinfo.fr\/app\/uploads\/sites\/3\/2024\/08\/201601paul-emile-victor.jpg","twitter_creator":"@VosgesInfo88","twitter_site":"@VosgesInfo88","twitter_misc":{"\u00c9crit par":"C.K.","Dur\u00e9e de lecture estim\u00e9e":"2 minutes"},"schema":{"@context":"https:\/\/schema.org","@graph":[{"@type":"Article","@id":"https:\/\/vosgesinfo.fr\/epinalinfo\/2016\/01\/rentree-2016-3-postes-supplementaires-vosges-dont-a-lecole-paul-emile-victor-depinal\/#article","isPartOf":{"@id":"https:\/\/vosgesinfo.fr\/epinalinfo\/2016\/01\/rentree-2016-3-postes-supplementaires-vosges-dont-a-lecole-paul-emile-victor-depinal\/"},"author":{"name":"C.K.","@id":"https:\/\/vosgesinfo.fr\/epinalinfo\/#\/schema\/person\/6f9a650eeea99d969b6c4ab78fccbe81"},"headline":"Rentr\u00e9e 2016 : 3 postes suppl\u00e9mentaires dans les Vosges dont un \u00e0 l&rsquo;\u00e9cole Paul Emile Victor d&rsquo;Epinal","datePublished":"2016-01-26T10:43:50+00:00","dateModified":"2016-01-26T10:43:50+00:00","mainEntityOfPage":{"@id":"https:\/\/vosgesinfo.fr\/epinalinfo\/2016\/01\/rentree-2016-3-postes-supplementaires-vosges-dont-a-lecole-paul-emile-victor-depinal\/"},"wordCount":353,"commentCount":0,"publisher":{"@id":"https:\/\/vosgesinfo.fr\/epinalinfo\/#organization"},"image":{"@id":"https:\/\/vosgesinfo.fr\/epinalinfo\/2016\/01\/rentree-2016-3-postes-supplementaires-vosges-dont-a-lecole-paul-emile-victor-depinal\/#primaryimage"},"thumbnailUrl":"https:\/\/vosgesinfo.fr\/app\/uploads\/sites\/3\/2024\/08\/201601paul-emile-victor.jpg","articleSection":["\u00c9ducation","Vosges"],"inLanguage":"fr-FR","potentialAction":[{"@type":"CommentAction","name":"Comment","target":["https:\/\/vosgesinfo.fr\/epinalinfo\/2016\/01\/rentree-2016-3-postes-supplementaires-vosges-dont-a-lecole-paul-emile-victor-depinal\/#respond"]}]},{"@type":"WebPage","@id":"https:\/\/vosgesinfo.fr\/epinalinfo\/2016\/01\/rentree-2016-3-postes-supplementaires-vosges-dont-a-lecole-paul-emile-victor-depinal\/","url":"https:\/\/vosgesinfo.fr\/epinalinfo\/2016\/01\/rentree-2016-3-postes-supplementaires-vosges-dont-a-lecole-paul-emile-victor-depinal\/","name":"Rentr\u00e9e 2016 : 3 postes suppl\u00e9mentaires dans les Vosges dont un \u00e0 l'\u00e9cole Paul Emile Victor d'Epinal - Epinal Info","isPartOf":{"@id":"https:\/\/vosgesinfo.fr\/epinalinfo\/#website"},"primaryImageOfPage":{"@id":"https:\/\/vosgesinfo.fr\/epinalinfo\/2016\/01\/rentree-2016-3-postes-supplementaires-vosges-dont-a-lecole-paul-emile-victor-depinal\/#primaryimage"},"image":{"@id":"https:\/\/vosgesinfo.fr\/epinalinfo\/2016\/01\/rentree-2016-3-postes-supplementaires-vosges-dont-a-lecole-paul-emile-victor-depinal\/#primaryimage"},"thumbnailUrl":"https:\/\/vosgesinfo.fr\/app\/uploads\/sites\/3\/2024\/08\/201601paul-emile-victor.jpg","datePublished":"2016-01-26T10:43:50+00:00","dateModified":"2016-01-26T10:43:50+00:00","breadcrumb":{"@id":"https:\/\/vosgesinfo.fr\/epinalinfo\/2016\/01\/rentree-2016-3-postes-supplementaires-vosges-dont-a-lecole-paul-emile-victor-depinal\/#breadcrumb"},"inLanguage":"fr-FR","potentialAction":[{"@type":"ReadAction","target":["https:\/\/vosgesinfo.fr\/epinalinfo\/2016\/01\/rentree-2016-3-postes-supplementaires-vosges-dont-a-lecole-paul-emile-victor-depinal\/"]}]},{"@type":"ImageObject","inLanguage":"fr-FR","@id":"https:\/\/vosgesinfo.fr\/epinalinfo\/2016\/01\/rentree-2016-3-postes-supplementaires-vosges-dont-a-lecole-paul-emile-victor-depinal\/#primaryimage","url":"https:\/\/vosgesinfo.fr\/app\/uploads\/sites\/3\/2024\/08\/201601paul-emile-victor.jpg","contentUrl":"https:\/\/vosgesinfo.fr\/app\/uploads\/sites\/3\/2024\/08\/201601paul-emile-victor.jpg","width":1024,"height":455},{"@type":"BreadcrumbList","@id":"https:\/\/vosgesinfo.fr\/epinalinfo\/2016\/01\/rentree-2016-3-postes-supplementaires-vosges-dont-a-lecole-paul-emile-victor-depinal\/#breadcrumb","itemListElement":[{"@type":"ListItem","position":1,"name":"Home","item":"https:\/\/vosgesinfo.fr\/epinalinfo\/"},{"@type":"ListItem","position":2,"name":"Rentr\u00e9e 2016 : 3 postes suppl\u00e9mentaires dans les Vosges dont un \u00e0 l&rsquo;\u00e9cole Paul Emile Victor d&rsquo;Epinal"}]},{"@type":"WebSite","@id":"https:\/\/vosgesinfo.fr\/epinalinfo\/#website","url":"https:\/\/vosgesinfo.fr\/epinalinfo\/","name":"Epinal Info","description":"Toute l&#039;actualit\u00e9 d&#039;\u00c9pinal","publisher":{"@id":"https:\/\/vosgesinfo.fr\/epinalinfo\/#organization"},"alternateName":"Toute l'actualit\u00e9 d'\u00c9pinal","potentialAction":[{"@type":"SearchAction","target":{"@type":"EntryPoint","urlTemplate":"https:\/\/vosgesinfo.fr\/epinalinfo\/?s={search_term_string}"},"query-input":"required name=search_term_string"}],"inLanguage":"fr-FR"},{"@type":"Organization","@id":"https:\/\/vosgesinfo.fr\/epinalinfo\/#organization","name":"Epinal Info","url":"https:\/\/vosgesinfo.fr\/epinalinfo\/","logo":{"@type":"ImageObject","inLanguage":"fr-FR","@id":"https:\/\/vosgesinfo.fr\/epinalinfo\/#\/schema\/logo\/image\/","url":"https:\/\/vosgesinfo.fr\/app\/uploads\/sites\/3\/2023\/08\/logo-epinalinfos.svg","contentUrl":"https:\/\/vosgesinfo.fr\/app\/uploads\/sites\/3\/2023\/08\/logo-epinalinfos.svg","width":1,"height":1,"caption":"Epinal Info"},"image":{"@id":"https:\/\/vosgesinfo.fr\/epinalinfo\/#\/schema\/logo\/image\/"},"sameAs":["https:\/\/www.facebook.com\/Epinalinfos","https:\/\/x.com\/VosgesInfo88","https:\/\/www.youtube.com\/@vosgesinfo"]},{"@type":"Person","@id":"https:\/\/vosgesinfo.fr\/epinalinfo\/#\/schema\/person\/6f9a650eeea99d969b6c4ab78fccbe81","name":"C.K.","image":{"@type":"ImageObject","inLanguage":"fr-FR","@id":"https:\/\/vosgesinfo.fr\/epinalinfo\/#\/schema\/person\/image\/","url":"https:\/\/secure.gravatar.com\/avatar\/48e3fc7f8421ba8942be6b74a2b7f014ca39bc00dece156b7a8e098ae7dc87bf?s=96&d=mm&r=g","contentUrl":"https:\/\/secure.gravatar.com\/avatar\/48e3fc7f8421ba8942be6b74a2b7f014ca39bc00dece156b7a8e098ae7dc87bf?s=96&d=mm&r=g","caption":"C.K."},"url":"https:\/\/vosgesinfo.fr\/epinalinfo\/author\/celia-k-n\/"}]}},"_links":{"self":[{"href":"https:\/\/vosgesinfo.fr\/epinalinfo\/wp-json\/wp\/v2\/posts\/57349","targetHints":{"allow":["GET"]}}],"collection":[{"href":"https:\/\/vosgesinfo.fr\/epinalinfo\/wp-json\/wp\/v2\/posts"}],"about":[{"href":"https:\/\/vosgesinfo.fr\/epinalinfo\/wp-json\/wp\/v2\/types\/post"}],"author":[{"embeddable":true,"href":"https:\/\/vosgesinfo.fr\/epinalinfo\/wp-json\/wp\/v2\/users\/52"}],"replies":[{"embeddable":true,"href":"https:\/\/vosgesinfo.fr\/epinalinfo\/wp-json\/wp\/v2\/comments?post=57349"}],"version-history":[{"count":0,"href":"https:\/\/vosgesinfo.fr\/epinalinfo\/wp-json\/wp\/v2\/posts\/57349\/revisions"}],"wp:featuredmedia":[{"embeddable":true,"href":"https:\/\/vosgesinfo.fr\/epinalinfo\/wp-json\/wp\/v2\/media\/57350"}],"wp:attachment":[{"href":"https:\/\/vosgesinfo.fr\/epinalinfo\/wp-json\/wp\/v2\/media?parent=57349"}],"wp:term":[{"taxonomy":"category","embeddable":true,"href":"https:\/\/vosgesinfo.fr\/epinalinfo\/wp-json\/wp\/v2\/categories?post=57349"},{"taxonomy":"post_tag","embeddable":true,"href":"https:\/\/vosgesinfo.fr\/epinalinfo\/wp-json\/wp\/v2\/tags?post=57349"}],"curies":[{"name":"wp","href":"https:\/\/api.w.org\/{rel}","templated":true}]}}