{"id":57351,"date":"2016-01-26T11:50:32","date_gmt":"2016-01-26T10:50:32","guid":{"rendered":"https:\/\/vosgesinfo.fr\/epinalinfo\/2016\/01\/aeroport-depinal-mirecourt-vols-vers-izmir-abandonnes-suite-aux-attentats\/"},"modified":"2016-01-26T11:50:32","modified_gmt":"2016-01-26T10:50:32","slug":"aeroport-depinal-mirecourt-vols-vers-izmir-abandonnes-suite-aux-attentats","status":"publish","type":"post","link":"https:\/\/vosgesinfo.fr\/epinalinfo\/2016\/01\/aeroport-depinal-mirecourt-vols-vers-izmir-abandonnes-suite-aux-attentats\/","title":{"rendered":"A\u00e9roport d\u2019Epinal-Mirecourt : les vols vers Izmir abandonn\u00e9s suite aux attentats"},"content":{"rendered":"<p><a href=\"\/2016\/01\/Ciel-bleu-avion-avion-nuages1.jpg\"><img decoding=\"async\" class=\"aligncenter size-full wp-image-72890\" src=\"\/2016\/01\/Ciel-bleu-avion-avion-nuages1.jpg\" alt=\"Ciel-bleu-avion-avion-nuages1\" width=\"1024\" height=\"640\" \/><\/a><\/p>\n<p><strong>Les conseillers d\u00e9partementaux se sont r\u00e9unis ce lundi 25 janvier sous la pr\u00e9sidence de Fran\u00e7ois Vannson afin d\u2019\u00e9tudier 38 rapports visant \u00e0 soutenir le num\u00e9rique, les routes\u2026 Tous les rapports ont \u00e9t\u00e9 vot\u00e9s \u00e0 l\u2019unanimit\u00e9. <\/strong><\/p>\n<p>Les \u00e9lus ont adopt\u00e9 le bilan 2015 de l\u2019A\u00e9roport d\u2019Epinal-Mirecourt et aussi autoris\u00e9 une proposition de programme dont le co\u00fbt maximal est estim\u00e9 \u00e0 170.000 euros en 2016.<\/p>\n<p>Cette somme permettrait d\u2019assurer des vols vers Nice. Par ailleurs, des \u00e9tudes seront r\u00e9alis\u00e9es afin de constater la faisabilit\u00e9 de vols \u00e0 destination de la Corse, Londres et l\u2019Inde. Les Vols vers Izmir ont \u00e9t\u00e9 abandonn\u00e9s en raison notamment des tensions internationales.<\/p>\n<p><strong>Routes<\/strong><\/p>\n<p>En 2009, le Conseil D\u00e9partemental a \u00e9t\u00e9 sollicit\u00e9 pour accompagner la requalification d\u2019un projet d\u2019Unit\u00e9 Touristique Nouvelle concernant le domaine skiable de Fr\u00e8re Joseph \u00e0 Ventron. Le Conseil a alors accept\u00e9 d\u2019engager des \u00e9tudes routi\u00e8res et environnementales et de porter la ma\u00eetrise d\u2019ouvrage li\u00e9e \u00e0 l\u2019am\u00e9nagement de l\u2019acc\u00e8s \u00e0 la station. Le Conseil d\u00e9partemental ouvrira et organisera donc une consultation publique relative \u00e0 l\u2019\u00e9tude d\u2019impact engendr\u00e9 par ce nouvel agencement.<\/p>\n<p><strong>Num\u00e9rique<\/strong><\/p>\n<p>Le Conseil D\u00e9partemental des Vosges a choisi de s\u2019emparer de la probl\u00e9matique du num\u00e9rique et d\u00e9ploie son plan d\u2019am\u00e9nagement num\u00e9rique d\u2019un montant de 60 millions d\u2019euros afin de r\u00e9sorber les zones blanches Haut D\u00e9bit et de fournir un d\u00e9bit plancher de 3 \u00e0 4 Mbit\/s.<\/p>\n<p>Ainsi \u00e0 c\u00f4t\u00e9 de solutions filaires et du d\u00e9ploiement de la fibre optique, le D\u00e9partement apporte \u00e9galement une aide \u00e0 l\u2019installation et l\u2019acquisition d\u2019antenne de r\u00e9ception internet par satellite.<\/p>\n<p>La solution satellite est devenue une alternative efficace pour desservir en Haut D\u00e9bit les usagers. Depuis la mise en orbite r\u00e9cente du premier satellite europ\u00e9en d\u00e9di\u00e9 \u00e0 l\u2019Internet Haut D\u00e9bit, KA-SAT, embarquant les toutes derni\u00e8res technologies satellitaires, il est possible aujourd\u2019hui d\u2019acc\u00e9der \u00e0 des services \u00ab Triple Play \u00bb comparables \u00e0 ceux disponibles sur les r\u00e9seaux ADSL. Dans ce cas de figure chaque vosgien peut recevoir une aide de 200 euros maximum.<\/p>\n<p>Ainsi 5 particuliers se sont vus attribuer une aide de 100 \u00e0 200 euros, ils r\u00e9sident sur les communes de Champdray, Senaide, Taintrux et Uzemain.<\/p>\n","protected":false},"excerpt":{"rendered":"<p>Les conseillers d\u00e9partementaux se sont r\u00e9unis ce lundi 25 janvier sous la pr\u00e9sidence de Fran\u00e7ois Vannson afin d\u2019\u00e9tudier 38 rapports [&hellip;]<\/p>\n","protected":false},"author":52,"featured_media":57352,"comment_status":"open","ping_status":"open","sticky":false,"template":"","format":"standard","meta":{"footnotes":""},"categories":[8,5],"tags":[],"class_list":["post-57351","post","type-post","status-publish","format-standard","has-post-thumbnail","hentry","category-economie","category-vosges"],"acf":[],"yoast_head":"<!-- This site is optimized with the Yoast SEO plugin v22.5 - https:\/\/yoast.com\/wordpress\/plugins\/seo\/ -->\n<title>A\u00e9roport d\u2019Epinal-Mirecourt : les vols vers Izmir abandonn\u00e9s suite aux attentats - Epinal Info<\/title>\n<meta name=\"robots\" content=\"index, follow, max-snippet:-1, max-image-preview:large, max-video-preview:-1\" \/>\n<link rel=\"canonical\" href=\"https:\/\/vosgesinfo.fr\/epinalinfo\/2016\/01\/aeroport-depinal-mirecourt-vols-vers-izmir-abandonnes-suite-aux-attentats\/\" \/>\n<meta name=\"twitter:card\" content=\"summary_large_image\" \/>\n<meta name=\"twitter:title\" content=\"A\u00e9roport d\u2019Epinal-Mirecourt : les vols vers Izmir abandonn\u00e9s suite aux attentats - Epinal Info\" \/>\n<meta name=\"twitter:description\" content=\"Les conseillers d\u00e9partementaux se sont r\u00e9unis ce lundi 25 janvier sous la pr\u00e9sidence de Fran\u00e7ois Vannson afin d\u2019\u00e9tudier 38 rapports [&hellip;]\" \/>\n<meta name=\"twitter:image\" content=\"https:\/\/vosgesinfo.fr\/app\/uploads\/sites\/3\/2024\/08\/201601ciel-bleu-avion-avion-nuages1-2.jpg\" \/>\n<meta name=\"twitter:creator\" content=\"@VosgesInfo88\" \/>\n<meta name=\"twitter:site\" content=\"@VosgesInfo88\" \/>\n<meta name=\"twitter:label1\" content=\"\u00c9crit par\" \/>\n\t<meta name=\"twitter:data1\" content=\"C.K.\" \/>\n\t<meta name=\"twitter:label2\" content=\"Dur\u00e9e de lecture estim\u00e9e\" \/>\n\t<meta name=\"twitter:data2\" content=\"2 minutes\" \/>\n<script type=\"application\/ld+json\" class=\"yoast-schema-graph\">{\"@context\":\"https:\/\/schema.org\",\"@graph\":[{\"@type\":\"Article\",\"@id\":\"https:\/\/vosgesinfo.fr\/epinalinfo\/2016\/01\/aeroport-depinal-mirecourt-vols-vers-izmir-abandonnes-suite-aux-attentats\/#article\",\"isPartOf\":{\"@id\":\"https:\/\/vosgesinfo.fr\/epinalinfo\/2016\/01\/aeroport-depinal-mirecourt-vols-vers-izmir-abandonnes-suite-aux-attentats\/\"},\"author\":{\"name\":\"C.K.\",\"@id\":\"https:\/\/vosgesinfo.fr\/epinalinfo\/#\/schema\/person\/6f9a650eeea99d969b6c4ab78fccbe81\"},\"headline\":\"A\u00e9roport d\u2019Epinal-Mirecourt : les vols vers Izmir abandonn\u00e9s suite aux attentats\",\"datePublished\":\"2016-01-26T10:50:32+00:00\",\"dateModified\":\"2016-01-26T10:50:32+00:00\",\"mainEntityOfPage\":{\"@id\":\"https:\/\/vosgesinfo.fr\/epinalinfo\/2016\/01\/aeroport-depinal-mirecourt-vols-vers-izmir-abandonnes-suite-aux-attentats\/\"},\"wordCount\":398,\"commentCount\":0,\"publisher\":{\"@id\":\"https:\/\/vosgesinfo.fr\/epinalinfo\/#organization\"},\"image\":{\"@id\":\"https:\/\/vosgesinfo.fr\/epinalinfo\/2016\/01\/aeroport-depinal-mirecourt-vols-vers-izmir-abandonnes-suite-aux-attentats\/#primaryimage\"},\"thumbnailUrl\":\"https:\/\/vosgesinfo.fr\/app\/uploads\/sites\/3\/2024\/08\/201601ciel-bleu-avion-avion-nuages1-2.jpg\",\"articleSection\":[\"\u00c9conomie\",\"Vosges\"],\"inLanguage\":\"fr-FR\",\"potentialAction\":[{\"@type\":\"CommentAction\",\"name\":\"Comment\",\"target\":[\"https:\/\/vosgesinfo.fr\/epinalinfo\/2016\/01\/aeroport-depinal-mirecourt-vols-vers-izmir-abandonnes-suite-aux-attentats\/#respond\"]}]},{\"@type\":\"WebPage\",\"@id\":\"https:\/\/vosgesinfo.fr\/epinalinfo\/2016\/01\/aeroport-depinal-mirecourt-vols-vers-izmir-abandonnes-suite-aux-attentats\/\",\"url\":\"https:\/\/vosgesinfo.fr\/epinalinfo\/2016\/01\/aeroport-depinal-mirecourt-vols-vers-izmir-abandonnes-suite-aux-attentats\/\",\"name\":\"A\u00e9roport d\u2019Epinal-Mirecourt : les vols vers Izmir abandonn\u00e9s suite aux attentats - Epinal Info\",\"isPartOf\":{\"@id\":\"https:\/\/vosgesinfo.fr\/epinalinfo\/#website\"},\"primaryImageOfPage\":{\"@id\":\"https:\/\/vosgesinfo.fr\/epinalinfo\/2016\/01\/aeroport-depinal-mirecourt-vols-vers-izmir-abandonnes-suite-aux-attentats\/#primaryimage\"},\"image\":{\"@id\":\"https:\/\/vosgesinfo.fr\/epinalinfo\/2016\/01\/aeroport-depinal-mirecourt-vols-vers-izmir-abandonnes-suite-aux-attentats\/#primaryimage\"},\"thumbnailUrl\":\"https:\/\/vosgesinfo.fr\/app\/uploads\/sites\/3\/2024\/08\/201601ciel-bleu-avion-avion-nuages1-2.jpg\",\"datePublished\":\"2016-01-26T10:50:32+00:00\",\"dateModified\":\"2016-01-26T10:50:32+00:00\",\"breadcrumb\":{\"@id\":\"https:\/\/vosgesinfo.fr\/epinalinfo\/2016\/01\/aeroport-depinal-mirecourt-vols-vers-izmir-abandonnes-suite-aux-attentats\/#breadcrumb\"},\"inLanguage\":\"fr-FR\",\"potentialAction\":[{\"@type\":\"ReadAction\",\"target\":[\"https:\/\/vosgesinfo.fr\/epinalinfo\/2016\/01\/aeroport-depinal-mirecourt-vols-vers-izmir-abandonnes-suite-aux-attentats\/\"]}]},{\"@type\":\"ImageObject\",\"inLanguage\":\"fr-FR\",\"@id\":\"https:\/\/vosgesinfo.fr\/epinalinfo\/2016\/01\/aeroport-depinal-mirecourt-vols-vers-izmir-abandonnes-suite-aux-attentats\/#primaryimage\",\"url\":\"https:\/\/vosgesinfo.fr\/app\/uploads\/sites\/3\/2024\/08\/201601ciel-bleu-avion-avion-nuages1-2.jpg\",\"contentUrl\":\"https:\/\/vosgesinfo.fr\/app\/uploads\/sites\/3\/2024\/08\/201601ciel-bleu-avion-avion-nuages1-2.jpg\",\"width\":1024,\"height\":640},{\"@type\":\"BreadcrumbList\",\"@id\":\"https:\/\/vosgesinfo.fr\/epinalinfo\/2016\/01\/aeroport-depinal-mirecourt-vols-vers-izmir-abandonnes-suite-aux-attentats\/#breadcrumb\",\"itemListElement\":[{\"@type\":\"ListItem\",\"position\":1,\"name\":\"Home\",\"item\":\"https:\/\/vosgesinfo.fr\/epinalinfo\/\"},{\"@type\":\"ListItem\",\"position\":2,\"name\":\"A\u00e9roport d\u2019Epinal-Mirecourt : les vols vers Izmir abandonn\u00e9s suite aux attentats\"}]},{\"@type\":\"WebSite\",\"@id\":\"https:\/\/vosgesinfo.fr\/epinalinfo\/#website\",\"url\":\"https:\/\/vosgesinfo.fr\/epinalinfo\/\",\"name\":\"Epinal Info\",\"description\":\"Toute l&#039;actualit\u00e9 d&#039;\u00c9pinal\",\"publisher\":{\"@id\":\"https:\/\/vosgesinfo.fr\/epinalinfo\/#organization\"},\"alternateName\":\"Toute l'actualit\u00e9 d'\u00c9pinal\",\"potentialAction\":[{\"@type\":\"SearchAction\",\"target\":{\"@type\":\"EntryPoint\",\"urlTemplate\":\"https:\/\/vosgesinfo.fr\/epinalinfo\/?s={search_term_string}\"},\"query-input\":\"required name=search_term_string\"}],\"inLanguage\":\"fr-FR\"},{\"@type\":\"Organization\",\"@id\":\"https:\/\/vosgesinfo.fr\/epinalinfo\/#organization\",\"name\":\"Epinal Info\",\"url\":\"https:\/\/vosgesinfo.fr\/epinalinfo\/\",\"logo\":{\"@type\":\"ImageObject\",\"inLanguage\":\"fr-FR\",\"@id\":\"https:\/\/vosgesinfo.fr\/epinalinfo\/#\/schema\/logo\/image\/\",\"url\":\"https:\/\/vosgesinfo.fr\/app\/uploads\/sites\/3\/2023\/08\/logo-epinalinfos.svg\",\"contentUrl\":\"https:\/\/vosgesinfo.fr\/app\/uploads\/sites\/3\/2023\/08\/logo-epinalinfos.svg\",\"width\":1,\"height\":1,\"caption\":\"Epinal Info\"},\"image\":{\"@id\":\"https:\/\/vosgesinfo.fr\/epinalinfo\/#\/schema\/logo\/image\/\"},\"sameAs\":[\"https:\/\/www.facebook.com\/Epinalinfos\",\"https:\/\/x.com\/VosgesInfo88\",\"https:\/\/www.youtube.com\/@vosgesinfo\"]},{\"@type\":\"Person\",\"@id\":\"https:\/\/vosgesinfo.fr\/epinalinfo\/#\/schema\/person\/6f9a650eeea99d969b6c4ab78fccbe81\",\"name\":\"C.K.\",\"image\":{\"@type\":\"ImageObject\",\"inLanguage\":\"fr-FR\",\"@id\":\"https:\/\/vosgesinfo.fr\/epinalinfo\/#\/schema\/person\/image\/\",\"url\":\"https:\/\/secure.gravatar.com\/avatar\/48e3fc7f8421ba8942be6b74a2b7f014ca39bc00dece156b7a8e098ae7dc87bf?s=96&d=mm&r=g\",\"contentUrl\":\"https:\/\/secure.gravatar.com\/avatar\/48e3fc7f8421ba8942be6b74a2b7f014ca39bc00dece156b7a8e098ae7dc87bf?s=96&d=mm&r=g\",\"caption\":\"C.K.\"},\"url\":\"https:\/\/vosgesinfo.fr\/epinalinfo\/author\/celia-k-n\/\"}]}<\/script>\n<!-- \/ Yoast SEO plugin. -->","yoast_head_json":{"title":"A\u00e9roport d\u2019Epinal-Mirecourt : les vols vers Izmir abandonn\u00e9s suite aux attentats - Epinal Info","robots":{"index":"index","follow":"follow","max-snippet":"max-snippet:-1","max-image-preview":"max-image-preview:large","max-video-preview":"max-video-preview:-1"},"canonical":"https:\/\/vosgesinfo.fr\/epinalinfo\/2016\/01\/aeroport-depinal-mirecourt-vols-vers-izmir-abandonnes-suite-aux-attentats\/","twitter_card":"summary_large_image","twitter_title":"A\u00e9roport d\u2019Epinal-Mirecourt : les vols vers Izmir abandonn\u00e9s suite aux attentats - Epinal Info","twitter_description":"Les conseillers d\u00e9partementaux se sont r\u00e9unis ce lundi 25 janvier sous la pr\u00e9sidence de Fran\u00e7ois Vannson afin d\u2019\u00e9tudier 38 rapports [&hellip;]","twitter_image":"https:\/\/vosgesinfo.fr\/app\/uploads\/sites\/3\/2024\/08\/201601ciel-bleu-avion-avion-nuages1-2.jpg","twitter_creator":"@VosgesInfo88","twitter_site":"@VosgesInfo88","twitter_misc":{"\u00c9crit par":"C.K.","Dur\u00e9e de lecture estim\u00e9e":"2 minutes"},"schema":{"@context":"https:\/\/schema.org","@graph":[{"@type":"Article","@id":"https:\/\/vosgesinfo.fr\/epinalinfo\/2016\/01\/aeroport-depinal-mirecourt-vols-vers-izmir-abandonnes-suite-aux-attentats\/#article","isPartOf":{"@id":"https:\/\/vosgesinfo.fr\/epinalinfo\/2016\/01\/aeroport-depinal-mirecourt-vols-vers-izmir-abandonnes-suite-aux-attentats\/"},"author":{"name":"C.K.","@id":"https:\/\/vosgesinfo.fr\/epinalinfo\/#\/schema\/person\/6f9a650eeea99d969b6c4ab78fccbe81"},"headline":"A\u00e9roport d\u2019Epinal-Mirecourt : les vols vers Izmir abandonn\u00e9s suite aux attentats","datePublished":"2016-01-26T10:50:32+00:00","dateModified":"2016-01-26T10:50:32+00:00","mainEntityOfPage":{"@id":"https:\/\/vosgesinfo.fr\/epinalinfo\/2016\/01\/aeroport-depinal-mirecourt-vols-vers-izmir-abandonnes-suite-aux-attentats\/"},"wordCount":398,"commentCount":0,"publisher":{"@id":"https:\/\/vosgesinfo.fr\/epinalinfo\/#organization"},"image":{"@id":"https:\/\/vosgesinfo.fr\/epinalinfo\/2016\/01\/aeroport-depinal-mirecourt-vols-vers-izmir-abandonnes-suite-aux-attentats\/#primaryimage"},"thumbnailUrl":"https:\/\/vosgesinfo.fr\/app\/uploads\/sites\/3\/2024\/08\/201601ciel-bleu-avion-avion-nuages1-2.jpg","articleSection":["\u00c9conomie","Vosges"],"inLanguage":"fr-FR","potentialAction":[{"@type":"CommentAction","name":"Comment","target":["https:\/\/vosgesinfo.fr\/epinalinfo\/2016\/01\/aeroport-depinal-mirecourt-vols-vers-izmir-abandonnes-suite-aux-attentats\/#respond"]}]},{"@type":"WebPage","@id":"https:\/\/vosgesinfo.fr\/epinalinfo\/2016\/01\/aeroport-depinal-mirecourt-vols-vers-izmir-abandonnes-suite-aux-attentats\/","url":"https:\/\/vosgesinfo.fr\/epinalinfo\/2016\/01\/aeroport-depinal-mirecourt-vols-vers-izmir-abandonnes-suite-aux-attentats\/","name":"A\u00e9roport d\u2019Epinal-Mirecourt : les vols vers Izmir abandonn\u00e9s suite aux attentats - Epinal Info","isPartOf":{"@id":"https:\/\/vosgesinfo.fr\/epinalinfo\/#website"},"primaryImageOfPage":{"@id":"https:\/\/vosgesinfo.fr\/epinalinfo\/2016\/01\/aeroport-depinal-mirecourt-vols-vers-izmir-abandonnes-suite-aux-attentats\/#primaryimage"},"image":{"@id":"https:\/\/vosgesinfo.fr\/epinalinfo\/2016\/01\/aeroport-depinal-mirecourt-vols-vers-izmir-abandonnes-suite-aux-attentats\/#primaryimage"},"thumbnailUrl":"https:\/\/vosgesinfo.fr\/app\/uploads\/sites\/3\/2024\/08\/201601ciel-bleu-avion-avion-nuages1-2.jpg","datePublished":"2016-01-26T10:50:32+00:00","dateModified":"2016-01-26T10:50:32+00:00","breadcrumb":{"@id":"https:\/\/vosgesinfo.fr\/epinalinfo\/2016\/01\/aeroport-depinal-mirecourt-vols-vers-izmir-abandonnes-suite-aux-attentats\/#breadcrumb"},"inLanguage":"fr-FR","potentialAction":[{"@type":"ReadAction","target":["https:\/\/vosgesinfo.fr\/epinalinfo\/2016\/01\/aeroport-depinal-mirecourt-vols-vers-izmir-abandonnes-suite-aux-attentats\/"]}]},{"@type":"ImageObject","inLanguage":"fr-FR","@id":"https:\/\/vosgesinfo.fr\/epinalinfo\/2016\/01\/aeroport-depinal-mirecourt-vols-vers-izmir-abandonnes-suite-aux-attentats\/#primaryimage","url":"https:\/\/vosgesinfo.fr\/app\/uploads\/sites\/3\/2024\/08\/201601ciel-bleu-avion-avion-nuages1-2.jpg","contentUrl":"https:\/\/vosgesinfo.fr\/app\/uploads\/sites\/3\/2024\/08\/201601ciel-bleu-avion-avion-nuages1-2.jpg","width":1024,"height":640},{"@type":"BreadcrumbList","@id":"https:\/\/vosgesinfo.fr\/epinalinfo\/2016\/01\/aeroport-depinal-mirecourt-vols-vers-izmir-abandonnes-suite-aux-attentats\/#breadcrumb","itemListElement":[{"@type":"ListItem","position":1,"name":"Home","item":"https:\/\/vosgesinfo.fr\/epinalinfo\/"},{"@type":"ListItem","position":2,"name":"A\u00e9roport d\u2019Epinal-Mirecourt : les vols vers Izmir abandonn\u00e9s suite aux attentats"}]},{"@type":"WebSite","@id":"https:\/\/vosgesinfo.fr\/epinalinfo\/#website","url":"https:\/\/vosgesinfo.fr\/epinalinfo\/","name":"Epinal Info","description":"Toute l&#039;actualit\u00e9 d&#039;\u00c9pinal","publisher":{"@id":"https:\/\/vosgesinfo.fr\/epinalinfo\/#organization"},"alternateName":"Toute l'actualit\u00e9 d'\u00c9pinal","potentialAction":[{"@type":"SearchAction","target":{"@type":"EntryPoint","urlTemplate":"https:\/\/vosgesinfo.fr\/epinalinfo\/?s={search_term_string}"},"query-input":"required name=search_term_string"}],"inLanguage":"fr-FR"},{"@type":"Organization","@id":"https:\/\/vosgesinfo.fr\/epinalinfo\/#organization","name":"Epinal Info","url":"https:\/\/vosgesinfo.fr\/epinalinfo\/","logo":{"@type":"ImageObject","inLanguage":"fr-FR","@id":"https:\/\/vosgesinfo.fr\/epinalinfo\/#\/schema\/logo\/image\/","url":"https:\/\/vosgesinfo.fr\/app\/uploads\/sites\/3\/2023\/08\/logo-epinalinfos.svg","contentUrl":"https:\/\/vosgesinfo.fr\/app\/uploads\/sites\/3\/2023\/08\/logo-epinalinfos.svg","width":1,"height":1,"caption":"Epinal Info"},"image":{"@id":"https:\/\/vosgesinfo.fr\/epinalinfo\/#\/schema\/logo\/image\/"},"sameAs":["https:\/\/www.facebook.com\/Epinalinfos","https:\/\/x.com\/VosgesInfo88","https:\/\/www.youtube.com\/@vosgesinfo"]},{"@type":"Person","@id":"https:\/\/vosgesinfo.fr\/epinalinfo\/#\/schema\/person\/6f9a650eeea99d969b6c4ab78fccbe81","name":"C.K.","image":{"@type":"ImageObject","inLanguage":"fr-FR","@id":"https:\/\/vosgesinfo.fr\/epinalinfo\/#\/schema\/person\/image\/","url":"https:\/\/secure.gravatar.com\/avatar\/48e3fc7f8421ba8942be6b74a2b7f014ca39bc00dece156b7a8e098ae7dc87bf?s=96&d=mm&r=g","contentUrl":"https:\/\/secure.gravatar.com\/avatar\/48e3fc7f8421ba8942be6b74a2b7f014ca39bc00dece156b7a8e098ae7dc87bf?s=96&d=mm&r=g","caption":"C.K."},"url":"https:\/\/vosgesinfo.fr\/epinalinfo\/author\/celia-k-n\/"}]}},"_links":{"self":[{"href":"https:\/\/vosgesinfo.fr\/epinalinfo\/wp-json\/wp\/v2\/posts\/57351","targetHints":{"allow":["GET"]}}],"collection":[{"href":"https:\/\/vosgesinfo.fr\/epinalinfo\/wp-json\/wp\/v2\/posts"}],"about":[{"href":"https:\/\/vosgesinfo.fr\/epinalinfo\/wp-json\/wp\/v2\/types\/post"}],"author":[{"embeddable":true,"href":"https:\/\/vosgesinfo.fr\/epinalinfo\/wp-json\/wp\/v2\/users\/52"}],"replies":[{"embeddable":true,"href":"https:\/\/vosgesinfo.fr\/epinalinfo\/wp-json\/wp\/v2\/comments?post=57351"}],"version-history":[{"count":0,"href":"https:\/\/vosgesinfo.fr\/epinalinfo\/wp-json\/wp\/v2\/posts\/57351\/revisions"}],"wp:featuredmedia":[{"embeddable":true,"href":"https:\/\/vosgesinfo.fr\/epinalinfo\/wp-json\/wp\/v2\/media\/57352"}],"wp:attachment":[{"href":"https:\/\/vosgesinfo.fr\/epinalinfo\/wp-json\/wp\/v2\/media?parent=57351"}],"wp:term":[{"taxonomy":"category","embeddable":true,"href":"https:\/\/vosgesinfo.fr\/epinalinfo\/wp-json\/wp\/v2\/categories?post=57351"},{"taxonomy":"post_tag","embeddable":true,"href":"https:\/\/vosgesinfo.fr\/epinalinfo\/wp-json\/wp\/v2\/tags?post=57351"}],"curies":[{"name":"wp","href":"https:\/\/api.w.org\/{rel}","templated":true}]}}