{"id":57398,"date":"2016-01-26T16:55:55","date_gmt":"2016-01-26T15:55:55","guid":{"rendered":"https:\/\/vosgesinfo.fr\/epinalinfo\/2016\/01\/epinal-appel-a-temoins-conducteur-fuite-apres-renverse-jeune-de-16-ans\/"},"modified":"2016-01-26T16:55:55","modified_gmt":"2016-01-26T15:55:55","slug":"epinal-appel-a-temoins-conducteur-fuite-apres-renverse-jeune-de-16-ans","status":"publish","type":"post","link":"https:\/\/vosgesinfo.fr\/epinalinfo\/2016\/01\/epinal-appel-a-temoins-conducteur-fuite-apres-renverse-jeune-de-16-ans\/","title":{"rendered":"Epinal &#8211; Appel \u00e0 t\u00e9moins : conducteur en fuite apr\u00e8s avoir renvers\u00e9 un jeune de 16 ans"},"content":{"rendered":"<p><a href=\"\/2016\/01\/route-de-jeuxey.png\"><img decoding=\"async\" class=\"aligncenter size-full wp-image-75445\" src=\"\/2016\/01\/route-de-jeuxey.png\" alt=\"route-de-jeuxey\" width=\"1024\" height=\"443\" \/><\/a><\/p>\n<p><strong>Les policiers du commissariat d\u2019Epinal lancent un appel \u00e0 t\u00e9moins suite \u00e0 un accident qui a eu lieu hier \u00e0 10 heures route de Jeuxey dans le sens Epinal-Jeuxey.<\/strong><\/p>\n<p>En effet, un jeune conducteur \u00e2g\u00e9 de 16 ans a \u00e9t\u00e9 renvers\u00e9 alors qu\u2019il circulait sur son scooter. Il a \u00e9t\u00e9 percut\u00e9 par un v\u00e9hicule de la marque Toyota de type Monospace et de couleur bleu ciel. L\u2019automobiliste s\u2019est rabattu trop t\u00f4t. Le jeune de 16 ans a \u00e9t\u00e9 hospitalis\u00e9 suite \u00e0 l\u2019accident. L\u2019automobiliste n&rsquo;a pas attendu et il est aujourd&rsquo;hui recherch\u00e9 par les policiers<\/p>\n<p><strong>Si vous avez des informations, contactez le commissariat de police d\u2019Epinal au 03.29.69.17.17 ou faites le 17.<\/strong><\/p>\n<p>C.K.N.<\/p>\n","protected":false},"excerpt":{"rendered":"<p>Les policiers du commissariat d\u2019Epinal lancent un appel \u00e0 t\u00e9moins suite \u00e0 un accident qui a eu lieu hier \u00e0 [&hellip;]<\/p>\n","protected":false},"author":52,"featured_media":57399,"comment_status":"open","ping_status":"open","sticky":false,"template":"","format":"standard","meta":{"footnotes":""},"categories":[24,6],"tags":[],"class_list":["post-57398","post","type-post","status-publish","format-standard","has-post-thumbnail","hentry","category-epinal","category-faits-divers"],"acf":[],"yoast_head":"<!-- This site is optimized with the Yoast SEO plugin v22.5 - https:\/\/yoast.com\/wordpress\/plugins\/seo\/ -->\n<title>Epinal - Appel \u00e0 t\u00e9moins : conducteur en fuite apr\u00e8s avoir renvers\u00e9 un jeune de 16 ans - Epinal Info<\/title>\n<meta name=\"robots\" content=\"index, follow, max-snippet:-1, max-image-preview:large, max-video-preview:-1\" \/>\n<link rel=\"canonical\" href=\"https:\/\/vosgesinfo.fr\/epinalinfo\/2016\/01\/epinal-appel-a-temoins-conducteur-fuite-apres-renverse-jeune-de-16-ans\/\" \/>\n<meta name=\"twitter:card\" content=\"summary_large_image\" \/>\n<meta name=\"twitter:title\" content=\"Epinal - Appel \u00e0 t\u00e9moins : conducteur en fuite apr\u00e8s avoir renvers\u00e9 un jeune de 16 ans - Epinal Info\" \/>\n<meta name=\"twitter:description\" content=\"Les policiers du commissariat d\u2019Epinal lancent un appel \u00e0 t\u00e9moins suite \u00e0 un accident qui a eu lieu hier \u00e0 [&hellip;]\" \/>\n<meta name=\"twitter:image\" content=\"https:\/\/vosgesinfo.fr\/app\/uploads\/sites\/3\/2024\/08\/201601route-de-jeuxey.png\" \/>\n<meta name=\"twitter:creator\" content=\"@VosgesInfo88\" \/>\n<meta name=\"twitter:site\" content=\"@VosgesInfo88\" \/>\n<meta name=\"twitter:label1\" content=\"\u00c9crit par\" \/>\n\t<meta name=\"twitter:data1\" content=\"C.K.\" \/>\n\t<meta name=\"twitter:label2\" content=\"Dur\u00e9e de lecture estim\u00e9e\" \/>\n\t<meta name=\"twitter:data2\" content=\"1 minute\" \/>\n<script type=\"application\/ld+json\" class=\"yoast-schema-graph\">{\"@context\":\"https:\/\/schema.org\",\"@graph\":[{\"@type\":\"Article\",\"@id\":\"https:\/\/vosgesinfo.fr\/epinalinfo\/2016\/01\/epinal-appel-a-temoins-conducteur-fuite-apres-renverse-jeune-de-16-ans\/#article\",\"isPartOf\":{\"@id\":\"https:\/\/vosgesinfo.fr\/epinalinfo\/2016\/01\/epinal-appel-a-temoins-conducteur-fuite-apres-renverse-jeune-de-16-ans\/\"},\"author\":{\"name\":\"C.K.\",\"@id\":\"https:\/\/vosgesinfo.fr\/epinalinfo\/#\/schema\/person\/6f9a650eeea99d969b6c4ab78fccbe81\"},\"headline\":\"Epinal &#8211; Appel \u00e0 t\u00e9moins : conducteur en fuite apr\u00e8s avoir renvers\u00e9 un jeune de 16 ans\",\"datePublished\":\"2016-01-26T15:55:55+00:00\",\"dateModified\":\"2016-01-26T15:55:55+00:00\",\"mainEntityOfPage\":{\"@id\":\"https:\/\/vosgesinfo.fr\/epinalinfo\/2016\/01\/epinal-appel-a-temoins-conducteur-fuite-apres-renverse-jeune-de-16-ans\/\"},\"wordCount\":133,\"commentCount\":0,\"publisher\":{\"@id\":\"https:\/\/vosgesinfo.fr\/epinalinfo\/#organization\"},\"image\":{\"@id\":\"https:\/\/vosgesinfo.fr\/epinalinfo\/2016\/01\/epinal-appel-a-temoins-conducteur-fuite-apres-renverse-jeune-de-16-ans\/#primaryimage\"},\"thumbnailUrl\":\"https:\/\/vosgesinfo.fr\/app\/uploads\/sites\/3\/2024\/08\/201601route-de-jeuxey.png\",\"articleSection\":[\"Epinal\",\"Faits-divers\"],\"inLanguage\":\"fr-FR\",\"potentialAction\":[{\"@type\":\"CommentAction\",\"name\":\"Comment\",\"target\":[\"https:\/\/vosgesinfo.fr\/epinalinfo\/2016\/01\/epinal-appel-a-temoins-conducteur-fuite-apres-renverse-jeune-de-16-ans\/#respond\"]}]},{\"@type\":\"WebPage\",\"@id\":\"https:\/\/vosgesinfo.fr\/epinalinfo\/2016\/01\/epinal-appel-a-temoins-conducteur-fuite-apres-renverse-jeune-de-16-ans\/\",\"url\":\"https:\/\/vosgesinfo.fr\/epinalinfo\/2016\/01\/epinal-appel-a-temoins-conducteur-fuite-apres-renverse-jeune-de-16-ans\/\",\"name\":\"Epinal - Appel \u00e0 t\u00e9moins : conducteur en fuite apr\u00e8s avoir renvers\u00e9 un jeune de 16 ans - Epinal Info\",\"isPartOf\":{\"@id\":\"https:\/\/vosgesinfo.fr\/epinalinfo\/#website\"},\"primaryImageOfPage\":{\"@id\":\"https:\/\/vosgesinfo.fr\/epinalinfo\/2016\/01\/epinal-appel-a-temoins-conducteur-fuite-apres-renverse-jeune-de-16-ans\/#primaryimage\"},\"image\":{\"@id\":\"https:\/\/vosgesinfo.fr\/epinalinfo\/2016\/01\/epinal-appel-a-temoins-conducteur-fuite-apres-renverse-jeune-de-16-ans\/#primaryimage\"},\"thumbnailUrl\":\"https:\/\/vosgesinfo.fr\/app\/uploads\/sites\/3\/2024\/08\/201601route-de-jeuxey.png\",\"datePublished\":\"2016-01-26T15:55:55+00:00\",\"dateModified\":\"2016-01-26T15:55:55+00:00\",\"breadcrumb\":{\"@id\":\"https:\/\/vosgesinfo.fr\/epinalinfo\/2016\/01\/epinal-appel-a-temoins-conducteur-fuite-apres-renverse-jeune-de-16-ans\/#breadcrumb\"},\"inLanguage\":\"fr-FR\",\"potentialAction\":[{\"@type\":\"ReadAction\",\"target\":[\"https:\/\/vosgesinfo.fr\/epinalinfo\/2016\/01\/epinal-appel-a-temoins-conducteur-fuite-apres-renverse-jeune-de-16-ans\/\"]}]},{\"@type\":\"ImageObject\",\"inLanguage\":\"fr-FR\",\"@id\":\"https:\/\/vosgesinfo.fr\/epinalinfo\/2016\/01\/epinal-appel-a-temoins-conducteur-fuite-apres-renverse-jeune-de-16-ans\/#primaryimage\",\"url\":\"https:\/\/vosgesinfo.fr\/app\/uploads\/sites\/3\/2024\/08\/201601route-de-jeuxey.png\",\"contentUrl\":\"https:\/\/vosgesinfo.fr\/app\/uploads\/sites\/3\/2024\/08\/201601route-de-jeuxey.png\",\"width\":1024,\"height\":443},{\"@type\":\"BreadcrumbList\",\"@id\":\"https:\/\/vosgesinfo.fr\/epinalinfo\/2016\/01\/epinal-appel-a-temoins-conducteur-fuite-apres-renverse-jeune-de-16-ans\/#breadcrumb\",\"itemListElement\":[{\"@type\":\"ListItem\",\"position\":1,\"name\":\"Home\",\"item\":\"https:\/\/vosgesinfo.fr\/epinalinfo\/\"},{\"@type\":\"ListItem\",\"position\":2,\"name\":\"Epinal &#8211; Appel \u00e0 t\u00e9moins : conducteur en fuite apr\u00e8s avoir renvers\u00e9 un jeune de 16 ans\"}]},{\"@type\":\"WebSite\",\"@id\":\"https:\/\/vosgesinfo.fr\/epinalinfo\/#website\",\"url\":\"https:\/\/vosgesinfo.fr\/epinalinfo\/\",\"name\":\"Epinal Info\",\"description\":\"Toute l&#039;actualit\u00e9 d&#039;\u00c9pinal\",\"publisher\":{\"@id\":\"https:\/\/vosgesinfo.fr\/epinalinfo\/#organization\"},\"alternateName\":\"Toute l'actualit\u00e9 d'\u00c9pinal\",\"potentialAction\":[{\"@type\":\"SearchAction\",\"target\":{\"@type\":\"EntryPoint\",\"urlTemplate\":\"https:\/\/vosgesinfo.fr\/epinalinfo\/?s={search_term_string}\"},\"query-input\":\"required name=search_term_string\"}],\"inLanguage\":\"fr-FR\"},{\"@type\":\"Organization\",\"@id\":\"https:\/\/vosgesinfo.fr\/epinalinfo\/#organization\",\"name\":\"Epinal Info\",\"url\":\"https:\/\/vosgesinfo.fr\/epinalinfo\/\",\"logo\":{\"@type\":\"ImageObject\",\"inLanguage\":\"fr-FR\",\"@id\":\"https:\/\/vosgesinfo.fr\/epinalinfo\/#\/schema\/logo\/image\/\",\"url\":\"https:\/\/vosgesinfo.fr\/app\/uploads\/sites\/3\/2023\/08\/logo-epinalinfos.svg\",\"contentUrl\":\"https:\/\/vosgesinfo.fr\/app\/uploads\/sites\/3\/2023\/08\/logo-epinalinfos.svg\",\"width\":1,\"height\":1,\"caption\":\"Epinal Info\"},\"image\":{\"@id\":\"https:\/\/vosgesinfo.fr\/epinalinfo\/#\/schema\/logo\/image\/\"},\"sameAs\":[\"https:\/\/www.facebook.com\/Epinalinfos\",\"https:\/\/x.com\/VosgesInfo88\",\"https:\/\/www.youtube.com\/@vosgesinfo\"]},{\"@type\":\"Person\",\"@id\":\"https:\/\/vosgesinfo.fr\/epinalinfo\/#\/schema\/person\/6f9a650eeea99d969b6c4ab78fccbe81\",\"name\":\"C.K.\",\"image\":{\"@type\":\"ImageObject\",\"inLanguage\":\"fr-FR\",\"@id\":\"https:\/\/vosgesinfo.fr\/epinalinfo\/#\/schema\/person\/image\/\",\"url\":\"https:\/\/secure.gravatar.com\/avatar\/48e3fc7f8421ba8942be6b74a2b7f014ca39bc00dece156b7a8e098ae7dc87bf?s=96&d=mm&r=g\",\"contentUrl\":\"https:\/\/secure.gravatar.com\/avatar\/48e3fc7f8421ba8942be6b74a2b7f014ca39bc00dece156b7a8e098ae7dc87bf?s=96&d=mm&r=g\",\"caption\":\"C.K.\"},\"url\":\"https:\/\/vosgesinfo.fr\/epinalinfo\/author\/celia-k-n\/\"}]}<\/script>\n<!-- \/ Yoast SEO plugin. -->","yoast_head_json":{"title":"Epinal - Appel \u00e0 t\u00e9moins : conducteur en fuite apr\u00e8s avoir renvers\u00e9 un jeune de 16 ans - Epinal Info","robots":{"index":"index","follow":"follow","max-snippet":"max-snippet:-1","max-image-preview":"max-image-preview:large","max-video-preview":"max-video-preview:-1"},"canonical":"https:\/\/vosgesinfo.fr\/epinalinfo\/2016\/01\/epinal-appel-a-temoins-conducteur-fuite-apres-renverse-jeune-de-16-ans\/","twitter_card":"summary_large_image","twitter_title":"Epinal - Appel \u00e0 t\u00e9moins : conducteur en fuite apr\u00e8s avoir renvers\u00e9 un jeune de 16 ans - Epinal Info","twitter_description":"Les policiers du commissariat d\u2019Epinal lancent un appel \u00e0 t\u00e9moins suite \u00e0 un accident qui a eu lieu hier \u00e0 [&hellip;]","twitter_image":"https:\/\/vosgesinfo.fr\/app\/uploads\/sites\/3\/2024\/08\/201601route-de-jeuxey.png","twitter_creator":"@VosgesInfo88","twitter_site":"@VosgesInfo88","twitter_misc":{"\u00c9crit par":"C.K.","Dur\u00e9e de lecture estim\u00e9e":"1 minute"},"schema":{"@context":"https:\/\/schema.org","@graph":[{"@type":"Article","@id":"https:\/\/vosgesinfo.fr\/epinalinfo\/2016\/01\/epinal-appel-a-temoins-conducteur-fuite-apres-renverse-jeune-de-16-ans\/#article","isPartOf":{"@id":"https:\/\/vosgesinfo.fr\/epinalinfo\/2016\/01\/epinal-appel-a-temoins-conducteur-fuite-apres-renverse-jeune-de-16-ans\/"},"author":{"name":"C.K.","@id":"https:\/\/vosgesinfo.fr\/epinalinfo\/#\/schema\/person\/6f9a650eeea99d969b6c4ab78fccbe81"},"headline":"Epinal &#8211; Appel \u00e0 t\u00e9moins : conducteur en fuite apr\u00e8s avoir renvers\u00e9 un jeune de 16 ans","datePublished":"2016-01-26T15:55:55+00:00","dateModified":"2016-01-26T15:55:55+00:00","mainEntityOfPage":{"@id":"https:\/\/vosgesinfo.fr\/epinalinfo\/2016\/01\/epinal-appel-a-temoins-conducteur-fuite-apres-renverse-jeune-de-16-ans\/"},"wordCount":133,"commentCount":0,"publisher":{"@id":"https:\/\/vosgesinfo.fr\/epinalinfo\/#organization"},"image":{"@id":"https:\/\/vosgesinfo.fr\/epinalinfo\/2016\/01\/epinal-appel-a-temoins-conducteur-fuite-apres-renverse-jeune-de-16-ans\/#primaryimage"},"thumbnailUrl":"https:\/\/vosgesinfo.fr\/app\/uploads\/sites\/3\/2024\/08\/201601route-de-jeuxey.png","articleSection":["Epinal","Faits-divers"],"inLanguage":"fr-FR","potentialAction":[{"@type":"CommentAction","name":"Comment","target":["https:\/\/vosgesinfo.fr\/epinalinfo\/2016\/01\/epinal-appel-a-temoins-conducteur-fuite-apres-renverse-jeune-de-16-ans\/#respond"]}]},{"@type":"WebPage","@id":"https:\/\/vosgesinfo.fr\/epinalinfo\/2016\/01\/epinal-appel-a-temoins-conducteur-fuite-apres-renverse-jeune-de-16-ans\/","url":"https:\/\/vosgesinfo.fr\/epinalinfo\/2016\/01\/epinal-appel-a-temoins-conducteur-fuite-apres-renverse-jeune-de-16-ans\/","name":"Epinal - Appel \u00e0 t\u00e9moins : conducteur en fuite apr\u00e8s avoir renvers\u00e9 un jeune de 16 ans - Epinal Info","isPartOf":{"@id":"https:\/\/vosgesinfo.fr\/epinalinfo\/#website"},"primaryImageOfPage":{"@id":"https:\/\/vosgesinfo.fr\/epinalinfo\/2016\/01\/epinal-appel-a-temoins-conducteur-fuite-apres-renverse-jeune-de-16-ans\/#primaryimage"},"image":{"@id":"https:\/\/vosgesinfo.fr\/epinalinfo\/2016\/01\/epinal-appel-a-temoins-conducteur-fuite-apres-renverse-jeune-de-16-ans\/#primaryimage"},"thumbnailUrl":"https:\/\/vosgesinfo.fr\/app\/uploads\/sites\/3\/2024\/08\/201601route-de-jeuxey.png","datePublished":"2016-01-26T15:55:55+00:00","dateModified":"2016-01-26T15:55:55+00:00","breadcrumb":{"@id":"https:\/\/vosgesinfo.fr\/epinalinfo\/2016\/01\/epinal-appel-a-temoins-conducteur-fuite-apres-renverse-jeune-de-16-ans\/#breadcrumb"},"inLanguage":"fr-FR","potentialAction":[{"@type":"ReadAction","target":["https:\/\/vosgesinfo.fr\/epinalinfo\/2016\/01\/epinal-appel-a-temoins-conducteur-fuite-apres-renverse-jeune-de-16-ans\/"]}]},{"@type":"ImageObject","inLanguage":"fr-FR","@id":"https:\/\/vosgesinfo.fr\/epinalinfo\/2016\/01\/epinal-appel-a-temoins-conducteur-fuite-apres-renverse-jeune-de-16-ans\/#primaryimage","url":"https:\/\/vosgesinfo.fr\/app\/uploads\/sites\/3\/2024\/08\/201601route-de-jeuxey.png","contentUrl":"https:\/\/vosgesinfo.fr\/app\/uploads\/sites\/3\/2024\/08\/201601route-de-jeuxey.png","width":1024,"height":443},{"@type":"BreadcrumbList","@id":"https:\/\/vosgesinfo.fr\/epinalinfo\/2016\/01\/epinal-appel-a-temoins-conducteur-fuite-apres-renverse-jeune-de-16-ans\/#breadcrumb","itemListElement":[{"@type":"ListItem","position":1,"name":"Home","item":"https:\/\/vosgesinfo.fr\/epinalinfo\/"},{"@type":"ListItem","position":2,"name":"Epinal &#8211; Appel \u00e0 t\u00e9moins : conducteur en fuite apr\u00e8s avoir renvers\u00e9 un jeune de 16 ans"}]},{"@type":"WebSite","@id":"https:\/\/vosgesinfo.fr\/epinalinfo\/#website","url":"https:\/\/vosgesinfo.fr\/epinalinfo\/","name":"Epinal Info","description":"Toute l&#039;actualit\u00e9 d&#039;\u00c9pinal","publisher":{"@id":"https:\/\/vosgesinfo.fr\/epinalinfo\/#organization"},"alternateName":"Toute l'actualit\u00e9 d'\u00c9pinal","potentialAction":[{"@type":"SearchAction","target":{"@type":"EntryPoint","urlTemplate":"https:\/\/vosgesinfo.fr\/epinalinfo\/?s={search_term_string}"},"query-input":"required name=search_term_string"}],"inLanguage":"fr-FR"},{"@type":"Organization","@id":"https:\/\/vosgesinfo.fr\/epinalinfo\/#organization","name":"Epinal Info","url":"https:\/\/vosgesinfo.fr\/epinalinfo\/","logo":{"@type":"ImageObject","inLanguage":"fr-FR","@id":"https:\/\/vosgesinfo.fr\/epinalinfo\/#\/schema\/logo\/image\/","url":"https:\/\/vosgesinfo.fr\/app\/uploads\/sites\/3\/2023\/08\/logo-epinalinfos.svg","contentUrl":"https:\/\/vosgesinfo.fr\/app\/uploads\/sites\/3\/2023\/08\/logo-epinalinfos.svg","width":1,"height":1,"caption":"Epinal Info"},"image":{"@id":"https:\/\/vosgesinfo.fr\/epinalinfo\/#\/schema\/logo\/image\/"},"sameAs":["https:\/\/www.facebook.com\/Epinalinfos","https:\/\/x.com\/VosgesInfo88","https:\/\/www.youtube.com\/@vosgesinfo"]},{"@type":"Person","@id":"https:\/\/vosgesinfo.fr\/epinalinfo\/#\/schema\/person\/6f9a650eeea99d969b6c4ab78fccbe81","name":"C.K.","image":{"@type":"ImageObject","inLanguage":"fr-FR","@id":"https:\/\/vosgesinfo.fr\/epinalinfo\/#\/schema\/person\/image\/","url":"https:\/\/secure.gravatar.com\/avatar\/48e3fc7f8421ba8942be6b74a2b7f014ca39bc00dece156b7a8e098ae7dc87bf?s=96&d=mm&r=g","contentUrl":"https:\/\/secure.gravatar.com\/avatar\/48e3fc7f8421ba8942be6b74a2b7f014ca39bc00dece156b7a8e098ae7dc87bf?s=96&d=mm&r=g","caption":"C.K."},"url":"https:\/\/vosgesinfo.fr\/epinalinfo\/author\/celia-k-n\/"}]}},"_links":{"self":[{"href":"https:\/\/vosgesinfo.fr\/epinalinfo\/wp-json\/wp\/v2\/posts\/57398","targetHints":{"allow":["GET"]}}],"collection":[{"href":"https:\/\/vosgesinfo.fr\/epinalinfo\/wp-json\/wp\/v2\/posts"}],"about":[{"href":"https:\/\/vosgesinfo.fr\/epinalinfo\/wp-json\/wp\/v2\/types\/post"}],"author":[{"embeddable":true,"href":"https:\/\/vosgesinfo.fr\/epinalinfo\/wp-json\/wp\/v2\/users\/52"}],"replies":[{"embeddable":true,"href":"https:\/\/vosgesinfo.fr\/epinalinfo\/wp-json\/wp\/v2\/comments?post=57398"}],"version-history":[{"count":0,"href":"https:\/\/vosgesinfo.fr\/epinalinfo\/wp-json\/wp\/v2\/posts\/57398\/revisions"}],"wp:featuredmedia":[{"embeddable":true,"href":"https:\/\/vosgesinfo.fr\/epinalinfo\/wp-json\/wp\/v2\/media\/57399"}],"wp:attachment":[{"href":"https:\/\/vosgesinfo.fr\/epinalinfo\/wp-json\/wp\/v2\/media?parent=57398"}],"wp:term":[{"taxonomy":"category","embeddable":true,"href":"https:\/\/vosgesinfo.fr\/epinalinfo\/wp-json\/wp\/v2\/categories?post=57398"},{"taxonomy":"post_tag","embeddable":true,"href":"https:\/\/vosgesinfo.fr\/epinalinfo\/wp-json\/wp\/v2\/tags?post=57398"}],"curies":[{"name":"wp","href":"https:\/\/api.w.org\/{rel}","templated":true}]}}