{"id":57400,"date":"2016-01-26T17:26:30","date_gmt":"2016-01-26T16:26:30","guid":{"rendered":"https:\/\/vosgesinfo.fr\/epinalinfo\/2016\/01\/epinal-deux-jeunes-de-16-ans-arretes-apres-cambriolage-dun-magasin-de-cigarettes-electroniques\/"},"modified":"2016-01-26T17:26:30","modified_gmt":"2016-01-26T16:26:30","slug":"epinal-deux-jeunes-de-16-ans-arretes-apres-cambriolage-dun-magasin-de-cigarettes-electroniques","status":"publish","type":"post","link":"https:\/\/vosgesinfo.fr\/epinalinfo\/2016\/01\/epinal-deux-jeunes-de-16-ans-arretes-apres-cambriolage-dun-magasin-de-cigarettes-electroniques\/","title":{"rendered":"Epinal &#8211; Deux jeunes de 16 ans arr\u00eat\u00e9s, apr\u00e8s le cambriolage d\u2019un magasin de cigarettes \u00e9lectroniques"},"content":{"rendered":"<p><a href=\"\/2016\/01\/notre-dame-de-lorette.jpg\"><img decoding=\"async\" class=\"aligncenter size-full wp-image-75448\" src=\"\/2016\/01\/notre-dame-de-lorette.jpg\" alt=\"notre-dame-de-lorette\" width=\"1024\" height=\"445\" \/><\/a><\/p>\n<p><strong>Le 15 janvier dernier, les policiers du commissariat d\u2019Epinal sont appel\u00e9s pour un vol avec effraction dans le magasin de cigarettes \u00e9lectroniques de la rue Notre Dame de Lorette. Le propri\u00e9taire d\u00e9plore 15\u00a0000 euros de pr\u00e9judice. Les policiers sont alors partis \u00e0 la recherche du voleur. <\/strong><\/p>\n<p>Il s\u2019agit d\u2019un jeune Spinalien \u00e2g\u00e9 de 16 ans qui est d\u2019ailleurs tr\u00e8s bien connu des services de police. L\u2019ann\u00e9e derni\u00e8re, il a commis 37 vols \u00a0par effraction sur le secteur dont le bar-tabac-PMU \u00ab Cantarana\u00a0\u00bb de Chantraine.<\/p>\n<p>Le jeune Spinalien a \u00e9t\u00e9 interpell\u00e9 en centre-ville d\u2019Epinal et a \u00e9t\u00e9 plac\u00e9 en garde \u00e0 vue. Il reconna\u00eet les faits et donne l\u2019identit\u00e9 de son complice. Il s\u2019agit d\u2019un Spinalien \u00e2g\u00e9 de 16 ans qui a \u00e9t\u00e9 interpell\u00e9 en fin de journ\u00e9e. Une perquisition \u00e0 son domicile a permis de d\u00e9couvrir des cigarettes \u00e9lectroniques qui proviennent du vol. Les policiers ont aussi d\u00e9couvert qu\u2019il a d\u00e9j\u00e0 revendu du mat\u00e9riel.<\/p>\n<p>L\u2019enqu\u00eate se poursuit.<\/p>\n<p>C.K.N.<\/p>\n","protected":false},"excerpt":{"rendered":"<p>Le 15 janvier dernier, les policiers du commissariat d\u2019Epinal sont appel\u00e9s pour un vol avec effraction dans le magasin de [&hellip;]<\/p>\n","protected":false},"author":52,"featured_media":57401,"comment_status":"open","ping_status":"open","sticky":false,"template":"","format":"standard","meta":{"footnotes":""},"categories":[24,6],"tags":[],"class_list":["post-57400","post","type-post","status-publish","format-standard","has-post-thumbnail","hentry","category-epinal","category-faits-divers"],"acf":[],"yoast_head":"<!-- This site is optimized with the Yoast SEO plugin v22.5 - https:\/\/yoast.com\/wordpress\/plugins\/seo\/ -->\n<title>Epinal - Deux jeunes de 16 ans arr\u00eat\u00e9s, apr\u00e8s le cambriolage d\u2019un magasin de cigarettes \u00e9lectroniques - Epinal Info<\/title>\n<meta name=\"robots\" content=\"index, follow, max-snippet:-1, max-image-preview:large, max-video-preview:-1\" \/>\n<link rel=\"canonical\" href=\"https:\/\/vosgesinfo.fr\/epinalinfo\/2016\/01\/epinal-deux-jeunes-de-16-ans-arretes-apres-cambriolage-dun-magasin-de-cigarettes-electroniques\/\" \/>\n<meta name=\"twitter:card\" content=\"summary_large_image\" \/>\n<meta name=\"twitter:title\" content=\"Epinal - Deux jeunes de 16 ans arr\u00eat\u00e9s, apr\u00e8s le cambriolage d\u2019un magasin de cigarettes \u00e9lectroniques - Epinal Info\" \/>\n<meta name=\"twitter:description\" content=\"Le 15 janvier dernier, les policiers du commissariat d\u2019Epinal sont appel\u00e9s pour un vol avec effraction dans le magasin de [&hellip;]\" \/>\n<meta name=\"twitter:image\" content=\"https:\/\/vosgesinfo.fr\/app\/uploads\/sites\/3\/2024\/08\/201601notre-dame-de-lorette.jpg\" \/>\n<meta name=\"twitter:creator\" content=\"@VosgesInfo88\" \/>\n<meta name=\"twitter:site\" content=\"@VosgesInfo88\" \/>\n<meta name=\"twitter:label1\" content=\"\u00c9crit par\" \/>\n\t<meta name=\"twitter:data1\" content=\"C.K.\" \/>\n\t<meta name=\"twitter:label2\" content=\"Dur\u00e9e de lecture estim\u00e9e\" \/>\n\t<meta name=\"twitter:data2\" content=\"1 minute\" \/>\n<script type=\"application\/ld+json\" class=\"yoast-schema-graph\">{\"@context\":\"https:\/\/schema.org\",\"@graph\":[{\"@type\":\"Article\",\"@id\":\"https:\/\/vosgesinfo.fr\/epinalinfo\/2016\/01\/epinal-deux-jeunes-de-16-ans-arretes-apres-cambriolage-dun-magasin-de-cigarettes-electroniques\/#article\",\"isPartOf\":{\"@id\":\"https:\/\/vosgesinfo.fr\/epinalinfo\/2016\/01\/epinal-deux-jeunes-de-16-ans-arretes-apres-cambriolage-dun-magasin-de-cigarettes-electroniques\/\"},\"author\":{\"name\":\"C.K.\",\"@id\":\"https:\/\/vosgesinfo.fr\/epinalinfo\/#\/schema\/person\/6f9a650eeea99d969b6c4ab78fccbe81\"},\"headline\":\"Epinal &#8211; Deux jeunes de 16 ans arr\u00eat\u00e9s, apr\u00e8s le cambriolage d\u2019un magasin de cigarettes \u00e9lectroniques\",\"datePublished\":\"2016-01-26T16:26:30+00:00\",\"dateModified\":\"2016-01-26T16:26:30+00:00\",\"mainEntityOfPage\":{\"@id\":\"https:\/\/vosgesinfo.fr\/epinalinfo\/2016\/01\/epinal-deux-jeunes-de-16-ans-arretes-apres-cambriolage-dun-magasin-de-cigarettes-electroniques\/\"},\"wordCount\":195,\"commentCount\":0,\"publisher\":{\"@id\":\"https:\/\/vosgesinfo.fr\/epinalinfo\/#organization\"},\"image\":{\"@id\":\"https:\/\/vosgesinfo.fr\/epinalinfo\/2016\/01\/epinal-deux-jeunes-de-16-ans-arretes-apres-cambriolage-dun-magasin-de-cigarettes-electroniques\/#primaryimage\"},\"thumbnailUrl\":\"https:\/\/vosgesinfo.fr\/app\/uploads\/sites\/3\/2024\/08\/201601notre-dame-de-lorette.jpg\",\"articleSection\":[\"Epinal\",\"Faits-divers\"],\"inLanguage\":\"fr-FR\",\"potentialAction\":[{\"@type\":\"CommentAction\",\"name\":\"Comment\",\"target\":[\"https:\/\/vosgesinfo.fr\/epinalinfo\/2016\/01\/epinal-deux-jeunes-de-16-ans-arretes-apres-cambriolage-dun-magasin-de-cigarettes-electroniques\/#respond\"]}]},{\"@type\":\"WebPage\",\"@id\":\"https:\/\/vosgesinfo.fr\/epinalinfo\/2016\/01\/epinal-deux-jeunes-de-16-ans-arretes-apres-cambriolage-dun-magasin-de-cigarettes-electroniques\/\",\"url\":\"https:\/\/vosgesinfo.fr\/epinalinfo\/2016\/01\/epinal-deux-jeunes-de-16-ans-arretes-apres-cambriolage-dun-magasin-de-cigarettes-electroniques\/\",\"name\":\"Epinal - Deux jeunes de 16 ans arr\u00eat\u00e9s, apr\u00e8s le cambriolage d\u2019un magasin de cigarettes \u00e9lectroniques - Epinal Info\",\"isPartOf\":{\"@id\":\"https:\/\/vosgesinfo.fr\/epinalinfo\/#website\"},\"primaryImageOfPage\":{\"@id\":\"https:\/\/vosgesinfo.fr\/epinalinfo\/2016\/01\/epinal-deux-jeunes-de-16-ans-arretes-apres-cambriolage-dun-magasin-de-cigarettes-electroniques\/#primaryimage\"},\"image\":{\"@id\":\"https:\/\/vosgesinfo.fr\/epinalinfo\/2016\/01\/epinal-deux-jeunes-de-16-ans-arretes-apres-cambriolage-dun-magasin-de-cigarettes-electroniques\/#primaryimage\"},\"thumbnailUrl\":\"https:\/\/vosgesinfo.fr\/app\/uploads\/sites\/3\/2024\/08\/201601notre-dame-de-lorette.jpg\",\"datePublished\":\"2016-01-26T16:26:30+00:00\",\"dateModified\":\"2016-01-26T16:26:30+00:00\",\"breadcrumb\":{\"@id\":\"https:\/\/vosgesinfo.fr\/epinalinfo\/2016\/01\/epinal-deux-jeunes-de-16-ans-arretes-apres-cambriolage-dun-magasin-de-cigarettes-electroniques\/#breadcrumb\"},\"inLanguage\":\"fr-FR\",\"potentialAction\":[{\"@type\":\"ReadAction\",\"target\":[\"https:\/\/vosgesinfo.fr\/epinalinfo\/2016\/01\/epinal-deux-jeunes-de-16-ans-arretes-apres-cambriolage-dun-magasin-de-cigarettes-electroniques\/\"]}]},{\"@type\":\"ImageObject\",\"inLanguage\":\"fr-FR\",\"@id\":\"https:\/\/vosgesinfo.fr\/epinalinfo\/2016\/01\/epinal-deux-jeunes-de-16-ans-arretes-apres-cambriolage-dun-magasin-de-cigarettes-electroniques\/#primaryimage\",\"url\":\"https:\/\/vosgesinfo.fr\/app\/uploads\/sites\/3\/2024\/08\/201601notre-dame-de-lorette.jpg\",\"contentUrl\":\"https:\/\/vosgesinfo.fr\/app\/uploads\/sites\/3\/2024\/08\/201601notre-dame-de-lorette.jpg\",\"width\":1024,\"height\":445},{\"@type\":\"BreadcrumbList\",\"@id\":\"https:\/\/vosgesinfo.fr\/epinalinfo\/2016\/01\/epinal-deux-jeunes-de-16-ans-arretes-apres-cambriolage-dun-magasin-de-cigarettes-electroniques\/#breadcrumb\",\"itemListElement\":[{\"@type\":\"ListItem\",\"position\":1,\"name\":\"Home\",\"item\":\"https:\/\/vosgesinfo.fr\/epinalinfo\/\"},{\"@type\":\"ListItem\",\"position\":2,\"name\":\"Epinal &#8211; Deux jeunes de 16 ans arr\u00eat\u00e9s, apr\u00e8s le cambriolage d\u2019un magasin de cigarettes \u00e9lectroniques\"}]},{\"@type\":\"WebSite\",\"@id\":\"https:\/\/vosgesinfo.fr\/epinalinfo\/#website\",\"url\":\"https:\/\/vosgesinfo.fr\/epinalinfo\/\",\"name\":\"Epinal Info\",\"description\":\"Toute l&#039;actualit\u00e9 d&#039;\u00c9pinal\",\"publisher\":{\"@id\":\"https:\/\/vosgesinfo.fr\/epinalinfo\/#organization\"},\"alternateName\":\"Toute l'actualit\u00e9 d'\u00c9pinal\",\"potentialAction\":[{\"@type\":\"SearchAction\",\"target\":{\"@type\":\"EntryPoint\",\"urlTemplate\":\"https:\/\/vosgesinfo.fr\/epinalinfo\/?s={search_term_string}\"},\"query-input\":\"required name=search_term_string\"}],\"inLanguage\":\"fr-FR\"},{\"@type\":\"Organization\",\"@id\":\"https:\/\/vosgesinfo.fr\/epinalinfo\/#organization\",\"name\":\"Epinal Info\",\"url\":\"https:\/\/vosgesinfo.fr\/epinalinfo\/\",\"logo\":{\"@type\":\"ImageObject\",\"inLanguage\":\"fr-FR\",\"@id\":\"https:\/\/vosgesinfo.fr\/epinalinfo\/#\/schema\/logo\/image\/\",\"url\":\"https:\/\/vosgesinfo.fr\/app\/uploads\/sites\/3\/2023\/08\/logo-epinalinfos.svg\",\"contentUrl\":\"https:\/\/vosgesinfo.fr\/app\/uploads\/sites\/3\/2023\/08\/logo-epinalinfos.svg\",\"width\":1,\"height\":1,\"caption\":\"Epinal Info\"},\"image\":{\"@id\":\"https:\/\/vosgesinfo.fr\/epinalinfo\/#\/schema\/logo\/image\/\"},\"sameAs\":[\"https:\/\/www.facebook.com\/Epinalinfos\",\"https:\/\/x.com\/VosgesInfo88\",\"https:\/\/www.youtube.com\/@vosgesinfo\"]},{\"@type\":\"Person\",\"@id\":\"https:\/\/vosgesinfo.fr\/epinalinfo\/#\/schema\/person\/6f9a650eeea99d969b6c4ab78fccbe81\",\"name\":\"C.K.\",\"image\":{\"@type\":\"ImageObject\",\"inLanguage\":\"fr-FR\",\"@id\":\"https:\/\/vosgesinfo.fr\/epinalinfo\/#\/schema\/person\/image\/\",\"url\":\"https:\/\/secure.gravatar.com\/avatar\/48e3fc7f8421ba8942be6b74a2b7f014ca39bc00dece156b7a8e098ae7dc87bf?s=96&d=mm&r=g\",\"contentUrl\":\"https:\/\/secure.gravatar.com\/avatar\/48e3fc7f8421ba8942be6b74a2b7f014ca39bc00dece156b7a8e098ae7dc87bf?s=96&d=mm&r=g\",\"caption\":\"C.K.\"},\"url\":\"https:\/\/vosgesinfo.fr\/epinalinfo\/author\/celia-k-n\/\"}]}<\/script>\n<!-- \/ Yoast SEO plugin. -->","yoast_head_json":{"title":"Epinal - Deux jeunes de 16 ans arr\u00eat\u00e9s, apr\u00e8s le cambriolage d\u2019un magasin de cigarettes \u00e9lectroniques - Epinal Info","robots":{"index":"index","follow":"follow","max-snippet":"max-snippet:-1","max-image-preview":"max-image-preview:large","max-video-preview":"max-video-preview:-1"},"canonical":"https:\/\/vosgesinfo.fr\/epinalinfo\/2016\/01\/epinal-deux-jeunes-de-16-ans-arretes-apres-cambriolage-dun-magasin-de-cigarettes-electroniques\/","twitter_card":"summary_large_image","twitter_title":"Epinal - Deux jeunes de 16 ans arr\u00eat\u00e9s, apr\u00e8s le cambriolage d\u2019un magasin de cigarettes \u00e9lectroniques - Epinal Info","twitter_description":"Le 15 janvier dernier, les policiers du commissariat d\u2019Epinal sont appel\u00e9s pour un vol avec effraction dans le magasin de [&hellip;]","twitter_image":"https:\/\/vosgesinfo.fr\/app\/uploads\/sites\/3\/2024\/08\/201601notre-dame-de-lorette.jpg","twitter_creator":"@VosgesInfo88","twitter_site":"@VosgesInfo88","twitter_misc":{"\u00c9crit par":"C.K.","Dur\u00e9e de lecture estim\u00e9e":"1 minute"},"schema":{"@context":"https:\/\/schema.org","@graph":[{"@type":"Article","@id":"https:\/\/vosgesinfo.fr\/epinalinfo\/2016\/01\/epinal-deux-jeunes-de-16-ans-arretes-apres-cambriolage-dun-magasin-de-cigarettes-electroniques\/#article","isPartOf":{"@id":"https:\/\/vosgesinfo.fr\/epinalinfo\/2016\/01\/epinal-deux-jeunes-de-16-ans-arretes-apres-cambriolage-dun-magasin-de-cigarettes-electroniques\/"},"author":{"name":"C.K.","@id":"https:\/\/vosgesinfo.fr\/epinalinfo\/#\/schema\/person\/6f9a650eeea99d969b6c4ab78fccbe81"},"headline":"Epinal &#8211; Deux jeunes de 16 ans arr\u00eat\u00e9s, apr\u00e8s le cambriolage d\u2019un magasin de cigarettes \u00e9lectroniques","datePublished":"2016-01-26T16:26:30+00:00","dateModified":"2016-01-26T16:26:30+00:00","mainEntityOfPage":{"@id":"https:\/\/vosgesinfo.fr\/epinalinfo\/2016\/01\/epinal-deux-jeunes-de-16-ans-arretes-apres-cambriolage-dun-magasin-de-cigarettes-electroniques\/"},"wordCount":195,"commentCount":0,"publisher":{"@id":"https:\/\/vosgesinfo.fr\/epinalinfo\/#organization"},"image":{"@id":"https:\/\/vosgesinfo.fr\/epinalinfo\/2016\/01\/epinal-deux-jeunes-de-16-ans-arretes-apres-cambriolage-dun-magasin-de-cigarettes-electroniques\/#primaryimage"},"thumbnailUrl":"https:\/\/vosgesinfo.fr\/app\/uploads\/sites\/3\/2024\/08\/201601notre-dame-de-lorette.jpg","articleSection":["Epinal","Faits-divers"],"inLanguage":"fr-FR","potentialAction":[{"@type":"CommentAction","name":"Comment","target":["https:\/\/vosgesinfo.fr\/epinalinfo\/2016\/01\/epinal-deux-jeunes-de-16-ans-arretes-apres-cambriolage-dun-magasin-de-cigarettes-electroniques\/#respond"]}]},{"@type":"WebPage","@id":"https:\/\/vosgesinfo.fr\/epinalinfo\/2016\/01\/epinal-deux-jeunes-de-16-ans-arretes-apres-cambriolage-dun-magasin-de-cigarettes-electroniques\/","url":"https:\/\/vosgesinfo.fr\/epinalinfo\/2016\/01\/epinal-deux-jeunes-de-16-ans-arretes-apres-cambriolage-dun-magasin-de-cigarettes-electroniques\/","name":"Epinal - Deux jeunes de 16 ans arr\u00eat\u00e9s, apr\u00e8s le cambriolage d\u2019un magasin de cigarettes \u00e9lectroniques - Epinal Info","isPartOf":{"@id":"https:\/\/vosgesinfo.fr\/epinalinfo\/#website"},"primaryImageOfPage":{"@id":"https:\/\/vosgesinfo.fr\/epinalinfo\/2016\/01\/epinal-deux-jeunes-de-16-ans-arretes-apres-cambriolage-dun-magasin-de-cigarettes-electroniques\/#primaryimage"},"image":{"@id":"https:\/\/vosgesinfo.fr\/epinalinfo\/2016\/01\/epinal-deux-jeunes-de-16-ans-arretes-apres-cambriolage-dun-magasin-de-cigarettes-electroniques\/#primaryimage"},"thumbnailUrl":"https:\/\/vosgesinfo.fr\/app\/uploads\/sites\/3\/2024\/08\/201601notre-dame-de-lorette.jpg","datePublished":"2016-01-26T16:26:30+00:00","dateModified":"2016-01-26T16:26:30+00:00","breadcrumb":{"@id":"https:\/\/vosgesinfo.fr\/epinalinfo\/2016\/01\/epinal-deux-jeunes-de-16-ans-arretes-apres-cambriolage-dun-magasin-de-cigarettes-electroniques\/#breadcrumb"},"inLanguage":"fr-FR","potentialAction":[{"@type":"ReadAction","target":["https:\/\/vosgesinfo.fr\/epinalinfo\/2016\/01\/epinal-deux-jeunes-de-16-ans-arretes-apres-cambriolage-dun-magasin-de-cigarettes-electroniques\/"]}]},{"@type":"ImageObject","inLanguage":"fr-FR","@id":"https:\/\/vosgesinfo.fr\/epinalinfo\/2016\/01\/epinal-deux-jeunes-de-16-ans-arretes-apres-cambriolage-dun-magasin-de-cigarettes-electroniques\/#primaryimage","url":"https:\/\/vosgesinfo.fr\/app\/uploads\/sites\/3\/2024\/08\/201601notre-dame-de-lorette.jpg","contentUrl":"https:\/\/vosgesinfo.fr\/app\/uploads\/sites\/3\/2024\/08\/201601notre-dame-de-lorette.jpg","width":1024,"height":445},{"@type":"BreadcrumbList","@id":"https:\/\/vosgesinfo.fr\/epinalinfo\/2016\/01\/epinal-deux-jeunes-de-16-ans-arretes-apres-cambriolage-dun-magasin-de-cigarettes-electroniques\/#breadcrumb","itemListElement":[{"@type":"ListItem","position":1,"name":"Home","item":"https:\/\/vosgesinfo.fr\/epinalinfo\/"},{"@type":"ListItem","position":2,"name":"Epinal &#8211; Deux jeunes de 16 ans arr\u00eat\u00e9s, apr\u00e8s le cambriolage d\u2019un magasin de cigarettes \u00e9lectroniques"}]},{"@type":"WebSite","@id":"https:\/\/vosgesinfo.fr\/epinalinfo\/#website","url":"https:\/\/vosgesinfo.fr\/epinalinfo\/","name":"Epinal Info","description":"Toute l&#039;actualit\u00e9 d&#039;\u00c9pinal","publisher":{"@id":"https:\/\/vosgesinfo.fr\/epinalinfo\/#organization"},"alternateName":"Toute l'actualit\u00e9 d'\u00c9pinal","potentialAction":[{"@type":"SearchAction","target":{"@type":"EntryPoint","urlTemplate":"https:\/\/vosgesinfo.fr\/epinalinfo\/?s={search_term_string}"},"query-input":"required name=search_term_string"}],"inLanguage":"fr-FR"},{"@type":"Organization","@id":"https:\/\/vosgesinfo.fr\/epinalinfo\/#organization","name":"Epinal Info","url":"https:\/\/vosgesinfo.fr\/epinalinfo\/","logo":{"@type":"ImageObject","inLanguage":"fr-FR","@id":"https:\/\/vosgesinfo.fr\/epinalinfo\/#\/schema\/logo\/image\/","url":"https:\/\/vosgesinfo.fr\/app\/uploads\/sites\/3\/2023\/08\/logo-epinalinfos.svg","contentUrl":"https:\/\/vosgesinfo.fr\/app\/uploads\/sites\/3\/2023\/08\/logo-epinalinfos.svg","width":1,"height":1,"caption":"Epinal Info"},"image":{"@id":"https:\/\/vosgesinfo.fr\/epinalinfo\/#\/schema\/logo\/image\/"},"sameAs":["https:\/\/www.facebook.com\/Epinalinfos","https:\/\/x.com\/VosgesInfo88","https:\/\/www.youtube.com\/@vosgesinfo"]},{"@type":"Person","@id":"https:\/\/vosgesinfo.fr\/epinalinfo\/#\/schema\/person\/6f9a650eeea99d969b6c4ab78fccbe81","name":"C.K.","image":{"@type":"ImageObject","inLanguage":"fr-FR","@id":"https:\/\/vosgesinfo.fr\/epinalinfo\/#\/schema\/person\/image\/","url":"https:\/\/secure.gravatar.com\/avatar\/48e3fc7f8421ba8942be6b74a2b7f014ca39bc00dece156b7a8e098ae7dc87bf?s=96&d=mm&r=g","contentUrl":"https:\/\/secure.gravatar.com\/avatar\/48e3fc7f8421ba8942be6b74a2b7f014ca39bc00dece156b7a8e098ae7dc87bf?s=96&d=mm&r=g","caption":"C.K."},"url":"https:\/\/vosgesinfo.fr\/epinalinfo\/author\/celia-k-n\/"}]}},"_links":{"self":[{"href":"https:\/\/vosgesinfo.fr\/epinalinfo\/wp-json\/wp\/v2\/posts\/57400","targetHints":{"allow":["GET"]}}],"collection":[{"href":"https:\/\/vosgesinfo.fr\/epinalinfo\/wp-json\/wp\/v2\/posts"}],"about":[{"href":"https:\/\/vosgesinfo.fr\/epinalinfo\/wp-json\/wp\/v2\/types\/post"}],"author":[{"embeddable":true,"href":"https:\/\/vosgesinfo.fr\/epinalinfo\/wp-json\/wp\/v2\/users\/52"}],"replies":[{"embeddable":true,"href":"https:\/\/vosgesinfo.fr\/epinalinfo\/wp-json\/wp\/v2\/comments?post=57400"}],"version-history":[{"count":0,"href":"https:\/\/vosgesinfo.fr\/epinalinfo\/wp-json\/wp\/v2\/posts\/57400\/revisions"}],"wp:featuredmedia":[{"embeddable":true,"href":"https:\/\/vosgesinfo.fr\/epinalinfo\/wp-json\/wp\/v2\/media\/57401"}],"wp:attachment":[{"href":"https:\/\/vosgesinfo.fr\/epinalinfo\/wp-json\/wp\/v2\/media?parent=57400"}],"wp:term":[{"taxonomy":"category","embeddable":true,"href":"https:\/\/vosgesinfo.fr\/epinalinfo\/wp-json\/wp\/v2\/categories?post=57400"},{"taxonomy":"post_tag","embeddable":true,"href":"https:\/\/vosgesinfo.fr\/epinalinfo\/wp-json\/wp\/v2\/tags?post=57400"}],"curies":[{"name":"wp","href":"https:\/\/api.w.org\/{rel}","templated":true}]}}