{"id":57403,"date":"2016-01-26T17:49:07","date_gmt":"2016-01-26T16:49:07","guid":{"rendered":"https:\/\/vosgesinfo.fr\/epinalinfo\/2016\/01\/epinal-debat-autour-de-lengagement-citoyen-organise-lassociation-ambition-spinalienne-omnisport\/"},"modified":"2016-01-26T17:49:07","modified_gmt":"2016-01-26T16:49:07","slug":"epinal-debat-autour-de-lengagement-citoyen-organise-lassociation-ambition-spinalienne-omnisport","status":"publish","type":"post","link":"https:\/\/vosgesinfo.fr\/epinalinfo\/2016\/01\/epinal-debat-autour-de-lengagement-citoyen-organise-lassociation-ambition-spinalienne-omnisport\/","title":{"rendered":"Epinal &#8211; D\u00e9bat autour de l&rsquo;engagement citoyen organis\u00e9 par l\u2019association Ambition Spinalienne Omnisport"},"content":{"rendered":"<p><a href=\"\/2016\/01\/Sans-titre22.jpg\"><img decoding=\"async\" class=\"aligncenter size-full wp-image-75453\" src=\"\/2016\/01\/Sans-titre22.jpg\" alt=\"Sans titre\" width=\"542\" height=\"214\" \/><\/a><\/p>\n<p><strong>L\u2019association Ambition Spinalienne Omnisport, avec le soutien de la R\u00e9gion Alsace Champagne Ardenne Lorraine organise une rencontre Territoriale d\u00e9di\u00e9e \u00e0 l\u2019engagement de la jeunesse, la valorisation d\u2019exp\u00e9riences et \u00e0 l\u2019engagement associatif. \u00a0La rencontre aura lieu demain mercredi 27 janvier de 10h30 \u00e0 12h \u00e0 la Souris Verte d\u2019Epinal.<\/strong><\/p>\n<p>Comment s\u2019engager sur le territoire\u00a0? Sous quelles formes s\u2019engager\u00a0? Comment valoriser et faire reconna\u00eetre l\u2019implication associative en vue d\u2019une insertion professionnelle\u00a0?<\/p>\n","protected":false},"excerpt":{"rendered":"<p>L\u2019association Ambition Spinalienne Omnisport, avec le soutien de la R\u00e9gion Alsace Champagne Ardenne Lorraine organise une rencontre Territoriale d\u00e9di\u00e9e \u00e0 [&hellip;]<\/p>\n","protected":false},"author":52,"featured_media":57404,"comment_status":"open","ping_status":"open","sticky":false,"template":"","format":"standard","meta":{"footnotes":""},"categories":[285,24],"tags":[],"class_list":["post-57403","post","type-post","status-publish","format-standard","has-post-thumbnail","hentry","category-associations","category-epinal"],"acf":[],"yoast_head":"<!-- This site is optimized with the Yoast SEO plugin v22.5 - https:\/\/yoast.com\/wordpress\/plugins\/seo\/ -->\n<title>Epinal - D\u00e9bat autour de l&#039;engagement citoyen organis\u00e9 par l\u2019association Ambition Spinalienne Omnisport - Epinal Info<\/title>\n<meta name=\"robots\" content=\"index, follow, max-snippet:-1, max-image-preview:large, max-video-preview:-1\" \/>\n<link rel=\"canonical\" href=\"https:\/\/vosgesinfo.fr\/epinalinfo\/2016\/01\/epinal-debat-autour-de-lengagement-citoyen-organise-lassociation-ambition-spinalienne-omnisport\/\" \/>\n<meta name=\"twitter:card\" content=\"summary_large_image\" \/>\n<meta name=\"twitter:title\" content=\"Epinal - D\u00e9bat autour de l&#039;engagement citoyen organis\u00e9 par l\u2019association Ambition Spinalienne Omnisport - Epinal Info\" \/>\n<meta name=\"twitter:description\" content=\"L\u2019association Ambition Spinalienne Omnisport, avec le soutien de la R\u00e9gion Alsace Champagne Ardenne Lorraine organise une rencontre Territoriale d\u00e9di\u00e9e \u00e0 [&hellip;]\" \/>\n<meta name=\"twitter:image\" content=\"https:\/\/vosgesinfo.fr\/app\/uploads\/sites\/3\/2024\/08\/20160111070609-144276262593153-4692097291743864552-o.jpg\" \/>\n<meta name=\"twitter:creator\" content=\"@VosgesInfo88\" \/>\n<meta name=\"twitter:site\" content=\"@VosgesInfo88\" \/>\n<meta name=\"twitter:label1\" content=\"\u00c9crit par\" \/>\n\t<meta name=\"twitter:data1\" content=\"C.K.\" \/>\n<script type=\"application\/ld+json\" class=\"yoast-schema-graph\">{\"@context\":\"https:\/\/schema.org\",\"@graph\":[{\"@type\":\"Article\",\"@id\":\"https:\/\/vosgesinfo.fr\/epinalinfo\/2016\/01\/epinal-debat-autour-de-lengagement-citoyen-organise-lassociation-ambition-spinalienne-omnisport\/#article\",\"isPartOf\":{\"@id\":\"https:\/\/vosgesinfo.fr\/epinalinfo\/2016\/01\/epinal-debat-autour-de-lengagement-citoyen-organise-lassociation-ambition-spinalienne-omnisport\/\"},\"author\":{\"name\":\"C.K.\",\"@id\":\"https:\/\/vosgesinfo.fr\/epinalinfo\/#\/schema\/person\/6f9a650eeea99d969b6c4ab78fccbe81\"},\"headline\":\"Epinal &#8211; D\u00e9bat autour de l&rsquo;engagement citoyen organis\u00e9 par l\u2019association Ambition Spinalienne Omnisport\",\"datePublished\":\"2016-01-26T16:49:07+00:00\",\"dateModified\":\"2016-01-26T16:49:07+00:00\",\"mainEntityOfPage\":{\"@id\":\"https:\/\/vosgesinfo.fr\/epinalinfo\/2016\/01\/epinal-debat-autour-de-lengagement-citoyen-organise-lassociation-ambition-spinalienne-omnisport\/\"},\"wordCount\":94,\"commentCount\":0,\"publisher\":{\"@id\":\"https:\/\/vosgesinfo.fr\/epinalinfo\/#organization\"},\"image\":{\"@id\":\"https:\/\/vosgesinfo.fr\/epinalinfo\/2016\/01\/epinal-debat-autour-de-lengagement-citoyen-organise-lassociation-ambition-spinalienne-omnisport\/#primaryimage\"},\"thumbnailUrl\":\"https:\/\/vosgesinfo.fr\/app\/uploads\/sites\/3\/2024\/08\/20160111070609-144276262593153-4692097291743864552-o.jpg\",\"articleSection\":[\"Associations\",\"Epinal\"],\"inLanguage\":\"fr-FR\",\"potentialAction\":[{\"@type\":\"CommentAction\",\"name\":\"Comment\",\"target\":[\"https:\/\/vosgesinfo.fr\/epinalinfo\/2016\/01\/epinal-debat-autour-de-lengagement-citoyen-organise-lassociation-ambition-spinalienne-omnisport\/#respond\"]}]},{\"@type\":\"WebPage\",\"@id\":\"https:\/\/vosgesinfo.fr\/epinalinfo\/2016\/01\/epinal-debat-autour-de-lengagement-citoyen-organise-lassociation-ambition-spinalienne-omnisport\/\",\"url\":\"https:\/\/vosgesinfo.fr\/epinalinfo\/2016\/01\/epinal-debat-autour-de-lengagement-citoyen-organise-lassociation-ambition-spinalienne-omnisport\/\",\"name\":\"Epinal - D\u00e9bat autour de l'engagement citoyen organis\u00e9 par l\u2019association Ambition Spinalienne Omnisport - Epinal Info\",\"isPartOf\":{\"@id\":\"https:\/\/vosgesinfo.fr\/epinalinfo\/#website\"},\"primaryImageOfPage\":{\"@id\":\"https:\/\/vosgesinfo.fr\/epinalinfo\/2016\/01\/epinal-debat-autour-de-lengagement-citoyen-organise-lassociation-ambition-spinalienne-omnisport\/#primaryimage\"},\"image\":{\"@id\":\"https:\/\/vosgesinfo.fr\/epinalinfo\/2016\/01\/epinal-debat-autour-de-lengagement-citoyen-organise-lassociation-ambition-spinalienne-omnisport\/#primaryimage\"},\"thumbnailUrl\":\"https:\/\/vosgesinfo.fr\/app\/uploads\/sites\/3\/2024\/08\/20160111070609-144276262593153-4692097291743864552-o.jpg\",\"datePublished\":\"2016-01-26T16:49:07+00:00\",\"dateModified\":\"2016-01-26T16:49:07+00:00\",\"breadcrumb\":{\"@id\":\"https:\/\/vosgesinfo.fr\/epinalinfo\/2016\/01\/epinal-debat-autour-de-lengagement-citoyen-organise-lassociation-ambition-spinalienne-omnisport\/#breadcrumb\"},\"inLanguage\":\"fr-FR\",\"potentialAction\":[{\"@type\":\"ReadAction\",\"target\":[\"https:\/\/vosgesinfo.fr\/epinalinfo\/2016\/01\/epinal-debat-autour-de-lengagement-citoyen-organise-lassociation-ambition-spinalienne-omnisport\/\"]}]},{\"@type\":\"ImageObject\",\"inLanguage\":\"fr-FR\",\"@id\":\"https:\/\/vosgesinfo.fr\/epinalinfo\/2016\/01\/epinal-debat-autour-de-lengagement-citoyen-organise-lassociation-ambition-spinalienne-omnisport\/#primaryimage\",\"url\":\"https:\/\/vosgesinfo.fr\/app\/uploads\/sites\/3\/2024\/08\/20160111070609-144276262593153-4692097291743864552-o.jpg\",\"contentUrl\":\"https:\/\/vosgesinfo.fr\/app\/uploads\/sites\/3\/2024\/08\/20160111070609-144276262593153-4692097291743864552-o.jpg\",\"width\":1024,\"height\":410},{\"@type\":\"BreadcrumbList\",\"@id\":\"https:\/\/vosgesinfo.fr\/epinalinfo\/2016\/01\/epinal-debat-autour-de-lengagement-citoyen-organise-lassociation-ambition-spinalienne-omnisport\/#breadcrumb\",\"itemListElement\":[{\"@type\":\"ListItem\",\"position\":1,\"name\":\"Home\",\"item\":\"https:\/\/vosgesinfo.fr\/epinalinfo\/\"},{\"@type\":\"ListItem\",\"position\":2,\"name\":\"Epinal &#8211; D\u00e9bat autour de l&rsquo;engagement citoyen organis\u00e9 par l\u2019association Ambition Spinalienne Omnisport\"}]},{\"@type\":\"WebSite\",\"@id\":\"https:\/\/vosgesinfo.fr\/epinalinfo\/#website\",\"url\":\"https:\/\/vosgesinfo.fr\/epinalinfo\/\",\"name\":\"Epinal Info\",\"description\":\"Toute l&#039;actualit\u00e9 d&#039;\u00c9pinal\",\"publisher\":{\"@id\":\"https:\/\/vosgesinfo.fr\/epinalinfo\/#organization\"},\"alternateName\":\"Toute l'actualit\u00e9 d'\u00c9pinal\",\"potentialAction\":[{\"@type\":\"SearchAction\",\"target\":{\"@type\":\"EntryPoint\",\"urlTemplate\":\"https:\/\/vosgesinfo.fr\/epinalinfo\/?s={search_term_string}\"},\"query-input\":\"required name=search_term_string\"}],\"inLanguage\":\"fr-FR\"},{\"@type\":\"Organization\",\"@id\":\"https:\/\/vosgesinfo.fr\/epinalinfo\/#organization\",\"name\":\"Epinal Info\",\"url\":\"https:\/\/vosgesinfo.fr\/epinalinfo\/\",\"logo\":{\"@type\":\"ImageObject\",\"inLanguage\":\"fr-FR\",\"@id\":\"https:\/\/vosgesinfo.fr\/epinalinfo\/#\/schema\/logo\/image\/\",\"url\":\"https:\/\/vosgesinfo.fr\/app\/uploads\/sites\/3\/2023\/08\/logo-epinalinfos.svg\",\"contentUrl\":\"https:\/\/vosgesinfo.fr\/app\/uploads\/sites\/3\/2023\/08\/logo-epinalinfos.svg\",\"width\":1,\"height\":1,\"caption\":\"Epinal Info\"},\"image\":{\"@id\":\"https:\/\/vosgesinfo.fr\/epinalinfo\/#\/schema\/logo\/image\/\"},\"sameAs\":[\"https:\/\/www.facebook.com\/Epinalinfos\",\"https:\/\/x.com\/VosgesInfo88\",\"https:\/\/www.youtube.com\/@vosgesinfo\"]},{\"@type\":\"Person\",\"@id\":\"https:\/\/vosgesinfo.fr\/epinalinfo\/#\/schema\/person\/6f9a650eeea99d969b6c4ab78fccbe81\",\"name\":\"C.K.\",\"image\":{\"@type\":\"ImageObject\",\"inLanguage\":\"fr-FR\",\"@id\":\"https:\/\/vosgesinfo.fr\/epinalinfo\/#\/schema\/person\/image\/\",\"url\":\"https:\/\/secure.gravatar.com\/avatar\/48e3fc7f8421ba8942be6b74a2b7f014ca39bc00dece156b7a8e098ae7dc87bf?s=96&d=mm&r=g\",\"contentUrl\":\"https:\/\/secure.gravatar.com\/avatar\/48e3fc7f8421ba8942be6b74a2b7f014ca39bc00dece156b7a8e098ae7dc87bf?s=96&d=mm&r=g\",\"caption\":\"C.K.\"},\"url\":\"https:\/\/vosgesinfo.fr\/epinalinfo\/author\/celia-k-n\/\"}]}<\/script>\n<!-- \/ Yoast SEO plugin. -->","yoast_head_json":{"title":"Epinal - D\u00e9bat autour de l'engagement citoyen organis\u00e9 par l\u2019association Ambition Spinalienne Omnisport - Epinal Info","robots":{"index":"index","follow":"follow","max-snippet":"max-snippet:-1","max-image-preview":"max-image-preview:large","max-video-preview":"max-video-preview:-1"},"canonical":"https:\/\/vosgesinfo.fr\/epinalinfo\/2016\/01\/epinal-debat-autour-de-lengagement-citoyen-organise-lassociation-ambition-spinalienne-omnisport\/","twitter_card":"summary_large_image","twitter_title":"Epinal - D\u00e9bat autour de l'engagement citoyen organis\u00e9 par l\u2019association Ambition Spinalienne Omnisport - Epinal Info","twitter_description":"L\u2019association Ambition Spinalienne Omnisport, avec le soutien de la R\u00e9gion Alsace Champagne Ardenne Lorraine organise une rencontre Territoriale d\u00e9di\u00e9e \u00e0 [&hellip;]","twitter_image":"https:\/\/vosgesinfo.fr\/app\/uploads\/sites\/3\/2024\/08\/20160111070609-144276262593153-4692097291743864552-o.jpg","twitter_creator":"@VosgesInfo88","twitter_site":"@VosgesInfo88","twitter_misc":{"\u00c9crit par":"C.K."},"schema":{"@context":"https:\/\/schema.org","@graph":[{"@type":"Article","@id":"https:\/\/vosgesinfo.fr\/epinalinfo\/2016\/01\/epinal-debat-autour-de-lengagement-citoyen-organise-lassociation-ambition-spinalienne-omnisport\/#article","isPartOf":{"@id":"https:\/\/vosgesinfo.fr\/epinalinfo\/2016\/01\/epinal-debat-autour-de-lengagement-citoyen-organise-lassociation-ambition-spinalienne-omnisport\/"},"author":{"name":"C.K.","@id":"https:\/\/vosgesinfo.fr\/epinalinfo\/#\/schema\/person\/6f9a650eeea99d969b6c4ab78fccbe81"},"headline":"Epinal &#8211; D\u00e9bat autour de l&rsquo;engagement citoyen organis\u00e9 par l\u2019association Ambition Spinalienne Omnisport","datePublished":"2016-01-26T16:49:07+00:00","dateModified":"2016-01-26T16:49:07+00:00","mainEntityOfPage":{"@id":"https:\/\/vosgesinfo.fr\/epinalinfo\/2016\/01\/epinal-debat-autour-de-lengagement-citoyen-organise-lassociation-ambition-spinalienne-omnisport\/"},"wordCount":94,"commentCount":0,"publisher":{"@id":"https:\/\/vosgesinfo.fr\/epinalinfo\/#organization"},"image":{"@id":"https:\/\/vosgesinfo.fr\/epinalinfo\/2016\/01\/epinal-debat-autour-de-lengagement-citoyen-organise-lassociation-ambition-spinalienne-omnisport\/#primaryimage"},"thumbnailUrl":"https:\/\/vosgesinfo.fr\/app\/uploads\/sites\/3\/2024\/08\/20160111070609-144276262593153-4692097291743864552-o.jpg","articleSection":["Associations","Epinal"],"inLanguage":"fr-FR","potentialAction":[{"@type":"CommentAction","name":"Comment","target":["https:\/\/vosgesinfo.fr\/epinalinfo\/2016\/01\/epinal-debat-autour-de-lengagement-citoyen-organise-lassociation-ambition-spinalienne-omnisport\/#respond"]}]},{"@type":"WebPage","@id":"https:\/\/vosgesinfo.fr\/epinalinfo\/2016\/01\/epinal-debat-autour-de-lengagement-citoyen-organise-lassociation-ambition-spinalienne-omnisport\/","url":"https:\/\/vosgesinfo.fr\/epinalinfo\/2016\/01\/epinal-debat-autour-de-lengagement-citoyen-organise-lassociation-ambition-spinalienne-omnisport\/","name":"Epinal - D\u00e9bat autour de l'engagement citoyen organis\u00e9 par l\u2019association Ambition Spinalienne Omnisport - Epinal Info","isPartOf":{"@id":"https:\/\/vosgesinfo.fr\/epinalinfo\/#website"},"primaryImageOfPage":{"@id":"https:\/\/vosgesinfo.fr\/epinalinfo\/2016\/01\/epinal-debat-autour-de-lengagement-citoyen-organise-lassociation-ambition-spinalienne-omnisport\/#primaryimage"},"image":{"@id":"https:\/\/vosgesinfo.fr\/epinalinfo\/2016\/01\/epinal-debat-autour-de-lengagement-citoyen-organise-lassociation-ambition-spinalienne-omnisport\/#primaryimage"},"thumbnailUrl":"https:\/\/vosgesinfo.fr\/app\/uploads\/sites\/3\/2024\/08\/20160111070609-144276262593153-4692097291743864552-o.jpg","datePublished":"2016-01-26T16:49:07+00:00","dateModified":"2016-01-26T16:49:07+00:00","breadcrumb":{"@id":"https:\/\/vosgesinfo.fr\/epinalinfo\/2016\/01\/epinal-debat-autour-de-lengagement-citoyen-organise-lassociation-ambition-spinalienne-omnisport\/#breadcrumb"},"inLanguage":"fr-FR","potentialAction":[{"@type":"ReadAction","target":["https:\/\/vosgesinfo.fr\/epinalinfo\/2016\/01\/epinal-debat-autour-de-lengagement-citoyen-organise-lassociation-ambition-spinalienne-omnisport\/"]}]},{"@type":"ImageObject","inLanguage":"fr-FR","@id":"https:\/\/vosgesinfo.fr\/epinalinfo\/2016\/01\/epinal-debat-autour-de-lengagement-citoyen-organise-lassociation-ambition-spinalienne-omnisport\/#primaryimage","url":"https:\/\/vosgesinfo.fr\/app\/uploads\/sites\/3\/2024\/08\/20160111070609-144276262593153-4692097291743864552-o.jpg","contentUrl":"https:\/\/vosgesinfo.fr\/app\/uploads\/sites\/3\/2024\/08\/20160111070609-144276262593153-4692097291743864552-o.jpg","width":1024,"height":410},{"@type":"BreadcrumbList","@id":"https:\/\/vosgesinfo.fr\/epinalinfo\/2016\/01\/epinal-debat-autour-de-lengagement-citoyen-organise-lassociation-ambition-spinalienne-omnisport\/#breadcrumb","itemListElement":[{"@type":"ListItem","position":1,"name":"Home","item":"https:\/\/vosgesinfo.fr\/epinalinfo\/"},{"@type":"ListItem","position":2,"name":"Epinal &#8211; D\u00e9bat autour de l&rsquo;engagement citoyen organis\u00e9 par l\u2019association Ambition Spinalienne Omnisport"}]},{"@type":"WebSite","@id":"https:\/\/vosgesinfo.fr\/epinalinfo\/#website","url":"https:\/\/vosgesinfo.fr\/epinalinfo\/","name":"Epinal Info","description":"Toute l&#039;actualit\u00e9 d&#039;\u00c9pinal","publisher":{"@id":"https:\/\/vosgesinfo.fr\/epinalinfo\/#organization"},"alternateName":"Toute l'actualit\u00e9 d'\u00c9pinal","potentialAction":[{"@type":"SearchAction","target":{"@type":"EntryPoint","urlTemplate":"https:\/\/vosgesinfo.fr\/epinalinfo\/?s={search_term_string}"},"query-input":"required name=search_term_string"}],"inLanguage":"fr-FR"},{"@type":"Organization","@id":"https:\/\/vosgesinfo.fr\/epinalinfo\/#organization","name":"Epinal Info","url":"https:\/\/vosgesinfo.fr\/epinalinfo\/","logo":{"@type":"ImageObject","inLanguage":"fr-FR","@id":"https:\/\/vosgesinfo.fr\/epinalinfo\/#\/schema\/logo\/image\/","url":"https:\/\/vosgesinfo.fr\/app\/uploads\/sites\/3\/2023\/08\/logo-epinalinfos.svg","contentUrl":"https:\/\/vosgesinfo.fr\/app\/uploads\/sites\/3\/2023\/08\/logo-epinalinfos.svg","width":1,"height":1,"caption":"Epinal Info"},"image":{"@id":"https:\/\/vosgesinfo.fr\/epinalinfo\/#\/schema\/logo\/image\/"},"sameAs":["https:\/\/www.facebook.com\/Epinalinfos","https:\/\/x.com\/VosgesInfo88","https:\/\/www.youtube.com\/@vosgesinfo"]},{"@type":"Person","@id":"https:\/\/vosgesinfo.fr\/epinalinfo\/#\/schema\/person\/6f9a650eeea99d969b6c4ab78fccbe81","name":"C.K.","image":{"@type":"ImageObject","inLanguage":"fr-FR","@id":"https:\/\/vosgesinfo.fr\/epinalinfo\/#\/schema\/person\/image\/","url":"https:\/\/secure.gravatar.com\/avatar\/48e3fc7f8421ba8942be6b74a2b7f014ca39bc00dece156b7a8e098ae7dc87bf?s=96&d=mm&r=g","contentUrl":"https:\/\/secure.gravatar.com\/avatar\/48e3fc7f8421ba8942be6b74a2b7f014ca39bc00dece156b7a8e098ae7dc87bf?s=96&d=mm&r=g","caption":"C.K."},"url":"https:\/\/vosgesinfo.fr\/epinalinfo\/author\/celia-k-n\/"}]}},"_links":{"self":[{"href":"https:\/\/vosgesinfo.fr\/epinalinfo\/wp-json\/wp\/v2\/posts\/57403","targetHints":{"allow":["GET"]}}],"collection":[{"href":"https:\/\/vosgesinfo.fr\/epinalinfo\/wp-json\/wp\/v2\/posts"}],"about":[{"href":"https:\/\/vosgesinfo.fr\/epinalinfo\/wp-json\/wp\/v2\/types\/post"}],"author":[{"embeddable":true,"href":"https:\/\/vosgesinfo.fr\/epinalinfo\/wp-json\/wp\/v2\/users\/52"}],"replies":[{"embeddable":true,"href":"https:\/\/vosgesinfo.fr\/epinalinfo\/wp-json\/wp\/v2\/comments?post=57403"}],"version-history":[{"count":0,"href":"https:\/\/vosgesinfo.fr\/epinalinfo\/wp-json\/wp\/v2\/posts\/57403\/revisions"}],"wp:featuredmedia":[{"embeddable":true,"href":"https:\/\/vosgesinfo.fr\/epinalinfo\/wp-json\/wp\/v2\/media\/57404"}],"wp:attachment":[{"href":"https:\/\/vosgesinfo.fr\/epinalinfo\/wp-json\/wp\/v2\/media?parent=57403"}],"wp:term":[{"taxonomy":"category","embeddable":true,"href":"https:\/\/vosgesinfo.fr\/epinalinfo\/wp-json\/wp\/v2\/categories?post=57403"},{"taxonomy":"post_tag","embeddable":true,"href":"https:\/\/vosgesinfo.fr\/epinalinfo\/wp-json\/wp\/v2\/tags?post=57403"}],"curies":[{"name":"wp","href":"https:\/\/api.w.org\/{rel}","templated":true}]}}