{"id":57748,"date":"2016-02-03T06:23:30","date_gmt":"2016-02-03T05:23:30","guid":{"rendered":"https:\/\/vosgesinfo.fr\/epinalinfo\/2016\/02\/uzemain-entre-bilans-projets\/"},"modified":"2016-02-03T06:23:30","modified_gmt":"2016-02-03T05:23:30","slug":"uzemain-entre-bilans-projets","status":"publish","type":"post","link":"https:\/\/vosgesinfo.fr\/epinalinfo\/2016\/02\/uzemain-entre-bilans-projets\/","title":{"rendered":"Uzemain : entre bilans et projets"},"content":{"rendered":"<div id=\"attachment_82643\" style=\"width: 607px\" class=\"wp-caption aligncenter\"><a href=\"\/2016\/02\/Sans-titre.jpg\"><img decoding=\"async\" aria-describedby=\"caption-attachment-82643\" class=\"size-full wp-image-82643\" src=\"\/2016\/02\/Sans-titre.jpg\" alt=\"(cr\u00e9dits photos Ville d'Uzemain)\" width=\"597\" height=\"438\" \/><\/a><p id=\"caption-attachment-82643\" class=\"wp-caption-text\">(cr\u00e9dits photos Ville d&rsquo;Uzemain)<\/p><\/div>\n<p><strong>Samedi 16 janvier, \u00e0 la salle polyvalente, Alain PIERRE a accueilli Michel HEINRICH, D\u00e9put\u00e9-maire d&rsquo;Epinal, pr\u00e9sident de la Communaut\u00e9 d&rsquo;Agglom\u00e9ration, Jackie PIERRE, S\u00e9nateur, V\u00e9ronique MARCOT pour la premi\u00e8re fois en sa qualit\u00e9 de vice-pr\u00e9sidente du Conseil D\u00e9partemental, les membres du conseil municipal, les maires des communes voisines, les pr\u00e9sidents d&rsquo;associations, les forces vives de la commune et les habitants.<\/strong><br \/>\n<strong>Maryvonne Brandazzi a ouvert la c\u00e9r\u00e9monie en pr\u00e9sentant ses voeux, au nom de tous, au premier magistrat de la commune.<\/strong><\/p>\n<div id=\"attachment_82644\" style=\"width: 597px\" class=\"wp-caption aligncenter\"><a href=\"\/2016\/02\/Sans-titresvsd.jpg\"><img decoding=\"async\" aria-describedby=\"caption-attachment-82644\" class=\"wp-image-82644 size-full\" src=\"\/2016\/02\/Sans-titresvsd.jpg\" alt=\"Sans titresvsd\" width=\"587\" height=\"354\" \/><\/a><p id=\"caption-attachment-82644\" class=\"wp-caption-text\">(cr\u00e9dits photo Ville d&rsquo;Uzemain)<\/p><\/div>\n<p>Apr\u00e8s avoir pass\u00e9 en revue les \u00e9v\u00e9nements de la vie manuzienne 2015 \u00e0 l&rsquo;aide d&rsquo;un diaporama comment\u00e9 par Michel VAUTHIER, Alain PIERRE a fait le point concernant les travaux termin\u00e9s et ceux en cours.<br \/>\nLes travaux de voirie entre Uzemain et Naymont, la rue du fort au Roulon, le parking de la salle polyvalente pour un montant de travaux de 141 000 \u20ac sont en cours d&rsquo;ach\u00e8vement tandis que les travaux de voirie 2016 concerneront principalement la travers\u00e9e du Roulon avec la r\u00e9alisation de trottoirs pour un montant de 161 000 \u20ac.<br \/>\nL&rsquo;\u00e9clairage public de Clairegoutte sera enti\u00e8rement refait pour un montant de 19 200 \u20ac. La suite des travaux pr\u00e9vus pour 2016 concerne principalement la protection du patrimoine avec la chapelle de Thi\u00e9louze pour un montant de 68 000 \u20ac qui concerne la r\u00e9paration de la toiture, de la zinguerie, la peinture int\u00e9rieure et des travaux de ma\u00e7onnerie. Les objets class\u00e9s feront, quant \u00e0 eux, l&rsquo;objet de soins particuliers pour une d\u00e9pense de 9 000 \u20ac. Les habitants et les entreprises peuvent participer \u00e0 ces travaux gr\u00e2ce au m\u00e9c\u00e9nat populaire par l&rsquo;interm\u00e9diaire de la fondation du patrimoine (www.fondation-patrimoine.org\/37269). La protection de la tourbi\u00e8re de Morevoid suit son cours avec la concr\u00e9tisation des achats de terrains. Les tombes des anciens cimeti\u00e8res sont en train d&rsquo;\u00eatre toutes recens\u00e9es et des prolongations de concessions vont \u00eatre prochainement propos\u00e9es \u00e0 leurs propri\u00e9taires. La carte communale sera bient\u00f4t \u00e9labor\u00e9e avec le concours de la chambre d&rsquo;agriculture, dans le cadre du Sch\u00e9ma de Coh\u00e9rence Territoriale des Vosges Centrales.<br \/>\nGrand changement \u00e9galement au secr\u00e9tariat de mairie o\u00f9 Emilie AIZIER, jeune femme originaire de Thi\u00e9louze, qui poss\u00e8de une solide exp\u00e9rience en gestion et secr\u00e9tariat a \u00e9t\u00e9 embauch\u00e9e \u00e0 compter du 1er f\u00e9vrier afin de pallier au d\u00e9part en retraite du secr\u00e9taire de mairie Daniel BEAURENAUT.<br \/>\nPour cl\u00f4turer son discours, Alain PIERRE a affich\u00e9 un optimisme certain pour le financement des investissements n\u00e9cessaires en raison des finances saines de la commune, de l&rsquo;absence d&#8217;emprunt et ce malgr\u00e9 la baisse cons\u00e9quente des dotations de l&rsquo;Etat.<\/p>\n","protected":false},"excerpt":{"rendered":"<p>Samedi 16 janvier, \u00e0 la salle polyvalente, Alain PIERRE a accueilli Michel HEINRICH, D\u00e9put\u00e9-maire d&rsquo;Epinal, pr\u00e9sident de la Communaut\u00e9 d&rsquo;Agglom\u00e9ration, [&hellip;]<\/p>\n","protected":false},"author":52,"featured_media":266,"comment_status":"open","ping_status":"open","sticky":false,"template":"","format":"standard","meta":{"footnotes":""},"categories":[468],"tags":[],"class_list":["post-57748","post","type-post","status-publish","format-standard","has-post-thumbnail","hentry","category-voeux"],"acf":[],"yoast_head":"<!-- This site is optimized with the Yoast SEO plugin v22.5 - https:\/\/yoast.com\/wordpress\/plugins\/seo\/ -->\n<title>Uzemain : entre bilans et projets - Epinal Info<\/title>\n<meta name=\"robots\" content=\"index, follow, max-snippet:-1, max-image-preview:large, max-video-preview:-1\" \/>\n<link rel=\"canonical\" href=\"https:\/\/vosgesinfo.fr\/epinalinfo\/2016\/02\/uzemain-entre-bilans-projets\/\" \/>\n<meta name=\"twitter:card\" content=\"summary_large_image\" \/>\n<meta name=\"twitter:title\" content=\"Uzemain : entre bilans et projets - Epinal Info\" \/>\n<meta name=\"twitter:description\" content=\"Samedi 16 janvier, \u00e0 la salle polyvalente, Alain PIERRE a accueilli Michel HEINRICH, D\u00e9put\u00e9-maire d&rsquo;Epinal, pr\u00e9sident de la Communaut\u00e9 d&rsquo;Agglom\u00e9ration, [&hellip;]\" \/>\n<meta name=\"twitter:image\" content=\"https:\/\/vosgesinfo.fr\/app\/uploads\/sites\/3\/2023\/08\/sans-titre.jpg\" \/>\n<meta name=\"twitter:creator\" content=\"@VosgesInfo88\" \/>\n<meta name=\"twitter:site\" content=\"@VosgesInfo88\" \/>\n<meta name=\"twitter:label1\" content=\"\u00c9crit par\" \/>\n\t<meta name=\"twitter:data1\" content=\"C.K.\" \/>\n\t<meta name=\"twitter:label2\" content=\"Dur\u00e9e de lecture estim\u00e9e\" \/>\n\t<meta name=\"twitter:data2\" content=\"2 minutes\" \/>\n<script type=\"application\/ld+json\" class=\"yoast-schema-graph\">{\"@context\":\"https:\/\/schema.org\",\"@graph\":[{\"@type\":\"Article\",\"@id\":\"https:\/\/vosgesinfo.fr\/epinalinfo\/2016\/02\/uzemain-entre-bilans-projets\/#article\",\"isPartOf\":{\"@id\":\"https:\/\/vosgesinfo.fr\/epinalinfo\/2016\/02\/uzemain-entre-bilans-projets\/\"},\"author\":{\"name\":\"C.K.\",\"@id\":\"https:\/\/vosgesinfo.fr\/epinalinfo\/#\/schema\/person\/6f9a650eeea99d969b6c4ab78fccbe81\"},\"headline\":\"Uzemain : entre bilans et projets\",\"datePublished\":\"2016-02-03T05:23:30+00:00\",\"dateModified\":\"2016-02-03T05:23:30+00:00\",\"mainEntityOfPage\":{\"@id\":\"https:\/\/vosgesinfo.fr\/epinalinfo\/2016\/02\/uzemain-entre-bilans-projets\/\"},\"wordCount\":490,\"commentCount\":0,\"publisher\":{\"@id\":\"https:\/\/vosgesinfo.fr\/epinalinfo\/#organization\"},\"image\":{\"@id\":\"https:\/\/vosgesinfo.fr\/epinalinfo\/2016\/02\/uzemain-entre-bilans-projets\/#primaryimage\"},\"thumbnailUrl\":\"https:\/\/vosgesinfo.fr\/app\/uploads\/sites\/3\/2023\/08\/sans-titre.jpg\",\"articleSection\":[\"Voeux\"],\"inLanguage\":\"fr-FR\",\"potentialAction\":[{\"@type\":\"CommentAction\",\"name\":\"Comment\",\"target\":[\"https:\/\/vosgesinfo.fr\/epinalinfo\/2016\/02\/uzemain-entre-bilans-projets\/#respond\"]}]},{\"@type\":\"WebPage\",\"@id\":\"https:\/\/vosgesinfo.fr\/epinalinfo\/2016\/02\/uzemain-entre-bilans-projets\/\",\"url\":\"https:\/\/vosgesinfo.fr\/epinalinfo\/2016\/02\/uzemain-entre-bilans-projets\/\",\"name\":\"Uzemain : entre bilans et projets - Epinal Info\",\"isPartOf\":{\"@id\":\"https:\/\/vosgesinfo.fr\/epinalinfo\/#website\"},\"primaryImageOfPage\":{\"@id\":\"https:\/\/vosgesinfo.fr\/epinalinfo\/2016\/02\/uzemain-entre-bilans-projets\/#primaryimage\"},\"image\":{\"@id\":\"https:\/\/vosgesinfo.fr\/epinalinfo\/2016\/02\/uzemain-entre-bilans-projets\/#primaryimage\"},\"thumbnailUrl\":\"https:\/\/vosgesinfo.fr\/app\/uploads\/sites\/3\/2023\/08\/sans-titre.jpg\",\"datePublished\":\"2016-02-03T05:23:30+00:00\",\"dateModified\":\"2016-02-03T05:23:30+00:00\",\"breadcrumb\":{\"@id\":\"https:\/\/vosgesinfo.fr\/epinalinfo\/2016\/02\/uzemain-entre-bilans-projets\/#breadcrumb\"},\"inLanguage\":\"fr-FR\",\"potentialAction\":[{\"@type\":\"ReadAction\",\"target\":[\"https:\/\/vosgesinfo.fr\/epinalinfo\/2016\/02\/uzemain-entre-bilans-projets\/\"]}]},{\"@type\":\"ImageObject\",\"inLanguage\":\"fr-FR\",\"@id\":\"https:\/\/vosgesinfo.fr\/epinalinfo\/2016\/02\/uzemain-entre-bilans-projets\/#primaryimage\",\"url\":\"https:\/\/vosgesinfo.fr\/app\/uploads\/sites\/3\/2023\/08\/sans-titre.jpg\",\"contentUrl\":\"https:\/\/vosgesinfo.fr\/app\/uploads\/sites\/3\/2023\/08\/sans-titre.jpg\",\"width\":293,\"height\":548},{\"@type\":\"BreadcrumbList\",\"@id\":\"https:\/\/vosgesinfo.fr\/epinalinfo\/2016\/02\/uzemain-entre-bilans-projets\/#breadcrumb\",\"itemListElement\":[{\"@type\":\"ListItem\",\"position\":1,\"name\":\"Home\",\"item\":\"https:\/\/vosgesinfo.fr\/epinalinfo\/\"},{\"@type\":\"ListItem\",\"position\":2,\"name\":\"Uzemain : entre bilans et projets\"}]},{\"@type\":\"WebSite\",\"@id\":\"https:\/\/vosgesinfo.fr\/epinalinfo\/#website\",\"url\":\"https:\/\/vosgesinfo.fr\/epinalinfo\/\",\"name\":\"Epinal Info\",\"description\":\"Toute l&#039;actualit\u00e9 d&#039;\u00c9pinal\",\"publisher\":{\"@id\":\"https:\/\/vosgesinfo.fr\/epinalinfo\/#organization\"},\"alternateName\":\"Toute l'actualit\u00e9 d'\u00c9pinal\",\"potentialAction\":[{\"@type\":\"SearchAction\",\"target\":{\"@type\":\"EntryPoint\",\"urlTemplate\":\"https:\/\/vosgesinfo.fr\/epinalinfo\/?s={search_term_string}\"},\"query-input\":\"required name=search_term_string\"}],\"inLanguage\":\"fr-FR\"},{\"@type\":\"Organization\",\"@id\":\"https:\/\/vosgesinfo.fr\/epinalinfo\/#organization\",\"name\":\"Epinal Info\",\"url\":\"https:\/\/vosgesinfo.fr\/epinalinfo\/\",\"logo\":{\"@type\":\"ImageObject\",\"inLanguage\":\"fr-FR\",\"@id\":\"https:\/\/vosgesinfo.fr\/epinalinfo\/#\/schema\/logo\/image\/\",\"url\":\"https:\/\/vosgesinfo.fr\/app\/uploads\/sites\/3\/2023\/08\/logo-epinalinfos.svg\",\"contentUrl\":\"https:\/\/vosgesinfo.fr\/app\/uploads\/sites\/3\/2023\/08\/logo-epinalinfos.svg\",\"width\":1,\"height\":1,\"caption\":\"Epinal Info\"},\"image\":{\"@id\":\"https:\/\/vosgesinfo.fr\/epinalinfo\/#\/schema\/logo\/image\/\"},\"sameAs\":[\"https:\/\/www.facebook.com\/Epinalinfos\",\"https:\/\/x.com\/VosgesInfo88\",\"https:\/\/www.youtube.com\/@vosgesinfo\"]},{\"@type\":\"Person\",\"@id\":\"https:\/\/vosgesinfo.fr\/epinalinfo\/#\/schema\/person\/6f9a650eeea99d969b6c4ab78fccbe81\",\"name\":\"C.K.\",\"image\":{\"@type\":\"ImageObject\",\"inLanguage\":\"fr-FR\",\"@id\":\"https:\/\/vosgesinfo.fr\/epinalinfo\/#\/schema\/person\/image\/\",\"url\":\"https:\/\/secure.gravatar.com\/avatar\/48e3fc7f8421ba8942be6b74a2b7f014ca39bc00dece156b7a8e098ae7dc87bf?s=96&d=mm&r=g\",\"contentUrl\":\"https:\/\/secure.gravatar.com\/avatar\/48e3fc7f8421ba8942be6b74a2b7f014ca39bc00dece156b7a8e098ae7dc87bf?s=96&d=mm&r=g\",\"caption\":\"C.K.\"},\"url\":\"https:\/\/vosgesinfo.fr\/epinalinfo\/author\/celia-k-n\/\"}]}<\/script>\n<!-- \/ Yoast SEO plugin. -->","yoast_head_json":{"title":"Uzemain : entre bilans et projets - Epinal Info","robots":{"index":"index","follow":"follow","max-snippet":"max-snippet:-1","max-image-preview":"max-image-preview:large","max-video-preview":"max-video-preview:-1"},"canonical":"https:\/\/vosgesinfo.fr\/epinalinfo\/2016\/02\/uzemain-entre-bilans-projets\/","twitter_card":"summary_large_image","twitter_title":"Uzemain : entre bilans et projets - Epinal Info","twitter_description":"Samedi 16 janvier, \u00e0 la salle polyvalente, Alain PIERRE a accueilli Michel HEINRICH, D\u00e9put\u00e9-maire d&rsquo;Epinal, pr\u00e9sident de la Communaut\u00e9 d&rsquo;Agglom\u00e9ration, [&hellip;]","twitter_image":"https:\/\/vosgesinfo.fr\/app\/uploads\/sites\/3\/2023\/08\/sans-titre.jpg","twitter_creator":"@VosgesInfo88","twitter_site":"@VosgesInfo88","twitter_misc":{"\u00c9crit par":"C.K.","Dur\u00e9e de lecture estim\u00e9e":"2 minutes"},"schema":{"@context":"https:\/\/schema.org","@graph":[{"@type":"Article","@id":"https:\/\/vosgesinfo.fr\/epinalinfo\/2016\/02\/uzemain-entre-bilans-projets\/#article","isPartOf":{"@id":"https:\/\/vosgesinfo.fr\/epinalinfo\/2016\/02\/uzemain-entre-bilans-projets\/"},"author":{"name":"C.K.","@id":"https:\/\/vosgesinfo.fr\/epinalinfo\/#\/schema\/person\/6f9a650eeea99d969b6c4ab78fccbe81"},"headline":"Uzemain : entre bilans et projets","datePublished":"2016-02-03T05:23:30+00:00","dateModified":"2016-02-03T05:23:30+00:00","mainEntityOfPage":{"@id":"https:\/\/vosgesinfo.fr\/epinalinfo\/2016\/02\/uzemain-entre-bilans-projets\/"},"wordCount":490,"commentCount":0,"publisher":{"@id":"https:\/\/vosgesinfo.fr\/epinalinfo\/#organization"},"image":{"@id":"https:\/\/vosgesinfo.fr\/epinalinfo\/2016\/02\/uzemain-entre-bilans-projets\/#primaryimage"},"thumbnailUrl":"https:\/\/vosgesinfo.fr\/app\/uploads\/sites\/3\/2023\/08\/sans-titre.jpg","articleSection":["Voeux"],"inLanguage":"fr-FR","potentialAction":[{"@type":"CommentAction","name":"Comment","target":["https:\/\/vosgesinfo.fr\/epinalinfo\/2016\/02\/uzemain-entre-bilans-projets\/#respond"]}]},{"@type":"WebPage","@id":"https:\/\/vosgesinfo.fr\/epinalinfo\/2016\/02\/uzemain-entre-bilans-projets\/","url":"https:\/\/vosgesinfo.fr\/epinalinfo\/2016\/02\/uzemain-entre-bilans-projets\/","name":"Uzemain : entre bilans et projets - Epinal Info","isPartOf":{"@id":"https:\/\/vosgesinfo.fr\/epinalinfo\/#website"},"primaryImageOfPage":{"@id":"https:\/\/vosgesinfo.fr\/epinalinfo\/2016\/02\/uzemain-entre-bilans-projets\/#primaryimage"},"image":{"@id":"https:\/\/vosgesinfo.fr\/epinalinfo\/2016\/02\/uzemain-entre-bilans-projets\/#primaryimage"},"thumbnailUrl":"https:\/\/vosgesinfo.fr\/app\/uploads\/sites\/3\/2023\/08\/sans-titre.jpg","datePublished":"2016-02-03T05:23:30+00:00","dateModified":"2016-02-03T05:23:30+00:00","breadcrumb":{"@id":"https:\/\/vosgesinfo.fr\/epinalinfo\/2016\/02\/uzemain-entre-bilans-projets\/#breadcrumb"},"inLanguage":"fr-FR","potentialAction":[{"@type":"ReadAction","target":["https:\/\/vosgesinfo.fr\/epinalinfo\/2016\/02\/uzemain-entre-bilans-projets\/"]}]},{"@type":"ImageObject","inLanguage":"fr-FR","@id":"https:\/\/vosgesinfo.fr\/epinalinfo\/2016\/02\/uzemain-entre-bilans-projets\/#primaryimage","url":"https:\/\/vosgesinfo.fr\/app\/uploads\/sites\/3\/2023\/08\/sans-titre.jpg","contentUrl":"https:\/\/vosgesinfo.fr\/app\/uploads\/sites\/3\/2023\/08\/sans-titre.jpg","width":293,"height":548},{"@type":"BreadcrumbList","@id":"https:\/\/vosgesinfo.fr\/epinalinfo\/2016\/02\/uzemain-entre-bilans-projets\/#breadcrumb","itemListElement":[{"@type":"ListItem","position":1,"name":"Home","item":"https:\/\/vosgesinfo.fr\/epinalinfo\/"},{"@type":"ListItem","position":2,"name":"Uzemain : entre bilans et projets"}]},{"@type":"WebSite","@id":"https:\/\/vosgesinfo.fr\/epinalinfo\/#website","url":"https:\/\/vosgesinfo.fr\/epinalinfo\/","name":"Epinal Info","description":"Toute l&#039;actualit\u00e9 d&#039;\u00c9pinal","publisher":{"@id":"https:\/\/vosgesinfo.fr\/epinalinfo\/#organization"},"alternateName":"Toute l'actualit\u00e9 d'\u00c9pinal","potentialAction":[{"@type":"SearchAction","target":{"@type":"EntryPoint","urlTemplate":"https:\/\/vosgesinfo.fr\/epinalinfo\/?s={search_term_string}"},"query-input":"required name=search_term_string"}],"inLanguage":"fr-FR"},{"@type":"Organization","@id":"https:\/\/vosgesinfo.fr\/epinalinfo\/#organization","name":"Epinal Info","url":"https:\/\/vosgesinfo.fr\/epinalinfo\/","logo":{"@type":"ImageObject","inLanguage":"fr-FR","@id":"https:\/\/vosgesinfo.fr\/epinalinfo\/#\/schema\/logo\/image\/","url":"https:\/\/vosgesinfo.fr\/app\/uploads\/sites\/3\/2023\/08\/logo-epinalinfos.svg","contentUrl":"https:\/\/vosgesinfo.fr\/app\/uploads\/sites\/3\/2023\/08\/logo-epinalinfos.svg","width":1,"height":1,"caption":"Epinal Info"},"image":{"@id":"https:\/\/vosgesinfo.fr\/epinalinfo\/#\/schema\/logo\/image\/"},"sameAs":["https:\/\/www.facebook.com\/Epinalinfos","https:\/\/x.com\/VosgesInfo88","https:\/\/www.youtube.com\/@vosgesinfo"]},{"@type":"Person","@id":"https:\/\/vosgesinfo.fr\/epinalinfo\/#\/schema\/person\/6f9a650eeea99d969b6c4ab78fccbe81","name":"C.K.","image":{"@type":"ImageObject","inLanguage":"fr-FR","@id":"https:\/\/vosgesinfo.fr\/epinalinfo\/#\/schema\/person\/image\/","url":"https:\/\/secure.gravatar.com\/avatar\/48e3fc7f8421ba8942be6b74a2b7f014ca39bc00dece156b7a8e098ae7dc87bf?s=96&d=mm&r=g","contentUrl":"https:\/\/secure.gravatar.com\/avatar\/48e3fc7f8421ba8942be6b74a2b7f014ca39bc00dece156b7a8e098ae7dc87bf?s=96&d=mm&r=g","caption":"C.K."},"url":"https:\/\/vosgesinfo.fr\/epinalinfo\/author\/celia-k-n\/"}]}},"_links":{"self":[{"href":"https:\/\/vosgesinfo.fr\/epinalinfo\/wp-json\/wp\/v2\/posts\/57748","targetHints":{"allow":["GET"]}}],"collection":[{"href":"https:\/\/vosgesinfo.fr\/epinalinfo\/wp-json\/wp\/v2\/posts"}],"about":[{"href":"https:\/\/vosgesinfo.fr\/epinalinfo\/wp-json\/wp\/v2\/types\/post"}],"author":[{"embeddable":true,"href":"https:\/\/vosgesinfo.fr\/epinalinfo\/wp-json\/wp\/v2\/users\/52"}],"replies":[{"embeddable":true,"href":"https:\/\/vosgesinfo.fr\/epinalinfo\/wp-json\/wp\/v2\/comments?post=57748"}],"version-history":[{"count":0,"href":"https:\/\/vosgesinfo.fr\/epinalinfo\/wp-json\/wp\/v2\/posts\/57748\/revisions"}],"wp:featuredmedia":[{"embeddable":true,"href":"https:\/\/vosgesinfo.fr\/epinalinfo\/wp-json\/wp\/v2\/media\/266"}],"wp:attachment":[{"href":"https:\/\/vosgesinfo.fr\/epinalinfo\/wp-json\/wp\/v2\/media?parent=57748"}],"wp:term":[{"taxonomy":"category","embeddable":true,"href":"https:\/\/vosgesinfo.fr\/epinalinfo\/wp-json\/wp\/v2\/categories?post=57748"},{"taxonomy":"post_tag","embeddable":true,"href":"https:\/\/vosgesinfo.fr\/epinalinfo\/wp-json\/wp\/v2\/tags?post=57748"}],"curies":[{"name":"wp","href":"https:\/\/api.w.org\/{rel}","templated":true}]}}