{"id":57752,"date":"2016-02-02T15:49:23","date_gmt":"2016-02-02T14:49:23","guid":{"rendered":"https:\/\/vosgesinfo.fr\/epinalinfo\/2016\/02\/thaon-vosges-residence-chanson-autour-dalexis-hk\/"},"modified":"2016-02-02T15:49:23","modified_gmt":"2016-02-02T14:49:23","slug":"thaon-vosges-residence-chanson-autour-dalexis-hk","status":"publish","type":"post","link":"https:\/\/vosgesinfo.fr\/epinalinfo\/2016\/02\/thaon-vosges-residence-chanson-autour-dalexis-hk\/","title":{"rendered":"Thaon-l\u00e8s-Vosges &#8211; Une r\u00e9sidence chanson autour d\u2019Alexis HK"},"content":{"rendered":"<p><a href=\"\/2016\/02\/Sans-titre1.jpg\"><img decoding=\"async\" class=\"aligncenter size-full wp-image-82649\" src=\"\/2016\/02\/Sans-titre1.jpg\" alt=\"Sans titre\" width=\"632\" height=\"424\" \/><\/a><\/p>\n<p><strong>Alexis HK disposera des moyens n\u00e9cessaires pour cr\u00e9er un nouveau spectacle, en b\u00e9n\u00e9ficiant d\u2019infrastructures performantes, d\u2019un lieu d\u00e9di\u00e9 aux arts de la sc\u00e8ne, le Th\u00e9\u00e2tre de la Rotonde. <\/strong><\/p>\n<p>Il pourra ainsi aboutir au printemps 2017 \u00e0 un spectacle pouvant int\u00e9resser les programmateurs d\u00e9partementaux, r\u00e9gionaux, nationaux et transfrontaliers (Belgique, Allemagne, Luxembourg). La r\u00e9sidence Chanson aura de multiples visages ; elle ne sera pas une fin en soi mais un commencement, une incitation.<\/p>\n<p>Adolescent amoureux de Brassens et Brel, mais aussi de hip-hop fran\u00e7ais et de reggae, il s\u2019inscrit aux sc\u00e8nes ouvertes du th\u00e9\u00e2tre de Tr\u00e9vise pour roder son jeune r\u00e9pertoire compos\u00e9 \u00e0 la guitare. Une premi\u00e8re maquette voit le jour suite \u00e0 la rencontre d\u2019Olaf Hund sur les bancs de la fac de Nanterre.<\/p>\n<p>Alexis HK est auteur compositeur interpr\u00e8te professionnel depuis 2002. Il a\u00a0d\u00e9j\u00e0 \u00e0 son actif cinq albums enregistr\u00e9s (dont 1 album jeunesse) et il a donn\u00e9 plusieurs centaines de concerts \u00e0 travers l\u2019hexagone, et dans plusieurs pays de la francophonie (Suisse, Belgique, Qu\u00e9bec, Maroc, Moyen Orient, Europe de l\u2019Est).<em>\u00ab\u00a0J\u2019ai aussi particip\u00e9 \u00e0 diff\u00e9rents projets p\u00e9dagogiques autour de la chanson, ateliers de cr\u00e9ation et d\u2019enregistrement, coaching sc\u00e9nique, rencontres autour des m\u00e9tiers de la musique\u2026 \u00c0 cette \u00e9tape de ma carri\u00e8re, cette r\u00e9sidence qui comporte trois volets (action culturelle, diffusion, et cr\u00e9ation) appairait \u00e0 bien des \u00e9gards constructive et tr\u00e8s enrichissante.\u00a0\u00bb<\/em> explique-t-il.<\/p>\n<p>Il est d\u00e9j\u00e0 en contact avec Jacky Castang et son \u00e9quipe, initiateurs du projet pour Sc\u00e8nes Vosges, qui lui ont donn\u00e9 l\u2019opportunit\u00e9 de jouer son spectacle autour de Georges Brassens, \u00ab Georges &amp; Moi \u00bb au th\u00e9\u00e2tre municipal d&rsquo;Epinal.\u00a0Le projet s&rsquo;est concr\u00e9tis\u00e9 \u00e0 l\u2019automne 2014 sous l\u2019\u0153il expert de Fran\u00e7ois Morel. Apr\u00e8s un prologue qui se conclut \u00e0 guichets ferm\u00e9s aux Francofolies de la Rochelle en juillet 2015, la tourn\u00e9e \u00ab Georges &amp; moi \u00bb s\u2019\u00e9tend de septembre 2015 \u00e0 d\u00e9cembre 2016, avec un passage \u00e0 Bobino en d\u00e9cembre 2015.\u00a0<em>\u00ab\u00a0J\u2019ai pu rencontrer \u00e0 cette occasion de nombreux acteurs de la vie culturelle et p\u00e9dagogique de la r\u00e9gion, avec qui nous avons \u00e9voqu\u00e9 de nombreuses possibilit\u00e9s d\u2019actions dans leurs communes.\u00a0\u00bb<\/em> poursuit-il.<\/p>\n<p class=\"ecxMsoNormal\"><b>Jeudi 04 f\u00e9vrier 2016<\/b><b> Maison du Peuple Rambervillers<\/b><\/p>\n<p class=\"ecxMsoNormal\"><b>270 choristes <\/b>de g\u00e9n\u00e9rations diff\u00e9rentes<b> autour d\u2019Alexis HK<\/b><\/p>\n<p>Les \u00e9l\u00e8ves de la chorale du coll\u00e8ge Sainte Jeanne D\u2019Arc participeront \u00e0 un grand moment musical\u00a0 le <b>jeudi 04 f\u00e9vrier<\/b> \u00e0 la maison du peuple de Rambervillers.<\/p>\n<p>En effet, ils chanteront avec des coll\u00e9giens et des \u00e9l\u00e8ves primaires du groupe scolaire <strong>Saint-Laurent<\/strong> de <strong>La Bresse<\/strong>, des coll\u00e9giens du coll\u00e8ge Georges Brassens et des \u00e9l\u00e8ves des \u00e9coles primaires de <strong>Granges-Aumontzey<\/strong>, des chanteurs issus de la chorale l\u2019\u00eele aux chansons de l\u2019Ecole d\u2019Arts Vivants (des communes de Granges-Aumontzey, de Champdray et de la communaut\u00e9 de communes du Val du Neun\u00e9).<\/p>\n<p>Ces 270 acteurs rencontreront et r\u00e9p\u00e9teront avec Alexis HK, auteur, compositeur et interpr\u00e8te, afin de pr\u00e9parer un concert unique dans la r\u00e9gion, le <b>jeudi 26 mai 2016<\/b> au gymnase de <strong>Granges-Aumontzey<\/strong> qui sera am\u00e9nag\u00e9 en salle de spectacle. La r\u00e9p\u00e9tition g\u00e9n\u00e9rale aura lieu dans la journ\u00e9e et le concert en soir\u00e9e. Une sc\u00e8ne pouvant accueillir plus de deux cents artistes sera mise en place. Une \u00e9quipe de techniciens assurera la r\u00e9gie son et lumi\u00e8re du spectacle.<\/p>\n<p>Une autre grande r\u00e9p\u00e9tition avec l\u2019artiste se d\u00e9roulera le <strong>jeudi 21 avril<\/strong> \u00e0 <strong>La Bresse<\/strong>.<\/p>\n<p>Ce projet innovant est subventionn\u00e9 par le Conseil D\u00e9partemental, la Commune de Granges-Aumontzey, le Syndicat Mixte d\u2019Arts Vivants et Sc\u00e8nes Vosges. Il est plac\u00e9 sous la direction artistique de Beno\u00eet Grocolas, directeur de l\u2019\u00e9cole d\u2019Arts Vivants, professeur d\u2019\u00e9ducation musicale et de chant choral.<\/p>\n","protected":false},"excerpt":{"rendered":"<p>Alexis HK disposera des moyens n\u00e9cessaires pour cr\u00e9er un nouveau spectacle, en b\u00e9n\u00e9ficiant d\u2019infrastructures performantes, d\u2019un lieu d\u00e9di\u00e9 aux arts [&hellip;]<\/p>\n","protected":false},"author":52,"featured_media":587,"comment_status":"open","ping_status":"open","sticky":false,"template":"","format":"standard","meta":{"footnotes":""},"categories":[12,28,93],"tags":[],"class_list":["post-57752","post","type-post","status-publish","format-standard","has-post-thumbnail","hentry","category-culture","category-musique","category-thaon-les-vosges"],"acf":[],"yoast_head":"<!-- This site is optimized with the Yoast SEO plugin v22.5 - https:\/\/yoast.com\/wordpress\/plugins\/seo\/ -->\n<title>Thaon-l\u00e8s-Vosges - Une r\u00e9sidence chanson autour d\u2019Alexis HK - Epinal Info<\/title>\n<meta name=\"robots\" content=\"index, follow, max-snippet:-1, max-image-preview:large, max-video-preview:-1\" \/>\n<link rel=\"canonical\" href=\"https:\/\/vosgesinfo.fr\/epinalinfo\/2016\/02\/thaon-vosges-residence-chanson-autour-dalexis-hk\/\" \/>\n<meta name=\"twitter:card\" content=\"summary_large_image\" \/>\n<meta name=\"twitter:title\" content=\"Thaon-l\u00e8s-Vosges - Une r\u00e9sidence chanson autour d\u2019Alexis HK - Epinal Info\" \/>\n<meta name=\"twitter:description\" content=\"Alexis HK disposera des moyens n\u00e9cessaires pour cr\u00e9er un nouveau spectacle, en b\u00e9n\u00e9ficiant d\u2019infrastructures performantes, d\u2019un lieu d\u00e9di\u00e9 aux arts [&hellip;]\" \/>\n<meta name=\"twitter:image\" content=\"https:\/\/vosgesinfo.fr\/app\/uploads\/sites\/3\/2023\/08\/sans-titre1.jpg\" \/>\n<meta name=\"twitter:creator\" content=\"@VosgesInfo88\" \/>\n<meta name=\"twitter:site\" content=\"@VosgesInfo88\" \/>\n<meta name=\"twitter:label1\" content=\"\u00c9crit par\" \/>\n\t<meta name=\"twitter:data1\" content=\"C.K.\" \/>\n\t<meta name=\"twitter:label2\" content=\"Dur\u00e9e de lecture estim\u00e9e\" \/>\n\t<meta name=\"twitter:data2\" content=\"3 minutes\" \/>\n<script type=\"application\/ld+json\" class=\"yoast-schema-graph\">{\"@context\":\"https:\/\/schema.org\",\"@graph\":[{\"@type\":\"Article\",\"@id\":\"https:\/\/vosgesinfo.fr\/epinalinfo\/2016\/02\/thaon-vosges-residence-chanson-autour-dalexis-hk\/#article\",\"isPartOf\":{\"@id\":\"https:\/\/vosgesinfo.fr\/epinalinfo\/2016\/02\/thaon-vosges-residence-chanson-autour-dalexis-hk\/\"},\"author\":{\"name\":\"C.K.\",\"@id\":\"https:\/\/vosgesinfo.fr\/epinalinfo\/#\/schema\/person\/6f9a650eeea99d969b6c4ab78fccbe81\"},\"headline\":\"Thaon-l\u00e8s-Vosges &#8211; Une r\u00e9sidence chanson autour d\u2019Alexis HK\",\"datePublished\":\"2016-02-02T14:49:23+00:00\",\"dateModified\":\"2016-02-02T14:49:23+00:00\",\"mainEntityOfPage\":{\"@id\":\"https:\/\/vosgesinfo.fr\/epinalinfo\/2016\/02\/thaon-vosges-residence-chanson-autour-dalexis-hk\/\"},\"wordCount\":660,\"commentCount\":0,\"publisher\":{\"@id\":\"https:\/\/vosgesinfo.fr\/epinalinfo\/#organization\"},\"image\":{\"@id\":\"https:\/\/vosgesinfo.fr\/epinalinfo\/2016\/02\/thaon-vosges-residence-chanson-autour-dalexis-hk\/#primaryimage\"},\"thumbnailUrl\":\"https:\/\/vosgesinfo.fr\/app\/uploads\/sites\/3\/2023\/08\/sans-titre1.jpg\",\"articleSection\":[\"Culture\",\"Musique\",\"Thaon-les-Vosges\"],\"inLanguage\":\"fr-FR\",\"potentialAction\":[{\"@type\":\"CommentAction\",\"name\":\"Comment\",\"target\":[\"https:\/\/vosgesinfo.fr\/epinalinfo\/2016\/02\/thaon-vosges-residence-chanson-autour-dalexis-hk\/#respond\"]}]},{\"@type\":\"WebPage\",\"@id\":\"https:\/\/vosgesinfo.fr\/epinalinfo\/2016\/02\/thaon-vosges-residence-chanson-autour-dalexis-hk\/\",\"url\":\"https:\/\/vosgesinfo.fr\/epinalinfo\/2016\/02\/thaon-vosges-residence-chanson-autour-dalexis-hk\/\",\"name\":\"Thaon-l\u00e8s-Vosges - Une r\u00e9sidence chanson autour d\u2019Alexis HK - Epinal Info\",\"isPartOf\":{\"@id\":\"https:\/\/vosgesinfo.fr\/epinalinfo\/#website\"},\"primaryImageOfPage\":{\"@id\":\"https:\/\/vosgesinfo.fr\/epinalinfo\/2016\/02\/thaon-vosges-residence-chanson-autour-dalexis-hk\/#primaryimage\"},\"image\":{\"@id\":\"https:\/\/vosgesinfo.fr\/epinalinfo\/2016\/02\/thaon-vosges-residence-chanson-autour-dalexis-hk\/#primaryimage\"},\"thumbnailUrl\":\"https:\/\/vosgesinfo.fr\/app\/uploads\/sites\/3\/2023\/08\/sans-titre1.jpg\",\"datePublished\":\"2016-02-02T14:49:23+00:00\",\"dateModified\":\"2016-02-02T14:49:23+00:00\",\"breadcrumb\":{\"@id\":\"https:\/\/vosgesinfo.fr\/epinalinfo\/2016\/02\/thaon-vosges-residence-chanson-autour-dalexis-hk\/#breadcrumb\"},\"inLanguage\":\"fr-FR\",\"potentialAction\":[{\"@type\":\"ReadAction\",\"target\":[\"https:\/\/vosgesinfo.fr\/epinalinfo\/2016\/02\/thaon-vosges-residence-chanson-autour-dalexis-hk\/\"]}]},{\"@type\":\"ImageObject\",\"inLanguage\":\"fr-FR\",\"@id\":\"https:\/\/vosgesinfo.fr\/epinalinfo\/2016\/02\/thaon-vosges-residence-chanson-autour-dalexis-hk\/#primaryimage\",\"url\":\"https:\/\/vosgesinfo.fr\/app\/uploads\/sites\/3\/2023\/08\/sans-titre1.jpg\",\"contentUrl\":\"https:\/\/vosgesinfo.fr\/app\/uploads\/sites\/3\/2023\/08\/sans-titre1.jpg\",\"width\":383,\"height\":377},{\"@type\":\"BreadcrumbList\",\"@id\":\"https:\/\/vosgesinfo.fr\/epinalinfo\/2016\/02\/thaon-vosges-residence-chanson-autour-dalexis-hk\/#breadcrumb\",\"itemListElement\":[{\"@type\":\"ListItem\",\"position\":1,\"name\":\"Home\",\"item\":\"https:\/\/vosgesinfo.fr\/epinalinfo\/\"},{\"@type\":\"ListItem\",\"position\":2,\"name\":\"Thaon-l\u00e8s-Vosges &#8211; Une r\u00e9sidence chanson autour d\u2019Alexis HK\"}]},{\"@type\":\"WebSite\",\"@id\":\"https:\/\/vosgesinfo.fr\/epinalinfo\/#website\",\"url\":\"https:\/\/vosgesinfo.fr\/epinalinfo\/\",\"name\":\"Epinal Info\",\"description\":\"Toute l&#039;actualit\u00e9 d&#039;\u00c9pinal\",\"publisher\":{\"@id\":\"https:\/\/vosgesinfo.fr\/epinalinfo\/#organization\"},\"alternateName\":\"Toute l'actualit\u00e9 d'\u00c9pinal\",\"potentialAction\":[{\"@type\":\"SearchAction\",\"target\":{\"@type\":\"EntryPoint\",\"urlTemplate\":\"https:\/\/vosgesinfo.fr\/epinalinfo\/?s={search_term_string}\"},\"query-input\":\"required name=search_term_string\"}],\"inLanguage\":\"fr-FR\"},{\"@type\":\"Organization\",\"@id\":\"https:\/\/vosgesinfo.fr\/epinalinfo\/#organization\",\"name\":\"Epinal Info\",\"url\":\"https:\/\/vosgesinfo.fr\/epinalinfo\/\",\"logo\":{\"@type\":\"ImageObject\",\"inLanguage\":\"fr-FR\",\"@id\":\"https:\/\/vosgesinfo.fr\/epinalinfo\/#\/schema\/logo\/image\/\",\"url\":\"https:\/\/vosgesinfo.fr\/app\/uploads\/sites\/3\/2023\/08\/logo-epinalinfos.svg\",\"contentUrl\":\"https:\/\/vosgesinfo.fr\/app\/uploads\/sites\/3\/2023\/08\/logo-epinalinfos.svg\",\"width\":1,\"height\":1,\"caption\":\"Epinal Info\"},\"image\":{\"@id\":\"https:\/\/vosgesinfo.fr\/epinalinfo\/#\/schema\/logo\/image\/\"},\"sameAs\":[\"https:\/\/www.facebook.com\/Epinalinfos\",\"https:\/\/x.com\/VosgesInfo88\",\"https:\/\/www.youtube.com\/@vosgesinfo\"]},{\"@type\":\"Person\",\"@id\":\"https:\/\/vosgesinfo.fr\/epinalinfo\/#\/schema\/person\/6f9a650eeea99d969b6c4ab78fccbe81\",\"name\":\"C.K.\",\"image\":{\"@type\":\"ImageObject\",\"inLanguage\":\"fr-FR\",\"@id\":\"https:\/\/vosgesinfo.fr\/epinalinfo\/#\/schema\/person\/image\/\",\"url\":\"https:\/\/secure.gravatar.com\/avatar\/48e3fc7f8421ba8942be6b74a2b7f014ca39bc00dece156b7a8e098ae7dc87bf?s=96&d=mm&r=g\",\"contentUrl\":\"https:\/\/secure.gravatar.com\/avatar\/48e3fc7f8421ba8942be6b74a2b7f014ca39bc00dece156b7a8e098ae7dc87bf?s=96&d=mm&r=g\",\"caption\":\"C.K.\"},\"url\":\"https:\/\/vosgesinfo.fr\/epinalinfo\/author\/celia-k-n\/\"}]}<\/script>\n<!-- \/ Yoast SEO plugin. -->","yoast_head_json":{"title":"Thaon-l\u00e8s-Vosges - Une r\u00e9sidence chanson autour d\u2019Alexis HK - Epinal Info","robots":{"index":"index","follow":"follow","max-snippet":"max-snippet:-1","max-image-preview":"max-image-preview:large","max-video-preview":"max-video-preview:-1"},"canonical":"https:\/\/vosgesinfo.fr\/epinalinfo\/2016\/02\/thaon-vosges-residence-chanson-autour-dalexis-hk\/","twitter_card":"summary_large_image","twitter_title":"Thaon-l\u00e8s-Vosges - Une r\u00e9sidence chanson autour d\u2019Alexis HK - Epinal Info","twitter_description":"Alexis HK disposera des moyens n\u00e9cessaires pour cr\u00e9er un nouveau spectacle, en b\u00e9n\u00e9ficiant d\u2019infrastructures performantes, d\u2019un lieu d\u00e9di\u00e9 aux arts [&hellip;]","twitter_image":"https:\/\/vosgesinfo.fr\/app\/uploads\/sites\/3\/2023\/08\/sans-titre1.jpg","twitter_creator":"@VosgesInfo88","twitter_site":"@VosgesInfo88","twitter_misc":{"\u00c9crit par":"C.K.","Dur\u00e9e de lecture estim\u00e9e":"3 minutes"},"schema":{"@context":"https:\/\/schema.org","@graph":[{"@type":"Article","@id":"https:\/\/vosgesinfo.fr\/epinalinfo\/2016\/02\/thaon-vosges-residence-chanson-autour-dalexis-hk\/#article","isPartOf":{"@id":"https:\/\/vosgesinfo.fr\/epinalinfo\/2016\/02\/thaon-vosges-residence-chanson-autour-dalexis-hk\/"},"author":{"name":"C.K.","@id":"https:\/\/vosgesinfo.fr\/epinalinfo\/#\/schema\/person\/6f9a650eeea99d969b6c4ab78fccbe81"},"headline":"Thaon-l\u00e8s-Vosges &#8211; Une r\u00e9sidence chanson autour d\u2019Alexis HK","datePublished":"2016-02-02T14:49:23+00:00","dateModified":"2016-02-02T14:49:23+00:00","mainEntityOfPage":{"@id":"https:\/\/vosgesinfo.fr\/epinalinfo\/2016\/02\/thaon-vosges-residence-chanson-autour-dalexis-hk\/"},"wordCount":660,"commentCount":0,"publisher":{"@id":"https:\/\/vosgesinfo.fr\/epinalinfo\/#organization"},"image":{"@id":"https:\/\/vosgesinfo.fr\/epinalinfo\/2016\/02\/thaon-vosges-residence-chanson-autour-dalexis-hk\/#primaryimage"},"thumbnailUrl":"https:\/\/vosgesinfo.fr\/app\/uploads\/sites\/3\/2023\/08\/sans-titre1.jpg","articleSection":["Culture","Musique","Thaon-les-Vosges"],"inLanguage":"fr-FR","potentialAction":[{"@type":"CommentAction","name":"Comment","target":["https:\/\/vosgesinfo.fr\/epinalinfo\/2016\/02\/thaon-vosges-residence-chanson-autour-dalexis-hk\/#respond"]}]},{"@type":"WebPage","@id":"https:\/\/vosgesinfo.fr\/epinalinfo\/2016\/02\/thaon-vosges-residence-chanson-autour-dalexis-hk\/","url":"https:\/\/vosgesinfo.fr\/epinalinfo\/2016\/02\/thaon-vosges-residence-chanson-autour-dalexis-hk\/","name":"Thaon-l\u00e8s-Vosges - Une r\u00e9sidence chanson autour d\u2019Alexis HK - Epinal Info","isPartOf":{"@id":"https:\/\/vosgesinfo.fr\/epinalinfo\/#website"},"primaryImageOfPage":{"@id":"https:\/\/vosgesinfo.fr\/epinalinfo\/2016\/02\/thaon-vosges-residence-chanson-autour-dalexis-hk\/#primaryimage"},"image":{"@id":"https:\/\/vosgesinfo.fr\/epinalinfo\/2016\/02\/thaon-vosges-residence-chanson-autour-dalexis-hk\/#primaryimage"},"thumbnailUrl":"https:\/\/vosgesinfo.fr\/app\/uploads\/sites\/3\/2023\/08\/sans-titre1.jpg","datePublished":"2016-02-02T14:49:23+00:00","dateModified":"2016-02-02T14:49:23+00:00","breadcrumb":{"@id":"https:\/\/vosgesinfo.fr\/epinalinfo\/2016\/02\/thaon-vosges-residence-chanson-autour-dalexis-hk\/#breadcrumb"},"inLanguage":"fr-FR","potentialAction":[{"@type":"ReadAction","target":["https:\/\/vosgesinfo.fr\/epinalinfo\/2016\/02\/thaon-vosges-residence-chanson-autour-dalexis-hk\/"]}]},{"@type":"ImageObject","inLanguage":"fr-FR","@id":"https:\/\/vosgesinfo.fr\/epinalinfo\/2016\/02\/thaon-vosges-residence-chanson-autour-dalexis-hk\/#primaryimage","url":"https:\/\/vosgesinfo.fr\/app\/uploads\/sites\/3\/2023\/08\/sans-titre1.jpg","contentUrl":"https:\/\/vosgesinfo.fr\/app\/uploads\/sites\/3\/2023\/08\/sans-titre1.jpg","width":383,"height":377},{"@type":"BreadcrumbList","@id":"https:\/\/vosgesinfo.fr\/epinalinfo\/2016\/02\/thaon-vosges-residence-chanson-autour-dalexis-hk\/#breadcrumb","itemListElement":[{"@type":"ListItem","position":1,"name":"Home","item":"https:\/\/vosgesinfo.fr\/epinalinfo\/"},{"@type":"ListItem","position":2,"name":"Thaon-l\u00e8s-Vosges &#8211; Une r\u00e9sidence chanson autour d\u2019Alexis HK"}]},{"@type":"WebSite","@id":"https:\/\/vosgesinfo.fr\/epinalinfo\/#website","url":"https:\/\/vosgesinfo.fr\/epinalinfo\/","name":"Epinal Info","description":"Toute l&#039;actualit\u00e9 d&#039;\u00c9pinal","publisher":{"@id":"https:\/\/vosgesinfo.fr\/epinalinfo\/#organization"},"alternateName":"Toute l'actualit\u00e9 d'\u00c9pinal","potentialAction":[{"@type":"SearchAction","target":{"@type":"EntryPoint","urlTemplate":"https:\/\/vosgesinfo.fr\/epinalinfo\/?s={search_term_string}"},"query-input":"required name=search_term_string"}],"inLanguage":"fr-FR"},{"@type":"Organization","@id":"https:\/\/vosgesinfo.fr\/epinalinfo\/#organization","name":"Epinal Info","url":"https:\/\/vosgesinfo.fr\/epinalinfo\/","logo":{"@type":"ImageObject","inLanguage":"fr-FR","@id":"https:\/\/vosgesinfo.fr\/epinalinfo\/#\/schema\/logo\/image\/","url":"https:\/\/vosgesinfo.fr\/app\/uploads\/sites\/3\/2023\/08\/logo-epinalinfos.svg","contentUrl":"https:\/\/vosgesinfo.fr\/app\/uploads\/sites\/3\/2023\/08\/logo-epinalinfos.svg","width":1,"height":1,"caption":"Epinal Info"},"image":{"@id":"https:\/\/vosgesinfo.fr\/epinalinfo\/#\/schema\/logo\/image\/"},"sameAs":["https:\/\/www.facebook.com\/Epinalinfos","https:\/\/x.com\/VosgesInfo88","https:\/\/www.youtube.com\/@vosgesinfo"]},{"@type":"Person","@id":"https:\/\/vosgesinfo.fr\/epinalinfo\/#\/schema\/person\/6f9a650eeea99d969b6c4ab78fccbe81","name":"C.K.","image":{"@type":"ImageObject","inLanguage":"fr-FR","@id":"https:\/\/vosgesinfo.fr\/epinalinfo\/#\/schema\/person\/image\/","url":"https:\/\/secure.gravatar.com\/avatar\/48e3fc7f8421ba8942be6b74a2b7f014ca39bc00dece156b7a8e098ae7dc87bf?s=96&d=mm&r=g","contentUrl":"https:\/\/secure.gravatar.com\/avatar\/48e3fc7f8421ba8942be6b74a2b7f014ca39bc00dece156b7a8e098ae7dc87bf?s=96&d=mm&r=g","caption":"C.K."},"url":"https:\/\/vosgesinfo.fr\/epinalinfo\/author\/celia-k-n\/"}]}},"_links":{"self":[{"href":"https:\/\/vosgesinfo.fr\/epinalinfo\/wp-json\/wp\/v2\/posts\/57752","targetHints":{"allow":["GET"]}}],"collection":[{"href":"https:\/\/vosgesinfo.fr\/epinalinfo\/wp-json\/wp\/v2\/posts"}],"about":[{"href":"https:\/\/vosgesinfo.fr\/epinalinfo\/wp-json\/wp\/v2\/types\/post"}],"author":[{"embeddable":true,"href":"https:\/\/vosgesinfo.fr\/epinalinfo\/wp-json\/wp\/v2\/users\/52"}],"replies":[{"embeddable":true,"href":"https:\/\/vosgesinfo.fr\/epinalinfo\/wp-json\/wp\/v2\/comments?post=57752"}],"version-history":[{"count":0,"href":"https:\/\/vosgesinfo.fr\/epinalinfo\/wp-json\/wp\/v2\/posts\/57752\/revisions"}],"wp:featuredmedia":[{"embeddable":true,"href":"https:\/\/vosgesinfo.fr\/epinalinfo\/wp-json\/wp\/v2\/media\/587"}],"wp:attachment":[{"href":"https:\/\/vosgesinfo.fr\/epinalinfo\/wp-json\/wp\/v2\/media?parent=57752"}],"wp:term":[{"taxonomy":"category","embeddable":true,"href":"https:\/\/vosgesinfo.fr\/epinalinfo\/wp-json\/wp\/v2\/categories?post=57752"},{"taxonomy":"post_tag","embeddable":true,"href":"https:\/\/vosgesinfo.fr\/epinalinfo\/wp-json\/wp\/v2\/tags?post=57752"}],"curies":[{"name":"wp","href":"https:\/\/api.w.org\/{rel}","templated":true}]}}