{"id":57770,"date":"2016-02-03T08:21:18","date_gmt":"2016-02-03T07:21:18","guid":{"rendered":"https:\/\/vosgesinfo.fr\/epinalinfo\/2016\/02\/nouvelle-region-cetait-choisissiez-nom\/"},"modified":"2016-02-03T08:21:18","modified_gmt":"2016-02-03T07:21:18","slug":"nouvelle-region-cetait-choisissiez-nom","status":"publish","type":"post","link":"https:\/\/vosgesinfo.fr\/epinalinfo\/2016\/02\/nouvelle-region-cetait-choisissiez-nom\/","title":{"rendered":"Nouvelle R\u00e9gion : et si c\u2019\u00e9tait vous qui choisissiez son nom ?"},"content":{"rendered":"<p><a href=\"\/2016\/01\/2411region.jpg\"><img decoding=\"async\" class=\"aligncenter size-full wp-image-75369\" src=\"\/2016\/01\/2411region.jpg\" alt=\"2411region\" width=\"1024\" height=\"682\" \/><\/a><\/p>\n<p><strong>Le Conseil R\u00e9gional d\u2019Alsace Champagne-Ardenne Lorraine lance un appel \u00e0 candidatures citoyennes pour participer \u00e0 la r\u00e9flexion sur le nom de notre nouvelle r\u00e9gion.<\/strong><\/p>\n<p>Vous avez <strong>jusqu\u2019au 9 f\u00e9vrier<\/strong> 2016 pour candidater et participer ! Un tirage au sort d\u00e9signera les 15 citoyens r\u00e9partis entre les 10 d\u00e9partements de la grande r\u00e9gion. Le principe de parit\u00e9 sera appliqu\u00e9.<\/p>\n<p>Les citoyens s\u00e9lectionn\u00e9s auront l\u2019opportunit\u00e9 de faire partie de l\u2019un des 4 coll\u00e8ges participants au comit\u00e9 de r\u00e9flexion et d\u2019accompagnement.<\/p>\n<p>Ce comit\u00e9 a pour mission de proposer 3 d\u00e9nominations qui seront soumises \u00e0 la consultation citoyenne.<\/p>\n<p><span style=\"font-size: 14pt;\"><strong>Qui peut participer\u00a0?<\/strong><\/span><\/p>\n<p>Tous les citoyens de plus de 15 ans\u00a0r\u00e9sidant dans la r\u00e9gion Alsace Champagne-Ardenne Lorraine.<\/p>\n<p><strong>3 s\u00e9ances de travail se d\u00e9rouleront :<\/strong><\/p>\n<ul>\n<li>Samedi 27 f\u00e9vrier 2016 \u00e0 Ch\u00e2lons en Champagne<\/li>\n<li>Samedi 05 mars 2016 \u00e0 Strasbourg<\/li>\n<li>Samedi 12 mars 2016 \u00e0 Metz<\/li>\n<\/ul>\n<p><strong>Renseignements\u00a0:<\/strong><a href=\"http:\/\/www.alsacechampagneardennelorraine.eu\/notrenouvelleregion\/\" target=\"_blank\" rel=\"noopener\"> http:\/\/www.alsacechampagneardennelorraine.eu\/notrenouvelleregion\/<\/a><\/p>\n","protected":false},"excerpt":{"rendered":"<p>Le Conseil R\u00e9gional d\u2019Alsace Champagne-Ardenne Lorraine lance un appel \u00e0 candidatures citoyennes pour participer \u00e0 la r\u00e9flexion sur le nom [&hellip;]<\/p>\n","protected":false},"author":52,"featured_media":57771,"comment_status":"open","ping_status":"open","sticky":false,"template":"","format":"standard","meta":{"footnotes":""},"categories":[144,10],"tags":[],"class_list":["post-57770","post","type-post","status-publish","format-standard","has-post-thumbnail","hentry","category-region","category-societe"],"acf":[],"yoast_head":"<!-- This site is optimized with the Yoast SEO plugin v22.5 - https:\/\/yoast.com\/wordpress\/plugins\/seo\/ -->\n<title>Nouvelle R\u00e9gion : et si c\u2019\u00e9tait vous qui choisissiez son nom ? - Epinal Info<\/title>\n<meta name=\"robots\" content=\"index, follow, max-snippet:-1, max-image-preview:large, max-video-preview:-1\" \/>\n<link rel=\"canonical\" href=\"https:\/\/vosgesinfo.fr\/epinalinfo\/2016\/02\/nouvelle-region-cetait-choisissiez-nom\/\" \/>\n<meta name=\"twitter:card\" content=\"summary_large_image\" \/>\n<meta name=\"twitter:title\" content=\"Nouvelle R\u00e9gion : et si c\u2019\u00e9tait vous qui choisissiez son nom ? - Epinal Info\" \/>\n<meta name=\"twitter:description\" content=\"Le Conseil R\u00e9gional d\u2019Alsace Champagne-Ardenne Lorraine lance un appel \u00e0 candidatures citoyennes pour participer \u00e0 la r\u00e9flexion sur le nom [&hellip;]\" \/>\n<meta name=\"twitter:image\" content=\"https:\/\/vosgesinfo.fr\/app\/uploads\/sites\/3\/2024\/08\/2016012411region-1.jpg\" \/>\n<meta name=\"twitter:creator\" content=\"@VosgesInfo88\" \/>\n<meta name=\"twitter:site\" content=\"@VosgesInfo88\" \/>\n<meta name=\"twitter:label1\" content=\"\u00c9crit par\" \/>\n\t<meta name=\"twitter:data1\" content=\"C.K.\" \/>\n\t<meta name=\"twitter:label2\" content=\"Dur\u00e9e de lecture estim\u00e9e\" \/>\n\t<meta name=\"twitter:data2\" content=\"1 minute\" \/>\n<script type=\"application\/ld+json\" class=\"yoast-schema-graph\">{\"@context\":\"https:\/\/schema.org\",\"@graph\":[{\"@type\":\"Article\",\"@id\":\"https:\/\/vosgesinfo.fr\/epinalinfo\/2016\/02\/nouvelle-region-cetait-choisissiez-nom\/#article\",\"isPartOf\":{\"@id\":\"https:\/\/vosgesinfo.fr\/epinalinfo\/2016\/02\/nouvelle-region-cetait-choisissiez-nom\/\"},\"author\":{\"name\":\"C.K.\",\"@id\":\"https:\/\/vosgesinfo.fr\/epinalinfo\/#\/schema\/person\/6f9a650eeea99d969b6c4ab78fccbe81\"},\"headline\":\"Nouvelle R\u00e9gion : et si c\u2019\u00e9tait vous qui choisissiez son nom ?\",\"datePublished\":\"2016-02-03T07:21:18+00:00\",\"dateModified\":\"2016-02-03T07:21:18+00:00\",\"mainEntityOfPage\":{\"@id\":\"https:\/\/vosgesinfo.fr\/epinalinfo\/2016\/02\/nouvelle-region-cetait-choisissiez-nom\/\"},\"wordCount\":159,\"commentCount\":0,\"publisher\":{\"@id\":\"https:\/\/vosgesinfo.fr\/epinalinfo\/#organization\"},\"image\":{\"@id\":\"https:\/\/vosgesinfo.fr\/epinalinfo\/2016\/02\/nouvelle-region-cetait-choisissiez-nom\/#primaryimage\"},\"thumbnailUrl\":\"https:\/\/vosgesinfo.fr\/app\/uploads\/sites\/3\/2024\/08\/2016012411region-1.jpg\",\"articleSection\":[\"R\u00e9gion\",\"Soci\u00e9t\u00e9\"],\"inLanguage\":\"fr-FR\",\"potentialAction\":[{\"@type\":\"CommentAction\",\"name\":\"Comment\",\"target\":[\"https:\/\/vosgesinfo.fr\/epinalinfo\/2016\/02\/nouvelle-region-cetait-choisissiez-nom\/#respond\"]}]},{\"@type\":\"WebPage\",\"@id\":\"https:\/\/vosgesinfo.fr\/epinalinfo\/2016\/02\/nouvelle-region-cetait-choisissiez-nom\/\",\"url\":\"https:\/\/vosgesinfo.fr\/epinalinfo\/2016\/02\/nouvelle-region-cetait-choisissiez-nom\/\",\"name\":\"Nouvelle R\u00e9gion : et si c\u2019\u00e9tait vous qui choisissiez son nom ? - Epinal Info\",\"isPartOf\":{\"@id\":\"https:\/\/vosgesinfo.fr\/epinalinfo\/#website\"},\"primaryImageOfPage\":{\"@id\":\"https:\/\/vosgesinfo.fr\/epinalinfo\/2016\/02\/nouvelle-region-cetait-choisissiez-nom\/#primaryimage\"},\"image\":{\"@id\":\"https:\/\/vosgesinfo.fr\/epinalinfo\/2016\/02\/nouvelle-region-cetait-choisissiez-nom\/#primaryimage\"},\"thumbnailUrl\":\"https:\/\/vosgesinfo.fr\/app\/uploads\/sites\/3\/2024\/08\/2016012411region-1.jpg\",\"datePublished\":\"2016-02-03T07:21:18+00:00\",\"dateModified\":\"2016-02-03T07:21:18+00:00\",\"breadcrumb\":{\"@id\":\"https:\/\/vosgesinfo.fr\/epinalinfo\/2016\/02\/nouvelle-region-cetait-choisissiez-nom\/#breadcrumb\"},\"inLanguage\":\"fr-FR\",\"potentialAction\":[{\"@type\":\"ReadAction\",\"target\":[\"https:\/\/vosgesinfo.fr\/epinalinfo\/2016\/02\/nouvelle-region-cetait-choisissiez-nom\/\"]}]},{\"@type\":\"ImageObject\",\"inLanguage\":\"fr-FR\",\"@id\":\"https:\/\/vosgesinfo.fr\/epinalinfo\/2016\/02\/nouvelle-region-cetait-choisissiez-nom\/#primaryimage\",\"url\":\"https:\/\/vosgesinfo.fr\/app\/uploads\/sites\/3\/2024\/08\/2016012411region-1.jpg\",\"contentUrl\":\"https:\/\/vosgesinfo.fr\/app\/uploads\/sites\/3\/2024\/08\/2016012411region-1.jpg\",\"width\":1024,\"height\":682},{\"@type\":\"BreadcrumbList\",\"@id\":\"https:\/\/vosgesinfo.fr\/epinalinfo\/2016\/02\/nouvelle-region-cetait-choisissiez-nom\/#breadcrumb\",\"itemListElement\":[{\"@type\":\"ListItem\",\"position\":1,\"name\":\"Home\",\"item\":\"https:\/\/vosgesinfo.fr\/epinalinfo\/\"},{\"@type\":\"ListItem\",\"position\":2,\"name\":\"Nouvelle R\u00e9gion : et si c\u2019\u00e9tait vous qui choisissiez son nom ?\"}]},{\"@type\":\"WebSite\",\"@id\":\"https:\/\/vosgesinfo.fr\/epinalinfo\/#website\",\"url\":\"https:\/\/vosgesinfo.fr\/epinalinfo\/\",\"name\":\"Epinal Info\",\"description\":\"Toute l&#039;actualit\u00e9 d&#039;\u00c9pinal\",\"publisher\":{\"@id\":\"https:\/\/vosgesinfo.fr\/epinalinfo\/#organization\"},\"alternateName\":\"Toute l'actualit\u00e9 d'\u00c9pinal\",\"potentialAction\":[{\"@type\":\"SearchAction\",\"target\":{\"@type\":\"EntryPoint\",\"urlTemplate\":\"https:\/\/vosgesinfo.fr\/epinalinfo\/?s={search_term_string}\"},\"query-input\":\"required name=search_term_string\"}],\"inLanguage\":\"fr-FR\"},{\"@type\":\"Organization\",\"@id\":\"https:\/\/vosgesinfo.fr\/epinalinfo\/#organization\",\"name\":\"Epinal Info\",\"url\":\"https:\/\/vosgesinfo.fr\/epinalinfo\/\",\"logo\":{\"@type\":\"ImageObject\",\"inLanguage\":\"fr-FR\",\"@id\":\"https:\/\/vosgesinfo.fr\/epinalinfo\/#\/schema\/logo\/image\/\",\"url\":\"https:\/\/vosgesinfo.fr\/app\/uploads\/sites\/3\/2023\/08\/logo-epinalinfos.svg\",\"contentUrl\":\"https:\/\/vosgesinfo.fr\/app\/uploads\/sites\/3\/2023\/08\/logo-epinalinfos.svg\",\"width\":1,\"height\":1,\"caption\":\"Epinal Info\"},\"image\":{\"@id\":\"https:\/\/vosgesinfo.fr\/epinalinfo\/#\/schema\/logo\/image\/\"},\"sameAs\":[\"https:\/\/www.facebook.com\/Epinalinfos\",\"https:\/\/x.com\/VosgesInfo88\",\"https:\/\/www.youtube.com\/@vosgesinfo\"]},{\"@type\":\"Person\",\"@id\":\"https:\/\/vosgesinfo.fr\/epinalinfo\/#\/schema\/person\/6f9a650eeea99d969b6c4ab78fccbe81\",\"name\":\"C.K.\",\"image\":{\"@type\":\"ImageObject\",\"inLanguage\":\"fr-FR\",\"@id\":\"https:\/\/vosgesinfo.fr\/epinalinfo\/#\/schema\/person\/image\/\",\"url\":\"https:\/\/secure.gravatar.com\/avatar\/48e3fc7f8421ba8942be6b74a2b7f014ca39bc00dece156b7a8e098ae7dc87bf?s=96&d=mm&r=g\",\"contentUrl\":\"https:\/\/secure.gravatar.com\/avatar\/48e3fc7f8421ba8942be6b74a2b7f014ca39bc00dece156b7a8e098ae7dc87bf?s=96&d=mm&r=g\",\"caption\":\"C.K.\"},\"url\":\"https:\/\/vosgesinfo.fr\/epinalinfo\/author\/celia-k-n\/\"}]}<\/script>\n<!-- \/ Yoast SEO plugin. -->","yoast_head_json":{"title":"Nouvelle R\u00e9gion : et si c\u2019\u00e9tait vous qui choisissiez son nom ? - Epinal Info","robots":{"index":"index","follow":"follow","max-snippet":"max-snippet:-1","max-image-preview":"max-image-preview:large","max-video-preview":"max-video-preview:-1"},"canonical":"https:\/\/vosgesinfo.fr\/epinalinfo\/2016\/02\/nouvelle-region-cetait-choisissiez-nom\/","twitter_card":"summary_large_image","twitter_title":"Nouvelle R\u00e9gion : et si c\u2019\u00e9tait vous qui choisissiez son nom ? - Epinal Info","twitter_description":"Le Conseil R\u00e9gional d\u2019Alsace Champagne-Ardenne Lorraine lance un appel \u00e0 candidatures citoyennes pour participer \u00e0 la r\u00e9flexion sur le nom [&hellip;]","twitter_image":"https:\/\/vosgesinfo.fr\/app\/uploads\/sites\/3\/2024\/08\/2016012411region-1.jpg","twitter_creator":"@VosgesInfo88","twitter_site":"@VosgesInfo88","twitter_misc":{"\u00c9crit par":"C.K.","Dur\u00e9e de lecture estim\u00e9e":"1 minute"},"schema":{"@context":"https:\/\/schema.org","@graph":[{"@type":"Article","@id":"https:\/\/vosgesinfo.fr\/epinalinfo\/2016\/02\/nouvelle-region-cetait-choisissiez-nom\/#article","isPartOf":{"@id":"https:\/\/vosgesinfo.fr\/epinalinfo\/2016\/02\/nouvelle-region-cetait-choisissiez-nom\/"},"author":{"name":"C.K.","@id":"https:\/\/vosgesinfo.fr\/epinalinfo\/#\/schema\/person\/6f9a650eeea99d969b6c4ab78fccbe81"},"headline":"Nouvelle R\u00e9gion : et si c\u2019\u00e9tait vous qui choisissiez son nom ?","datePublished":"2016-02-03T07:21:18+00:00","dateModified":"2016-02-03T07:21:18+00:00","mainEntityOfPage":{"@id":"https:\/\/vosgesinfo.fr\/epinalinfo\/2016\/02\/nouvelle-region-cetait-choisissiez-nom\/"},"wordCount":159,"commentCount":0,"publisher":{"@id":"https:\/\/vosgesinfo.fr\/epinalinfo\/#organization"},"image":{"@id":"https:\/\/vosgesinfo.fr\/epinalinfo\/2016\/02\/nouvelle-region-cetait-choisissiez-nom\/#primaryimage"},"thumbnailUrl":"https:\/\/vosgesinfo.fr\/app\/uploads\/sites\/3\/2024\/08\/2016012411region-1.jpg","articleSection":["R\u00e9gion","Soci\u00e9t\u00e9"],"inLanguage":"fr-FR","potentialAction":[{"@type":"CommentAction","name":"Comment","target":["https:\/\/vosgesinfo.fr\/epinalinfo\/2016\/02\/nouvelle-region-cetait-choisissiez-nom\/#respond"]}]},{"@type":"WebPage","@id":"https:\/\/vosgesinfo.fr\/epinalinfo\/2016\/02\/nouvelle-region-cetait-choisissiez-nom\/","url":"https:\/\/vosgesinfo.fr\/epinalinfo\/2016\/02\/nouvelle-region-cetait-choisissiez-nom\/","name":"Nouvelle R\u00e9gion : et si c\u2019\u00e9tait vous qui choisissiez son nom ? - Epinal Info","isPartOf":{"@id":"https:\/\/vosgesinfo.fr\/epinalinfo\/#website"},"primaryImageOfPage":{"@id":"https:\/\/vosgesinfo.fr\/epinalinfo\/2016\/02\/nouvelle-region-cetait-choisissiez-nom\/#primaryimage"},"image":{"@id":"https:\/\/vosgesinfo.fr\/epinalinfo\/2016\/02\/nouvelle-region-cetait-choisissiez-nom\/#primaryimage"},"thumbnailUrl":"https:\/\/vosgesinfo.fr\/app\/uploads\/sites\/3\/2024\/08\/2016012411region-1.jpg","datePublished":"2016-02-03T07:21:18+00:00","dateModified":"2016-02-03T07:21:18+00:00","breadcrumb":{"@id":"https:\/\/vosgesinfo.fr\/epinalinfo\/2016\/02\/nouvelle-region-cetait-choisissiez-nom\/#breadcrumb"},"inLanguage":"fr-FR","potentialAction":[{"@type":"ReadAction","target":["https:\/\/vosgesinfo.fr\/epinalinfo\/2016\/02\/nouvelle-region-cetait-choisissiez-nom\/"]}]},{"@type":"ImageObject","inLanguage":"fr-FR","@id":"https:\/\/vosgesinfo.fr\/epinalinfo\/2016\/02\/nouvelle-region-cetait-choisissiez-nom\/#primaryimage","url":"https:\/\/vosgesinfo.fr\/app\/uploads\/sites\/3\/2024\/08\/2016012411region-1.jpg","contentUrl":"https:\/\/vosgesinfo.fr\/app\/uploads\/sites\/3\/2024\/08\/2016012411region-1.jpg","width":1024,"height":682},{"@type":"BreadcrumbList","@id":"https:\/\/vosgesinfo.fr\/epinalinfo\/2016\/02\/nouvelle-region-cetait-choisissiez-nom\/#breadcrumb","itemListElement":[{"@type":"ListItem","position":1,"name":"Home","item":"https:\/\/vosgesinfo.fr\/epinalinfo\/"},{"@type":"ListItem","position":2,"name":"Nouvelle R\u00e9gion : et si c\u2019\u00e9tait vous qui choisissiez son nom ?"}]},{"@type":"WebSite","@id":"https:\/\/vosgesinfo.fr\/epinalinfo\/#website","url":"https:\/\/vosgesinfo.fr\/epinalinfo\/","name":"Epinal Info","description":"Toute l&#039;actualit\u00e9 d&#039;\u00c9pinal","publisher":{"@id":"https:\/\/vosgesinfo.fr\/epinalinfo\/#organization"},"alternateName":"Toute l'actualit\u00e9 d'\u00c9pinal","potentialAction":[{"@type":"SearchAction","target":{"@type":"EntryPoint","urlTemplate":"https:\/\/vosgesinfo.fr\/epinalinfo\/?s={search_term_string}"},"query-input":"required name=search_term_string"}],"inLanguage":"fr-FR"},{"@type":"Organization","@id":"https:\/\/vosgesinfo.fr\/epinalinfo\/#organization","name":"Epinal Info","url":"https:\/\/vosgesinfo.fr\/epinalinfo\/","logo":{"@type":"ImageObject","inLanguage":"fr-FR","@id":"https:\/\/vosgesinfo.fr\/epinalinfo\/#\/schema\/logo\/image\/","url":"https:\/\/vosgesinfo.fr\/app\/uploads\/sites\/3\/2023\/08\/logo-epinalinfos.svg","contentUrl":"https:\/\/vosgesinfo.fr\/app\/uploads\/sites\/3\/2023\/08\/logo-epinalinfos.svg","width":1,"height":1,"caption":"Epinal Info"},"image":{"@id":"https:\/\/vosgesinfo.fr\/epinalinfo\/#\/schema\/logo\/image\/"},"sameAs":["https:\/\/www.facebook.com\/Epinalinfos","https:\/\/x.com\/VosgesInfo88","https:\/\/www.youtube.com\/@vosgesinfo"]},{"@type":"Person","@id":"https:\/\/vosgesinfo.fr\/epinalinfo\/#\/schema\/person\/6f9a650eeea99d969b6c4ab78fccbe81","name":"C.K.","image":{"@type":"ImageObject","inLanguage":"fr-FR","@id":"https:\/\/vosgesinfo.fr\/epinalinfo\/#\/schema\/person\/image\/","url":"https:\/\/secure.gravatar.com\/avatar\/48e3fc7f8421ba8942be6b74a2b7f014ca39bc00dece156b7a8e098ae7dc87bf?s=96&d=mm&r=g","contentUrl":"https:\/\/secure.gravatar.com\/avatar\/48e3fc7f8421ba8942be6b74a2b7f014ca39bc00dece156b7a8e098ae7dc87bf?s=96&d=mm&r=g","caption":"C.K."},"url":"https:\/\/vosgesinfo.fr\/epinalinfo\/author\/celia-k-n\/"}]}},"_links":{"self":[{"href":"https:\/\/vosgesinfo.fr\/epinalinfo\/wp-json\/wp\/v2\/posts\/57770","targetHints":{"allow":["GET"]}}],"collection":[{"href":"https:\/\/vosgesinfo.fr\/epinalinfo\/wp-json\/wp\/v2\/posts"}],"about":[{"href":"https:\/\/vosgesinfo.fr\/epinalinfo\/wp-json\/wp\/v2\/types\/post"}],"author":[{"embeddable":true,"href":"https:\/\/vosgesinfo.fr\/epinalinfo\/wp-json\/wp\/v2\/users\/52"}],"replies":[{"embeddable":true,"href":"https:\/\/vosgesinfo.fr\/epinalinfo\/wp-json\/wp\/v2\/comments?post=57770"}],"version-history":[{"count":0,"href":"https:\/\/vosgesinfo.fr\/epinalinfo\/wp-json\/wp\/v2\/posts\/57770\/revisions"}],"wp:featuredmedia":[{"embeddable":true,"href":"https:\/\/vosgesinfo.fr\/epinalinfo\/wp-json\/wp\/v2\/media\/57771"}],"wp:attachment":[{"href":"https:\/\/vosgesinfo.fr\/epinalinfo\/wp-json\/wp\/v2\/media?parent=57770"}],"wp:term":[{"taxonomy":"category","embeddable":true,"href":"https:\/\/vosgesinfo.fr\/epinalinfo\/wp-json\/wp\/v2\/categories?post=57770"},{"taxonomy":"post_tag","embeddable":true,"href":"https:\/\/vosgesinfo.fr\/epinalinfo\/wp-json\/wp\/v2\/tags?post=57770"}],"curies":[{"name":"wp","href":"https:\/\/api.w.org\/{rel}","templated":true}]}}