{"id":58073,"date":"2016-02-10T08:00:36","date_gmt":"2016-02-10T07:00:36","guid":{"rendered":"https:\/\/vosgesinfo.fr\/epinalinfo\/2016\/02\/nuit-dete-theatre-municipal\/"},"modified":"2016-02-10T08:00:36","modified_gmt":"2016-02-10T07:00:36","slug":"nuit-dete-theatre-municipal","status":"publish","type":"post","link":"https:\/\/vosgesinfo.fr\/epinalinfo\/2016\/02\/nuit-dete-theatre-municipal\/","title":{"rendered":"\u00ab\u00a0Une Nuit d\u2019\u00e9t\u00e9\u00a0\u00bb au th\u00e9\u00e2tre municipal"},"content":{"rendered":"<p><a href=\"\/2016\/02\/Une-Nuit-d\u00e9t\u00e9-photo-1.jpg\"><img decoding=\"async\" class=\"aligncenter size-full wp-image-83194\" src=\"\/2016\/02\/Une-Nuit-d\u00e9t\u00e9-photo-1.jpg\" alt=\"Une Nuit d'\u00e9t\u00e9 - photo 1\" width=\"1024\" height=\"682\" \/><\/a><\/p>\n<p><strong>Apr\u00e8s 12 ans de route et de poussi\u00e8re, de th\u00e9\u00e2tre de rue et de repr\u00e9sentations dans des salles polyvalentes, gymnases, \u00e9coles ou autre, les Joli(e)s M\u00f4mes mettent les pieds dans un th\u00e9\u00e2tre, un vrai ! Le spectacle \u00ab\u00a0Une Nuit d\u2019\u00e9t\u00e9\u00a0\u00bb \u00a0aura lieu au Th\u00e9\u00e2tre Municipal d\u2019\u00c9pinal les 20 et 21 f\u00e9vrier. Il s\u2019agit d\u2019une adaptation libre du Songe d\u2019une nuit d\u2019\u00e9t\u00e9 de Shakespeare.<\/strong><\/p>\n<p>L&rsquo;une fuit dans la for\u00eat, son amoureux au bras. L&rsquo;autre les suit pour les d\u00e9masquer. L&rsquo;une est belle, jeune et folle d&rsquo;amour. L&rsquo;autre belle, jeune et folle de jalousie.<\/p>\n<p>De quoi faire une pi\u00e8ce de th\u00e9\u00e2tre comme on aime. \u00a0Dr\u00f4le, tendre et un peu dingue\u00a0!<\/p>\n<p><u>Dur\u00e9e<\/u>\u00a0: 1 heure 10.<\/p>\n<p><u>Mise en sc\u00e8ne<\/u>\u00a0: Marc Allieri<\/p>\n<p><u>\u00c9criture<\/u>\u00a0: Louise et Sylvain Fetet<\/p>\n<p><u>Costumes<\/u>\u00a0: Martine Bihr<\/p>\n<p><u>Musiques<\/u>\u00a0: Gu\u00e9rin Philippe<\/p>\n<p><u>Avec<\/u>\u00a0: Axel Goepfer et Louise Fetet, com\u00e9diens<\/p>\n<p>Juliette Claudel, Allan Claudez, S\u00e9bastien Del Rio, Maxime Do Carmo, Thomas Gorrieri, Jules Merklen, Perseline Perriaux, Morgane Peutat et Nathan Thiriat, jeunes com\u00e9diens<\/p>\n<p><strong><u>La tourn\u00e9e<\/u><\/strong><\/p>\n<p><strong>Samedi 20 f\u00e9vrier, 20h30 : Epinal, Th\u00e9\u00e2tre municipal<br \/>\nDimanche 21 f\u00e9vrier, 15h : Epinal, Th\u00e9\u00e2tre municipal <\/strong><\/p>\n<p>Tarifs\u00a0: 5\u20ac\/3\u20ac &#8211; R\u00e9servation conseill\u00e9e\u00a0: 06 88 47 89 29 \u2013 jolies.momes@yahoo.fr<\/p>\n<p><strong><u>La tourn\u00e9e se poursuivra\u00a0:<\/u><\/strong><strong><br \/>\nDimanche 3 avril, 15h : Chenim\u00e9nil, maison des associations<br \/>\nDimanche 10 avril, 20h30 : Granges-sur-Vologne, salle des f\u00eates<br \/>\n<\/strong>ENTREE LIBRE<\/p>\n","protected":false},"excerpt":{"rendered":"<p>Apr\u00e8s 12 ans de route et de poussi\u00e8re, de th\u00e9\u00e2tre de rue et de repr\u00e9sentations dans des salles polyvalentes, gymnases, [&hellip;]<\/p>\n","protected":false},"author":52,"featured_media":58074,"comment_status":"open","ping_status":"open","sticky":false,"template":"","format":"standard","meta":{"footnotes":""},"categories":[20,24],"tags":[6854,875],"class_list":["post-58073","post","type-post","status-publish","format-standard","has-post-thumbnail","hentry","category-divertissement","category-epinal","tag-shakespeare","tag-theatre"],"acf":[],"yoast_head":"<!-- This site is optimized with the Yoast SEO plugin v22.5 - https:\/\/yoast.com\/wordpress\/plugins\/seo\/ -->\n<title>&quot;Une Nuit d\u2019\u00e9t\u00e9&quot; au th\u00e9\u00e2tre municipal - Epinal Info<\/title>\n<meta name=\"robots\" content=\"index, follow, max-snippet:-1, max-image-preview:large, max-video-preview:-1\" \/>\n<link rel=\"canonical\" href=\"https:\/\/vosgesinfo.fr\/epinalinfo\/2016\/02\/nuit-dete-theatre-municipal\/\" \/>\n<meta name=\"twitter:card\" content=\"summary_large_image\" \/>\n<meta name=\"twitter:title\" content=\"&quot;Une Nuit d\u2019\u00e9t\u00e9&quot; au th\u00e9\u00e2tre municipal - Epinal Info\" \/>\n<meta name=\"twitter:description\" content=\"Apr\u00e8s 12 ans de route et de poussi\u00e8re, de th\u00e9\u00e2tre de rue et de repr\u00e9sentations dans des salles polyvalentes, gymnases, [&hellip;]\" \/>\n<meta name=\"twitter:image\" content=\"https:\/\/vosgesinfo.fr\/app\/uploads\/sites\/3\/2024\/08\/201602une-nuit-dete-photo-1.jpg\" \/>\n<meta name=\"twitter:creator\" content=\"@VosgesInfo88\" \/>\n<meta name=\"twitter:site\" content=\"@VosgesInfo88\" \/>\n<meta name=\"twitter:label1\" content=\"\u00c9crit par\" \/>\n\t<meta name=\"twitter:data1\" content=\"C.K.\" \/>\n\t<meta name=\"twitter:label2\" content=\"Dur\u00e9e de lecture estim\u00e9e\" \/>\n\t<meta name=\"twitter:data2\" content=\"1 minute\" \/>\n<script type=\"application\/ld+json\" class=\"yoast-schema-graph\">{\"@context\":\"https:\/\/schema.org\",\"@graph\":[{\"@type\":\"Article\",\"@id\":\"https:\/\/vosgesinfo.fr\/epinalinfo\/2016\/02\/nuit-dete-theatre-municipal\/#article\",\"isPartOf\":{\"@id\":\"https:\/\/vosgesinfo.fr\/epinalinfo\/2016\/02\/nuit-dete-theatre-municipal\/\"},\"author\":{\"name\":\"C.K.\",\"@id\":\"https:\/\/vosgesinfo.fr\/epinalinfo\/#\/schema\/person\/6f9a650eeea99d969b6c4ab78fccbe81\"},\"headline\":\"\u00ab\u00a0Une Nuit d\u2019\u00e9t\u00e9\u00a0\u00bb au th\u00e9\u00e2tre municipal\",\"datePublished\":\"2016-02-10T07:00:36+00:00\",\"dateModified\":\"2016-02-10T07:00:36+00:00\",\"mainEntityOfPage\":{\"@id\":\"https:\/\/vosgesinfo.fr\/epinalinfo\/2016\/02\/nuit-dete-theatre-municipal\/\"},\"wordCount\":244,\"commentCount\":0,\"publisher\":{\"@id\":\"https:\/\/vosgesinfo.fr\/epinalinfo\/#organization\"},\"image\":{\"@id\":\"https:\/\/vosgesinfo.fr\/epinalinfo\/2016\/02\/nuit-dete-theatre-municipal\/#primaryimage\"},\"thumbnailUrl\":\"https:\/\/vosgesinfo.fr\/app\/uploads\/sites\/3\/2024\/08\/201602une-nuit-dete-photo-1.jpg\",\"keywords\":[\"shakespeare\",\"th\u00e9\u00e2tre\"],\"articleSection\":[\"Divertissement\",\"Epinal\"],\"inLanguage\":\"fr-FR\",\"potentialAction\":[{\"@type\":\"CommentAction\",\"name\":\"Comment\",\"target\":[\"https:\/\/vosgesinfo.fr\/epinalinfo\/2016\/02\/nuit-dete-theatre-municipal\/#respond\"]}]},{\"@type\":\"WebPage\",\"@id\":\"https:\/\/vosgesinfo.fr\/epinalinfo\/2016\/02\/nuit-dete-theatre-municipal\/\",\"url\":\"https:\/\/vosgesinfo.fr\/epinalinfo\/2016\/02\/nuit-dete-theatre-municipal\/\",\"name\":\"\\\"Une Nuit d\u2019\u00e9t\u00e9\\\" au th\u00e9\u00e2tre municipal - Epinal Info\",\"isPartOf\":{\"@id\":\"https:\/\/vosgesinfo.fr\/epinalinfo\/#website\"},\"primaryImageOfPage\":{\"@id\":\"https:\/\/vosgesinfo.fr\/epinalinfo\/2016\/02\/nuit-dete-theatre-municipal\/#primaryimage\"},\"image\":{\"@id\":\"https:\/\/vosgesinfo.fr\/epinalinfo\/2016\/02\/nuit-dete-theatre-municipal\/#primaryimage\"},\"thumbnailUrl\":\"https:\/\/vosgesinfo.fr\/app\/uploads\/sites\/3\/2024\/08\/201602une-nuit-dete-photo-1.jpg\",\"datePublished\":\"2016-02-10T07:00:36+00:00\",\"dateModified\":\"2016-02-10T07:00:36+00:00\",\"breadcrumb\":{\"@id\":\"https:\/\/vosgesinfo.fr\/epinalinfo\/2016\/02\/nuit-dete-theatre-municipal\/#breadcrumb\"},\"inLanguage\":\"fr-FR\",\"potentialAction\":[{\"@type\":\"ReadAction\",\"target\":[\"https:\/\/vosgesinfo.fr\/epinalinfo\/2016\/02\/nuit-dete-theatre-municipal\/\"]}]},{\"@type\":\"ImageObject\",\"inLanguage\":\"fr-FR\",\"@id\":\"https:\/\/vosgesinfo.fr\/epinalinfo\/2016\/02\/nuit-dete-theatre-municipal\/#primaryimage\",\"url\":\"https:\/\/vosgesinfo.fr\/app\/uploads\/sites\/3\/2024\/08\/201602une-nuit-dete-photo-1.jpg\",\"contentUrl\":\"https:\/\/vosgesinfo.fr\/app\/uploads\/sites\/3\/2024\/08\/201602une-nuit-dete-photo-1.jpg\",\"width\":800,\"height\":533},{\"@type\":\"BreadcrumbList\",\"@id\":\"https:\/\/vosgesinfo.fr\/epinalinfo\/2016\/02\/nuit-dete-theatre-municipal\/#breadcrumb\",\"itemListElement\":[{\"@type\":\"ListItem\",\"position\":1,\"name\":\"Home\",\"item\":\"https:\/\/vosgesinfo.fr\/epinalinfo\/\"},{\"@type\":\"ListItem\",\"position\":2,\"name\":\"\u00ab\u00a0Une Nuit d\u2019\u00e9t\u00e9\u00a0\u00bb au th\u00e9\u00e2tre municipal\"}]},{\"@type\":\"WebSite\",\"@id\":\"https:\/\/vosgesinfo.fr\/epinalinfo\/#website\",\"url\":\"https:\/\/vosgesinfo.fr\/epinalinfo\/\",\"name\":\"Epinal Info\",\"description\":\"Toute l&#039;actualit\u00e9 d&#039;\u00c9pinal\",\"publisher\":{\"@id\":\"https:\/\/vosgesinfo.fr\/epinalinfo\/#organization\"},\"alternateName\":\"Toute l'actualit\u00e9 d'\u00c9pinal\",\"potentialAction\":[{\"@type\":\"SearchAction\",\"target\":{\"@type\":\"EntryPoint\",\"urlTemplate\":\"https:\/\/vosgesinfo.fr\/epinalinfo\/?s={search_term_string}\"},\"query-input\":\"required name=search_term_string\"}],\"inLanguage\":\"fr-FR\"},{\"@type\":\"Organization\",\"@id\":\"https:\/\/vosgesinfo.fr\/epinalinfo\/#organization\",\"name\":\"Epinal Info\",\"url\":\"https:\/\/vosgesinfo.fr\/epinalinfo\/\",\"logo\":{\"@type\":\"ImageObject\",\"inLanguage\":\"fr-FR\",\"@id\":\"https:\/\/vosgesinfo.fr\/epinalinfo\/#\/schema\/logo\/image\/\",\"url\":\"https:\/\/vosgesinfo.fr\/app\/uploads\/sites\/3\/2023\/08\/logo-epinalinfos.svg\",\"contentUrl\":\"https:\/\/vosgesinfo.fr\/app\/uploads\/sites\/3\/2023\/08\/logo-epinalinfos.svg\",\"width\":1,\"height\":1,\"caption\":\"Epinal Info\"},\"image\":{\"@id\":\"https:\/\/vosgesinfo.fr\/epinalinfo\/#\/schema\/logo\/image\/\"},\"sameAs\":[\"https:\/\/www.facebook.com\/Epinalinfos\",\"https:\/\/x.com\/VosgesInfo88\",\"https:\/\/www.youtube.com\/@vosgesinfo\"]},{\"@type\":\"Person\",\"@id\":\"https:\/\/vosgesinfo.fr\/epinalinfo\/#\/schema\/person\/6f9a650eeea99d969b6c4ab78fccbe81\",\"name\":\"C.K.\",\"image\":{\"@type\":\"ImageObject\",\"inLanguage\":\"fr-FR\",\"@id\":\"https:\/\/vosgesinfo.fr\/epinalinfo\/#\/schema\/person\/image\/\",\"url\":\"https:\/\/secure.gravatar.com\/avatar\/48e3fc7f8421ba8942be6b74a2b7f014ca39bc00dece156b7a8e098ae7dc87bf?s=96&d=mm&r=g\",\"contentUrl\":\"https:\/\/secure.gravatar.com\/avatar\/48e3fc7f8421ba8942be6b74a2b7f014ca39bc00dece156b7a8e098ae7dc87bf?s=96&d=mm&r=g\",\"caption\":\"C.K.\"},\"url\":\"https:\/\/vosgesinfo.fr\/epinalinfo\/author\/celia-k-n\/\"}]}<\/script>\n<!-- \/ Yoast SEO plugin. -->","yoast_head_json":{"title":"\"Une Nuit d\u2019\u00e9t\u00e9\" au th\u00e9\u00e2tre municipal - Epinal Info","robots":{"index":"index","follow":"follow","max-snippet":"max-snippet:-1","max-image-preview":"max-image-preview:large","max-video-preview":"max-video-preview:-1"},"canonical":"https:\/\/vosgesinfo.fr\/epinalinfo\/2016\/02\/nuit-dete-theatre-municipal\/","twitter_card":"summary_large_image","twitter_title":"\"Une Nuit d\u2019\u00e9t\u00e9\" au th\u00e9\u00e2tre municipal - Epinal Info","twitter_description":"Apr\u00e8s 12 ans de route et de poussi\u00e8re, de th\u00e9\u00e2tre de rue et de repr\u00e9sentations dans des salles polyvalentes, gymnases, [&hellip;]","twitter_image":"https:\/\/vosgesinfo.fr\/app\/uploads\/sites\/3\/2024\/08\/201602une-nuit-dete-photo-1.jpg","twitter_creator":"@VosgesInfo88","twitter_site":"@VosgesInfo88","twitter_misc":{"\u00c9crit par":"C.K.","Dur\u00e9e de lecture estim\u00e9e":"1 minute"},"schema":{"@context":"https:\/\/schema.org","@graph":[{"@type":"Article","@id":"https:\/\/vosgesinfo.fr\/epinalinfo\/2016\/02\/nuit-dete-theatre-municipal\/#article","isPartOf":{"@id":"https:\/\/vosgesinfo.fr\/epinalinfo\/2016\/02\/nuit-dete-theatre-municipal\/"},"author":{"name":"C.K.","@id":"https:\/\/vosgesinfo.fr\/epinalinfo\/#\/schema\/person\/6f9a650eeea99d969b6c4ab78fccbe81"},"headline":"\u00ab\u00a0Une Nuit d\u2019\u00e9t\u00e9\u00a0\u00bb au th\u00e9\u00e2tre municipal","datePublished":"2016-02-10T07:00:36+00:00","dateModified":"2016-02-10T07:00:36+00:00","mainEntityOfPage":{"@id":"https:\/\/vosgesinfo.fr\/epinalinfo\/2016\/02\/nuit-dete-theatre-municipal\/"},"wordCount":244,"commentCount":0,"publisher":{"@id":"https:\/\/vosgesinfo.fr\/epinalinfo\/#organization"},"image":{"@id":"https:\/\/vosgesinfo.fr\/epinalinfo\/2016\/02\/nuit-dete-theatre-municipal\/#primaryimage"},"thumbnailUrl":"https:\/\/vosgesinfo.fr\/app\/uploads\/sites\/3\/2024\/08\/201602une-nuit-dete-photo-1.jpg","keywords":["shakespeare","th\u00e9\u00e2tre"],"articleSection":["Divertissement","Epinal"],"inLanguage":"fr-FR","potentialAction":[{"@type":"CommentAction","name":"Comment","target":["https:\/\/vosgesinfo.fr\/epinalinfo\/2016\/02\/nuit-dete-theatre-municipal\/#respond"]}]},{"@type":"WebPage","@id":"https:\/\/vosgesinfo.fr\/epinalinfo\/2016\/02\/nuit-dete-theatre-municipal\/","url":"https:\/\/vosgesinfo.fr\/epinalinfo\/2016\/02\/nuit-dete-theatre-municipal\/","name":"\"Une Nuit d\u2019\u00e9t\u00e9\" au th\u00e9\u00e2tre municipal - Epinal Info","isPartOf":{"@id":"https:\/\/vosgesinfo.fr\/epinalinfo\/#website"},"primaryImageOfPage":{"@id":"https:\/\/vosgesinfo.fr\/epinalinfo\/2016\/02\/nuit-dete-theatre-municipal\/#primaryimage"},"image":{"@id":"https:\/\/vosgesinfo.fr\/epinalinfo\/2016\/02\/nuit-dete-theatre-municipal\/#primaryimage"},"thumbnailUrl":"https:\/\/vosgesinfo.fr\/app\/uploads\/sites\/3\/2024\/08\/201602une-nuit-dete-photo-1.jpg","datePublished":"2016-02-10T07:00:36+00:00","dateModified":"2016-02-10T07:00:36+00:00","breadcrumb":{"@id":"https:\/\/vosgesinfo.fr\/epinalinfo\/2016\/02\/nuit-dete-theatre-municipal\/#breadcrumb"},"inLanguage":"fr-FR","potentialAction":[{"@type":"ReadAction","target":["https:\/\/vosgesinfo.fr\/epinalinfo\/2016\/02\/nuit-dete-theatre-municipal\/"]}]},{"@type":"ImageObject","inLanguage":"fr-FR","@id":"https:\/\/vosgesinfo.fr\/epinalinfo\/2016\/02\/nuit-dete-theatre-municipal\/#primaryimage","url":"https:\/\/vosgesinfo.fr\/app\/uploads\/sites\/3\/2024\/08\/201602une-nuit-dete-photo-1.jpg","contentUrl":"https:\/\/vosgesinfo.fr\/app\/uploads\/sites\/3\/2024\/08\/201602une-nuit-dete-photo-1.jpg","width":800,"height":533},{"@type":"BreadcrumbList","@id":"https:\/\/vosgesinfo.fr\/epinalinfo\/2016\/02\/nuit-dete-theatre-municipal\/#breadcrumb","itemListElement":[{"@type":"ListItem","position":1,"name":"Home","item":"https:\/\/vosgesinfo.fr\/epinalinfo\/"},{"@type":"ListItem","position":2,"name":"\u00ab\u00a0Une Nuit d\u2019\u00e9t\u00e9\u00a0\u00bb au th\u00e9\u00e2tre municipal"}]},{"@type":"WebSite","@id":"https:\/\/vosgesinfo.fr\/epinalinfo\/#website","url":"https:\/\/vosgesinfo.fr\/epinalinfo\/","name":"Epinal Info","description":"Toute l&#039;actualit\u00e9 d&#039;\u00c9pinal","publisher":{"@id":"https:\/\/vosgesinfo.fr\/epinalinfo\/#organization"},"alternateName":"Toute l'actualit\u00e9 d'\u00c9pinal","potentialAction":[{"@type":"SearchAction","target":{"@type":"EntryPoint","urlTemplate":"https:\/\/vosgesinfo.fr\/epinalinfo\/?s={search_term_string}"},"query-input":"required name=search_term_string"}],"inLanguage":"fr-FR"},{"@type":"Organization","@id":"https:\/\/vosgesinfo.fr\/epinalinfo\/#organization","name":"Epinal Info","url":"https:\/\/vosgesinfo.fr\/epinalinfo\/","logo":{"@type":"ImageObject","inLanguage":"fr-FR","@id":"https:\/\/vosgesinfo.fr\/epinalinfo\/#\/schema\/logo\/image\/","url":"https:\/\/vosgesinfo.fr\/app\/uploads\/sites\/3\/2023\/08\/logo-epinalinfos.svg","contentUrl":"https:\/\/vosgesinfo.fr\/app\/uploads\/sites\/3\/2023\/08\/logo-epinalinfos.svg","width":1,"height":1,"caption":"Epinal Info"},"image":{"@id":"https:\/\/vosgesinfo.fr\/epinalinfo\/#\/schema\/logo\/image\/"},"sameAs":["https:\/\/www.facebook.com\/Epinalinfos","https:\/\/x.com\/VosgesInfo88","https:\/\/www.youtube.com\/@vosgesinfo"]},{"@type":"Person","@id":"https:\/\/vosgesinfo.fr\/epinalinfo\/#\/schema\/person\/6f9a650eeea99d969b6c4ab78fccbe81","name":"C.K.","image":{"@type":"ImageObject","inLanguage":"fr-FR","@id":"https:\/\/vosgesinfo.fr\/epinalinfo\/#\/schema\/person\/image\/","url":"https:\/\/secure.gravatar.com\/avatar\/48e3fc7f8421ba8942be6b74a2b7f014ca39bc00dece156b7a8e098ae7dc87bf?s=96&d=mm&r=g","contentUrl":"https:\/\/secure.gravatar.com\/avatar\/48e3fc7f8421ba8942be6b74a2b7f014ca39bc00dece156b7a8e098ae7dc87bf?s=96&d=mm&r=g","caption":"C.K."},"url":"https:\/\/vosgesinfo.fr\/epinalinfo\/author\/celia-k-n\/"}]}},"_links":{"self":[{"href":"https:\/\/vosgesinfo.fr\/epinalinfo\/wp-json\/wp\/v2\/posts\/58073","targetHints":{"allow":["GET"]}}],"collection":[{"href":"https:\/\/vosgesinfo.fr\/epinalinfo\/wp-json\/wp\/v2\/posts"}],"about":[{"href":"https:\/\/vosgesinfo.fr\/epinalinfo\/wp-json\/wp\/v2\/types\/post"}],"author":[{"embeddable":true,"href":"https:\/\/vosgesinfo.fr\/epinalinfo\/wp-json\/wp\/v2\/users\/52"}],"replies":[{"embeddable":true,"href":"https:\/\/vosgesinfo.fr\/epinalinfo\/wp-json\/wp\/v2\/comments?post=58073"}],"version-history":[{"count":0,"href":"https:\/\/vosgesinfo.fr\/epinalinfo\/wp-json\/wp\/v2\/posts\/58073\/revisions"}],"wp:featuredmedia":[{"embeddable":true,"href":"https:\/\/vosgesinfo.fr\/epinalinfo\/wp-json\/wp\/v2\/media\/58074"}],"wp:attachment":[{"href":"https:\/\/vosgesinfo.fr\/epinalinfo\/wp-json\/wp\/v2\/media?parent=58073"}],"wp:term":[{"taxonomy":"category","embeddable":true,"href":"https:\/\/vosgesinfo.fr\/epinalinfo\/wp-json\/wp\/v2\/categories?post=58073"},{"taxonomy":"post_tag","embeddable":true,"href":"https:\/\/vosgesinfo.fr\/epinalinfo\/wp-json\/wp\/v2\/tags?post=58073"}],"curies":[{"name":"wp","href":"https:\/\/api.w.org\/{rel}","templated":true}]}}