{"id":58120,"date":"2016-02-10T15:45:19","date_gmt":"2016-02-10T14:45:19","guid":{"rendered":"https:\/\/vosgesinfo.fr\/epinalinfo\/2016\/02\/trophees-de-lagro-ecologie-2016\/"},"modified":"2016-02-10T15:45:19","modified_gmt":"2016-02-10T14:45:19","slug":"trophees-de-lagro-ecologie-2016","status":"publish","type":"post","link":"https:\/\/vosgesinfo.fr\/epinalinfo\/2016\/02\/trophees-de-lagro-ecologie-2016\/","title":{"rendered":"Troph\u00e9es de l\u2019Agro-\u00e9cologie 2016"},"content":{"rendered":"<p><a href=\"\/2016\/02\/vache.jpg\"><img decoding=\"async\" class=\"aligncenter size-full wp-image-83475\" src=\"\/2016\/02\/vache.jpg\" alt=\"vache\" width=\"960\" height=\"638\" \/><\/a><\/p>\n<h4><strong>Lanc\u00e9 par le Minist\u00e8re de l\u2019Agriculture, de l\u2019Agroalimentaire et de la For\u00eat, avec le concours financier du Cr\u00e9dit Agricole<\/strong>, le Troph\u00e9e de l&rsquo;Agro-\u00e9cologie vise \u00e0 r\u00e9compenser l&rsquo;action d&rsquo;agriculteurs et d&rsquo;agricultrices en faveur d&rsquo;une agriculture exemplaire au regard de la triple performance \u00e9conomique, environnementale et sociale.<\/h4>\n<p><strong>Le concours comporte deux cat\u00e9gories\u00a0:<\/strong><\/p>\n<ul>\n<li>le \u00ab Grand prix de la d\u00e9marche collective \u00bb ouvert \u00e0 tout groupe d&rsquo;agriculteurs reconnu ou en cours de reconnaissance en tant que groupement d\u2019int\u00e9r\u00eat \u00e9conomique et environnemental (GIEE) ainsi qu\u2019aux laur\u00e9ats de l&rsquo;appel \u00e0 projet \u00ab\u00a0mobilisation collective pour l&rsquo;agro-\u00e9cologie \u00bb\u00a0;<\/li>\n<li>le \u00ab Prix de l&rsquo;innovation \u00bb ouvert \u00e0 tout exploitant agricole, individuel ou sous forme soci\u00e9taire, ayant r\u00e9alis\u00e9 une d\u00e9marche innovante dans ses pratiques agro-\u00e9cologiques. Les d\u00e9marches candidates doivent \u00eatre abouties et chaque exploitant ne peut d\u00e9poser qu\u2019un dossier.<\/li>\n<\/ul>\n<p>Le concours est organis\u00e9 au niveau r\u00e9gional et les laur\u00e9ats r\u00e9gionaux concourent pour le prix national.<\/p>\n<p>Les dossiers\u00a0 de candidature devront \u00eatre envoy\u00e9s ou d\u00e9pos\u00e9s aupr\u00e8s de la DRAAF <strong>au plus tard le mardi 15 mars 2016<\/strong>, le cachet de la poste faisant foi.<\/p>\n<p>Les crit\u00e8res d\u2019appr\u00e9ciation porteront sur l\u2019impact positif pour l\u2019environnement, sur la viabilit\u00e9 \u00e9conomique, sur la prise en compte des aspects sociaux et territoriaux et sur le caract\u00e8re innovant de la d\u00e9marche.<\/p>\n<p>Les dossiers de candidature sont disponibles sur le site internet du minist\u00e8re de l&rsquo;agriculture, de l&rsquo;agroalimentaire et de la for\u00eat \u00e0 l&rsquo;adresse suivante : <a href=\"http:\/\/agriculture.gouv.fr\/les-trophees-de-lagro-ecologie\">http:\/\/agriculture.gouv.fr\/trophees-agroecologie<\/a>,<\/p>\n<p>Pour toute demande de renseignements compl\u00e9mentaires, contacter \u00e0 la DRAAF\u00a0:<\/p>\n<p><a href=\"mailto:jean-francois.felt@agriculture.gouv.fr\">jean-francois.felt@agriculture.gouv.fr<\/a> (03 69 32 51 11).<\/p>\n","protected":false},"excerpt":{"rendered":"<p>Lanc\u00e9 par le Minist\u00e8re de l\u2019Agriculture, de l\u2019Agroalimentaire et de la For\u00eat, avec le concours financier du Cr\u00e9dit Agricole, le [&hellip;]<\/p>\n","protected":false},"author":52,"featured_media":17716,"comment_status":"open","ping_status":"open","sticky":false,"template":"","format":"standard","meta":{"footnotes":""},"categories":[22,316,8,5],"tags":[317,4323],"class_list":["post-58120","post","type-post","status-publish","format-standard","has-post-thumbnail","hentry","category-a-la-une","category-agriculture","category-economie","category-vosges","tag-agriculture","tag-trophees"],"acf":[],"yoast_head":"<!-- This site is optimized with the Yoast SEO plugin v22.5 - https:\/\/yoast.com\/wordpress\/plugins\/seo\/ -->\n<title>Troph\u00e9es de l\u2019Agro-\u00e9cologie 2016 - Epinal Info<\/title>\n<meta name=\"robots\" content=\"index, follow, max-snippet:-1, max-image-preview:large, max-video-preview:-1\" \/>\n<link rel=\"canonical\" href=\"https:\/\/vosgesinfo.fr\/epinalinfo\/2016\/02\/trophees-de-lagro-ecologie-2016\/\" \/>\n<meta name=\"twitter:card\" content=\"summary_large_image\" \/>\n<meta name=\"twitter:title\" content=\"Troph\u00e9es de l\u2019Agro-\u00e9cologie 2016 - Epinal Info\" \/>\n<meta name=\"twitter:description\" content=\"Lanc\u00e9 par le Minist\u00e8re de l\u2019Agriculture, de l\u2019Agroalimentaire et de la For\u00eat, avec le concours financier du Cr\u00e9dit Agricole, le [&hellip;]\" \/>\n<meta name=\"twitter:image\" content=\"https:\/\/vosgesinfo.fr\/app\/uploads\/sites\/3\/2016\/02\/vache.jpg\" \/>\n<meta name=\"twitter:creator\" content=\"@VosgesInfo88\" \/>\n<meta name=\"twitter:site\" content=\"@VosgesInfo88\" \/>\n<meta name=\"twitter:label1\" content=\"\u00c9crit par\" \/>\n\t<meta name=\"twitter:data1\" content=\"C.K.\" \/>\n\t<meta name=\"twitter:label2\" content=\"Dur\u00e9e de lecture estim\u00e9e\" \/>\n\t<meta name=\"twitter:data2\" content=\"1 minute\" \/>\n<script type=\"application\/ld+json\" class=\"yoast-schema-graph\">{\"@context\":\"https:\/\/schema.org\",\"@graph\":[{\"@type\":\"Article\",\"@id\":\"https:\/\/vosgesinfo.fr\/epinalinfo\/2016\/02\/trophees-de-lagro-ecologie-2016\/#article\",\"isPartOf\":{\"@id\":\"https:\/\/vosgesinfo.fr\/epinalinfo\/2016\/02\/trophees-de-lagro-ecologie-2016\/\"},\"author\":{\"name\":\"C.K.\",\"@id\":\"https:\/\/vosgesinfo.fr\/epinalinfo\/#\/schema\/person\/6f9a650eeea99d969b6c4ab78fccbe81\"},\"headline\":\"Troph\u00e9es de l\u2019Agro-\u00e9cologie 2016\",\"datePublished\":\"2016-02-10T14:45:19+00:00\",\"dateModified\":\"2016-02-10T14:45:19+00:00\",\"mainEntityOfPage\":{\"@id\":\"https:\/\/vosgesinfo.fr\/epinalinfo\/2016\/02\/trophees-de-lagro-ecologie-2016\/\"},\"wordCount\":293,\"commentCount\":0,\"publisher\":{\"@id\":\"https:\/\/vosgesinfo.fr\/epinalinfo\/#organization\"},\"image\":{\"@id\":\"https:\/\/vosgesinfo.fr\/epinalinfo\/2016\/02\/trophees-de-lagro-ecologie-2016\/#primaryimage\"},\"thumbnailUrl\":\"https:\/\/vosgesinfo.fr\/app\/uploads\/sites\/3\/2016\/02\/vache.jpg\",\"keywords\":[\"agriculture\",\"Troph\u00e9es\"],\"articleSection\":[\"A la Une\",\"Agriculture\",\"\u00c9conomie\",\"Vosges\"],\"inLanguage\":\"fr-FR\",\"potentialAction\":[{\"@type\":\"CommentAction\",\"name\":\"Comment\",\"target\":[\"https:\/\/vosgesinfo.fr\/epinalinfo\/2016\/02\/trophees-de-lagro-ecologie-2016\/#respond\"]}]},{\"@type\":\"WebPage\",\"@id\":\"https:\/\/vosgesinfo.fr\/epinalinfo\/2016\/02\/trophees-de-lagro-ecologie-2016\/\",\"url\":\"https:\/\/vosgesinfo.fr\/epinalinfo\/2016\/02\/trophees-de-lagro-ecologie-2016\/\",\"name\":\"Troph\u00e9es de l\u2019Agro-\u00e9cologie 2016 - Epinal Info\",\"isPartOf\":{\"@id\":\"https:\/\/vosgesinfo.fr\/epinalinfo\/#website\"},\"primaryImageOfPage\":{\"@id\":\"https:\/\/vosgesinfo.fr\/epinalinfo\/2016\/02\/trophees-de-lagro-ecologie-2016\/#primaryimage\"},\"image\":{\"@id\":\"https:\/\/vosgesinfo.fr\/epinalinfo\/2016\/02\/trophees-de-lagro-ecologie-2016\/#primaryimage\"},\"thumbnailUrl\":\"https:\/\/vosgesinfo.fr\/app\/uploads\/sites\/3\/2016\/02\/vache.jpg\",\"datePublished\":\"2016-02-10T14:45:19+00:00\",\"dateModified\":\"2016-02-10T14:45:19+00:00\",\"breadcrumb\":{\"@id\":\"https:\/\/vosgesinfo.fr\/epinalinfo\/2016\/02\/trophees-de-lagro-ecologie-2016\/#breadcrumb\"},\"inLanguage\":\"fr-FR\",\"potentialAction\":[{\"@type\":\"ReadAction\",\"target\":[\"https:\/\/vosgesinfo.fr\/epinalinfo\/2016\/02\/trophees-de-lagro-ecologie-2016\/\"]}]},{\"@type\":\"ImageObject\",\"inLanguage\":\"fr-FR\",\"@id\":\"https:\/\/vosgesinfo.fr\/epinalinfo\/2016\/02\/trophees-de-lagro-ecologie-2016\/#primaryimage\",\"url\":\"https:\/\/vosgesinfo.fr\/app\/uploads\/sites\/3\/2016\/02\/vache.jpg\",\"contentUrl\":\"https:\/\/vosgesinfo.fr\/app\/uploads\/sites\/3\/2016\/02\/vache.jpg\"},{\"@type\":\"BreadcrumbList\",\"@id\":\"https:\/\/vosgesinfo.fr\/epinalinfo\/2016\/02\/trophees-de-lagro-ecologie-2016\/#breadcrumb\",\"itemListElement\":[{\"@type\":\"ListItem\",\"position\":1,\"name\":\"Home\",\"item\":\"https:\/\/vosgesinfo.fr\/epinalinfo\/\"},{\"@type\":\"ListItem\",\"position\":2,\"name\":\"Troph\u00e9es de l\u2019Agro-\u00e9cologie 2016\"}]},{\"@type\":\"WebSite\",\"@id\":\"https:\/\/vosgesinfo.fr\/epinalinfo\/#website\",\"url\":\"https:\/\/vosgesinfo.fr\/epinalinfo\/\",\"name\":\"Epinal Info\",\"description\":\"Toute l&#039;actualit\u00e9 d&#039;\u00c9pinal\",\"publisher\":{\"@id\":\"https:\/\/vosgesinfo.fr\/epinalinfo\/#organization\"},\"alternateName\":\"Toute l'actualit\u00e9 d'\u00c9pinal\",\"potentialAction\":[{\"@type\":\"SearchAction\",\"target\":{\"@type\":\"EntryPoint\",\"urlTemplate\":\"https:\/\/vosgesinfo.fr\/epinalinfo\/?s={search_term_string}\"},\"query-input\":\"required name=search_term_string\"}],\"inLanguage\":\"fr-FR\"},{\"@type\":\"Organization\",\"@id\":\"https:\/\/vosgesinfo.fr\/epinalinfo\/#organization\",\"name\":\"Epinal Info\",\"url\":\"https:\/\/vosgesinfo.fr\/epinalinfo\/\",\"logo\":{\"@type\":\"ImageObject\",\"inLanguage\":\"fr-FR\",\"@id\":\"https:\/\/vosgesinfo.fr\/epinalinfo\/#\/schema\/logo\/image\/\",\"url\":\"https:\/\/vosgesinfo.fr\/app\/uploads\/sites\/3\/2023\/08\/logo-epinalinfos.svg\",\"contentUrl\":\"https:\/\/vosgesinfo.fr\/app\/uploads\/sites\/3\/2023\/08\/logo-epinalinfos.svg\",\"width\":1,\"height\":1,\"caption\":\"Epinal Info\"},\"image\":{\"@id\":\"https:\/\/vosgesinfo.fr\/epinalinfo\/#\/schema\/logo\/image\/\"},\"sameAs\":[\"https:\/\/www.facebook.com\/Epinalinfos\",\"https:\/\/x.com\/VosgesInfo88\",\"https:\/\/www.youtube.com\/@vosgesinfo\"]},{\"@type\":\"Person\",\"@id\":\"https:\/\/vosgesinfo.fr\/epinalinfo\/#\/schema\/person\/6f9a650eeea99d969b6c4ab78fccbe81\",\"name\":\"C.K.\",\"image\":{\"@type\":\"ImageObject\",\"inLanguage\":\"fr-FR\",\"@id\":\"https:\/\/vosgesinfo.fr\/epinalinfo\/#\/schema\/person\/image\/\",\"url\":\"https:\/\/secure.gravatar.com\/avatar\/48e3fc7f8421ba8942be6b74a2b7f014ca39bc00dece156b7a8e098ae7dc87bf?s=96&d=mm&r=g\",\"contentUrl\":\"https:\/\/secure.gravatar.com\/avatar\/48e3fc7f8421ba8942be6b74a2b7f014ca39bc00dece156b7a8e098ae7dc87bf?s=96&d=mm&r=g\",\"caption\":\"C.K.\"},\"url\":\"https:\/\/vosgesinfo.fr\/epinalinfo\/author\/celia-k-n\/\"}]}<\/script>\n<!-- \/ Yoast SEO plugin. -->","yoast_head_json":{"title":"Troph\u00e9es de l\u2019Agro-\u00e9cologie 2016 - Epinal Info","robots":{"index":"index","follow":"follow","max-snippet":"max-snippet:-1","max-image-preview":"max-image-preview:large","max-video-preview":"max-video-preview:-1"},"canonical":"https:\/\/vosgesinfo.fr\/epinalinfo\/2016\/02\/trophees-de-lagro-ecologie-2016\/","twitter_card":"summary_large_image","twitter_title":"Troph\u00e9es de l\u2019Agro-\u00e9cologie 2016 - Epinal Info","twitter_description":"Lanc\u00e9 par le Minist\u00e8re de l\u2019Agriculture, de l\u2019Agroalimentaire et de la For\u00eat, avec le concours financier du Cr\u00e9dit Agricole, le [&hellip;]","twitter_image":"https:\/\/vosgesinfo.fr\/app\/uploads\/sites\/3\/2016\/02\/vache.jpg","twitter_creator":"@VosgesInfo88","twitter_site":"@VosgesInfo88","twitter_misc":{"\u00c9crit par":"C.K.","Dur\u00e9e de lecture estim\u00e9e":"1 minute"},"schema":{"@context":"https:\/\/schema.org","@graph":[{"@type":"Article","@id":"https:\/\/vosgesinfo.fr\/epinalinfo\/2016\/02\/trophees-de-lagro-ecologie-2016\/#article","isPartOf":{"@id":"https:\/\/vosgesinfo.fr\/epinalinfo\/2016\/02\/trophees-de-lagro-ecologie-2016\/"},"author":{"name":"C.K.","@id":"https:\/\/vosgesinfo.fr\/epinalinfo\/#\/schema\/person\/6f9a650eeea99d969b6c4ab78fccbe81"},"headline":"Troph\u00e9es de l\u2019Agro-\u00e9cologie 2016","datePublished":"2016-02-10T14:45:19+00:00","dateModified":"2016-02-10T14:45:19+00:00","mainEntityOfPage":{"@id":"https:\/\/vosgesinfo.fr\/epinalinfo\/2016\/02\/trophees-de-lagro-ecologie-2016\/"},"wordCount":293,"commentCount":0,"publisher":{"@id":"https:\/\/vosgesinfo.fr\/epinalinfo\/#organization"},"image":{"@id":"https:\/\/vosgesinfo.fr\/epinalinfo\/2016\/02\/trophees-de-lagro-ecologie-2016\/#primaryimage"},"thumbnailUrl":"https:\/\/vosgesinfo.fr\/app\/uploads\/sites\/3\/2016\/02\/vache.jpg","keywords":["agriculture","Troph\u00e9es"],"articleSection":["A la Une","Agriculture","\u00c9conomie","Vosges"],"inLanguage":"fr-FR","potentialAction":[{"@type":"CommentAction","name":"Comment","target":["https:\/\/vosgesinfo.fr\/epinalinfo\/2016\/02\/trophees-de-lagro-ecologie-2016\/#respond"]}]},{"@type":"WebPage","@id":"https:\/\/vosgesinfo.fr\/epinalinfo\/2016\/02\/trophees-de-lagro-ecologie-2016\/","url":"https:\/\/vosgesinfo.fr\/epinalinfo\/2016\/02\/trophees-de-lagro-ecologie-2016\/","name":"Troph\u00e9es de l\u2019Agro-\u00e9cologie 2016 - Epinal Info","isPartOf":{"@id":"https:\/\/vosgesinfo.fr\/epinalinfo\/#website"},"primaryImageOfPage":{"@id":"https:\/\/vosgesinfo.fr\/epinalinfo\/2016\/02\/trophees-de-lagro-ecologie-2016\/#primaryimage"},"image":{"@id":"https:\/\/vosgesinfo.fr\/epinalinfo\/2016\/02\/trophees-de-lagro-ecologie-2016\/#primaryimage"},"thumbnailUrl":"https:\/\/vosgesinfo.fr\/app\/uploads\/sites\/3\/2016\/02\/vache.jpg","datePublished":"2016-02-10T14:45:19+00:00","dateModified":"2016-02-10T14:45:19+00:00","breadcrumb":{"@id":"https:\/\/vosgesinfo.fr\/epinalinfo\/2016\/02\/trophees-de-lagro-ecologie-2016\/#breadcrumb"},"inLanguage":"fr-FR","potentialAction":[{"@type":"ReadAction","target":["https:\/\/vosgesinfo.fr\/epinalinfo\/2016\/02\/trophees-de-lagro-ecologie-2016\/"]}]},{"@type":"ImageObject","inLanguage":"fr-FR","@id":"https:\/\/vosgesinfo.fr\/epinalinfo\/2016\/02\/trophees-de-lagro-ecologie-2016\/#primaryimage","url":"https:\/\/vosgesinfo.fr\/app\/uploads\/sites\/3\/2016\/02\/vache.jpg","contentUrl":"https:\/\/vosgesinfo.fr\/app\/uploads\/sites\/3\/2016\/02\/vache.jpg"},{"@type":"BreadcrumbList","@id":"https:\/\/vosgesinfo.fr\/epinalinfo\/2016\/02\/trophees-de-lagro-ecologie-2016\/#breadcrumb","itemListElement":[{"@type":"ListItem","position":1,"name":"Home","item":"https:\/\/vosgesinfo.fr\/epinalinfo\/"},{"@type":"ListItem","position":2,"name":"Troph\u00e9es de l\u2019Agro-\u00e9cologie 2016"}]},{"@type":"WebSite","@id":"https:\/\/vosgesinfo.fr\/epinalinfo\/#website","url":"https:\/\/vosgesinfo.fr\/epinalinfo\/","name":"Epinal Info","description":"Toute l&#039;actualit\u00e9 d&#039;\u00c9pinal","publisher":{"@id":"https:\/\/vosgesinfo.fr\/epinalinfo\/#organization"},"alternateName":"Toute l'actualit\u00e9 d'\u00c9pinal","potentialAction":[{"@type":"SearchAction","target":{"@type":"EntryPoint","urlTemplate":"https:\/\/vosgesinfo.fr\/epinalinfo\/?s={search_term_string}"},"query-input":"required name=search_term_string"}],"inLanguage":"fr-FR"},{"@type":"Organization","@id":"https:\/\/vosgesinfo.fr\/epinalinfo\/#organization","name":"Epinal Info","url":"https:\/\/vosgesinfo.fr\/epinalinfo\/","logo":{"@type":"ImageObject","inLanguage":"fr-FR","@id":"https:\/\/vosgesinfo.fr\/epinalinfo\/#\/schema\/logo\/image\/","url":"https:\/\/vosgesinfo.fr\/app\/uploads\/sites\/3\/2023\/08\/logo-epinalinfos.svg","contentUrl":"https:\/\/vosgesinfo.fr\/app\/uploads\/sites\/3\/2023\/08\/logo-epinalinfos.svg","width":1,"height":1,"caption":"Epinal Info"},"image":{"@id":"https:\/\/vosgesinfo.fr\/epinalinfo\/#\/schema\/logo\/image\/"},"sameAs":["https:\/\/www.facebook.com\/Epinalinfos","https:\/\/x.com\/VosgesInfo88","https:\/\/www.youtube.com\/@vosgesinfo"]},{"@type":"Person","@id":"https:\/\/vosgesinfo.fr\/epinalinfo\/#\/schema\/person\/6f9a650eeea99d969b6c4ab78fccbe81","name":"C.K.","image":{"@type":"ImageObject","inLanguage":"fr-FR","@id":"https:\/\/vosgesinfo.fr\/epinalinfo\/#\/schema\/person\/image\/","url":"https:\/\/secure.gravatar.com\/avatar\/48e3fc7f8421ba8942be6b74a2b7f014ca39bc00dece156b7a8e098ae7dc87bf?s=96&d=mm&r=g","contentUrl":"https:\/\/secure.gravatar.com\/avatar\/48e3fc7f8421ba8942be6b74a2b7f014ca39bc00dece156b7a8e098ae7dc87bf?s=96&d=mm&r=g","caption":"C.K."},"url":"https:\/\/vosgesinfo.fr\/epinalinfo\/author\/celia-k-n\/"}]}},"_links":{"self":[{"href":"https:\/\/vosgesinfo.fr\/epinalinfo\/wp-json\/wp\/v2\/posts\/58120","targetHints":{"allow":["GET"]}}],"collection":[{"href":"https:\/\/vosgesinfo.fr\/epinalinfo\/wp-json\/wp\/v2\/posts"}],"about":[{"href":"https:\/\/vosgesinfo.fr\/epinalinfo\/wp-json\/wp\/v2\/types\/post"}],"author":[{"embeddable":true,"href":"https:\/\/vosgesinfo.fr\/epinalinfo\/wp-json\/wp\/v2\/users\/52"}],"replies":[{"embeddable":true,"href":"https:\/\/vosgesinfo.fr\/epinalinfo\/wp-json\/wp\/v2\/comments?post=58120"}],"version-history":[{"count":0,"href":"https:\/\/vosgesinfo.fr\/epinalinfo\/wp-json\/wp\/v2\/posts\/58120\/revisions"}],"wp:featuredmedia":[{"embeddable":true,"href":"https:\/\/vosgesinfo.fr\/epinalinfo\/wp-json\/wp\/v2\/media\/17716"}],"wp:attachment":[{"href":"https:\/\/vosgesinfo.fr\/epinalinfo\/wp-json\/wp\/v2\/media?parent=58120"}],"wp:term":[{"taxonomy":"category","embeddable":true,"href":"https:\/\/vosgesinfo.fr\/epinalinfo\/wp-json\/wp\/v2\/categories?post=58120"},{"taxonomy":"post_tag","embeddable":true,"href":"https:\/\/vosgesinfo.fr\/epinalinfo\/wp-json\/wp\/v2\/tags?post=58120"}],"curies":[{"name":"wp","href":"https:\/\/api.w.org\/{rel}","templated":true}]}}