{"id":58161,"date":"2016-02-11T16:38:18","date_gmt":"2016-02-11T15:38:18","guid":{"rendered":"https:\/\/vosgesinfo.fr\/epinalinfo\/2016\/02\/vosgiens-toujours-plus-endettes\/"},"modified":"2016-02-11T16:38:18","modified_gmt":"2016-02-11T15:38:18","slug":"vosgiens-toujours-plus-endettes","status":"publish","type":"post","link":"https:\/\/vosgesinfo.fr\/epinalinfo\/2016\/02\/vosgiens-toujours-plus-endettes\/","title":{"rendered":"Les Vosgiens toujours plus endett\u00e9s"},"content":{"rendered":"<p><a href=\"\/2016\/02\/banque-de-france.jpg\"><img decoding=\"async\" class=\"aligncenter size-full wp-image-83560\" src=\"\/2016\/02\/banque-de-france.jpg\" alt=\"banque-de-france\" width=\"1024\" height=\"768\" \/><\/a><\/p>\n<p><strong><em>\u00ab\u00a0La situation s\u2019est d\u00e9grad\u00e9e depuis l\u2019ann\u00e9e derni\u00e8re ! L\u2019endettement est plus important cette ann\u00e9e\u00a0\u00bb<\/em> t\u00e9moigne le directeur de la Banque de France du d\u00e9partement, Jean-Beno\u00eet Dubois. La commission\u00a0 de surendettement des Vosges s\u2019est r\u00e9unie cet apr\u00e8s-midi pour la traditionnelle r\u00e9union pl\u00e9ni\u00e8re \u00e0 la Banque de France d\u2019Epinal. <\/strong><\/p>\n<p>Les r\u00e9sultats ne sont pas bons\u00a0! \u00a0Les Vosgiens sont de plus en plus endett\u00e9s. La Banque de France du d\u00e9partement a re\u00e7u un grand nombre de personnes suite \u00e0 des dettes immobili\u00e8res\u00a0: 20% contre seulement 12% au niveau national. <em>\u00ab\u00a0C\u2019est historique. Dans les Vosges, il y a toujours eu un fort taux de dossiers suite \u00e0 des dettes immobili\u00e8res\u00a0\u00bb<\/em> commente le directeur.<\/p>\n<p>Les secteurs g\u00e9ographies concern\u00e9s sont pour la majorit\u00e9 des cas sur Epinal-Golbey et sur Saint-Di\u00e9-des-Vosges. L\u2019Ouest du d\u00e9partement peut se targuer d\u2019avoir le taux le plus faible de d\u00e9p\u00f4t de dossier.<\/p>\n<p><em><span style=\"font-size: 14pt;\"><strong>\u00ab\u00a0Les ressources des Vosgiens sont plus faibles\u00a0\u00bb<\/strong><\/span><\/em><\/p>\n<p>Une part importante des personnes endett\u00e9es sont sans profession. Cela concerne en effet pr\u00e8s de 24% des dossiers dans les Vosges.<\/p>\n<p><em>\u00ab\u00a0Les ressources des Vosgiens sont plus faibles qu\u2019au niveau national. Le pouvoir d\u2019achat est donc inf\u00e9rieur. Dans la moiti\u00e9 des cas les personnes n\u2019ont aucun moyen de remboursement. On voit que la situation s\u2019est vraiment d\u00e9grad\u00e9e par rapport \u00e0 l\u2019ann\u00e9e derni\u00e8re. \u00bb<\/em> d\u00e9plore Jean-Beno\u00eet Dubois.<\/p>\n<p><span style=\"font-size: 14pt;\"><strong>Des accidents de la vie<\/strong><\/span><\/p>\n<p>Le profil des familles a chang\u00e9. Ce sont souvent des accidents de la vie qui les m\u00e8nent au surendettement. <em>\u00ab\u00a0Souvent, c\u2019est \u00e0 la suite d\u2019un divorce, d\u2019une s\u00e9paration, les personnes se retrouvent seules pour payer les dettes avec les enfants \u00e0 charge \u00bb<\/em> assure le directeur de la Banque de France. Toutes les tranches d\u2019\u00e2ges sont concern\u00e9es, mais les moins de 25 ans et les personnes de plus de 75 ans sont moins impact\u00e9es par le surendettement.<\/p>\n<p>Les dossiers sont moins nombreux (-13% par rapport \u00e0 l\u2019ann\u00e9e 2014), mais les dettes sont plus importantes.<\/p>\n<p><em>\u00ab\u00a0Si on prend le nombre de dossiers pour 10\u00a0000 habitants on a 55,5 dossiers dans les Vosges contre 43,4 en Lorraine. Cela repr\u00e9sente un endettement global de 62 millions d\u2019euros en 2015 contre 68 millions d\u2019euros en 2014. Le montant d\u2019endettement moyen est donc sup\u00e9rieur\u00bb <\/em>explique le Pr\u00e9fet des Vosges.<\/p>\n<p>La Banque de France met tous les moyens en \u0153uvre pour que ces personnes puissent conserver leur logement ainsi qu\u2019un v\u00e9hicule.<\/p>\n<p>Plus de renseignements sur le site de la Banque de France rubrique Vosges :\u00a0<a href=\"https:\/\/www.banque-france.fr\/accueil.html\" target=\"_blank\" rel=\"noopener\">https:\/\/www.banque-france.fr\/accueil.html<\/a><\/p>\n<p>C.K.N.<\/p>\n","protected":false},"excerpt":{"rendered":"<p>\u00ab\u00a0La situation s\u2019est d\u00e9grad\u00e9e depuis l\u2019ann\u00e9e derni\u00e8re ! L\u2019endettement est plus important cette ann\u00e9e\u00a0\u00bb t\u00e9moigne le directeur de la Banque [&hellip;]<\/p>\n","protected":false},"author":52,"featured_media":58162,"comment_status":"open","ping_status":"open","sticky":false,"template":"","format":"standard","meta":{"footnotes":""},"categories":[22,8,5],"tags":[153,6877,2392],"class_list":["post-58161","post","type-post","status-publish","format-standard","has-post-thumbnail","hentry","category-a-la-une","category-economie","category-vosges","tag-banque-de-france","tag-endettement","tag-pouvoir-dachat"],"acf":[],"yoast_head":"<!-- This site is optimized with the Yoast SEO plugin v22.5 - https:\/\/yoast.com\/wordpress\/plugins\/seo\/ -->\n<title>Les Vosgiens toujours plus endett\u00e9s - Epinal Info<\/title>\n<meta name=\"robots\" content=\"index, follow, max-snippet:-1, max-image-preview:large, max-video-preview:-1\" \/>\n<link rel=\"canonical\" href=\"https:\/\/vosgesinfo.fr\/epinalinfo\/2016\/02\/vosgiens-toujours-plus-endettes\/\" \/>\n<meta name=\"twitter:card\" content=\"summary_large_image\" \/>\n<meta name=\"twitter:title\" content=\"Les Vosgiens toujours plus endett\u00e9s - Epinal Info\" \/>\n<meta name=\"twitter:description\" content=\"\u00ab\u00a0La situation s\u2019est d\u00e9grad\u00e9e depuis l\u2019ann\u00e9e derni\u00e8re ! L\u2019endettement est plus important cette ann\u00e9e\u00a0\u00bb t\u00e9moigne le directeur de la Banque [&hellip;]\" \/>\n<meta name=\"twitter:image\" content=\"https:\/\/vosgesinfo.fr\/app\/uploads\/sites\/3\/2024\/08\/201602banque-de-france.jpg\" \/>\n<meta name=\"twitter:creator\" content=\"@VosgesInfo88\" \/>\n<meta name=\"twitter:site\" content=\"@VosgesInfo88\" \/>\n<meta name=\"twitter:label1\" content=\"\u00c9crit par\" \/>\n\t<meta name=\"twitter:data1\" content=\"C.K.\" \/>\n\t<meta name=\"twitter:label2\" content=\"Dur\u00e9e de lecture estim\u00e9e\" \/>\n\t<meta name=\"twitter:data2\" content=\"2 minutes\" \/>\n<script type=\"application\/ld+json\" class=\"yoast-schema-graph\">{\"@context\":\"https:\/\/schema.org\",\"@graph\":[{\"@type\":\"Article\",\"@id\":\"https:\/\/vosgesinfo.fr\/epinalinfo\/2016\/02\/vosgiens-toujours-plus-endettes\/#article\",\"isPartOf\":{\"@id\":\"https:\/\/vosgesinfo.fr\/epinalinfo\/2016\/02\/vosgiens-toujours-plus-endettes\/\"},\"author\":{\"name\":\"C.K.\",\"@id\":\"https:\/\/vosgesinfo.fr\/epinalinfo\/#\/schema\/person\/6f9a650eeea99d969b6c4ab78fccbe81\"},\"headline\":\"Les Vosgiens toujours plus endett\u00e9s\",\"datePublished\":\"2016-02-11T15:38:18+00:00\",\"dateModified\":\"2016-02-11T15:38:18+00:00\",\"mainEntityOfPage\":{\"@id\":\"https:\/\/vosgesinfo.fr\/epinalinfo\/2016\/02\/vosgiens-toujours-plus-endettes\/\"},\"wordCount\":453,\"commentCount\":0,\"publisher\":{\"@id\":\"https:\/\/vosgesinfo.fr\/epinalinfo\/#organization\"},\"image\":{\"@id\":\"https:\/\/vosgesinfo.fr\/epinalinfo\/2016\/02\/vosgiens-toujours-plus-endettes\/#primaryimage\"},\"thumbnailUrl\":\"https:\/\/vosgesinfo.fr\/app\/uploads\/sites\/3\/2024\/08\/201602banque-de-france.jpg\",\"keywords\":[\"Banque de France\",\"endettement\",\"pouvoir d'achat\"],\"articleSection\":[\"A la Une\",\"\u00c9conomie\",\"Vosges\"],\"inLanguage\":\"fr-FR\",\"potentialAction\":[{\"@type\":\"CommentAction\",\"name\":\"Comment\",\"target\":[\"https:\/\/vosgesinfo.fr\/epinalinfo\/2016\/02\/vosgiens-toujours-plus-endettes\/#respond\"]}]},{\"@type\":\"WebPage\",\"@id\":\"https:\/\/vosgesinfo.fr\/epinalinfo\/2016\/02\/vosgiens-toujours-plus-endettes\/\",\"url\":\"https:\/\/vosgesinfo.fr\/epinalinfo\/2016\/02\/vosgiens-toujours-plus-endettes\/\",\"name\":\"Les Vosgiens toujours plus endett\u00e9s - Epinal Info\",\"isPartOf\":{\"@id\":\"https:\/\/vosgesinfo.fr\/epinalinfo\/#website\"},\"primaryImageOfPage\":{\"@id\":\"https:\/\/vosgesinfo.fr\/epinalinfo\/2016\/02\/vosgiens-toujours-plus-endettes\/#primaryimage\"},\"image\":{\"@id\":\"https:\/\/vosgesinfo.fr\/epinalinfo\/2016\/02\/vosgiens-toujours-plus-endettes\/#primaryimage\"},\"thumbnailUrl\":\"https:\/\/vosgesinfo.fr\/app\/uploads\/sites\/3\/2024\/08\/201602banque-de-france.jpg\",\"datePublished\":\"2016-02-11T15:38:18+00:00\",\"dateModified\":\"2016-02-11T15:38:18+00:00\",\"breadcrumb\":{\"@id\":\"https:\/\/vosgesinfo.fr\/epinalinfo\/2016\/02\/vosgiens-toujours-plus-endettes\/#breadcrumb\"},\"inLanguage\":\"fr-FR\",\"potentialAction\":[{\"@type\":\"ReadAction\",\"target\":[\"https:\/\/vosgesinfo.fr\/epinalinfo\/2016\/02\/vosgiens-toujours-plus-endettes\/\"]}]},{\"@type\":\"ImageObject\",\"inLanguage\":\"fr-FR\",\"@id\":\"https:\/\/vosgesinfo.fr\/epinalinfo\/2016\/02\/vosgiens-toujours-plus-endettes\/#primaryimage\",\"url\":\"https:\/\/vosgesinfo.fr\/app\/uploads\/sites\/3\/2024\/08\/201602banque-de-france.jpg\",\"contentUrl\":\"https:\/\/vosgesinfo.fr\/app\/uploads\/sites\/3\/2024\/08\/201602banque-de-france.jpg\",\"width\":1024,\"height\":768},{\"@type\":\"BreadcrumbList\",\"@id\":\"https:\/\/vosgesinfo.fr\/epinalinfo\/2016\/02\/vosgiens-toujours-plus-endettes\/#breadcrumb\",\"itemListElement\":[{\"@type\":\"ListItem\",\"position\":1,\"name\":\"Home\",\"item\":\"https:\/\/vosgesinfo.fr\/epinalinfo\/\"},{\"@type\":\"ListItem\",\"position\":2,\"name\":\"Les Vosgiens toujours plus endett\u00e9s\"}]},{\"@type\":\"WebSite\",\"@id\":\"https:\/\/vosgesinfo.fr\/epinalinfo\/#website\",\"url\":\"https:\/\/vosgesinfo.fr\/epinalinfo\/\",\"name\":\"Epinal Info\",\"description\":\"Toute l&#039;actualit\u00e9 d&#039;\u00c9pinal\",\"publisher\":{\"@id\":\"https:\/\/vosgesinfo.fr\/epinalinfo\/#organization\"},\"alternateName\":\"Toute l'actualit\u00e9 d'\u00c9pinal\",\"potentialAction\":[{\"@type\":\"SearchAction\",\"target\":{\"@type\":\"EntryPoint\",\"urlTemplate\":\"https:\/\/vosgesinfo.fr\/epinalinfo\/?s={search_term_string}\"},\"query-input\":\"required name=search_term_string\"}],\"inLanguage\":\"fr-FR\"},{\"@type\":\"Organization\",\"@id\":\"https:\/\/vosgesinfo.fr\/epinalinfo\/#organization\",\"name\":\"Epinal Info\",\"url\":\"https:\/\/vosgesinfo.fr\/epinalinfo\/\",\"logo\":{\"@type\":\"ImageObject\",\"inLanguage\":\"fr-FR\",\"@id\":\"https:\/\/vosgesinfo.fr\/epinalinfo\/#\/schema\/logo\/image\/\",\"url\":\"https:\/\/vosgesinfo.fr\/app\/uploads\/sites\/3\/2023\/08\/logo-epinalinfos.svg\",\"contentUrl\":\"https:\/\/vosgesinfo.fr\/app\/uploads\/sites\/3\/2023\/08\/logo-epinalinfos.svg\",\"width\":1,\"height\":1,\"caption\":\"Epinal Info\"},\"image\":{\"@id\":\"https:\/\/vosgesinfo.fr\/epinalinfo\/#\/schema\/logo\/image\/\"},\"sameAs\":[\"https:\/\/www.facebook.com\/Epinalinfos\",\"https:\/\/x.com\/VosgesInfo88\",\"https:\/\/www.youtube.com\/@vosgesinfo\"]},{\"@type\":\"Person\",\"@id\":\"https:\/\/vosgesinfo.fr\/epinalinfo\/#\/schema\/person\/6f9a650eeea99d969b6c4ab78fccbe81\",\"name\":\"C.K.\",\"image\":{\"@type\":\"ImageObject\",\"inLanguage\":\"fr-FR\",\"@id\":\"https:\/\/vosgesinfo.fr\/epinalinfo\/#\/schema\/person\/image\/\",\"url\":\"https:\/\/secure.gravatar.com\/avatar\/48e3fc7f8421ba8942be6b74a2b7f014ca39bc00dece156b7a8e098ae7dc87bf?s=96&d=mm&r=g\",\"contentUrl\":\"https:\/\/secure.gravatar.com\/avatar\/48e3fc7f8421ba8942be6b74a2b7f014ca39bc00dece156b7a8e098ae7dc87bf?s=96&d=mm&r=g\",\"caption\":\"C.K.\"},\"url\":\"https:\/\/vosgesinfo.fr\/epinalinfo\/author\/celia-k-n\/\"}]}<\/script>\n<!-- \/ Yoast SEO plugin. -->","yoast_head_json":{"title":"Les Vosgiens toujours plus endett\u00e9s - Epinal Info","robots":{"index":"index","follow":"follow","max-snippet":"max-snippet:-1","max-image-preview":"max-image-preview:large","max-video-preview":"max-video-preview:-1"},"canonical":"https:\/\/vosgesinfo.fr\/epinalinfo\/2016\/02\/vosgiens-toujours-plus-endettes\/","twitter_card":"summary_large_image","twitter_title":"Les Vosgiens toujours plus endett\u00e9s - Epinal Info","twitter_description":"\u00ab\u00a0La situation s\u2019est d\u00e9grad\u00e9e depuis l\u2019ann\u00e9e derni\u00e8re ! L\u2019endettement est plus important cette ann\u00e9e\u00a0\u00bb t\u00e9moigne le directeur de la Banque [&hellip;]","twitter_image":"https:\/\/vosgesinfo.fr\/app\/uploads\/sites\/3\/2024\/08\/201602banque-de-france.jpg","twitter_creator":"@VosgesInfo88","twitter_site":"@VosgesInfo88","twitter_misc":{"\u00c9crit par":"C.K.","Dur\u00e9e de lecture estim\u00e9e":"2 minutes"},"schema":{"@context":"https:\/\/schema.org","@graph":[{"@type":"Article","@id":"https:\/\/vosgesinfo.fr\/epinalinfo\/2016\/02\/vosgiens-toujours-plus-endettes\/#article","isPartOf":{"@id":"https:\/\/vosgesinfo.fr\/epinalinfo\/2016\/02\/vosgiens-toujours-plus-endettes\/"},"author":{"name":"C.K.","@id":"https:\/\/vosgesinfo.fr\/epinalinfo\/#\/schema\/person\/6f9a650eeea99d969b6c4ab78fccbe81"},"headline":"Les Vosgiens toujours plus endett\u00e9s","datePublished":"2016-02-11T15:38:18+00:00","dateModified":"2016-02-11T15:38:18+00:00","mainEntityOfPage":{"@id":"https:\/\/vosgesinfo.fr\/epinalinfo\/2016\/02\/vosgiens-toujours-plus-endettes\/"},"wordCount":453,"commentCount":0,"publisher":{"@id":"https:\/\/vosgesinfo.fr\/epinalinfo\/#organization"},"image":{"@id":"https:\/\/vosgesinfo.fr\/epinalinfo\/2016\/02\/vosgiens-toujours-plus-endettes\/#primaryimage"},"thumbnailUrl":"https:\/\/vosgesinfo.fr\/app\/uploads\/sites\/3\/2024\/08\/201602banque-de-france.jpg","keywords":["Banque de France","endettement","pouvoir d'achat"],"articleSection":["A la Une","\u00c9conomie","Vosges"],"inLanguage":"fr-FR","potentialAction":[{"@type":"CommentAction","name":"Comment","target":["https:\/\/vosgesinfo.fr\/epinalinfo\/2016\/02\/vosgiens-toujours-plus-endettes\/#respond"]}]},{"@type":"WebPage","@id":"https:\/\/vosgesinfo.fr\/epinalinfo\/2016\/02\/vosgiens-toujours-plus-endettes\/","url":"https:\/\/vosgesinfo.fr\/epinalinfo\/2016\/02\/vosgiens-toujours-plus-endettes\/","name":"Les Vosgiens toujours plus endett\u00e9s - Epinal Info","isPartOf":{"@id":"https:\/\/vosgesinfo.fr\/epinalinfo\/#website"},"primaryImageOfPage":{"@id":"https:\/\/vosgesinfo.fr\/epinalinfo\/2016\/02\/vosgiens-toujours-plus-endettes\/#primaryimage"},"image":{"@id":"https:\/\/vosgesinfo.fr\/epinalinfo\/2016\/02\/vosgiens-toujours-plus-endettes\/#primaryimage"},"thumbnailUrl":"https:\/\/vosgesinfo.fr\/app\/uploads\/sites\/3\/2024\/08\/201602banque-de-france.jpg","datePublished":"2016-02-11T15:38:18+00:00","dateModified":"2016-02-11T15:38:18+00:00","breadcrumb":{"@id":"https:\/\/vosgesinfo.fr\/epinalinfo\/2016\/02\/vosgiens-toujours-plus-endettes\/#breadcrumb"},"inLanguage":"fr-FR","potentialAction":[{"@type":"ReadAction","target":["https:\/\/vosgesinfo.fr\/epinalinfo\/2016\/02\/vosgiens-toujours-plus-endettes\/"]}]},{"@type":"ImageObject","inLanguage":"fr-FR","@id":"https:\/\/vosgesinfo.fr\/epinalinfo\/2016\/02\/vosgiens-toujours-plus-endettes\/#primaryimage","url":"https:\/\/vosgesinfo.fr\/app\/uploads\/sites\/3\/2024\/08\/201602banque-de-france.jpg","contentUrl":"https:\/\/vosgesinfo.fr\/app\/uploads\/sites\/3\/2024\/08\/201602banque-de-france.jpg","width":1024,"height":768},{"@type":"BreadcrumbList","@id":"https:\/\/vosgesinfo.fr\/epinalinfo\/2016\/02\/vosgiens-toujours-plus-endettes\/#breadcrumb","itemListElement":[{"@type":"ListItem","position":1,"name":"Home","item":"https:\/\/vosgesinfo.fr\/epinalinfo\/"},{"@type":"ListItem","position":2,"name":"Les Vosgiens toujours plus endett\u00e9s"}]},{"@type":"WebSite","@id":"https:\/\/vosgesinfo.fr\/epinalinfo\/#website","url":"https:\/\/vosgesinfo.fr\/epinalinfo\/","name":"Epinal Info","description":"Toute l&#039;actualit\u00e9 d&#039;\u00c9pinal","publisher":{"@id":"https:\/\/vosgesinfo.fr\/epinalinfo\/#organization"},"alternateName":"Toute l'actualit\u00e9 d'\u00c9pinal","potentialAction":[{"@type":"SearchAction","target":{"@type":"EntryPoint","urlTemplate":"https:\/\/vosgesinfo.fr\/epinalinfo\/?s={search_term_string}"},"query-input":"required name=search_term_string"}],"inLanguage":"fr-FR"},{"@type":"Organization","@id":"https:\/\/vosgesinfo.fr\/epinalinfo\/#organization","name":"Epinal Info","url":"https:\/\/vosgesinfo.fr\/epinalinfo\/","logo":{"@type":"ImageObject","inLanguage":"fr-FR","@id":"https:\/\/vosgesinfo.fr\/epinalinfo\/#\/schema\/logo\/image\/","url":"https:\/\/vosgesinfo.fr\/app\/uploads\/sites\/3\/2023\/08\/logo-epinalinfos.svg","contentUrl":"https:\/\/vosgesinfo.fr\/app\/uploads\/sites\/3\/2023\/08\/logo-epinalinfos.svg","width":1,"height":1,"caption":"Epinal Info"},"image":{"@id":"https:\/\/vosgesinfo.fr\/epinalinfo\/#\/schema\/logo\/image\/"},"sameAs":["https:\/\/www.facebook.com\/Epinalinfos","https:\/\/x.com\/VosgesInfo88","https:\/\/www.youtube.com\/@vosgesinfo"]},{"@type":"Person","@id":"https:\/\/vosgesinfo.fr\/epinalinfo\/#\/schema\/person\/6f9a650eeea99d969b6c4ab78fccbe81","name":"C.K.","image":{"@type":"ImageObject","inLanguage":"fr-FR","@id":"https:\/\/vosgesinfo.fr\/epinalinfo\/#\/schema\/person\/image\/","url":"https:\/\/secure.gravatar.com\/avatar\/48e3fc7f8421ba8942be6b74a2b7f014ca39bc00dece156b7a8e098ae7dc87bf?s=96&d=mm&r=g","contentUrl":"https:\/\/secure.gravatar.com\/avatar\/48e3fc7f8421ba8942be6b74a2b7f014ca39bc00dece156b7a8e098ae7dc87bf?s=96&d=mm&r=g","caption":"C.K."},"url":"https:\/\/vosgesinfo.fr\/epinalinfo\/author\/celia-k-n\/"}]}},"_links":{"self":[{"href":"https:\/\/vosgesinfo.fr\/epinalinfo\/wp-json\/wp\/v2\/posts\/58161","targetHints":{"allow":["GET"]}}],"collection":[{"href":"https:\/\/vosgesinfo.fr\/epinalinfo\/wp-json\/wp\/v2\/posts"}],"about":[{"href":"https:\/\/vosgesinfo.fr\/epinalinfo\/wp-json\/wp\/v2\/types\/post"}],"author":[{"embeddable":true,"href":"https:\/\/vosgesinfo.fr\/epinalinfo\/wp-json\/wp\/v2\/users\/52"}],"replies":[{"embeddable":true,"href":"https:\/\/vosgesinfo.fr\/epinalinfo\/wp-json\/wp\/v2\/comments?post=58161"}],"version-history":[{"count":0,"href":"https:\/\/vosgesinfo.fr\/epinalinfo\/wp-json\/wp\/v2\/posts\/58161\/revisions"}],"wp:featuredmedia":[{"embeddable":true,"href":"https:\/\/vosgesinfo.fr\/epinalinfo\/wp-json\/wp\/v2\/media\/58162"}],"wp:attachment":[{"href":"https:\/\/vosgesinfo.fr\/epinalinfo\/wp-json\/wp\/v2\/media?parent=58161"}],"wp:term":[{"taxonomy":"category","embeddable":true,"href":"https:\/\/vosgesinfo.fr\/epinalinfo\/wp-json\/wp\/v2\/categories?post=58161"},{"taxonomy":"post_tag","embeddable":true,"href":"https:\/\/vosgesinfo.fr\/epinalinfo\/wp-json\/wp\/v2\/tags?post=58161"}],"curies":[{"name":"wp","href":"https:\/\/api.w.org\/{rel}","templated":true}]}}