{"id":58551,"date":"2016-02-23T07:03:46","date_gmt":"2016-02-23T06:03:46","guid":{"rendered":"https:\/\/vosgesinfo.fr\/epinalinfo\/2016\/02\/conseil-departemental-va-deployer-plan-damenagement-numerique\/"},"modified":"2016-02-23T07:03:46","modified_gmt":"2016-02-23T06:03:46","slug":"conseil-departemental-va-deployer-plan-damenagement-numerique","status":"publish","type":"post","link":"https:\/\/vosgesinfo.fr\/epinalinfo\/2016\/02\/conseil-departemental-va-deployer-plan-damenagement-numerique\/","title":{"rendered":"Le Conseil D\u00e9partemental va d\u00e9ployer son plan d\u2019am\u00e9nagement num\u00e9rique"},"content":{"rendered":"<p><strong>Les conseillers d\u00e9partementaux se sont r\u00e9unis ce lundi 22 f\u00e9vrier sous la pr\u00e9sidence de Fran\u00e7ois Vannson afin d\u2019\u00e9tudier 31 rapports qui ont tous \u00e9t\u00e9 vot\u00e9s \u00e0 l\u2019unanimit\u00e9. Vendredi 26 f\u00e9vrier les \u00e9lus se retrouveront pour voter cette fois, le budget 2016 du Conseil D\u00e9partemental.<\/strong><\/p>\n<p><strong>Routes<\/strong><\/p>\n<p>Les \u00e9lus ont approuv\u00e9 un programme de 1\u00a0406\u00a0000 euros permettant la r\u00e9paration d\u2019aqueducs, la r\u00e9alisation d\u2019enrob\u00e9s sur les secteurs de Vittel, Epinal, La Bresse, Bruy\u00e8res, Raon l\u2019Etape, Remiremont, Darney, Golbey.<\/p>\n<p><strong>Num\u00e9rique<\/strong><\/p>\n<p>Le Conseil D\u00e9partemental des Vosges a choisi de s\u2019emparer de la probl\u00e9matique du num\u00e9rique et d\u00e9ploie son plan d\u2019am\u00e9nagement num\u00e9rique d\u2019un montant de 60 millions d\u2019euros afin de r\u00e9sorber les zones blanches Haut D\u00e9bit et de fournir un d\u00e9bit plancher de 3 \u00e0 4 Mbit\/s.<\/p>\n<p>Ainsi \u00e0 c\u00f4t\u00e9 de solutions filaires et du d\u00e9ploiement de la fibre optique, le D\u00e9partement apporte \u00e9galement une aide \u00e0 l\u2019installation et l\u2019acquisition d\u2019antenne de r\u00e9ception internet par satellite.<\/p>\n<p>La solution satellite est devenue une alternative efficace pour desservir en Haut D\u00e9bit les usagers. Depuis la mise en orbite r\u00e9cente du premier satellite europ\u00e9en d\u00e9di\u00e9 \u00e0 l\u2019Internet Haut D\u00e9bit, KA-SAT, embarquant les toutes derni\u00e8res technologies satellitaires, il est possible aujourd\u2019hui d\u2019acc\u00e9der \u00e0 des services \u00ab Triple Play \u00bb comparables \u00e0 ceux disponibles sur les r\u00e9seaux ADSL. Dans ce cas de figure chaque vosgien peut recevoir une aide de 200 euros maximum.<\/p>\n<p>Ainsi 6 particuliers se sont vus attribuer une aide de 100 \u00e0 200 euros, ils r\u00e9sident sur les communes de Xertigny, Le Val d\u2019Ajol, Rupt sur Moselle, Sapois, Liezey, Ban sur Meurthe Clefcy.<\/p>\n<p><strong>Sport\u00a0: <\/strong><\/p>\n<p>Les Conseillers d\u00e9partementaux ont vot\u00e9 un engagement financier de 156\u00a0750 euros afin de soutenir l\u2019organisation d\u2019\u00e9v\u00e8nements sportifs dans les Vosges. Ainsi le D\u00e9partement sera aux c\u00f4t\u00e9s des organisateurs de la coupe du monde de VTT \u00e0 la Bresse, du tournoi de tennis f\u00e9minin \u00e0 Contrex\u00e9ville, du triathlon de G\u00e9rardmer, du Championnat de France super motard \u00e0 Mirecourt, du trail des Vosges \u00e0 Saint-Nabord, du championnat de France des 100 km de marche \u00e0 Corcieux\u2026<\/p>\n","protected":false},"excerpt":{"rendered":"<p>Les conseillers d\u00e9partementaux se sont r\u00e9unis ce lundi 22 f\u00e9vrier sous la pr\u00e9sidence de Fran\u00e7ois Vannson afin d\u2019\u00e9tudier 31 rapports [&hellip;]<\/p>\n","protected":false},"author":52,"featured_media":0,"comment_status":"open","ping_status":"open","sticky":false,"template":"","format":"standard","meta":{"footnotes":""},"categories":[22,5],"tags":[],"class_list":["post-58551","post","type-post","status-publish","format-standard","hentry","category-a-la-une","category-vosges"],"acf":[],"yoast_head":"<!-- This site is optimized with the Yoast SEO plugin v22.5 - https:\/\/yoast.com\/wordpress\/plugins\/seo\/ -->\n<title>Le Conseil D\u00e9partemental va d\u00e9ployer son plan d\u2019am\u00e9nagement num\u00e9rique - Epinal Info<\/title>\n<meta name=\"robots\" content=\"index, follow, max-snippet:-1, max-image-preview:large, max-video-preview:-1\" \/>\n<link rel=\"canonical\" href=\"https:\/\/vosgesinfo.fr\/epinalinfo\/2016\/02\/conseil-departemental-va-deployer-plan-damenagement-numerique\/\" \/>\n<meta name=\"twitter:card\" content=\"summary_large_image\" \/>\n<meta name=\"twitter:title\" content=\"Le Conseil D\u00e9partemental va d\u00e9ployer son plan d\u2019am\u00e9nagement num\u00e9rique - Epinal Info\" \/>\n<meta name=\"twitter:description\" content=\"Les conseillers d\u00e9partementaux se sont r\u00e9unis ce lundi 22 f\u00e9vrier sous la pr\u00e9sidence de Fran\u00e7ois Vannson afin d\u2019\u00e9tudier 31 rapports [&hellip;]\" \/>\n<meta name=\"twitter:creator\" content=\"@VosgesInfo88\" \/>\n<meta name=\"twitter:site\" content=\"@VosgesInfo88\" \/>\n<meta name=\"twitter:label1\" content=\"\u00c9crit par\" \/>\n\t<meta name=\"twitter:data1\" content=\"C.K.\" \/>\n\t<meta name=\"twitter:label2\" content=\"Dur\u00e9e de lecture estim\u00e9e\" \/>\n\t<meta name=\"twitter:data2\" content=\"2 minutes\" \/>\n<script type=\"application\/ld+json\" class=\"yoast-schema-graph\">{\"@context\":\"https:\/\/schema.org\",\"@graph\":[{\"@type\":\"Article\",\"@id\":\"https:\/\/vosgesinfo.fr\/epinalinfo\/2016\/02\/conseil-departemental-va-deployer-plan-damenagement-numerique\/#article\",\"isPartOf\":{\"@id\":\"https:\/\/vosgesinfo.fr\/epinalinfo\/2016\/02\/conseil-departemental-va-deployer-plan-damenagement-numerique\/\"},\"author\":{\"name\":\"C.K.\",\"@id\":\"https:\/\/vosgesinfo.fr\/epinalinfo\/#\/schema\/person\/6f9a650eeea99d969b6c4ab78fccbe81\"},\"headline\":\"Le Conseil D\u00e9partemental va d\u00e9ployer son plan d\u2019am\u00e9nagement num\u00e9rique\",\"datePublished\":\"2016-02-23T06:03:46+00:00\",\"dateModified\":\"2016-02-23T06:03:46+00:00\",\"mainEntityOfPage\":{\"@id\":\"https:\/\/vosgesinfo.fr\/epinalinfo\/2016\/02\/conseil-departemental-va-deployer-plan-damenagement-numerique\/\"},\"wordCount\":377,\"commentCount\":0,\"publisher\":{\"@id\":\"https:\/\/vosgesinfo.fr\/epinalinfo\/#organization\"},\"articleSection\":[\"A la Une\",\"Vosges\"],\"inLanguage\":\"fr-FR\",\"potentialAction\":[{\"@type\":\"CommentAction\",\"name\":\"Comment\",\"target\":[\"https:\/\/vosgesinfo.fr\/epinalinfo\/2016\/02\/conseil-departemental-va-deployer-plan-damenagement-numerique\/#respond\"]}]},{\"@type\":\"WebPage\",\"@id\":\"https:\/\/vosgesinfo.fr\/epinalinfo\/2016\/02\/conseil-departemental-va-deployer-plan-damenagement-numerique\/\",\"url\":\"https:\/\/vosgesinfo.fr\/epinalinfo\/2016\/02\/conseil-departemental-va-deployer-plan-damenagement-numerique\/\",\"name\":\"Le Conseil D\u00e9partemental va d\u00e9ployer son plan d\u2019am\u00e9nagement num\u00e9rique - Epinal Info\",\"isPartOf\":{\"@id\":\"https:\/\/vosgesinfo.fr\/epinalinfo\/#website\"},\"datePublished\":\"2016-02-23T06:03:46+00:00\",\"dateModified\":\"2016-02-23T06:03:46+00:00\",\"breadcrumb\":{\"@id\":\"https:\/\/vosgesinfo.fr\/epinalinfo\/2016\/02\/conseil-departemental-va-deployer-plan-damenagement-numerique\/#breadcrumb\"},\"inLanguage\":\"fr-FR\",\"potentialAction\":[{\"@type\":\"ReadAction\",\"target\":[\"https:\/\/vosgesinfo.fr\/epinalinfo\/2016\/02\/conseil-departemental-va-deployer-plan-damenagement-numerique\/\"]}]},{\"@type\":\"BreadcrumbList\",\"@id\":\"https:\/\/vosgesinfo.fr\/epinalinfo\/2016\/02\/conseil-departemental-va-deployer-plan-damenagement-numerique\/#breadcrumb\",\"itemListElement\":[{\"@type\":\"ListItem\",\"position\":1,\"name\":\"Home\",\"item\":\"https:\/\/vosgesinfo.fr\/epinalinfo\/\"},{\"@type\":\"ListItem\",\"position\":2,\"name\":\"Le Conseil D\u00e9partemental va d\u00e9ployer son plan d\u2019am\u00e9nagement num\u00e9rique\"}]},{\"@type\":\"WebSite\",\"@id\":\"https:\/\/vosgesinfo.fr\/epinalinfo\/#website\",\"url\":\"https:\/\/vosgesinfo.fr\/epinalinfo\/\",\"name\":\"Epinal Info\",\"description\":\"Toute l&#039;actualit\u00e9 d&#039;\u00c9pinal\",\"publisher\":{\"@id\":\"https:\/\/vosgesinfo.fr\/epinalinfo\/#organization\"},\"alternateName\":\"Toute l'actualit\u00e9 d'\u00c9pinal\",\"potentialAction\":[{\"@type\":\"SearchAction\",\"target\":{\"@type\":\"EntryPoint\",\"urlTemplate\":\"https:\/\/vosgesinfo.fr\/epinalinfo\/?s={search_term_string}\"},\"query-input\":\"required name=search_term_string\"}],\"inLanguage\":\"fr-FR\"},{\"@type\":\"Organization\",\"@id\":\"https:\/\/vosgesinfo.fr\/epinalinfo\/#organization\",\"name\":\"Epinal Info\",\"url\":\"https:\/\/vosgesinfo.fr\/epinalinfo\/\",\"logo\":{\"@type\":\"ImageObject\",\"inLanguage\":\"fr-FR\",\"@id\":\"https:\/\/vosgesinfo.fr\/epinalinfo\/#\/schema\/logo\/image\/\",\"url\":\"https:\/\/vosgesinfo.fr\/app\/uploads\/sites\/3\/2023\/08\/logo-epinalinfos.svg\",\"contentUrl\":\"https:\/\/vosgesinfo.fr\/app\/uploads\/sites\/3\/2023\/08\/logo-epinalinfos.svg\",\"width\":1,\"height\":1,\"caption\":\"Epinal Info\"},\"image\":{\"@id\":\"https:\/\/vosgesinfo.fr\/epinalinfo\/#\/schema\/logo\/image\/\"},\"sameAs\":[\"https:\/\/www.facebook.com\/Epinalinfos\",\"https:\/\/x.com\/VosgesInfo88\",\"https:\/\/www.youtube.com\/@vosgesinfo\"]},{\"@type\":\"Person\",\"@id\":\"https:\/\/vosgesinfo.fr\/epinalinfo\/#\/schema\/person\/6f9a650eeea99d969b6c4ab78fccbe81\",\"name\":\"C.K.\",\"image\":{\"@type\":\"ImageObject\",\"inLanguage\":\"fr-FR\",\"@id\":\"https:\/\/vosgesinfo.fr\/epinalinfo\/#\/schema\/person\/image\/\",\"url\":\"https:\/\/secure.gravatar.com\/avatar\/48e3fc7f8421ba8942be6b74a2b7f014ca39bc00dece156b7a8e098ae7dc87bf?s=96&d=mm&r=g\",\"contentUrl\":\"https:\/\/secure.gravatar.com\/avatar\/48e3fc7f8421ba8942be6b74a2b7f014ca39bc00dece156b7a8e098ae7dc87bf?s=96&d=mm&r=g\",\"caption\":\"C.K.\"},\"url\":\"https:\/\/vosgesinfo.fr\/epinalinfo\/author\/celia-k-n\/\"}]}<\/script>\n<!-- \/ Yoast SEO plugin. -->","yoast_head_json":{"title":"Le Conseil D\u00e9partemental va d\u00e9ployer son plan d\u2019am\u00e9nagement num\u00e9rique - Epinal Info","robots":{"index":"index","follow":"follow","max-snippet":"max-snippet:-1","max-image-preview":"max-image-preview:large","max-video-preview":"max-video-preview:-1"},"canonical":"https:\/\/vosgesinfo.fr\/epinalinfo\/2016\/02\/conseil-departemental-va-deployer-plan-damenagement-numerique\/","twitter_card":"summary_large_image","twitter_title":"Le Conseil D\u00e9partemental va d\u00e9ployer son plan d\u2019am\u00e9nagement num\u00e9rique - Epinal Info","twitter_description":"Les conseillers d\u00e9partementaux se sont r\u00e9unis ce lundi 22 f\u00e9vrier sous la pr\u00e9sidence de Fran\u00e7ois Vannson afin d\u2019\u00e9tudier 31 rapports [&hellip;]","twitter_creator":"@VosgesInfo88","twitter_site":"@VosgesInfo88","twitter_misc":{"\u00c9crit par":"C.K.","Dur\u00e9e de lecture estim\u00e9e":"2 minutes"},"schema":{"@context":"https:\/\/schema.org","@graph":[{"@type":"Article","@id":"https:\/\/vosgesinfo.fr\/epinalinfo\/2016\/02\/conseil-departemental-va-deployer-plan-damenagement-numerique\/#article","isPartOf":{"@id":"https:\/\/vosgesinfo.fr\/epinalinfo\/2016\/02\/conseil-departemental-va-deployer-plan-damenagement-numerique\/"},"author":{"name":"C.K.","@id":"https:\/\/vosgesinfo.fr\/epinalinfo\/#\/schema\/person\/6f9a650eeea99d969b6c4ab78fccbe81"},"headline":"Le Conseil D\u00e9partemental va d\u00e9ployer son plan d\u2019am\u00e9nagement num\u00e9rique","datePublished":"2016-02-23T06:03:46+00:00","dateModified":"2016-02-23T06:03:46+00:00","mainEntityOfPage":{"@id":"https:\/\/vosgesinfo.fr\/epinalinfo\/2016\/02\/conseil-departemental-va-deployer-plan-damenagement-numerique\/"},"wordCount":377,"commentCount":0,"publisher":{"@id":"https:\/\/vosgesinfo.fr\/epinalinfo\/#organization"},"articleSection":["A la Une","Vosges"],"inLanguage":"fr-FR","potentialAction":[{"@type":"CommentAction","name":"Comment","target":["https:\/\/vosgesinfo.fr\/epinalinfo\/2016\/02\/conseil-departemental-va-deployer-plan-damenagement-numerique\/#respond"]}]},{"@type":"WebPage","@id":"https:\/\/vosgesinfo.fr\/epinalinfo\/2016\/02\/conseil-departemental-va-deployer-plan-damenagement-numerique\/","url":"https:\/\/vosgesinfo.fr\/epinalinfo\/2016\/02\/conseil-departemental-va-deployer-plan-damenagement-numerique\/","name":"Le Conseil D\u00e9partemental va d\u00e9ployer son plan d\u2019am\u00e9nagement num\u00e9rique - Epinal Info","isPartOf":{"@id":"https:\/\/vosgesinfo.fr\/epinalinfo\/#website"},"datePublished":"2016-02-23T06:03:46+00:00","dateModified":"2016-02-23T06:03:46+00:00","breadcrumb":{"@id":"https:\/\/vosgesinfo.fr\/epinalinfo\/2016\/02\/conseil-departemental-va-deployer-plan-damenagement-numerique\/#breadcrumb"},"inLanguage":"fr-FR","potentialAction":[{"@type":"ReadAction","target":["https:\/\/vosgesinfo.fr\/epinalinfo\/2016\/02\/conseil-departemental-va-deployer-plan-damenagement-numerique\/"]}]},{"@type":"BreadcrumbList","@id":"https:\/\/vosgesinfo.fr\/epinalinfo\/2016\/02\/conseil-departemental-va-deployer-plan-damenagement-numerique\/#breadcrumb","itemListElement":[{"@type":"ListItem","position":1,"name":"Home","item":"https:\/\/vosgesinfo.fr\/epinalinfo\/"},{"@type":"ListItem","position":2,"name":"Le Conseil D\u00e9partemental va d\u00e9ployer son plan d\u2019am\u00e9nagement num\u00e9rique"}]},{"@type":"WebSite","@id":"https:\/\/vosgesinfo.fr\/epinalinfo\/#website","url":"https:\/\/vosgesinfo.fr\/epinalinfo\/","name":"Epinal Info","description":"Toute l&#039;actualit\u00e9 d&#039;\u00c9pinal","publisher":{"@id":"https:\/\/vosgesinfo.fr\/epinalinfo\/#organization"},"alternateName":"Toute l'actualit\u00e9 d'\u00c9pinal","potentialAction":[{"@type":"SearchAction","target":{"@type":"EntryPoint","urlTemplate":"https:\/\/vosgesinfo.fr\/epinalinfo\/?s={search_term_string}"},"query-input":"required name=search_term_string"}],"inLanguage":"fr-FR"},{"@type":"Organization","@id":"https:\/\/vosgesinfo.fr\/epinalinfo\/#organization","name":"Epinal Info","url":"https:\/\/vosgesinfo.fr\/epinalinfo\/","logo":{"@type":"ImageObject","inLanguage":"fr-FR","@id":"https:\/\/vosgesinfo.fr\/epinalinfo\/#\/schema\/logo\/image\/","url":"https:\/\/vosgesinfo.fr\/app\/uploads\/sites\/3\/2023\/08\/logo-epinalinfos.svg","contentUrl":"https:\/\/vosgesinfo.fr\/app\/uploads\/sites\/3\/2023\/08\/logo-epinalinfos.svg","width":1,"height":1,"caption":"Epinal Info"},"image":{"@id":"https:\/\/vosgesinfo.fr\/epinalinfo\/#\/schema\/logo\/image\/"},"sameAs":["https:\/\/www.facebook.com\/Epinalinfos","https:\/\/x.com\/VosgesInfo88","https:\/\/www.youtube.com\/@vosgesinfo"]},{"@type":"Person","@id":"https:\/\/vosgesinfo.fr\/epinalinfo\/#\/schema\/person\/6f9a650eeea99d969b6c4ab78fccbe81","name":"C.K.","image":{"@type":"ImageObject","inLanguage":"fr-FR","@id":"https:\/\/vosgesinfo.fr\/epinalinfo\/#\/schema\/person\/image\/","url":"https:\/\/secure.gravatar.com\/avatar\/48e3fc7f8421ba8942be6b74a2b7f014ca39bc00dece156b7a8e098ae7dc87bf?s=96&d=mm&r=g","contentUrl":"https:\/\/secure.gravatar.com\/avatar\/48e3fc7f8421ba8942be6b74a2b7f014ca39bc00dece156b7a8e098ae7dc87bf?s=96&d=mm&r=g","caption":"C.K."},"url":"https:\/\/vosgesinfo.fr\/epinalinfo\/author\/celia-k-n\/"}]}},"_links":{"self":[{"href":"https:\/\/vosgesinfo.fr\/epinalinfo\/wp-json\/wp\/v2\/posts\/58551","targetHints":{"allow":["GET"]}}],"collection":[{"href":"https:\/\/vosgesinfo.fr\/epinalinfo\/wp-json\/wp\/v2\/posts"}],"about":[{"href":"https:\/\/vosgesinfo.fr\/epinalinfo\/wp-json\/wp\/v2\/types\/post"}],"author":[{"embeddable":true,"href":"https:\/\/vosgesinfo.fr\/epinalinfo\/wp-json\/wp\/v2\/users\/52"}],"replies":[{"embeddable":true,"href":"https:\/\/vosgesinfo.fr\/epinalinfo\/wp-json\/wp\/v2\/comments?post=58551"}],"version-history":[{"count":0,"href":"https:\/\/vosgesinfo.fr\/epinalinfo\/wp-json\/wp\/v2\/posts\/58551\/revisions"}],"wp:attachment":[{"href":"https:\/\/vosgesinfo.fr\/epinalinfo\/wp-json\/wp\/v2\/media?parent=58551"}],"wp:term":[{"taxonomy":"category","embeddable":true,"href":"https:\/\/vosgesinfo.fr\/epinalinfo\/wp-json\/wp\/v2\/categories?post=58551"},{"taxonomy":"post_tag","embeddable":true,"href":"https:\/\/vosgesinfo.fr\/epinalinfo\/wp-json\/wp\/v2\/tags?post=58551"}],"curies":[{"name":"wp","href":"https:\/\/api.w.org\/{rel}","templated":true}]}}