{"id":58573,"date":"2016-02-23T11:49:14","date_gmt":"2016-02-23T10:49:14","guid":{"rendered":"https:\/\/vosgesinfo.fr\/epinalinfo\/2016\/02\/huit-films-soutenus-region-nomines-aux-cesar-2016\/"},"modified":"2016-02-23T11:49:14","modified_gmt":"2016-02-23T10:49:14","slug":"huit-films-soutenus-region-nomines-aux-cesar-2016","status":"publish","type":"post","link":"https:\/\/vosgesinfo.fr\/epinalinfo\/2016\/02\/huit-films-soutenus-region-nomines-aux-cesar-2016\/","title":{"rendered":"Huit films soutenus par la R\u00e9gion nomin\u00e9s aux C\u00e9sar 2016"},"content":{"rendered":"<div id=\"attachment_84860\" style=\"width: 910px\" class=\"wp-caption aligncenter\"><a href=\"\/2016\/02\/10375.jpg\"><img decoding=\"async\" aria-describedby=\"caption-attachment-84860\" class=\"wp-image-84860 size-full\" src=\"\/2016\/02\/10375.jpg\" alt=\"10375\" width=\"900\" height=\"600\" \/><\/a><p id=\"caption-attachment-84860\" class=\"wp-caption-text\">Le troph\u00e9e C\u00e9sar &amp; Techniques\u00a9 mJANNIN \/ ENS Louis-Lumi\u00e8re<\/p><\/div>\n<p><strong>Huit films soutenus par la R\u00e9gion sont s\u00e9lectionn\u00e9s \u00e0 la 41\u00e8me C\u00e9r\u00e9monie des C\u00e9sar, qui se tiendra le 26 f\u00e9vrier prochain, \u00e0 Paris.<\/strong><\/p>\n<ul>\n<li><strong>Meilleur espoir f\u00e9minin<\/strong> : Sarah Giraudeau dans <em>Les B\u00eatises<\/em>, un long-m\u00e9trage produit par ASA Films. Ce film a \u00e9t\u00e9 tourn\u00e9 en Alsace, principalement \u00e0 Andlau, en 2014.<\/li>\n<li><strong>Meilleur film d\u2019animation en court m\u00e9trage<\/strong> : <em>Le repas dominical<\/em>, r\u00e9alis\u00e9 par C\u00e9line Devaux et produit par Ron Dyens.<\/li>\n<li><strong>Meilleure adaptation<\/strong> :\n<ul>\n<li>Samuel Benchetrit pour <em>Asphalte<\/em>, un long-m\u00e9trage produit par Ivan Ta\u00efeb (La Camera Deluxe), Marie Savare (Maje Productions) et Julien Madon (Single man Productions). Tourn\u00e9 \u00e0 Colmar entre d\u00e9cembre 2014 et f\u00e9vrier 2015 (pendant 30 jours).<\/li>\n<li>Vincent Garenq et St\u00e9phane Cabel pour<em> L\u2019enqu\u00eate<\/em>, produit par Christophe Rossignon et Philip Bo\u00ebffard.<\/li>\n<\/ul>\n<\/li>\n<li><strong>Meilleur court m\u00e9trage<\/strong> :\n<ul>\n<li><em>La contre-all\u00e9e<\/em> , r\u00e9alis\u00e9 par C\u00e9cile Ducrocq et produit par Ann\u00e9e Z\u00e9ro. Le tournage a eu lieu du 2 au 11 janvier 2014 principalement \u00e0 Strasbourg et Eckbolsheim (67).<\/li>\n<li><em>Mon h\u00e9ros<\/em>, <em>r\u00e9alis\u00e9 par Sylvain Desclous <\/em>et produit par S\u00e9same Films. Le tournage a eu lieu \u00e0 Saint-Dizier en juin 2014.<\/li>\n<\/ul>\n<\/li>\n<li><strong>Meilleur premier film<\/strong> : <em>Ni le ciel ni la terre<\/em>, r\u00e9alis\u00e9 par Cl\u00e9ment Cogitore et produit par Jean-Christophe Reymond (Kazak Productions).<\/li>\n<li><strong>Meilleur film documentaire<\/strong> : <em>Cavanna, jusqu\u2019\u00e0 l\u2019ultime seconde, j\u2019\u00e9crirai,<\/em> r\u00e9alis\u00e9 par Nina et Denis Robert et produit par ces derniers ainsi que Bertrand Faivre.<\/li>\n<\/ul>\n<p>Plus d\u2019informations sur le site\u00a0: <a href=\"http:\/\/www.academie-cinema.org\/\" target=\"_blank\" rel=\"noopener\">www.academie-cinema.org<\/a><\/p>\n","protected":false},"excerpt":{"rendered":"<p>Huit films soutenus par la R\u00e9gion sont s\u00e9lectionn\u00e9s \u00e0 la 41\u00e8me C\u00e9r\u00e9monie des C\u00e9sar, qui se tiendra le 26 f\u00e9vrier [&hellip;]<\/p>\n","protected":false},"author":52,"featured_media":58574,"comment_status":"open","ping_status":"open","sticky":false,"template":"","format":"standard","meta":{"footnotes":""},"categories":[22,12,144],"tags":[6967,137],"class_list":["post-58573","post","type-post","status-publish","format-standard","has-post-thumbnail","hentry","category-a-la-une","category-culture","category-region","tag-ceremonie-des-cesar","tag-cinema"],"acf":[],"yoast_head":"<!-- This site is optimized with the Yoast SEO plugin v22.5 - https:\/\/yoast.com\/wordpress\/plugins\/seo\/ -->\n<title>Huit films soutenus par la R\u00e9gion nomin\u00e9s aux C\u00e9sar 2016 - Epinal Info<\/title>\n<meta name=\"robots\" content=\"index, follow, max-snippet:-1, max-image-preview:large, max-video-preview:-1\" \/>\n<link rel=\"canonical\" href=\"https:\/\/vosgesinfo.fr\/epinalinfo\/2016\/02\/huit-films-soutenus-region-nomines-aux-cesar-2016\/\" \/>\n<meta name=\"twitter:card\" content=\"summary_large_image\" \/>\n<meta name=\"twitter:title\" content=\"Huit films soutenus par la R\u00e9gion nomin\u00e9s aux C\u00e9sar 2016 - Epinal Info\" \/>\n<meta name=\"twitter:description\" content=\"Huit films soutenus par la R\u00e9gion sont s\u00e9lectionn\u00e9s \u00e0 la 41\u00e8me C\u00e9r\u00e9monie des C\u00e9sar, qui se tiendra le 26 f\u00e9vrier [&hellip;]\" \/>\n<meta name=\"twitter:image\" content=\"https:\/\/vosgesinfo.fr\/app\/uploads\/sites\/3\/2024\/08\/20160210375.jpg\" \/>\n<meta name=\"twitter:creator\" content=\"@VosgesInfo88\" \/>\n<meta name=\"twitter:site\" content=\"@VosgesInfo88\" \/>\n<meta name=\"twitter:label1\" content=\"\u00c9crit par\" \/>\n\t<meta name=\"twitter:data1\" content=\"C.K.\" \/>\n\t<meta name=\"twitter:label2\" content=\"Dur\u00e9e de lecture estim\u00e9e\" \/>\n\t<meta name=\"twitter:data2\" content=\"1 minute\" \/>\n<script type=\"application\/ld+json\" class=\"yoast-schema-graph\">{\"@context\":\"https:\/\/schema.org\",\"@graph\":[{\"@type\":\"Article\",\"@id\":\"https:\/\/vosgesinfo.fr\/epinalinfo\/2016\/02\/huit-films-soutenus-region-nomines-aux-cesar-2016\/#article\",\"isPartOf\":{\"@id\":\"https:\/\/vosgesinfo.fr\/epinalinfo\/2016\/02\/huit-films-soutenus-region-nomines-aux-cesar-2016\/\"},\"author\":{\"name\":\"C.K.\",\"@id\":\"https:\/\/vosgesinfo.fr\/epinalinfo\/#\/schema\/person\/6f9a650eeea99d969b6c4ab78fccbe81\"},\"headline\":\"Huit films soutenus par la R\u00e9gion nomin\u00e9s aux C\u00e9sar 2016\",\"datePublished\":\"2016-02-23T10:49:14+00:00\",\"dateModified\":\"2016-02-23T10:49:14+00:00\",\"mainEntityOfPage\":{\"@id\":\"https:\/\/vosgesinfo.fr\/epinalinfo\/2016\/02\/huit-films-soutenus-region-nomines-aux-cesar-2016\/\"},\"wordCount\":272,\"commentCount\":0,\"publisher\":{\"@id\":\"https:\/\/vosgesinfo.fr\/epinalinfo\/#organization\"},\"image\":{\"@id\":\"https:\/\/vosgesinfo.fr\/epinalinfo\/2016\/02\/huit-films-soutenus-region-nomines-aux-cesar-2016\/#primaryimage\"},\"thumbnailUrl\":\"https:\/\/vosgesinfo.fr\/app\/uploads\/sites\/3\/2024\/08\/20160210375.jpg\",\"keywords\":[\"C\u00e9r\u00e9monie des C\u00e9sar\",\"cin\u00e9ma\"],\"articleSection\":[\"A la Une\",\"Culture\",\"R\u00e9gion\"],\"inLanguage\":\"fr-FR\",\"potentialAction\":[{\"@type\":\"CommentAction\",\"name\":\"Comment\",\"target\":[\"https:\/\/vosgesinfo.fr\/epinalinfo\/2016\/02\/huit-films-soutenus-region-nomines-aux-cesar-2016\/#respond\"]}]},{\"@type\":\"WebPage\",\"@id\":\"https:\/\/vosgesinfo.fr\/epinalinfo\/2016\/02\/huit-films-soutenus-region-nomines-aux-cesar-2016\/\",\"url\":\"https:\/\/vosgesinfo.fr\/epinalinfo\/2016\/02\/huit-films-soutenus-region-nomines-aux-cesar-2016\/\",\"name\":\"Huit films soutenus par la R\u00e9gion nomin\u00e9s aux C\u00e9sar 2016 - Epinal Info\",\"isPartOf\":{\"@id\":\"https:\/\/vosgesinfo.fr\/epinalinfo\/#website\"},\"primaryImageOfPage\":{\"@id\":\"https:\/\/vosgesinfo.fr\/epinalinfo\/2016\/02\/huit-films-soutenus-region-nomines-aux-cesar-2016\/#primaryimage\"},\"image\":{\"@id\":\"https:\/\/vosgesinfo.fr\/epinalinfo\/2016\/02\/huit-films-soutenus-region-nomines-aux-cesar-2016\/#primaryimage\"},\"thumbnailUrl\":\"https:\/\/vosgesinfo.fr\/app\/uploads\/sites\/3\/2024\/08\/20160210375.jpg\",\"datePublished\":\"2016-02-23T10:49:14+00:00\",\"dateModified\":\"2016-02-23T10:49:14+00:00\",\"breadcrumb\":{\"@id\":\"https:\/\/vosgesinfo.fr\/epinalinfo\/2016\/02\/huit-films-soutenus-region-nomines-aux-cesar-2016\/#breadcrumb\"},\"inLanguage\":\"fr-FR\",\"potentialAction\":[{\"@type\":\"ReadAction\",\"target\":[\"https:\/\/vosgesinfo.fr\/epinalinfo\/2016\/02\/huit-films-soutenus-region-nomines-aux-cesar-2016\/\"]}]},{\"@type\":\"ImageObject\",\"inLanguage\":\"fr-FR\",\"@id\":\"https:\/\/vosgesinfo.fr\/epinalinfo\/2016\/02\/huit-films-soutenus-region-nomines-aux-cesar-2016\/#primaryimage\",\"url\":\"https:\/\/vosgesinfo.fr\/app\/uploads\/sites\/3\/2024\/08\/20160210375.jpg\",\"contentUrl\":\"https:\/\/vosgesinfo.fr\/app\/uploads\/sites\/3\/2024\/08\/20160210375.jpg\",\"width\":900,\"height\":600},{\"@type\":\"BreadcrumbList\",\"@id\":\"https:\/\/vosgesinfo.fr\/epinalinfo\/2016\/02\/huit-films-soutenus-region-nomines-aux-cesar-2016\/#breadcrumb\",\"itemListElement\":[{\"@type\":\"ListItem\",\"position\":1,\"name\":\"Home\",\"item\":\"https:\/\/vosgesinfo.fr\/epinalinfo\/\"},{\"@type\":\"ListItem\",\"position\":2,\"name\":\"Huit films soutenus par la R\u00e9gion nomin\u00e9s aux C\u00e9sar 2016\"}]},{\"@type\":\"WebSite\",\"@id\":\"https:\/\/vosgesinfo.fr\/epinalinfo\/#website\",\"url\":\"https:\/\/vosgesinfo.fr\/epinalinfo\/\",\"name\":\"Epinal Info\",\"description\":\"Toute l&#039;actualit\u00e9 d&#039;\u00c9pinal\",\"publisher\":{\"@id\":\"https:\/\/vosgesinfo.fr\/epinalinfo\/#organization\"},\"alternateName\":\"Toute l'actualit\u00e9 d'\u00c9pinal\",\"potentialAction\":[{\"@type\":\"SearchAction\",\"target\":{\"@type\":\"EntryPoint\",\"urlTemplate\":\"https:\/\/vosgesinfo.fr\/epinalinfo\/?s={search_term_string}\"},\"query-input\":\"required name=search_term_string\"}],\"inLanguage\":\"fr-FR\"},{\"@type\":\"Organization\",\"@id\":\"https:\/\/vosgesinfo.fr\/epinalinfo\/#organization\",\"name\":\"Epinal Info\",\"url\":\"https:\/\/vosgesinfo.fr\/epinalinfo\/\",\"logo\":{\"@type\":\"ImageObject\",\"inLanguage\":\"fr-FR\",\"@id\":\"https:\/\/vosgesinfo.fr\/epinalinfo\/#\/schema\/logo\/image\/\",\"url\":\"https:\/\/vosgesinfo.fr\/app\/uploads\/sites\/3\/2023\/08\/logo-epinalinfos.svg\",\"contentUrl\":\"https:\/\/vosgesinfo.fr\/app\/uploads\/sites\/3\/2023\/08\/logo-epinalinfos.svg\",\"width\":1,\"height\":1,\"caption\":\"Epinal Info\"},\"image\":{\"@id\":\"https:\/\/vosgesinfo.fr\/epinalinfo\/#\/schema\/logo\/image\/\"},\"sameAs\":[\"https:\/\/www.facebook.com\/Epinalinfos\",\"https:\/\/x.com\/VosgesInfo88\",\"https:\/\/www.youtube.com\/@vosgesinfo\"]},{\"@type\":\"Person\",\"@id\":\"https:\/\/vosgesinfo.fr\/epinalinfo\/#\/schema\/person\/6f9a650eeea99d969b6c4ab78fccbe81\",\"name\":\"C.K.\",\"image\":{\"@type\":\"ImageObject\",\"inLanguage\":\"fr-FR\",\"@id\":\"https:\/\/vosgesinfo.fr\/epinalinfo\/#\/schema\/person\/image\/\",\"url\":\"https:\/\/secure.gravatar.com\/avatar\/48e3fc7f8421ba8942be6b74a2b7f014ca39bc00dece156b7a8e098ae7dc87bf?s=96&d=mm&r=g\",\"contentUrl\":\"https:\/\/secure.gravatar.com\/avatar\/48e3fc7f8421ba8942be6b74a2b7f014ca39bc00dece156b7a8e098ae7dc87bf?s=96&d=mm&r=g\",\"caption\":\"C.K.\"},\"url\":\"https:\/\/vosgesinfo.fr\/epinalinfo\/author\/celia-k-n\/\"}]}<\/script>\n<!-- \/ Yoast SEO plugin. -->","yoast_head_json":{"title":"Huit films soutenus par la R\u00e9gion nomin\u00e9s aux C\u00e9sar 2016 - Epinal Info","robots":{"index":"index","follow":"follow","max-snippet":"max-snippet:-1","max-image-preview":"max-image-preview:large","max-video-preview":"max-video-preview:-1"},"canonical":"https:\/\/vosgesinfo.fr\/epinalinfo\/2016\/02\/huit-films-soutenus-region-nomines-aux-cesar-2016\/","twitter_card":"summary_large_image","twitter_title":"Huit films soutenus par la R\u00e9gion nomin\u00e9s aux C\u00e9sar 2016 - Epinal Info","twitter_description":"Huit films soutenus par la R\u00e9gion sont s\u00e9lectionn\u00e9s \u00e0 la 41\u00e8me C\u00e9r\u00e9monie des C\u00e9sar, qui se tiendra le 26 f\u00e9vrier [&hellip;]","twitter_image":"https:\/\/vosgesinfo.fr\/app\/uploads\/sites\/3\/2024\/08\/20160210375.jpg","twitter_creator":"@VosgesInfo88","twitter_site":"@VosgesInfo88","twitter_misc":{"\u00c9crit par":"C.K.","Dur\u00e9e de lecture estim\u00e9e":"1 minute"},"schema":{"@context":"https:\/\/schema.org","@graph":[{"@type":"Article","@id":"https:\/\/vosgesinfo.fr\/epinalinfo\/2016\/02\/huit-films-soutenus-region-nomines-aux-cesar-2016\/#article","isPartOf":{"@id":"https:\/\/vosgesinfo.fr\/epinalinfo\/2016\/02\/huit-films-soutenus-region-nomines-aux-cesar-2016\/"},"author":{"name":"C.K.","@id":"https:\/\/vosgesinfo.fr\/epinalinfo\/#\/schema\/person\/6f9a650eeea99d969b6c4ab78fccbe81"},"headline":"Huit films soutenus par la R\u00e9gion nomin\u00e9s aux C\u00e9sar 2016","datePublished":"2016-02-23T10:49:14+00:00","dateModified":"2016-02-23T10:49:14+00:00","mainEntityOfPage":{"@id":"https:\/\/vosgesinfo.fr\/epinalinfo\/2016\/02\/huit-films-soutenus-region-nomines-aux-cesar-2016\/"},"wordCount":272,"commentCount":0,"publisher":{"@id":"https:\/\/vosgesinfo.fr\/epinalinfo\/#organization"},"image":{"@id":"https:\/\/vosgesinfo.fr\/epinalinfo\/2016\/02\/huit-films-soutenus-region-nomines-aux-cesar-2016\/#primaryimage"},"thumbnailUrl":"https:\/\/vosgesinfo.fr\/app\/uploads\/sites\/3\/2024\/08\/20160210375.jpg","keywords":["C\u00e9r\u00e9monie des C\u00e9sar","cin\u00e9ma"],"articleSection":["A la Une","Culture","R\u00e9gion"],"inLanguage":"fr-FR","potentialAction":[{"@type":"CommentAction","name":"Comment","target":["https:\/\/vosgesinfo.fr\/epinalinfo\/2016\/02\/huit-films-soutenus-region-nomines-aux-cesar-2016\/#respond"]}]},{"@type":"WebPage","@id":"https:\/\/vosgesinfo.fr\/epinalinfo\/2016\/02\/huit-films-soutenus-region-nomines-aux-cesar-2016\/","url":"https:\/\/vosgesinfo.fr\/epinalinfo\/2016\/02\/huit-films-soutenus-region-nomines-aux-cesar-2016\/","name":"Huit films soutenus par la R\u00e9gion nomin\u00e9s aux C\u00e9sar 2016 - Epinal Info","isPartOf":{"@id":"https:\/\/vosgesinfo.fr\/epinalinfo\/#website"},"primaryImageOfPage":{"@id":"https:\/\/vosgesinfo.fr\/epinalinfo\/2016\/02\/huit-films-soutenus-region-nomines-aux-cesar-2016\/#primaryimage"},"image":{"@id":"https:\/\/vosgesinfo.fr\/epinalinfo\/2016\/02\/huit-films-soutenus-region-nomines-aux-cesar-2016\/#primaryimage"},"thumbnailUrl":"https:\/\/vosgesinfo.fr\/app\/uploads\/sites\/3\/2024\/08\/20160210375.jpg","datePublished":"2016-02-23T10:49:14+00:00","dateModified":"2016-02-23T10:49:14+00:00","breadcrumb":{"@id":"https:\/\/vosgesinfo.fr\/epinalinfo\/2016\/02\/huit-films-soutenus-region-nomines-aux-cesar-2016\/#breadcrumb"},"inLanguage":"fr-FR","potentialAction":[{"@type":"ReadAction","target":["https:\/\/vosgesinfo.fr\/epinalinfo\/2016\/02\/huit-films-soutenus-region-nomines-aux-cesar-2016\/"]}]},{"@type":"ImageObject","inLanguage":"fr-FR","@id":"https:\/\/vosgesinfo.fr\/epinalinfo\/2016\/02\/huit-films-soutenus-region-nomines-aux-cesar-2016\/#primaryimage","url":"https:\/\/vosgesinfo.fr\/app\/uploads\/sites\/3\/2024\/08\/20160210375.jpg","contentUrl":"https:\/\/vosgesinfo.fr\/app\/uploads\/sites\/3\/2024\/08\/20160210375.jpg","width":900,"height":600},{"@type":"BreadcrumbList","@id":"https:\/\/vosgesinfo.fr\/epinalinfo\/2016\/02\/huit-films-soutenus-region-nomines-aux-cesar-2016\/#breadcrumb","itemListElement":[{"@type":"ListItem","position":1,"name":"Home","item":"https:\/\/vosgesinfo.fr\/epinalinfo\/"},{"@type":"ListItem","position":2,"name":"Huit films soutenus par la R\u00e9gion nomin\u00e9s aux C\u00e9sar 2016"}]},{"@type":"WebSite","@id":"https:\/\/vosgesinfo.fr\/epinalinfo\/#website","url":"https:\/\/vosgesinfo.fr\/epinalinfo\/","name":"Epinal Info","description":"Toute l&#039;actualit\u00e9 d&#039;\u00c9pinal","publisher":{"@id":"https:\/\/vosgesinfo.fr\/epinalinfo\/#organization"},"alternateName":"Toute l'actualit\u00e9 d'\u00c9pinal","potentialAction":[{"@type":"SearchAction","target":{"@type":"EntryPoint","urlTemplate":"https:\/\/vosgesinfo.fr\/epinalinfo\/?s={search_term_string}"},"query-input":"required name=search_term_string"}],"inLanguage":"fr-FR"},{"@type":"Organization","@id":"https:\/\/vosgesinfo.fr\/epinalinfo\/#organization","name":"Epinal Info","url":"https:\/\/vosgesinfo.fr\/epinalinfo\/","logo":{"@type":"ImageObject","inLanguage":"fr-FR","@id":"https:\/\/vosgesinfo.fr\/epinalinfo\/#\/schema\/logo\/image\/","url":"https:\/\/vosgesinfo.fr\/app\/uploads\/sites\/3\/2023\/08\/logo-epinalinfos.svg","contentUrl":"https:\/\/vosgesinfo.fr\/app\/uploads\/sites\/3\/2023\/08\/logo-epinalinfos.svg","width":1,"height":1,"caption":"Epinal Info"},"image":{"@id":"https:\/\/vosgesinfo.fr\/epinalinfo\/#\/schema\/logo\/image\/"},"sameAs":["https:\/\/www.facebook.com\/Epinalinfos","https:\/\/x.com\/VosgesInfo88","https:\/\/www.youtube.com\/@vosgesinfo"]},{"@type":"Person","@id":"https:\/\/vosgesinfo.fr\/epinalinfo\/#\/schema\/person\/6f9a650eeea99d969b6c4ab78fccbe81","name":"C.K.","image":{"@type":"ImageObject","inLanguage":"fr-FR","@id":"https:\/\/vosgesinfo.fr\/epinalinfo\/#\/schema\/person\/image\/","url":"https:\/\/secure.gravatar.com\/avatar\/48e3fc7f8421ba8942be6b74a2b7f014ca39bc00dece156b7a8e098ae7dc87bf?s=96&d=mm&r=g","contentUrl":"https:\/\/secure.gravatar.com\/avatar\/48e3fc7f8421ba8942be6b74a2b7f014ca39bc00dece156b7a8e098ae7dc87bf?s=96&d=mm&r=g","caption":"C.K."},"url":"https:\/\/vosgesinfo.fr\/epinalinfo\/author\/celia-k-n\/"}]}},"_links":{"self":[{"href":"https:\/\/vosgesinfo.fr\/epinalinfo\/wp-json\/wp\/v2\/posts\/58573","targetHints":{"allow":["GET"]}}],"collection":[{"href":"https:\/\/vosgesinfo.fr\/epinalinfo\/wp-json\/wp\/v2\/posts"}],"about":[{"href":"https:\/\/vosgesinfo.fr\/epinalinfo\/wp-json\/wp\/v2\/types\/post"}],"author":[{"embeddable":true,"href":"https:\/\/vosgesinfo.fr\/epinalinfo\/wp-json\/wp\/v2\/users\/52"}],"replies":[{"embeddable":true,"href":"https:\/\/vosgesinfo.fr\/epinalinfo\/wp-json\/wp\/v2\/comments?post=58573"}],"version-history":[{"count":0,"href":"https:\/\/vosgesinfo.fr\/epinalinfo\/wp-json\/wp\/v2\/posts\/58573\/revisions"}],"wp:featuredmedia":[{"embeddable":true,"href":"https:\/\/vosgesinfo.fr\/epinalinfo\/wp-json\/wp\/v2\/media\/58574"}],"wp:attachment":[{"href":"https:\/\/vosgesinfo.fr\/epinalinfo\/wp-json\/wp\/v2\/media?parent=58573"}],"wp:term":[{"taxonomy":"category","embeddable":true,"href":"https:\/\/vosgesinfo.fr\/epinalinfo\/wp-json\/wp\/v2\/categories?post=58573"},{"taxonomy":"post_tag","embeddable":true,"href":"https:\/\/vosgesinfo.fr\/epinalinfo\/wp-json\/wp\/v2\/tags?post=58573"}],"curies":[{"name":"wp","href":"https:\/\/api.w.org\/{rel}","templated":true}]}}