{"id":58651,"date":"2016-02-25T10:09:39","date_gmt":"2016-02-25T09:09:39","guid":{"rendered":"https:\/\/vosgesinfo.fr\/epinalinfo\/2016\/02\/de-nouvelles-programmations-scenes-vosges\/"},"modified":"2016-02-25T10:09:39","modified_gmt":"2016-02-25T09:09:39","slug":"de-nouvelles-programmations-scenes-vosges","status":"publish","type":"post","link":"https:\/\/vosgesinfo.fr\/epinalinfo\/2016\/02\/de-nouvelles-programmations-scenes-vosges\/","title":{"rendered":"De nouvelles programmations avec Sc\u00e8nes Vosges"},"content":{"rendered":"<div id=\"attachment_84992\" style=\"width: 530px\" class=\"wp-caption aligncenter\"><a href=\"\/2016\/02\/Sans-titre16.jpg\"><img decoding=\"async\" aria-describedby=\"caption-attachment-84992\" class=\"size-full wp-image-84992\" src=\"\/2016\/02\/Sans-titre16.jpg\" alt=\"Pleurage &amp; Scientillement 5 \u00a9Blandine Soulage\" width=\"520\" height=\"351\" \/><\/a><p id=\"caption-attachment-84992\" class=\"wp-caption-text\">Pleurage &amp; Scientillement 5 \u00a9Blandine Soulage<\/p><\/div>\n<p class=\"ecxMsoNormal\">Jeudi 25 f\u00e9vrier \u00e0 20h30 et Vendredi 26 f\u00e9vrier \u00e0 14h00 \u00e0 l&rsquo;Auditorium de la Louvi\u00e8re \u00e0 Epinal\u00a0Sc\u00e8nes Vosges Arts de la sc\u00e8ne pr\u00e9sente\u00a0:<\/p>\n<p class=\"ecxMsoNormal\"><b>Pleurage et Scintillement<\/b><\/p>\n<p class=\"ecxMsoNormal\">Cirque Th\u00e9\u00e2tre (\u00e0 partir de 10 ans)<\/p>\n<p class=\"ecxMsoNormal\">15\u20ac TP\/ 12\u20ac TR1\/ 9\u20ac TR2\/ 7\u20ac-15ans<\/p>\n<p class=\"ecxMsoNormal\">Compagnie Association W<\/p>\n<p class=\"ecxMsoNormal\">Pleurage et scintillement est un duo intimiste aux inspirations multiples.<\/p>\n<p class=\"ecxMsoNormal\">Courtiser la sinc\u00e9rit\u00e9 des pr\u00e9sences, explorer l\u2019\u00e9quilibre entre les corps et les \u00e9motions, la fragilit\u00e9 qui nous fait homme, qui nous fait femme, qui fait corps au fil de nos vies. S\u2019amuser \u00e0 jouer \u00e0 l\u2019autre, pr\u00e9tendre devenir quelqu\u2019un, d\u00e9fier ses peurs et maintenir ce lien comme deux fr\u00e8re et s\u0153ur d\u2019\u00e9quilibre.<\/p>\n<p class=\"ecxMsoNormal\">\n<div id=\"attachment_84995\" style=\"width: 1034px\" class=\"wp-caption aligncenter\"><a href=\"\/2016\/02\/onj-2.jpg\"><img decoding=\"async\" aria-describedby=\"caption-attachment-84995\" class=\"size-full wp-image-84995\" src=\"\/2016\/02\/onj-2.jpg\" alt=\"onj\" width=\"1024\" height=\"1024\" \/><\/a><p id=\"caption-attachment-84995\" class=\"wp-caption-text\">orchestre national de jazz\u00a0<\/p><\/div>\n<p class=\"ecxMsoNormal\">&#8211;\u00a0\u00a0\u00a0\u00a0\u00a0 <b>Vendredi 26 f\u00e9vrier \u00e0 20h30\u00a0 \u2013 La Souris Verte &#8211; \u00c9pinal<\/b><\/p>\n<p class=\"ecxMsoNormal\">Sc\u00e8nes Vosges Musiques Actuelles pr\u00e9sente\u00a0:<\/p>\n<p class=\"ecxMsoNormal\"><b>ORCHESTRE NATIONAL DE JAZZ<\/b><\/p>\n<p class=\"ecxMsoNormal\">Jazz<\/p>\n<p class=\"ecxMsoNormal\">18\u20ac TP\/ 15\u20ac TR1\/ 12\u20ac TR2\/ 7\u20ac-15ans<\/p>\n<p class=\"ecxMsoNormal\">Qu\u2019il se produise seul \u00e0 la guitare ou \u00e0 la t\u00eate d\u2019orchestres \u00e0 g\u00e9om\u00e9tries variables, Olivier Benoit n\u2019a jamais eu qu\u2019une obsession : explorer toujours plus avant ces territoires o\u00f9 le rock, le jazz, le domaine contemporain et l\u2019improvisation libre, \u00e9changent r\u00e9ellement leurs propri\u00e9t\u00e9s pour g\u00e9n\u00e9rer des formes d\u2019expressions novatrices.<span class=\"ecxapple-converted-space\">\u00a0<\/span><\/p>\n<p class=\"ecxMsoNormal\">\u00c0 travers son programme EUROPA BERLIN, Olivier Benoit, l\u2019actuel directeur de l\u2019ONJ porte une vision ouverte du jazz d\u2019aujourd\u2019hui o\u00f9 se c\u00f4toient, avant-garde, \u00e9nergie \u00e9lectrique du rock alternatif, \u00e9lans du jazz, motifs s\u00e9riels et envo\u00fbtants nourris par l\u2019\u00e9cole minimaliste\u2026<\/p>\n<p class=\"ecxMsoNormal\">Port\u00e9 par le d\u00e9sir d\u2019aller toujours \u00e0 la rencontre de nouveaux publics, l\u2019ONJ a imagin\u00e9, en cette ann\u00e9e de c\u00e9l\u00e9brations, une s\u00e9rie de concerts dans les Sc\u00e8nes de Musiques Actuelles et sept lieux en France s\u2019associent \u00e0 cette d\u00e9marche, pour partager avant tout le plaisir de la musique. Et parmi ces 7 lieux, nous avons le plaisir de vous informer qu\u2019il y a La Souris Verte<\/p>\n<p class=\"ecxMsoNormal\">distribution de ce concert qui vous est propos\u00e9 dans la configuration Assis \u2013 debout de la Souris Verte (Places assises non garanties)\u00a0:<\/p>\n<p class=\"ecxMsoNormal\">Olivier Benoit \u00e0 la guitare, Jean Dousteyssier aux clarinettes, Alexandra Grimal au saxophone t\u00e9nor, Hugues Mayot au saxophone alto, Fabrice Martinez \u00e0 la trompette, Fidel Fourneyron au trombone, Th\u00e9o C\u00e9ccaldi au violon, Sophie Agnel au piano, Paul Brousseau aux claviers, Sylvain Daniel \u00e0 la basse \u00e9lectrique et Eric Echampard \u00e0 la batterie.<\/p>\n<p class=\"ecxMsoNormal\">&#8211;\u00a0\u00a0\u00a0\u00a0\u00a0 <b>Samedi 27 f\u00e9vrier \u00e0 20h30 <\/b><b>\u2013 La Souris Verte &#8211; \u00c9pinal<\/b><\/p>\n<p class=\"ecxMsoNormal\"><b>Sur un Plateau<\/b><b><i> <\/i><\/b><b><i>Sc\u00e8ne locale #7\u00a0entr\u00e9e libre<\/i><\/b><b><i><\/i><\/b><\/p>\n<p class=\"ecxMsoNormal\"><b><span lang=\"EN-US\">D-SYMETRY<\/span><\/b><span lang=\"EN-US\">\/ Metal \/ \u00c9pinal<\/span><\/p>\n<p class=\"ecxMsoNormal\">Form\u00e9 en 2010 autour d&rsquo;Andy\u202f\u00e0 la batterie (ex-EFEMERE) et\u202fFarid\u202f\u00e0 la guitare (ex-UNKUT et BAD TASTE), D-SYMETRY a subi de nombreux changements de line-up avant d&rsquo;accueillir finalement dans ses rangs\u202fBastien\u202fau chant,\u202fAlban\u202f\u00e0 la basse et\u202fRomain\u202f\u00e0 la 2\u00e8me guitare.<br \/>\nD-SYMETRY, qui trouve ses origines dans toute la diversit\u00e9 de la sc\u00e8ne produit un metal sans concessions, puissant et tranchant, sans n\u00e9gliger l&rsquo;aspect.<\/p>\n<p class=\"ecxMsoNormal\"><b>OPSIDIUM<\/b> \/ Death M\u00e9lodique \/ \u00c9pinal<\/p>\n<p class=\"ecxMsoNormal\">En 2012, le groupe vit le jour sous le nom \u00ab\u00a0Omerta\u00a0\u00bb par Max (Batterie) et Sylvain (Guitare)\u2026<br \/>\nEn d\u00e9but 2014 que le groupe changera de nom pour s&rsquo;appeler Obsidium.<br \/>\nIl a fallu attendre deux ans avant une stabilisation d&rsquo;un line up et encha\u00eener son premier concert en premi\u00e8re partie de \u00ab\u00a0Walking Dead Orchestra\u00a0\u00bb.<\/p>\n<p class=\"ecxMsoNormal\">\n<p class=\"ecxParagraphedeliste1\">&#8211;\u00a0\u00a0\u00a0\u00a0\u00a0 <b>Samedi 27 et Dimanche 28 f\u00e9vrier de 10h00 \u00e0 17h00 \u2013 La Souris Verte \u2013 Epinal<br \/>\n<\/b><b>Stage Danse et Marionnettes encadr\u00e9 par\u00a0Denis Plassard\u00a0et B\u00e9rang\u00e8re Vantusso<\/b><b><\/b><\/p>\n<p class=\"ecxMsoNormal\"><b>corps manipul\u00e9 \/ corps marionnettis\u00e9<\/b><\/p>\n<p class=\"ecxMsoNormal\"><b>Ce stage \u00e0 la charni\u00e8re de la danse et du th\u00e9\u00e2tre est une rencontre \u00ab\u00a0extraordinaire\u00a0\u00bb qui r\u00e9unit nos deux artistes en r\u00e9sidence autour de la question du corps manipul\u00e9\/marionnettis\u00e9, th\u00e9matique pr\u00e9sente dans les futures cr\u00e9ations de B\u00e9rang\u00e8re Vantusso et Denis Plassard,<\/b><\/p>\n<p class=\"ecxMsoNormal\">Tarif\u00a0: 17 \u20ac (\u00e9tudiants, demandeurs d\u2019emploi), 20 \u20ac (adh\u00e9rents Ainsi Danse, abonn\u00e9s Sc\u00e8nes Vosges) et 25 \u20ac (TP)<\/p>\n<p class=\"ecxMsoNormal\">Ce temps d\u2019exp\u00e9rimentation est l\u2019occasion de croiser des regards d\u2019experts\u00a0: l\u2019un dans l\u2019art du mouvement et l\u2019autre dans l\u2019art de la marionnette afin de chercher comment s\u2019\u00e9tablit la relation entre celui qui manipule et celui qui est manipul\u00e9 en prenant soin d\u2019explorer un registre de mouvement qui n\u2019est jamais celui du \u00ab\u00a0pantin\u00a0\u00bb.<\/p>\n<p class=\"ecxMsoNormal\">Comment est-ce qu\u2019un acteur\/danseur envoie des indications de mouvement \u00e0 un autre, comment ils sont re\u00e7us et r\u00e9alis\u00e9s, comment faire pour affiner au maximum cette relation, que se passe-t-il si le \u00ab\u00a0manipul\u00e9\u00a0\u00bb ne veut plus \u00ab\u00a0ob\u00e9ir\u00a0\u00bb, ne peux plus ob\u00e9ir ? Qui porte l\u2019intention du mouvement ? Est -elle partag\u00e9e ?&#8230;<\/p>\n<p class=\"ecxMsoNormal\">\n<div id=\"attachment_84994\" style=\"width: 1034px\" class=\"wp-caption aligncenter\"><a href=\"\/2016\/02\/MASS-HYSTERIA-2016-cre\u0301dit-photo-Creeping.jpg\"><img decoding=\"async\" aria-describedby=\"caption-attachment-84994\" class=\"size-full wp-image-84994\" src=\"\/2016\/02\/MASS-HYSTERIA-2016-cre\u0301dit-photo-Creeping.jpg\" alt=\"MASS HYSTERIA 2016 - cre\u0301dit photo Creeping\" width=\"1024\" height=\"518\" \/><\/a><p id=\"caption-attachment-84994\" class=\"wp-caption-text\">MASS HYSTERIA 2016 &#8211; cre\u0301dit photo Creeping<\/p><\/div>\n<p class=\"ecxMsoNormal\">&#8211;\u00a0\u00a0\u00a0\u00a0\u00a0 Mardi 1<sup>er<\/sup> mars \u00e0 20h30 \u2013 Auditorium de la Louvi\u00e8re &#8211; \u00c9pinal<b><\/b><\/p>\n<p class=\"ecxMsoNormal\"><b>Sc\u00e8nes Vosges Arts de la sc\u00e8ne pr\u00e9sente\u00a0:<\/b><b><\/b><\/p>\n<p class=\"ecxMsoNormal\"><b>Claire Diterzi \u2013 69 battements par minute<\/b><\/p>\n<p class=\"ecxMsoNormal\">Chanson fran\u00e7aise<\/p>\n<p class=\"ecxMsoNormal\">15\u20ac TP\/ 12\u20ac TR1\/ 9\u20ac TR2\/ 7\u20ac-15ans<\/p>\n<p class=\"ecxMsoNormal\">Dans un environnement sonore compos\u00e9 en grande partie sur les textes endiabl\u00e9s du dramaturge argentin Rodrigo Garcia, plus rock que pop et plus pop que rock, min\u00e9 de tubes explosifs, on retrouve le c\u0153ur battant de la chanteuse mais en plus fort, plus loin.<\/p>\n<p class=\"ecxMsoNormal\">\n<p class=\"ecxMsoNormal\">&#8211;\u00a0\u00a0\u00a0\u00a0\u00a0 Samedi 5 mars \u00e0 20h30\u00a0 \u2013 La Souris Verte &#8211; \u00c9pinal<b><\/b><\/p>\n<p class=\"ecxMsoNormal\"><b>Musiques Actuelles pr\u00e9sente\u00a0:<\/b><b><\/b><\/p>\n<p class=\"ecxMsoNormal\"><b>MASS HYSTERIA + NARCO TERROR<\/b><\/p>\n<p class=\"ecxMsoNormal\">Rock<\/p>\n<p class=\"ecxMsoNormal\">18\u20ac TP\/ 15\u20ac TR1\/ 12\u20ac TR2\/ 7\u20ac-15ans<\/p>\n<p class=\"ecxMsoNormal\">Un plateau r\u00e9solument Rock, europ\u00e9en, fusionnel, li\u00e9 \u00e0 une actualit\u00e9 remarqu\u00e9e\/remarquable !<\/p>\n<p class=\"ecxMsoNormal\">\n<p class=\"ecxMsoNormal\">\n<p class=\"ecxMsoNormal\"><b><i>\u00a0<\/i><\/b><\/p>\n<p class=\"ecxMsoNormal\" align=\"center\"><b><u>Renseignements \/ R\u00e9servations<\/u><\/b><b>\u00a0:<\/b><\/p>\n<p class=\"ecxMsoListBulletCxSpFirst\" align=\"center\"><b>Bureau de Sc\u00e8nes Vosges 17 rue des Etats-Unis 88000 Epinal\u00a0: 03 29 65 98 58<\/b><\/p>\n<p class=\"ecxMsoListBulletCxSpMiddle\" align=\"center\"><b>Office de Tourisme Place St Go\u00ebry 88000 Epinal\u00a0: 03 29 82 53 32<\/b><\/p>\n<p class=\"ecxMsoListBulletCxSpMiddle\" align=\"center\"><b>Centre Social Arts et Loisirs de Thaon-les-Vosges\u00a0: 03 29 39 38 00<\/b><\/p>\n<p class=\"ecxMsoListBulletCxSpLast\" align=\"center\"><b>www.scenes-vosges.com<\/b><\/p>\n<p class=\"ecxMsoNormal\" align=\"center\"><b>www.lasourisverte-epinal.fr<\/b><b><\/b><\/p>\n<p class=\"ecxMsoNormal\" align=\"center\"><a href=\"mailto:scenes.vosges@epinal.fr\"><b>scenes.vosges@epinal.fr<\/b><\/a><\/p>\n","protected":false},"excerpt":{"rendered":"<p>Jeudi 25 f\u00e9vrier \u00e0 20h30 et Vendredi 26 f\u00e9vrier \u00e0 14h00 \u00e0 l&rsquo;Auditorium de la Louvi\u00e8re \u00e0 Epinal\u00a0Sc\u00e8nes Vosges Arts [&hellip;]<\/p>\n","protected":false},"author":52,"featured_media":58652,"comment_status":"open","ping_status":"open","sticky":false,"template":"","format":"standard","meta":{"footnotes":""},"categories":[20,24],"tags":[],"class_list":["post-58651","post","type-post","status-publish","format-standard","has-post-thumbnail","hentry","category-divertissement","category-epinal"],"acf":[],"yoast_head":"<!-- This site is optimized with the Yoast SEO plugin v22.5 - https:\/\/yoast.com\/wordpress\/plugins\/seo\/ -->\n<title>De nouvelles programmations avec Sc\u00e8nes Vosges - Epinal Info<\/title>\n<meta name=\"robots\" content=\"index, follow, max-snippet:-1, max-image-preview:large, max-video-preview:-1\" \/>\n<link rel=\"canonical\" href=\"https:\/\/vosgesinfo.fr\/epinalinfo\/2016\/02\/de-nouvelles-programmations-scenes-vosges\/\" \/>\n<meta name=\"twitter:card\" content=\"summary_large_image\" \/>\n<meta name=\"twitter:title\" content=\"De nouvelles programmations avec Sc\u00e8nes Vosges - Epinal Info\" \/>\n<meta name=\"twitter:description\" content=\"Jeudi 25 f\u00e9vrier \u00e0 20h30 et Vendredi 26 f\u00e9vrier \u00e0 14h00 \u00e0 l&rsquo;Auditorium de la Louvi\u00e8re \u00e0 Epinal\u00a0Sc\u00e8nes Vosges Arts [&hellip;]\" \/>\n<meta name=\"twitter:image\" content=\"https:\/\/vosgesinfo.fr\/app\/uploads\/sites\/3\/2024\/08\/201602onj-2.jpg\" \/>\n<meta name=\"twitter:creator\" content=\"@VosgesInfo88\" \/>\n<meta name=\"twitter:site\" content=\"@VosgesInfo88\" \/>\n<meta name=\"twitter:label1\" content=\"\u00c9crit par\" \/>\n\t<meta name=\"twitter:data1\" content=\"C.K.\" \/>\n\t<meta name=\"twitter:label2\" content=\"Dur\u00e9e de lecture estim\u00e9e\" \/>\n\t<meta name=\"twitter:data2\" content=\"5 minutes\" \/>\n<script type=\"application\/ld+json\" class=\"yoast-schema-graph\">{\"@context\":\"https:\/\/schema.org\",\"@graph\":[{\"@type\":\"Article\",\"@id\":\"https:\/\/vosgesinfo.fr\/epinalinfo\/2016\/02\/de-nouvelles-programmations-scenes-vosges\/#article\",\"isPartOf\":{\"@id\":\"https:\/\/vosgesinfo.fr\/epinalinfo\/2016\/02\/de-nouvelles-programmations-scenes-vosges\/\"},\"author\":{\"name\":\"C.K.\",\"@id\":\"https:\/\/vosgesinfo.fr\/epinalinfo\/#\/schema\/person\/6f9a650eeea99d969b6c4ab78fccbe81\"},\"headline\":\"De nouvelles programmations avec Sc\u00e8nes Vosges\",\"datePublished\":\"2016-02-25T09:09:39+00:00\",\"dateModified\":\"2016-02-25T09:09:39+00:00\",\"mainEntityOfPage\":{\"@id\":\"https:\/\/vosgesinfo.fr\/epinalinfo\/2016\/02\/de-nouvelles-programmations-scenes-vosges\/\"},\"wordCount\":958,\"commentCount\":0,\"publisher\":{\"@id\":\"https:\/\/vosgesinfo.fr\/epinalinfo\/#organization\"},\"image\":{\"@id\":\"https:\/\/vosgesinfo.fr\/epinalinfo\/2016\/02\/de-nouvelles-programmations-scenes-vosges\/#primaryimage\"},\"thumbnailUrl\":\"https:\/\/vosgesinfo.fr\/app\/uploads\/sites\/3\/2024\/08\/201602onj-2.jpg\",\"articleSection\":[\"Divertissement\",\"Epinal\"],\"inLanguage\":\"fr-FR\",\"potentialAction\":[{\"@type\":\"CommentAction\",\"name\":\"Comment\",\"target\":[\"https:\/\/vosgesinfo.fr\/epinalinfo\/2016\/02\/de-nouvelles-programmations-scenes-vosges\/#respond\"]}]},{\"@type\":\"WebPage\",\"@id\":\"https:\/\/vosgesinfo.fr\/epinalinfo\/2016\/02\/de-nouvelles-programmations-scenes-vosges\/\",\"url\":\"https:\/\/vosgesinfo.fr\/epinalinfo\/2016\/02\/de-nouvelles-programmations-scenes-vosges\/\",\"name\":\"De nouvelles programmations avec Sc\u00e8nes Vosges - Epinal Info\",\"isPartOf\":{\"@id\":\"https:\/\/vosgesinfo.fr\/epinalinfo\/#website\"},\"primaryImageOfPage\":{\"@id\":\"https:\/\/vosgesinfo.fr\/epinalinfo\/2016\/02\/de-nouvelles-programmations-scenes-vosges\/#primaryimage\"},\"image\":{\"@id\":\"https:\/\/vosgesinfo.fr\/epinalinfo\/2016\/02\/de-nouvelles-programmations-scenes-vosges\/#primaryimage\"},\"thumbnailUrl\":\"https:\/\/vosgesinfo.fr\/app\/uploads\/sites\/3\/2024\/08\/201602onj-2.jpg\",\"datePublished\":\"2016-02-25T09:09:39+00:00\",\"dateModified\":\"2016-02-25T09:09:39+00:00\",\"breadcrumb\":{\"@id\":\"https:\/\/vosgesinfo.fr\/epinalinfo\/2016\/02\/de-nouvelles-programmations-scenes-vosges\/#breadcrumb\"},\"inLanguage\":\"fr-FR\",\"potentialAction\":[{\"@type\":\"ReadAction\",\"target\":[\"https:\/\/vosgesinfo.fr\/epinalinfo\/2016\/02\/de-nouvelles-programmations-scenes-vosges\/\"]}]},{\"@type\":\"ImageObject\",\"inLanguage\":\"fr-FR\",\"@id\":\"https:\/\/vosgesinfo.fr\/epinalinfo\/2016\/02\/de-nouvelles-programmations-scenes-vosges\/#primaryimage\",\"url\":\"https:\/\/vosgesinfo.fr\/app\/uploads\/sites\/3\/2024\/08\/201602onj-2.jpg\",\"contentUrl\":\"https:\/\/vosgesinfo.fr\/app\/uploads\/sites\/3\/2024\/08\/201602onj-2.jpg\",\"width\":1024,\"height\":1024},{\"@type\":\"BreadcrumbList\",\"@id\":\"https:\/\/vosgesinfo.fr\/epinalinfo\/2016\/02\/de-nouvelles-programmations-scenes-vosges\/#breadcrumb\",\"itemListElement\":[{\"@type\":\"ListItem\",\"position\":1,\"name\":\"Home\",\"item\":\"https:\/\/vosgesinfo.fr\/epinalinfo\/\"},{\"@type\":\"ListItem\",\"position\":2,\"name\":\"De nouvelles programmations avec Sc\u00e8nes Vosges\"}]},{\"@type\":\"WebSite\",\"@id\":\"https:\/\/vosgesinfo.fr\/epinalinfo\/#website\",\"url\":\"https:\/\/vosgesinfo.fr\/epinalinfo\/\",\"name\":\"Epinal Info\",\"description\":\"Toute l&#039;actualit\u00e9 d&#039;\u00c9pinal\",\"publisher\":{\"@id\":\"https:\/\/vosgesinfo.fr\/epinalinfo\/#organization\"},\"alternateName\":\"Toute l'actualit\u00e9 d'\u00c9pinal\",\"potentialAction\":[{\"@type\":\"SearchAction\",\"target\":{\"@type\":\"EntryPoint\",\"urlTemplate\":\"https:\/\/vosgesinfo.fr\/epinalinfo\/?s={search_term_string}\"},\"query-input\":\"required name=search_term_string\"}],\"inLanguage\":\"fr-FR\"},{\"@type\":\"Organization\",\"@id\":\"https:\/\/vosgesinfo.fr\/epinalinfo\/#organization\",\"name\":\"Epinal Info\",\"url\":\"https:\/\/vosgesinfo.fr\/epinalinfo\/\",\"logo\":{\"@type\":\"ImageObject\",\"inLanguage\":\"fr-FR\",\"@id\":\"https:\/\/vosgesinfo.fr\/epinalinfo\/#\/schema\/logo\/image\/\",\"url\":\"https:\/\/vosgesinfo.fr\/app\/uploads\/sites\/3\/2023\/08\/logo-epinalinfos.svg\",\"contentUrl\":\"https:\/\/vosgesinfo.fr\/app\/uploads\/sites\/3\/2023\/08\/logo-epinalinfos.svg\",\"width\":1,\"height\":1,\"caption\":\"Epinal Info\"},\"image\":{\"@id\":\"https:\/\/vosgesinfo.fr\/epinalinfo\/#\/schema\/logo\/image\/\"},\"sameAs\":[\"https:\/\/www.facebook.com\/Epinalinfos\",\"https:\/\/x.com\/VosgesInfo88\",\"https:\/\/www.youtube.com\/@vosgesinfo\"]},{\"@type\":\"Person\",\"@id\":\"https:\/\/vosgesinfo.fr\/epinalinfo\/#\/schema\/person\/6f9a650eeea99d969b6c4ab78fccbe81\",\"name\":\"C.K.\",\"image\":{\"@type\":\"ImageObject\",\"inLanguage\":\"fr-FR\",\"@id\":\"https:\/\/vosgesinfo.fr\/epinalinfo\/#\/schema\/person\/image\/\",\"url\":\"https:\/\/secure.gravatar.com\/avatar\/48e3fc7f8421ba8942be6b74a2b7f014ca39bc00dece156b7a8e098ae7dc87bf?s=96&d=mm&r=g\",\"contentUrl\":\"https:\/\/secure.gravatar.com\/avatar\/48e3fc7f8421ba8942be6b74a2b7f014ca39bc00dece156b7a8e098ae7dc87bf?s=96&d=mm&r=g\",\"caption\":\"C.K.\"},\"url\":\"https:\/\/vosgesinfo.fr\/epinalinfo\/author\/celia-k-n\/\"}]}<\/script>\n<!-- \/ Yoast SEO plugin. -->","yoast_head_json":{"title":"De nouvelles programmations avec Sc\u00e8nes Vosges - Epinal Info","robots":{"index":"index","follow":"follow","max-snippet":"max-snippet:-1","max-image-preview":"max-image-preview:large","max-video-preview":"max-video-preview:-1"},"canonical":"https:\/\/vosgesinfo.fr\/epinalinfo\/2016\/02\/de-nouvelles-programmations-scenes-vosges\/","twitter_card":"summary_large_image","twitter_title":"De nouvelles programmations avec Sc\u00e8nes Vosges - Epinal Info","twitter_description":"Jeudi 25 f\u00e9vrier \u00e0 20h30 et Vendredi 26 f\u00e9vrier \u00e0 14h00 \u00e0 l&rsquo;Auditorium de la Louvi\u00e8re \u00e0 Epinal\u00a0Sc\u00e8nes Vosges Arts [&hellip;]","twitter_image":"https:\/\/vosgesinfo.fr\/app\/uploads\/sites\/3\/2024\/08\/201602onj-2.jpg","twitter_creator":"@VosgesInfo88","twitter_site":"@VosgesInfo88","twitter_misc":{"\u00c9crit par":"C.K.","Dur\u00e9e de lecture estim\u00e9e":"5 minutes"},"schema":{"@context":"https:\/\/schema.org","@graph":[{"@type":"Article","@id":"https:\/\/vosgesinfo.fr\/epinalinfo\/2016\/02\/de-nouvelles-programmations-scenes-vosges\/#article","isPartOf":{"@id":"https:\/\/vosgesinfo.fr\/epinalinfo\/2016\/02\/de-nouvelles-programmations-scenes-vosges\/"},"author":{"name":"C.K.","@id":"https:\/\/vosgesinfo.fr\/epinalinfo\/#\/schema\/person\/6f9a650eeea99d969b6c4ab78fccbe81"},"headline":"De nouvelles programmations avec Sc\u00e8nes Vosges","datePublished":"2016-02-25T09:09:39+00:00","dateModified":"2016-02-25T09:09:39+00:00","mainEntityOfPage":{"@id":"https:\/\/vosgesinfo.fr\/epinalinfo\/2016\/02\/de-nouvelles-programmations-scenes-vosges\/"},"wordCount":958,"commentCount":0,"publisher":{"@id":"https:\/\/vosgesinfo.fr\/epinalinfo\/#organization"},"image":{"@id":"https:\/\/vosgesinfo.fr\/epinalinfo\/2016\/02\/de-nouvelles-programmations-scenes-vosges\/#primaryimage"},"thumbnailUrl":"https:\/\/vosgesinfo.fr\/app\/uploads\/sites\/3\/2024\/08\/201602onj-2.jpg","articleSection":["Divertissement","Epinal"],"inLanguage":"fr-FR","potentialAction":[{"@type":"CommentAction","name":"Comment","target":["https:\/\/vosgesinfo.fr\/epinalinfo\/2016\/02\/de-nouvelles-programmations-scenes-vosges\/#respond"]}]},{"@type":"WebPage","@id":"https:\/\/vosgesinfo.fr\/epinalinfo\/2016\/02\/de-nouvelles-programmations-scenes-vosges\/","url":"https:\/\/vosgesinfo.fr\/epinalinfo\/2016\/02\/de-nouvelles-programmations-scenes-vosges\/","name":"De nouvelles programmations avec Sc\u00e8nes Vosges - Epinal Info","isPartOf":{"@id":"https:\/\/vosgesinfo.fr\/epinalinfo\/#website"},"primaryImageOfPage":{"@id":"https:\/\/vosgesinfo.fr\/epinalinfo\/2016\/02\/de-nouvelles-programmations-scenes-vosges\/#primaryimage"},"image":{"@id":"https:\/\/vosgesinfo.fr\/epinalinfo\/2016\/02\/de-nouvelles-programmations-scenes-vosges\/#primaryimage"},"thumbnailUrl":"https:\/\/vosgesinfo.fr\/app\/uploads\/sites\/3\/2024\/08\/201602onj-2.jpg","datePublished":"2016-02-25T09:09:39+00:00","dateModified":"2016-02-25T09:09:39+00:00","breadcrumb":{"@id":"https:\/\/vosgesinfo.fr\/epinalinfo\/2016\/02\/de-nouvelles-programmations-scenes-vosges\/#breadcrumb"},"inLanguage":"fr-FR","potentialAction":[{"@type":"ReadAction","target":["https:\/\/vosgesinfo.fr\/epinalinfo\/2016\/02\/de-nouvelles-programmations-scenes-vosges\/"]}]},{"@type":"ImageObject","inLanguage":"fr-FR","@id":"https:\/\/vosgesinfo.fr\/epinalinfo\/2016\/02\/de-nouvelles-programmations-scenes-vosges\/#primaryimage","url":"https:\/\/vosgesinfo.fr\/app\/uploads\/sites\/3\/2024\/08\/201602onj-2.jpg","contentUrl":"https:\/\/vosgesinfo.fr\/app\/uploads\/sites\/3\/2024\/08\/201602onj-2.jpg","width":1024,"height":1024},{"@type":"BreadcrumbList","@id":"https:\/\/vosgesinfo.fr\/epinalinfo\/2016\/02\/de-nouvelles-programmations-scenes-vosges\/#breadcrumb","itemListElement":[{"@type":"ListItem","position":1,"name":"Home","item":"https:\/\/vosgesinfo.fr\/epinalinfo\/"},{"@type":"ListItem","position":2,"name":"De nouvelles programmations avec Sc\u00e8nes Vosges"}]},{"@type":"WebSite","@id":"https:\/\/vosgesinfo.fr\/epinalinfo\/#website","url":"https:\/\/vosgesinfo.fr\/epinalinfo\/","name":"Epinal Info","description":"Toute l&#039;actualit\u00e9 d&#039;\u00c9pinal","publisher":{"@id":"https:\/\/vosgesinfo.fr\/epinalinfo\/#organization"},"alternateName":"Toute l'actualit\u00e9 d'\u00c9pinal","potentialAction":[{"@type":"SearchAction","target":{"@type":"EntryPoint","urlTemplate":"https:\/\/vosgesinfo.fr\/epinalinfo\/?s={search_term_string}"},"query-input":"required name=search_term_string"}],"inLanguage":"fr-FR"},{"@type":"Organization","@id":"https:\/\/vosgesinfo.fr\/epinalinfo\/#organization","name":"Epinal Info","url":"https:\/\/vosgesinfo.fr\/epinalinfo\/","logo":{"@type":"ImageObject","inLanguage":"fr-FR","@id":"https:\/\/vosgesinfo.fr\/epinalinfo\/#\/schema\/logo\/image\/","url":"https:\/\/vosgesinfo.fr\/app\/uploads\/sites\/3\/2023\/08\/logo-epinalinfos.svg","contentUrl":"https:\/\/vosgesinfo.fr\/app\/uploads\/sites\/3\/2023\/08\/logo-epinalinfos.svg","width":1,"height":1,"caption":"Epinal Info"},"image":{"@id":"https:\/\/vosgesinfo.fr\/epinalinfo\/#\/schema\/logo\/image\/"},"sameAs":["https:\/\/www.facebook.com\/Epinalinfos","https:\/\/x.com\/VosgesInfo88","https:\/\/www.youtube.com\/@vosgesinfo"]},{"@type":"Person","@id":"https:\/\/vosgesinfo.fr\/epinalinfo\/#\/schema\/person\/6f9a650eeea99d969b6c4ab78fccbe81","name":"C.K.","image":{"@type":"ImageObject","inLanguage":"fr-FR","@id":"https:\/\/vosgesinfo.fr\/epinalinfo\/#\/schema\/person\/image\/","url":"https:\/\/secure.gravatar.com\/avatar\/48e3fc7f8421ba8942be6b74a2b7f014ca39bc00dece156b7a8e098ae7dc87bf?s=96&d=mm&r=g","contentUrl":"https:\/\/secure.gravatar.com\/avatar\/48e3fc7f8421ba8942be6b74a2b7f014ca39bc00dece156b7a8e098ae7dc87bf?s=96&d=mm&r=g","caption":"C.K."},"url":"https:\/\/vosgesinfo.fr\/epinalinfo\/author\/celia-k-n\/"}]}},"_links":{"self":[{"href":"https:\/\/vosgesinfo.fr\/epinalinfo\/wp-json\/wp\/v2\/posts\/58651","targetHints":{"allow":["GET"]}}],"collection":[{"href":"https:\/\/vosgesinfo.fr\/epinalinfo\/wp-json\/wp\/v2\/posts"}],"about":[{"href":"https:\/\/vosgesinfo.fr\/epinalinfo\/wp-json\/wp\/v2\/types\/post"}],"author":[{"embeddable":true,"href":"https:\/\/vosgesinfo.fr\/epinalinfo\/wp-json\/wp\/v2\/users\/52"}],"replies":[{"embeddable":true,"href":"https:\/\/vosgesinfo.fr\/epinalinfo\/wp-json\/wp\/v2\/comments?post=58651"}],"version-history":[{"count":0,"href":"https:\/\/vosgesinfo.fr\/epinalinfo\/wp-json\/wp\/v2\/posts\/58651\/revisions"}],"wp:featuredmedia":[{"embeddable":true,"href":"https:\/\/vosgesinfo.fr\/epinalinfo\/wp-json\/wp\/v2\/media\/58652"}],"wp:attachment":[{"href":"https:\/\/vosgesinfo.fr\/epinalinfo\/wp-json\/wp\/v2\/media?parent=58651"}],"wp:term":[{"taxonomy":"category","embeddable":true,"href":"https:\/\/vosgesinfo.fr\/epinalinfo\/wp-json\/wp\/v2\/categories?post=58651"},{"taxonomy":"post_tag","embeddable":true,"href":"https:\/\/vosgesinfo.fr\/epinalinfo\/wp-json\/wp\/v2\/tags?post=58651"}],"curies":[{"name":"wp","href":"https:\/\/api.w.org\/{rel}","templated":true}]}}