{"id":58937,"date":"2016-03-08T06:20:14","date_gmt":"2016-03-08T05:20:14","guid":{"rendered":"https:\/\/vosgesinfo.fr\/epinalinfo\/2016\/03\/camionnette-lepicerie-bio-sillonne-routes-vosgiennes\/"},"modified":"2016-03-08T06:20:14","modified_gmt":"2016-03-08T05:20:14","slug":"camionnette-lepicerie-bio-sillonne-routes-vosgiennes","status":"publish","type":"post","link":"https:\/\/vosgesinfo.fr\/epinalinfo\/2016\/03\/camionnette-lepicerie-bio-sillonne-routes-vosgiennes\/","title":{"rendered":"En camionnette, l\u2019\u00e9picerie bio sillonne les routes vosgiennes !"},"content":{"rendered":"<div id=\"attachment_85473\" style=\"width: 549px\" class=\"wp-caption aligncenter\"><a href=\"\/2016\/03\/bio-mobile-facebook.jpg\"><img decoding=\"async\" aria-describedby=\"caption-attachment-85473\" class=\"wp-image-85473 size-full\" src=\"\/2016\/03\/bio-mobile-facebook.jpg\" alt=\"bio-mobile-facebook\" width=\"539\" height=\"960\" \/><\/a><p id=\"caption-attachment-85473\" class=\"wp-caption-text\">(photo bio-mobile)<\/p><\/div>\n<p><strong>Apr\u00e8s la mode des foods trucks, voici l\u2019\u00e9picerie bio itin\u00e9rante ! En juillet 2013, le Vosgien Julien Hantz a repris une petite boutique \u00e0 Cornimont, avant de se lancer dans la livraison de ses produits bio. Il envisage de d\u00e9velopper sa soci\u00e9t\u00e9 et de venir sur Epinal et G\u00e9rardmer.\u00a0<\/strong><\/p>\n<p><em>\u00ab\u00a0Beaucoup de gens me demandaient de les livrer le soir. J\u2019ai achet\u00e9 un vieux camion que j\u2019ai retap\u00e9 et transform\u00e9 en Bio Mobile et j\u2019ai commenc\u00e9 \u00e0 aller sur les places des villages pour vendre mes produits. \u00bb<\/em> explique-t-il. En livrant ses produits avec son camion \u00ab\u00a0bio mobile\u00a0\u00bb, le vendeur\u00a0 recr\u00e9e du lien social dans les villages parfois isol\u00e9s. Le retour de ces traditions d\u2019antan permet de retrouver des services de proximit\u00e9 l\u00e0 o\u00f9 il n\u2019y en a plus. Avec son \u00e9picerie nomade bio, il \u00e9veille les consciences \u00e0 une autre alimentation et \u00e0 plus de partage et de lien. <em>\u00ab\u00a0On s\u2019aper\u00e7oit que dans les villages, il n&rsquo;y a plus rien ! Les magasins ont tous ferm\u00e9s. On rend un vrai service aux gens en livrant \u00e0 domicile les produits.\u00a0\u00bb<\/em> atteste le jeune Vosgien de 26 ans.<\/p>\n<p>Il d\u00e9veloppe sa soci\u00e9t\u00e9 petit \u00e0 petit. Le site internet est en cours de cr\u00e9ation. <em>\u00ab\u00a0Pour l\u2019instant les clients peuvent passer leurs commandes par mail\u00a0ou par t\u00e9l\u00e9phone\u00bb<\/em> commente le jeune Vosgien qui a une formation de paysagiste. Une fois la commande pass\u00e9e, il livre ses clients la semaine qui suit.<\/p>\n<p>Dans son camion, on trouve des produits bio qui viennent des Vosges, mais aussi d\u2019Alsace, de France pour les fruits et l\u00e9gumes, et d\u2019Italie pour les agrumes. Il privil\u00e9gie les fili\u00e8res courtes et les producteurs locaux. <em>\u00ab\u00a0Je pr\u00f4ne les circuits courts au maximum m\u00eame si avec le climat vosgien c\u2019est quelque fois compliqu\u00e9\u00a0\u00bb<\/em> \u00a0d\u00e9plore-t-il.<\/p>\n<p>Julien Hantz appr\u00e9cie d\u2019aller \u00e0 la rencontre des habitants et d\u2019\u00e9changer<em>. \u00ab\u00a0Le lien social m\u2019apporte \u00e9norm\u00e9ment. C\u2019est un service important pour les personnes isol\u00e9es et pour ceux qui travaillent toute la journ\u00e9e et qui n\u2019ont pas le temps de faire leurs courses\u00a0\u00bb<\/em> atteste le paysagiste.<\/p>\n<p>Pour l\u2019instant, on retrouve la Bio Mobile de Julien Hantz du c\u00f4t\u00e9 de la Vall\u00e9e de la Moselle et de la Moselotte, mais celui-ci veut se d\u00e9velopper. Il pr\u00e9voit de venir sur Epinal et G\u00e9rardmer. On devrait donc prochainement voir passer sa camionnette dans de nouvelles communes vosgiennes.<\/p>\n<p>C.K.N.<\/p>\n","protected":false},"excerpt":{"rendered":"<p>Apr\u00e8s la mode des foods trucks, voici l\u2019\u00e9picerie bio itin\u00e9rante ! En juillet 2013, le Vosgien Julien Hantz a repris [&hellip;]<\/p>\n","protected":false},"author":52,"featured_media":58938,"comment_status":"open","ping_status":"open","sticky":false,"template":"","format":"standard","meta":{"footnotes":""},"categories":[22,10,5],"tags":[737,7046,7047],"class_list":["post-58937","post","type-post","status-publish","format-standard","has-post-thumbnail","hentry","category-a-la-une","category-societe","category-vosges","tag-bio","tag-bio-mobile","tag-epicerie-bio-itinerante"],"acf":[],"yoast_head":"<!-- This site is optimized with the Yoast SEO plugin v22.5 - https:\/\/yoast.com\/wordpress\/plugins\/seo\/ -->\n<title>En camionnette, l\u2019\u00e9picerie bio sillonne les routes vosgiennes ! - Epinal Info<\/title>\n<meta name=\"robots\" content=\"index, follow, max-snippet:-1, max-image-preview:large, max-video-preview:-1\" \/>\n<link rel=\"canonical\" href=\"https:\/\/vosgesinfo.fr\/epinalinfo\/2016\/03\/camionnette-lepicerie-bio-sillonne-routes-vosgiennes\/\" \/>\n<meta name=\"twitter:card\" content=\"summary_large_image\" \/>\n<meta name=\"twitter:title\" content=\"En camionnette, l\u2019\u00e9picerie bio sillonne les routes vosgiennes ! - Epinal Info\" \/>\n<meta name=\"twitter:description\" content=\"Apr\u00e8s la mode des foods trucks, voici l\u2019\u00e9picerie bio itin\u00e9rante ! En juillet 2013, le Vosgien Julien Hantz a repris [&hellip;]\" \/>\n<meta name=\"twitter:image\" content=\"https:\/\/vosgesinfo.fr\/app\/uploads\/sites\/3\/2024\/08\/201603bio-mobile-facebook.jpg\" \/>\n<meta name=\"twitter:creator\" content=\"@VosgesInfo88\" \/>\n<meta name=\"twitter:site\" content=\"@VosgesInfo88\" \/>\n<meta name=\"twitter:label1\" content=\"\u00c9crit par\" \/>\n\t<meta name=\"twitter:data1\" content=\"C.K.\" \/>\n\t<meta name=\"twitter:label2\" content=\"Dur\u00e9e de lecture estim\u00e9e\" \/>\n\t<meta name=\"twitter:data2\" content=\"2 minutes\" \/>\n<script type=\"application\/ld+json\" class=\"yoast-schema-graph\">{\"@context\":\"https:\/\/schema.org\",\"@graph\":[{\"@type\":\"Article\",\"@id\":\"https:\/\/vosgesinfo.fr\/epinalinfo\/2016\/03\/camionnette-lepicerie-bio-sillonne-routes-vosgiennes\/#article\",\"isPartOf\":{\"@id\":\"https:\/\/vosgesinfo.fr\/epinalinfo\/2016\/03\/camionnette-lepicerie-bio-sillonne-routes-vosgiennes\/\"},\"author\":{\"name\":\"C.K.\",\"@id\":\"https:\/\/vosgesinfo.fr\/epinalinfo\/#\/schema\/person\/6f9a650eeea99d969b6c4ab78fccbe81\"},\"headline\":\"En camionnette, l\u2019\u00e9picerie bio sillonne les routes vosgiennes !\",\"datePublished\":\"2016-03-08T05:20:14+00:00\",\"dateModified\":\"2016-03-08T05:20:14+00:00\",\"mainEntityOfPage\":{\"@id\":\"https:\/\/vosgesinfo.fr\/epinalinfo\/2016\/03\/camionnette-lepicerie-bio-sillonne-routes-vosgiennes\/\"},\"wordCount\":441,\"commentCount\":0,\"publisher\":{\"@id\":\"https:\/\/vosgesinfo.fr\/epinalinfo\/#organization\"},\"image\":{\"@id\":\"https:\/\/vosgesinfo.fr\/epinalinfo\/2016\/03\/camionnette-lepicerie-bio-sillonne-routes-vosgiennes\/#primaryimage\"},\"thumbnailUrl\":\"https:\/\/vosgesinfo.fr\/app\/uploads\/sites\/3\/2024\/08\/201603bio-mobile-facebook.jpg\",\"keywords\":[\"bio\",\"Bio Mobile\",\"\u00e9picerie bio itin\u00e9rante\"],\"articleSection\":[\"A la Une\",\"Soci\u00e9t\u00e9\",\"Vosges\"],\"inLanguage\":\"fr-FR\",\"potentialAction\":[{\"@type\":\"CommentAction\",\"name\":\"Comment\",\"target\":[\"https:\/\/vosgesinfo.fr\/epinalinfo\/2016\/03\/camionnette-lepicerie-bio-sillonne-routes-vosgiennes\/#respond\"]}]},{\"@type\":\"WebPage\",\"@id\":\"https:\/\/vosgesinfo.fr\/epinalinfo\/2016\/03\/camionnette-lepicerie-bio-sillonne-routes-vosgiennes\/\",\"url\":\"https:\/\/vosgesinfo.fr\/epinalinfo\/2016\/03\/camionnette-lepicerie-bio-sillonne-routes-vosgiennes\/\",\"name\":\"En camionnette, l\u2019\u00e9picerie bio sillonne les routes vosgiennes ! - Epinal Info\",\"isPartOf\":{\"@id\":\"https:\/\/vosgesinfo.fr\/epinalinfo\/#website\"},\"primaryImageOfPage\":{\"@id\":\"https:\/\/vosgesinfo.fr\/epinalinfo\/2016\/03\/camionnette-lepicerie-bio-sillonne-routes-vosgiennes\/#primaryimage\"},\"image\":{\"@id\":\"https:\/\/vosgesinfo.fr\/epinalinfo\/2016\/03\/camionnette-lepicerie-bio-sillonne-routes-vosgiennes\/#primaryimage\"},\"thumbnailUrl\":\"https:\/\/vosgesinfo.fr\/app\/uploads\/sites\/3\/2024\/08\/201603bio-mobile-facebook.jpg\",\"datePublished\":\"2016-03-08T05:20:14+00:00\",\"dateModified\":\"2016-03-08T05:20:14+00:00\",\"breadcrumb\":{\"@id\":\"https:\/\/vosgesinfo.fr\/epinalinfo\/2016\/03\/camionnette-lepicerie-bio-sillonne-routes-vosgiennes\/#breadcrumb\"},\"inLanguage\":\"fr-FR\",\"potentialAction\":[{\"@type\":\"ReadAction\",\"target\":[\"https:\/\/vosgesinfo.fr\/epinalinfo\/2016\/03\/camionnette-lepicerie-bio-sillonne-routes-vosgiennes\/\"]}]},{\"@type\":\"ImageObject\",\"inLanguage\":\"fr-FR\",\"@id\":\"https:\/\/vosgesinfo.fr\/epinalinfo\/2016\/03\/camionnette-lepicerie-bio-sillonne-routes-vosgiennes\/#primaryimage\",\"url\":\"https:\/\/vosgesinfo.fr\/app\/uploads\/sites\/3\/2024\/08\/201603bio-mobile-facebook.jpg\",\"contentUrl\":\"https:\/\/vosgesinfo.fr\/app\/uploads\/sites\/3\/2024\/08\/201603bio-mobile-facebook.jpg\",\"width\":539,\"height\":960},{\"@type\":\"BreadcrumbList\",\"@id\":\"https:\/\/vosgesinfo.fr\/epinalinfo\/2016\/03\/camionnette-lepicerie-bio-sillonne-routes-vosgiennes\/#breadcrumb\",\"itemListElement\":[{\"@type\":\"ListItem\",\"position\":1,\"name\":\"Home\",\"item\":\"https:\/\/vosgesinfo.fr\/epinalinfo\/\"},{\"@type\":\"ListItem\",\"position\":2,\"name\":\"En camionnette, l\u2019\u00e9picerie bio sillonne les routes vosgiennes !\"}]},{\"@type\":\"WebSite\",\"@id\":\"https:\/\/vosgesinfo.fr\/epinalinfo\/#website\",\"url\":\"https:\/\/vosgesinfo.fr\/epinalinfo\/\",\"name\":\"Epinal Info\",\"description\":\"Toute l&#039;actualit\u00e9 d&#039;\u00c9pinal\",\"publisher\":{\"@id\":\"https:\/\/vosgesinfo.fr\/epinalinfo\/#organization\"},\"alternateName\":\"Toute l'actualit\u00e9 d'\u00c9pinal\",\"potentialAction\":[{\"@type\":\"SearchAction\",\"target\":{\"@type\":\"EntryPoint\",\"urlTemplate\":\"https:\/\/vosgesinfo.fr\/epinalinfo\/?s={search_term_string}\"},\"query-input\":\"required name=search_term_string\"}],\"inLanguage\":\"fr-FR\"},{\"@type\":\"Organization\",\"@id\":\"https:\/\/vosgesinfo.fr\/epinalinfo\/#organization\",\"name\":\"Epinal Info\",\"url\":\"https:\/\/vosgesinfo.fr\/epinalinfo\/\",\"logo\":{\"@type\":\"ImageObject\",\"inLanguage\":\"fr-FR\",\"@id\":\"https:\/\/vosgesinfo.fr\/epinalinfo\/#\/schema\/logo\/image\/\",\"url\":\"https:\/\/vosgesinfo.fr\/app\/uploads\/sites\/3\/2023\/08\/logo-epinalinfos.svg\",\"contentUrl\":\"https:\/\/vosgesinfo.fr\/app\/uploads\/sites\/3\/2023\/08\/logo-epinalinfos.svg\",\"width\":1,\"height\":1,\"caption\":\"Epinal Info\"},\"image\":{\"@id\":\"https:\/\/vosgesinfo.fr\/epinalinfo\/#\/schema\/logo\/image\/\"},\"sameAs\":[\"https:\/\/www.facebook.com\/Epinalinfos\",\"https:\/\/x.com\/VosgesInfo88\",\"https:\/\/www.youtube.com\/@vosgesinfo\"]},{\"@type\":\"Person\",\"@id\":\"https:\/\/vosgesinfo.fr\/epinalinfo\/#\/schema\/person\/6f9a650eeea99d969b6c4ab78fccbe81\",\"name\":\"C.K.\",\"image\":{\"@type\":\"ImageObject\",\"inLanguage\":\"fr-FR\",\"@id\":\"https:\/\/vosgesinfo.fr\/epinalinfo\/#\/schema\/person\/image\/\",\"url\":\"https:\/\/secure.gravatar.com\/avatar\/48e3fc7f8421ba8942be6b74a2b7f014ca39bc00dece156b7a8e098ae7dc87bf?s=96&d=mm&r=g\",\"contentUrl\":\"https:\/\/secure.gravatar.com\/avatar\/48e3fc7f8421ba8942be6b74a2b7f014ca39bc00dece156b7a8e098ae7dc87bf?s=96&d=mm&r=g\",\"caption\":\"C.K.\"},\"url\":\"https:\/\/vosgesinfo.fr\/epinalinfo\/author\/celia-k-n\/\"}]}<\/script>\n<!-- \/ Yoast SEO plugin. -->","yoast_head_json":{"title":"En camionnette, l\u2019\u00e9picerie bio sillonne les routes vosgiennes ! - Epinal Info","robots":{"index":"index","follow":"follow","max-snippet":"max-snippet:-1","max-image-preview":"max-image-preview:large","max-video-preview":"max-video-preview:-1"},"canonical":"https:\/\/vosgesinfo.fr\/epinalinfo\/2016\/03\/camionnette-lepicerie-bio-sillonne-routes-vosgiennes\/","twitter_card":"summary_large_image","twitter_title":"En camionnette, l\u2019\u00e9picerie bio sillonne les routes vosgiennes ! - Epinal Info","twitter_description":"Apr\u00e8s la mode des foods trucks, voici l\u2019\u00e9picerie bio itin\u00e9rante ! En juillet 2013, le Vosgien Julien Hantz a repris [&hellip;]","twitter_image":"https:\/\/vosgesinfo.fr\/app\/uploads\/sites\/3\/2024\/08\/201603bio-mobile-facebook.jpg","twitter_creator":"@VosgesInfo88","twitter_site":"@VosgesInfo88","twitter_misc":{"\u00c9crit par":"C.K.","Dur\u00e9e de lecture estim\u00e9e":"2 minutes"},"schema":{"@context":"https:\/\/schema.org","@graph":[{"@type":"Article","@id":"https:\/\/vosgesinfo.fr\/epinalinfo\/2016\/03\/camionnette-lepicerie-bio-sillonne-routes-vosgiennes\/#article","isPartOf":{"@id":"https:\/\/vosgesinfo.fr\/epinalinfo\/2016\/03\/camionnette-lepicerie-bio-sillonne-routes-vosgiennes\/"},"author":{"name":"C.K.","@id":"https:\/\/vosgesinfo.fr\/epinalinfo\/#\/schema\/person\/6f9a650eeea99d969b6c4ab78fccbe81"},"headline":"En camionnette, l\u2019\u00e9picerie bio sillonne les routes vosgiennes !","datePublished":"2016-03-08T05:20:14+00:00","dateModified":"2016-03-08T05:20:14+00:00","mainEntityOfPage":{"@id":"https:\/\/vosgesinfo.fr\/epinalinfo\/2016\/03\/camionnette-lepicerie-bio-sillonne-routes-vosgiennes\/"},"wordCount":441,"commentCount":0,"publisher":{"@id":"https:\/\/vosgesinfo.fr\/epinalinfo\/#organization"},"image":{"@id":"https:\/\/vosgesinfo.fr\/epinalinfo\/2016\/03\/camionnette-lepicerie-bio-sillonne-routes-vosgiennes\/#primaryimage"},"thumbnailUrl":"https:\/\/vosgesinfo.fr\/app\/uploads\/sites\/3\/2024\/08\/201603bio-mobile-facebook.jpg","keywords":["bio","Bio Mobile","\u00e9picerie bio itin\u00e9rante"],"articleSection":["A la Une","Soci\u00e9t\u00e9","Vosges"],"inLanguage":"fr-FR","potentialAction":[{"@type":"CommentAction","name":"Comment","target":["https:\/\/vosgesinfo.fr\/epinalinfo\/2016\/03\/camionnette-lepicerie-bio-sillonne-routes-vosgiennes\/#respond"]}]},{"@type":"WebPage","@id":"https:\/\/vosgesinfo.fr\/epinalinfo\/2016\/03\/camionnette-lepicerie-bio-sillonne-routes-vosgiennes\/","url":"https:\/\/vosgesinfo.fr\/epinalinfo\/2016\/03\/camionnette-lepicerie-bio-sillonne-routes-vosgiennes\/","name":"En camionnette, l\u2019\u00e9picerie bio sillonne les routes vosgiennes ! - Epinal Info","isPartOf":{"@id":"https:\/\/vosgesinfo.fr\/epinalinfo\/#website"},"primaryImageOfPage":{"@id":"https:\/\/vosgesinfo.fr\/epinalinfo\/2016\/03\/camionnette-lepicerie-bio-sillonne-routes-vosgiennes\/#primaryimage"},"image":{"@id":"https:\/\/vosgesinfo.fr\/epinalinfo\/2016\/03\/camionnette-lepicerie-bio-sillonne-routes-vosgiennes\/#primaryimage"},"thumbnailUrl":"https:\/\/vosgesinfo.fr\/app\/uploads\/sites\/3\/2024\/08\/201603bio-mobile-facebook.jpg","datePublished":"2016-03-08T05:20:14+00:00","dateModified":"2016-03-08T05:20:14+00:00","breadcrumb":{"@id":"https:\/\/vosgesinfo.fr\/epinalinfo\/2016\/03\/camionnette-lepicerie-bio-sillonne-routes-vosgiennes\/#breadcrumb"},"inLanguage":"fr-FR","potentialAction":[{"@type":"ReadAction","target":["https:\/\/vosgesinfo.fr\/epinalinfo\/2016\/03\/camionnette-lepicerie-bio-sillonne-routes-vosgiennes\/"]}]},{"@type":"ImageObject","inLanguage":"fr-FR","@id":"https:\/\/vosgesinfo.fr\/epinalinfo\/2016\/03\/camionnette-lepicerie-bio-sillonne-routes-vosgiennes\/#primaryimage","url":"https:\/\/vosgesinfo.fr\/app\/uploads\/sites\/3\/2024\/08\/201603bio-mobile-facebook.jpg","contentUrl":"https:\/\/vosgesinfo.fr\/app\/uploads\/sites\/3\/2024\/08\/201603bio-mobile-facebook.jpg","width":539,"height":960},{"@type":"BreadcrumbList","@id":"https:\/\/vosgesinfo.fr\/epinalinfo\/2016\/03\/camionnette-lepicerie-bio-sillonne-routes-vosgiennes\/#breadcrumb","itemListElement":[{"@type":"ListItem","position":1,"name":"Home","item":"https:\/\/vosgesinfo.fr\/epinalinfo\/"},{"@type":"ListItem","position":2,"name":"En camionnette, l\u2019\u00e9picerie bio sillonne les routes vosgiennes !"}]},{"@type":"WebSite","@id":"https:\/\/vosgesinfo.fr\/epinalinfo\/#website","url":"https:\/\/vosgesinfo.fr\/epinalinfo\/","name":"Epinal Info","description":"Toute l&#039;actualit\u00e9 d&#039;\u00c9pinal","publisher":{"@id":"https:\/\/vosgesinfo.fr\/epinalinfo\/#organization"},"alternateName":"Toute l'actualit\u00e9 d'\u00c9pinal","potentialAction":[{"@type":"SearchAction","target":{"@type":"EntryPoint","urlTemplate":"https:\/\/vosgesinfo.fr\/epinalinfo\/?s={search_term_string}"},"query-input":"required name=search_term_string"}],"inLanguage":"fr-FR"},{"@type":"Organization","@id":"https:\/\/vosgesinfo.fr\/epinalinfo\/#organization","name":"Epinal Info","url":"https:\/\/vosgesinfo.fr\/epinalinfo\/","logo":{"@type":"ImageObject","inLanguage":"fr-FR","@id":"https:\/\/vosgesinfo.fr\/epinalinfo\/#\/schema\/logo\/image\/","url":"https:\/\/vosgesinfo.fr\/app\/uploads\/sites\/3\/2023\/08\/logo-epinalinfos.svg","contentUrl":"https:\/\/vosgesinfo.fr\/app\/uploads\/sites\/3\/2023\/08\/logo-epinalinfos.svg","width":1,"height":1,"caption":"Epinal Info"},"image":{"@id":"https:\/\/vosgesinfo.fr\/epinalinfo\/#\/schema\/logo\/image\/"},"sameAs":["https:\/\/www.facebook.com\/Epinalinfos","https:\/\/x.com\/VosgesInfo88","https:\/\/www.youtube.com\/@vosgesinfo"]},{"@type":"Person","@id":"https:\/\/vosgesinfo.fr\/epinalinfo\/#\/schema\/person\/6f9a650eeea99d969b6c4ab78fccbe81","name":"C.K.","image":{"@type":"ImageObject","inLanguage":"fr-FR","@id":"https:\/\/vosgesinfo.fr\/epinalinfo\/#\/schema\/person\/image\/","url":"https:\/\/secure.gravatar.com\/avatar\/48e3fc7f8421ba8942be6b74a2b7f014ca39bc00dece156b7a8e098ae7dc87bf?s=96&d=mm&r=g","contentUrl":"https:\/\/secure.gravatar.com\/avatar\/48e3fc7f8421ba8942be6b74a2b7f014ca39bc00dece156b7a8e098ae7dc87bf?s=96&d=mm&r=g","caption":"C.K."},"url":"https:\/\/vosgesinfo.fr\/epinalinfo\/author\/celia-k-n\/"}]}},"_links":{"self":[{"href":"https:\/\/vosgesinfo.fr\/epinalinfo\/wp-json\/wp\/v2\/posts\/58937","targetHints":{"allow":["GET"]}}],"collection":[{"href":"https:\/\/vosgesinfo.fr\/epinalinfo\/wp-json\/wp\/v2\/posts"}],"about":[{"href":"https:\/\/vosgesinfo.fr\/epinalinfo\/wp-json\/wp\/v2\/types\/post"}],"author":[{"embeddable":true,"href":"https:\/\/vosgesinfo.fr\/epinalinfo\/wp-json\/wp\/v2\/users\/52"}],"replies":[{"embeddable":true,"href":"https:\/\/vosgesinfo.fr\/epinalinfo\/wp-json\/wp\/v2\/comments?post=58937"}],"version-history":[{"count":0,"href":"https:\/\/vosgesinfo.fr\/epinalinfo\/wp-json\/wp\/v2\/posts\/58937\/revisions"}],"wp:featuredmedia":[{"embeddable":true,"href":"https:\/\/vosgesinfo.fr\/epinalinfo\/wp-json\/wp\/v2\/media\/58938"}],"wp:attachment":[{"href":"https:\/\/vosgesinfo.fr\/epinalinfo\/wp-json\/wp\/v2\/media?parent=58937"}],"wp:term":[{"taxonomy":"category","embeddable":true,"href":"https:\/\/vosgesinfo.fr\/epinalinfo\/wp-json\/wp\/v2\/categories?post=58937"},{"taxonomy":"post_tag","embeddable":true,"href":"https:\/\/vosgesinfo.fr\/epinalinfo\/wp-json\/wp\/v2\/tags?post=58937"}],"curies":[{"name":"wp","href":"https:\/\/api.w.org\/{rel}","templated":true}]}}