{"id":59040,"date":"2016-03-08T07:33:12","date_gmt":"2016-03-08T06:33:12","guid":{"rendered":"https:\/\/vosgesinfo.fr\/epinalinfo\/2016\/03\/lecole-de-roville-recycle-printemps\/"},"modified":"2016-03-08T07:33:12","modified_gmt":"2016-03-08T06:33:12","slug":"lecole-de-roville-recycle-printemps","status":"publish","type":"post","link":"https:\/\/vosgesinfo.fr\/epinalinfo\/2016\/03\/lecole-de-roville-recycle-printemps\/","title":{"rendered":"L\u2019\u00e9cole de Roville recycle le printemps"},"content":{"rendered":"<p><strong><a href=\"\/2016\/03\/Sans-titre4.jpg\"><img decoding=\"async\" class=\"alignleft size-full wp-image-85644\" src=\"\/2016\/03\/Sans-titre4.jpg\" alt=\"Sans titre\" width=\"313\" height=\"206\" \/><\/a>Quand le printemps arrive, c\u2019est l\u2019heure pour l\u2019\u00e9cole d\u2019Horticulture et de Paysage de Roville-aux-Ch\u00eanes de d\u00e9corer la galerie du Cora Houdemont ! Et cette ann\u00e9e, c\u2019est le recyclage qui sera \u00e0 l\u2019honneur !<\/strong><\/p>\n<p>\u00ab\u00a0Le printemps dans la galerie\u00a0\u00bb fait son grand retour dans la galerie marchande du Cora Houdemont du 14 au 28 mars. A cette occasion, l\u2019\u00e9cole d\u2019Horticulture et de Paysage de Roville-aux-Ch\u00eanes am\u00e9nage des espaces mettant en valeur les m\u00e9tiers auxquels elle forme\u00a0: l\u2019art floral, l\u2019am\u00e9nagement paysager, la production horticole, le commerce en animalerie ou en jardinerie, et l\u2019environnement.<\/p>\n<p>Le th\u00e8me choisi cette ann\u00e9e est le reflet d\u2019une volont\u00e9 d\u2019inclure les principes du d\u00e9veloppement durable dans chacune de ces fili\u00e8res.<\/p>\n<p>Lundi 14 mars, des dizaines d\u2019\u00e9l\u00e8ves, apprentis et stagiaires accompagn\u00e9s de leurs enseignants vont donc investir la galerie pour mettre en place leurs six emplacements.<\/p>\n<p>Les \u00e9tudiants et apprentis de 1<sup>\u00e8re<\/sup> ann\u00e9e BTSA Production Horticole ont r\u00e9alis\u00e9 deux espaces\u00a0: \u00ab\u00a0Les fermes de chez vous\u00a0\u00bb \u00a0et \u00ab\u00a0Produire en respectant l\u2019environnement\u00a0\u00bb sur lequel nous retrouverons entre autres du Patrimoine Horticole Lorrain ou encore l\u2019\u00e9volution d\u2019un arbre fruitier.<\/p>\n<p>Les \u00e9l\u00e8ves en deuxi\u00e8me ann\u00e9e de Brevet Professionnel art floral et en 1<sup>\u00e8re<\/sup> Productions Horticoles ont travaill\u00e9 sur \u00ab\u00a0le recyclage tress\u00e9\u00a0\u00bb.<\/p>\n<p>Les apprentis de 2<sup>nde<\/sup> Am\u00e9nagement Paysager ont quant \u00e0 eux r\u00e9alis\u00e9 deux \u00ab\u00a0jardins de d\u00e9tente\u00a0\u00bb sur la th\u00e9matique du recyclage.<\/p>\n<p>Enfin, les adultes en Brevet Professionnel Responsable d\u2019Atelier de Production Horticole ont fabriqu\u00e9 sp\u00e9cialement pour cette occasion des murs v\u00e9g\u00e9taux, parfaitement adapt\u00e9s \u00e0 une galerie marchande. Pourquoi\u00a0? Il faudra venir les voir sur place\u2026<\/p>\n<p>Durant 2 semaines, les visiteurs pourront appr\u00e9cier la qualit\u00e9 du travail fourni, fruit de la passion de nos apprenants. Pour leur succ\u00e9der dans ces formations li\u00e9es aux m\u00e9tiers de la nature et de l\u2019environnement, n\u2019h\u00e9sitez pas \u00e0 laisser vos coordonn\u00e9es dans l\u2019urne pr\u00e9vue \u00e0 cet effet ou \u00e0 contacter directement l\u2019\u00e9cole au\u00a003 29 65 11 04\u00a0 \u00a0!<\/p>\n<p>&nbsp;<\/p>\n","protected":false},"excerpt":{"rendered":"<p>Quand le printemps arrive, c\u2019est l\u2019heure pour l\u2019\u00e9cole d\u2019Horticulture et de Paysage de Roville-aux-Ch\u00eanes de d\u00e9corer la galerie du Cora [&hellip;]<\/p>\n","protected":false},"author":52,"featured_media":900,"comment_status":"open","ping_status":"open","sticky":false,"template":"","format":"standard","meta":{"footnotes":""},"categories":[15,5],"tags":[7066,7067,2165,3619],"class_list":["post-59040","post","type-post","status-publish","format-standard","has-post-thumbnail","hentry","category-education","category-vosges","tag-cora-houdemont","tag-horticulture","tag-printemps","tag-roville-aux-chenes"],"acf":[],"yoast_head":"<!-- This site is optimized with the Yoast SEO plugin v22.5 - https:\/\/yoast.com\/wordpress\/plugins\/seo\/ -->\n<title>L\u2019\u00e9cole de Roville recycle le printemps - Epinal Info<\/title>\n<meta name=\"robots\" content=\"index, follow, max-snippet:-1, max-image-preview:large, max-video-preview:-1\" \/>\n<link rel=\"canonical\" href=\"https:\/\/vosgesinfo.fr\/epinalinfo\/2016\/03\/lecole-de-roville-recycle-printemps\/\" \/>\n<meta name=\"twitter:card\" content=\"summary_large_image\" \/>\n<meta name=\"twitter:title\" content=\"L\u2019\u00e9cole de Roville recycle le printemps - Epinal Info\" \/>\n<meta name=\"twitter:description\" content=\"Quand le printemps arrive, c\u2019est l\u2019heure pour l\u2019\u00e9cole d\u2019Horticulture et de Paysage de Roville-aux-Ch\u00eanes de d\u00e9corer la galerie du Cora [&hellip;]\" \/>\n<meta name=\"twitter:image\" content=\"https:\/\/vosgesinfo.fr\/app\/uploads\/sites\/3\/2023\/09\/sans-titre4.jpg\" \/>\n<meta name=\"twitter:creator\" content=\"@VosgesInfo88\" \/>\n<meta name=\"twitter:site\" content=\"@VosgesInfo88\" \/>\n<meta name=\"twitter:label1\" content=\"\u00c9crit par\" \/>\n\t<meta name=\"twitter:data1\" content=\"C.K.\" \/>\n\t<meta name=\"twitter:label2\" content=\"Dur\u00e9e de lecture estim\u00e9e\" \/>\n\t<meta name=\"twitter:data2\" content=\"2 minutes\" \/>\n<script type=\"application\/ld+json\" class=\"yoast-schema-graph\">{\"@context\":\"https:\/\/schema.org\",\"@graph\":[{\"@type\":\"Article\",\"@id\":\"https:\/\/vosgesinfo.fr\/epinalinfo\/2016\/03\/lecole-de-roville-recycle-printemps\/#article\",\"isPartOf\":{\"@id\":\"https:\/\/vosgesinfo.fr\/epinalinfo\/2016\/03\/lecole-de-roville-recycle-printemps\/\"},\"author\":{\"name\":\"C.K.\",\"@id\":\"https:\/\/vosgesinfo.fr\/epinalinfo\/#\/schema\/person\/6f9a650eeea99d969b6c4ab78fccbe81\"},\"headline\":\"L\u2019\u00e9cole de Roville recycle le printemps\",\"datePublished\":\"2016-03-08T06:33:12+00:00\",\"dateModified\":\"2016-03-08T06:33:12+00:00\",\"mainEntityOfPage\":{\"@id\":\"https:\/\/vosgesinfo.fr\/epinalinfo\/2016\/03\/lecole-de-roville-recycle-printemps\/\"},\"wordCount\":355,\"commentCount\":0,\"publisher\":{\"@id\":\"https:\/\/vosgesinfo.fr\/epinalinfo\/#organization\"},\"image\":{\"@id\":\"https:\/\/vosgesinfo.fr\/epinalinfo\/2016\/03\/lecole-de-roville-recycle-printemps\/#primaryimage\"},\"thumbnailUrl\":\"https:\/\/vosgesinfo.fr\/app\/uploads\/sites\/3\/2023\/09\/sans-titre4.jpg\",\"keywords\":[\"Cora Houdemont\",\"Horticulture\",\"printemps\",\"Roville-aux-Ch\u00eanes\"],\"articleSection\":[\"\u00c9ducation\",\"Vosges\"],\"inLanguage\":\"fr-FR\",\"potentialAction\":[{\"@type\":\"CommentAction\",\"name\":\"Comment\",\"target\":[\"https:\/\/vosgesinfo.fr\/epinalinfo\/2016\/03\/lecole-de-roville-recycle-printemps\/#respond\"]}]},{\"@type\":\"WebPage\",\"@id\":\"https:\/\/vosgesinfo.fr\/epinalinfo\/2016\/03\/lecole-de-roville-recycle-printemps\/\",\"url\":\"https:\/\/vosgesinfo.fr\/epinalinfo\/2016\/03\/lecole-de-roville-recycle-printemps\/\",\"name\":\"L\u2019\u00e9cole de Roville recycle le printemps - Epinal Info\",\"isPartOf\":{\"@id\":\"https:\/\/vosgesinfo.fr\/epinalinfo\/#website\"},\"primaryImageOfPage\":{\"@id\":\"https:\/\/vosgesinfo.fr\/epinalinfo\/2016\/03\/lecole-de-roville-recycle-printemps\/#primaryimage\"},\"image\":{\"@id\":\"https:\/\/vosgesinfo.fr\/epinalinfo\/2016\/03\/lecole-de-roville-recycle-printemps\/#primaryimage\"},\"thumbnailUrl\":\"https:\/\/vosgesinfo.fr\/app\/uploads\/sites\/3\/2023\/09\/sans-titre4.jpg\",\"datePublished\":\"2016-03-08T06:33:12+00:00\",\"dateModified\":\"2016-03-08T06:33:12+00:00\",\"breadcrumb\":{\"@id\":\"https:\/\/vosgesinfo.fr\/epinalinfo\/2016\/03\/lecole-de-roville-recycle-printemps\/#breadcrumb\"},\"inLanguage\":\"fr-FR\",\"potentialAction\":[{\"@type\":\"ReadAction\",\"target\":[\"https:\/\/vosgesinfo.fr\/epinalinfo\/2016\/03\/lecole-de-roville-recycle-printemps\/\"]}]},{\"@type\":\"ImageObject\",\"inLanguage\":\"fr-FR\",\"@id\":\"https:\/\/vosgesinfo.fr\/epinalinfo\/2016\/03\/lecole-de-roville-recycle-printemps\/#primaryimage\",\"url\":\"https:\/\/vosgesinfo.fr\/app\/uploads\/sites\/3\/2023\/09\/sans-titre4.jpg\",\"contentUrl\":\"https:\/\/vosgesinfo.fr\/app\/uploads\/sites\/3\/2023\/09\/sans-titre4.jpg\",\"width\":800,\"height\":445},{\"@type\":\"BreadcrumbList\",\"@id\":\"https:\/\/vosgesinfo.fr\/epinalinfo\/2016\/03\/lecole-de-roville-recycle-printemps\/#breadcrumb\",\"itemListElement\":[{\"@type\":\"ListItem\",\"position\":1,\"name\":\"Home\",\"item\":\"https:\/\/vosgesinfo.fr\/epinalinfo\/\"},{\"@type\":\"ListItem\",\"position\":2,\"name\":\"L\u2019\u00e9cole de Roville recycle le printemps\"}]},{\"@type\":\"WebSite\",\"@id\":\"https:\/\/vosgesinfo.fr\/epinalinfo\/#website\",\"url\":\"https:\/\/vosgesinfo.fr\/epinalinfo\/\",\"name\":\"Epinal Info\",\"description\":\"Toute l&#039;actualit\u00e9 d&#039;\u00c9pinal\",\"publisher\":{\"@id\":\"https:\/\/vosgesinfo.fr\/epinalinfo\/#organization\"},\"alternateName\":\"Toute l'actualit\u00e9 d'\u00c9pinal\",\"potentialAction\":[{\"@type\":\"SearchAction\",\"target\":{\"@type\":\"EntryPoint\",\"urlTemplate\":\"https:\/\/vosgesinfo.fr\/epinalinfo\/?s={search_term_string}\"},\"query-input\":\"required name=search_term_string\"}],\"inLanguage\":\"fr-FR\"},{\"@type\":\"Organization\",\"@id\":\"https:\/\/vosgesinfo.fr\/epinalinfo\/#organization\",\"name\":\"Epinal Info\",\"url\":\"https:\/\/vosgesinfo.fr\/epinalinfo\/\",\"logo\":{\"@type\":\"ImageObject\",\"inLanguage\":\"fr-FR\",\"@id\":\"https:\/\/vosgesinfo.fr\/epinalinfo\/#\/schema\/logo\/image\/\",\"url\":\"https:\/\/vosgesinfo.fr\/app\/uploads\/sites\/3\/2023\/08\/logo-epinalinfos.svg\",\"contentUrl\":\"https:\/\/vosgesinfo.fr\/app\/uploads\/sites\/3\/2023\/08\/logo-epinalinfos.svg\",\"width\":1,\"height\":1,\"caption\":\"Epinal Info\"},\"image\":{\"@id\":\"https:\/\/vosgesinfo.fr\/epinalinfo\/#\/schema\/logo\/image\/\"},\"sameAs\":[\"https:\/\/www.facebook.com\/Epinalinfos\",\"https:\/\/x.com\/VosgesInfo88\",\"https:\/\/www.youtube.com\/@vosgesinfo\"]},{\"@type\":\"Person\",\"@id\":\"https:\/\/vosgesinfo.fr\/epinalinfo\/#\/schema\/person\/6f9a650eeea99d969b6c4ab78fccbe81\",\"name\":\"C.K.\",\"image\":{\"@type\":\"ImageObject\",\"inLanguage\":\"fr-FR\",\"@id\":\"https:\/\/vosgesinfo.fr\/epinalinfo\/#\/schema\/person\/image\/\",\"url\":\"https:\/\/secure.gravatar.com\/avatar\/48e3fc7f8421ba8942be6b74a2b7f014ca39bc00dece156b7a8e098ae7dc87bf?s=96&d=mm&r=g\",\"contentUrl\":\"https:\/\/secure.gravatar.com\/avatar\/48e3fc7f8421ba8942be6b74a2b7f014ca39bc00dece156b7a8e098ae7dc87bf?s=96&d=mm&r=g\",\"caption\":\"C.K.\"},\"url\":\"https:\/\/vosgesinfo.fr\/epinalinfo\/author\/celia-k-n\/\"}]}<\/script>\n<!-- \/ Yoast SEO plugin. -->","yoast_head_json":{"title":"L\u2019\u00e9cole de Roville recycle le printemps - Epinal Info","robots":{"index":"index","follow":"follow","max-snippet":"max-snippet:-1","max-image-preview":"max-image-preview:large","max-video-preview":"max-video-preview:-1"},"canonical":"https:\/\/vosgesinfo.fr\/epinalinfo\/2016\/03\/lecole-de-roville-recycle-printemps\/","twitter_card":"summary_large_image","twitter_title":"L\u2019\u00e9cole de Roville recycle le printemps - Epinal Info","twitter_description":"Quand le printemps arrive, c\u2019est l\u2019heure pour l\u2019\u00e9cole d\u2019Horticulture et de Paysage de Roville-aux-Ch\u00eanes de d\u00e9corer la galerie du Cora [&hellip;]","twitter_image":"https:\/\/vosgesinfo.fr\/app\/uploads\/sites\/3\/2023\/09\/sans-titre4.jpg","twitter_creator":"@VosgesInfo88","twitter_site":"@VosgesInfo88","twitter_misc":{"\u00c9crit par":"C.K.","Dur\u00e9e de lecture estim\u00e9e":"2 minutes"},"schema":{"@context":"https:\/\/schema.org","@graph":[{"@type":"Article","@id":"https:\/\/vosgesinfo.fr\/epinalinfo\/2016\/03\/lecole-de-roville-recycle-printemps\/#article","isPartOf":{"@id":"https:\/\/vosgesinfo.fr\/epinalinfo\/2016\/03\/lecole-de-roville-recycle-printemps\/"},"author":{"name":"C.K.","@id":"https:\/\/vosgesinfo.fr\/epinalinfo\/#\/schema\/person\/6f9a650eeea99d969b6c4ab78fccbe81"},"headline":"L\u2019\u00e9cole de Roville recycle le printemps","datePublished":"2016-03-08T06:33:12+00:00","dateModified":"2016-03-08T06:33:12+00:00","mainEntityOfPage":{"@id":"https:\/\/vosgesinfo.fr\/epinalinfo\/2016\/03\/lecole-de-roville-recycle-printemps\/"},"wordCount":355,"commentCount":0,"publisher":{"@id":"https:\/\/vosgesinfo.fr\/epinalinfo\/#organization"},"image":{"@id":"https:\/\/vosgesinfo.fr\/epinalinfo\/2016\/03\/lecole-de-roville-recycle-printemps\/#primaryimage"},"thumbnailUrl":"https:\/\/vosgesinfo.fr\/app\/uploads\/sites\/3\/2023\/09\/sans-titre4.jpg","keywords":["Cora Houdemont","Horticulture","printemps","Roville-aux-Ch\u00eanes"],"articleSection":["\u00c9ducation","Vosges"],"inLanguage":"fr-FR","potentialAction":[{"@type":"CommentAction","name":"Comment","target":["https:\/\/vosgesinfo.fr\/epinalinfo\/2016\/03\/lecole-de-roville-recycle-printemps\/#respond"]}]},{"@type":"WebPage","@id":"https:\/\/vosgesinfo.fr\/epinalinfo\/2016\/03\/lecole-de-roville-recycle-printemps\/","url":"https:\/\/vosgesinfo.fr\/epinalinfo\/2016\/03\/lecole-de-roville-recycle-printemps\/","name":"L\u2019\u00e9cole de Roville recycle le printemps - Epinal Info","isPartOf":{"@id":"https:\/\/vosgesinfo.fr\/epinalinfo\/#website"},"primaryImageOfPage":{"@id":"https:\/\/vosgesinfo.fr\/epinalinfo\/2016\/03\/lecole-de-roville-recycle-printemps\/#primaryimage"},"image":{"@id":"https:\/\/vosgesinfo.fr\/epinalinfo\/2016\/03\/lecole-de-roville-recycle-printemps\/#primaryimage"},"thumbnailUrl":"https:\/\/vosgesinfo.fr\/app\/uploads\/sites\/3\/2023\/09\/sans-titre4.jpg","datePublished":"2016-03-08T06:33:12+00:00","dateModified":"2016-03-08T06:33:12+00:00","breadcrumb":{"@id":"https:\/\/vosgesinfo.fr\/epinalinfo\/2016\/03\/lecole-de-roville-recycle-printemps\/#breadcrumb"},"inLanguage":"fr-FR","potentialAction":[{"@type":"ReadAction","target":["https:\/\/vosgesinfo.fr\/epinalinfo\/2016\/03\/lecole-de-roville-recycle-printemps\/"]}]},{"@type":"ImageObject","inLanguage":"fr-FR","@id":"https:\/\/vosgesinfo.fr\/epinalinfo\/2016\/03\/lecole-de-roville-recycle-printemps\/#primaryimage","url":"https:\/\/vosgesinfo.fr\/app\/uploads\/sites\/3\/2023\/09\/sans-titre4.jpg","contentUrl":"https:\/\/vosgesinfo.fr\/app\/uploads\/sites\/3\/2023\/09\/sans-titre4.jpg","width":800,"height":445},{"@type":"BreadcrumbList","@id":"https:\/\/vosgesinfo.fr\/epinalinfo\/2016\/03\/lecole-de-roville-recycle-printemps\/#breadcrumb","itemListElement":[{"@type":"ListItem","position":1,"name":"Home","item":"https:\/\/vosgesinfo.fr\/epinalinfo\/"},{"@type":"ListItem","position":2,"name":"L\u2019\u00e9cole de Roville recycle le printemps"}]},{"@type":"WebSite","@id":"https:\/\/vosgesinfo.fr\/epinalinfo\/#website","url":"https:\/\/vosgesinfo.fr\/epinalinfo\/","name":"Epinal Info","description":"Toute l&#039;actualit\u00e9 d&#039;\u00c9pinal","publisher":{"@id":"https:\/\/vosgesinfo.fr\/epinalinfo\/#organization"},"alternateName":"Toute l'actualit\u00e9 d'\u00c9pinal","potentialAction":[{"@type":"SearchAction","target":{"@type":"EntryPoint","urlTemplate":"https:\/\/vosgesinfo.fr\/epinalinfo\/?s={search_term_string}"},"query-input":"required name=search_term_string"}],"inLanguage":"fr-FR"},{"@type":"Organization","@id":"https:\/\/vosgesinfo.fr\/epinalinfo\/#organization","name":"Epinal Info","url":"https:\/\/vosgesinfo.fr\/epinalinfo\/","logo":{"@type":"ImageObject","inLanguage":"fr-FR","@id":"https:\/\/vosgesinfo.fr\/epinalinfo\/#\/schema\/logo\/image\/","url":"https:\/\/vosgesinfo.fr\/app\/uploads\/sites\/3\/2023\/08\/logo-epinalinfos.svg","contentUrl":"https:\/\/vosgesinfo.fr\/app\/uploads\/sites\/3\/2023\/08\/logo-epinalinfos.svg","width":1,"height":1,"caption":"Epinal Info"},"image":{"@id":"https:\/\/vosgesinfo.fr\/epinalinfo\/#\/schema\/logo\/image\/"},"sameAs":["https:\/\/www.facebook.com\/Epinalinfos","https:\/\/x.com\/VosgesInfo88","https:\/\/www.youtube.com\/@vosgesinfo"]},{"@type":"Person","@id":"https:\/\/vosgesinfo.fr\/epinalinfo\/#\/schema\/person\/6f9a650eeea99d969b6c4ab78fccbe81","name":"C.K.","image":{"@type":"ImageObject","inLanguage":"fr-FR","@id":"https:\/\/vosgesinfo.fr\/epinalinfo\/#\/schema\/person\/image\/","url":"https:\/\/secure.gravatar.com\/avatar\/48e3fc7f8421ba8942be6b74a2b7f014ca39bc00dece156b7a8e098ae7dc87bf?s=96&d=mm&r=g","contentUrl":"https:\/\/secure.gravatar.com\/avatar\/48e3fc7f8421ba8942be6b74a2b7f014ca39bc00dece156b7a8e098ae7dc87bf?s=96&d=mm&r=g","caption":"C.K."},"url":"https:\/\/vosgesinfo.fr\/epinalinfo\/author\/celia-k-n\/"}]}},"_links":{"self":[{"href":"https:\/\/vosgesinfo.fr\/epinalinfo\/wp-json\/wp\/v2\/posts\/59040","targetHints":{"allow":["GET"]}}],"collection":[{"href":"https:\/\/vosgesinfo.fr\/epinalinfo\/wp-json\/wp\/v2\/posts"}],"about":[{"href":"https:\/\/vosgesinfo.fr\/epinalinfo\/wp-json\/wp\/v2\/types\/post"}],"author":[{"embeddable":true,"href":"https:\/\/vosgesinfo.fr\/epinalinfo\/wp-json\/wp\/v2\/users\/52"}],"replies":[{"embeddable":true,"href":"https:\/\/vosgesinfo.fr\/epinalinfo\/wp-json\/wp\/v2\/comments?post=59040"}],"version-history":[{"count":0,"href":"https:\/\/vosgesinfo.fr\/epinalinfo\/wp-json\/wp\/v2\/posts\/59040\/revisions"}],"wp:featuredmedia":[{"embeddable":true,"href":"https:\/\/vosgesinfo.fr\/epinalinfo\/wp-json\/wp\/v2\/media\/900"}],"wp:attachment":[{"href":"https:\/\/vosgesinfo.fr\/epinalinfo\/wp-json\/wp\/v2\/media?parent=59040"}],"wp:term":[{"taxonomy":"category","embeddable":true,"href":"https:\/\/vosgesinfo.fr\/epinalinfo\/wp-json\/wp\/v2\/categories?post=59040"},{"taxonomy":"post_tag","embeddable":true,"href":"https:\/\/vosgesinfo.fr\/epinalinfo\/wp-json\/wp\/v2\/tags?post=59040"}],"curies":[{"name":"wp","href":"https:\/\/api.w.org\/{rel}","templated":true}]}}