{"id":59214,"date":"2016-03-11T10:04:46","date_gmt":"2016-03-11T09:04:46","guid":{"rendered":"https:\/\/vosgesinfo.fr\/epinalinfo\/2016\/03\/magasins-se-mobilisent-restos-coeur\/"},"modified":"2016-03-11T10:04:46","modified_gmt":"2016-03-11T09:04:46","slug":"magasins-se-mobilisent-restos-coeur","status":"publish","type":"post","link":"https:\/\/vosgesinfo.fr\/epinalinfo\/2016\/03\/magasins-se-mobilisent-restos-coeur\/","title":{"rendered":"Les magasins se mobilisent pour les Restos du Coeur"},"content":{"rendered":"<div id=\"attachment_86002\" style=\"width: 421px\" class=\"wp-caption aligncenter\"><a href=\"\/2016\/03\/collecte_2012.png\"><img decoding=\"async\" aria-describedby=\"caption-attachment-86002\" class=\"size-full wp-image-86002\" src=\"\/2016\/03\/collecte_2012.png\" alt=\"(photo Restos du Coeur)\" width=\"411\" height=\"280\" \/><\/a><p id=\"caption-attachment-86002\" class=\"wp-caption-text\">(photo Restos du Coeur)<\/p><\/div>\n<p><strong>Comme chaque ann\u00e9e, l\u2019hypermarch\u00e9 Carrefour d\u2019Epinal et les Market de Fraize et Mirecourt s\u2019engagent aupr\u00e8s des Restos du Coeur pour soutenir la collecte nationale qui se d\u00e9roule cette ann\u00e9e les 11 et 12 mars. L\u2019an dernier, lors de la collecte nationale, 2 000 tonnes de denr\u00e9es ont \u00e9t\u00e9 collect\u00e9es dans les magasins de l\u2019enseigne, soit 1\/3 des volumes collect\u00e9s par l\u2019association en deux jours.<\/strong><\/p>\n<p>Pour la 8e ann\u00e9e cons\u00e9cutive, l\u2019hypermarch\u00e9 Carrefour d\u2019Epinal et les Market de Fraize et Mirecourt accueillent les b\u00e9n\u00e9voles des Restos du C\u0153ur qui c\u00e9l\u00e8brent cet hiver leur 31e campagne. Conserves de l\u00e9gumes\/viandes\/poissons, desserts, produits pour b\u00e9b\u00e9, produits d\u2019hygi\u00e8ne seront essentiels pour poursuivre l\u2019action de l\u2019association en privil\u00e9giant les articles d\u2019une dur\u00e9e de conservation suffisamment longue. Au total, plus de 1 100 magasins Carrefour et Market sont mobilis\u00e9s.<\/p>\n<p><strong>Objectif : offrir un million de repas <\/strong><\/p>\n<p>Du 23 f\u00e9vrier au 6 mars 2016, Carrefour et Danone ont organis\u00e9 une op\u00e9ration pour grossir les dons. Pour deux produits Danone achet\u00e9s lors de cette p\u00e9riode, un repas \u00e9tait offert aux Restos du C\u0153ur. A l\u2019issue de l\u2019op\u00e9ration, quel qu\u2019en soient les r\u00e9sultats, Carrefour et Danone se sont engag\u00e9 \u00e0 offrir un million de repas \u00e0 l\u2019association.<\/p>\n<p><strong>Un partenariat \u00e0 l\u2019ann\u00e9e<\/strong><\/p>\n<p>La participation \u00e0 la collecte nationale s\u2019inscrit dans la continuit\u00e9 des actions men\u00e9es par Carrefour. Chaque jour, des camions de l\u2019association r\u00e9cup\u00e8rent des denr\u00e9es alimentaires pour les redistribuer. En 2015, 814 230 repas ont ainsi \u00e9t\u00e9 donn\u00e9s par les magasins.<\/p>\n","protected":false},"excerpt":{"rendered":"<p>Comme chaque ann\u00e9e, l\u2019hypermarch\u00e9 Carrefour d\u2019Epinal et les Market de Fraize et Mirecourt s\u2019engagent aupr\u00e8s des Restos du Coeur pour [&hellip;]<\/p>\n","protected":false},"author":52,"featured_media":59215,"comment_status":"open","ping_status":"open","sticky":false,"template":"","format":"standard","meta":{"footnotes":""},"categories":[24,192],"tags":[1364,695,7126,696],"class_list":["post-59214","post","type-post","status-publish","format-standard","has-post-thumbnail","hentry","category-epinal","category-solidarite","tag-carrefour","tag-collecte","tag-hupermarches","tag-restos-du-coeur"],"acf":[],"yoast_head":"<!-- This site is optimized with the Yoast SEO plugin v22.5 - https:\/\/yoast.com\/wordpress\/plugins\/seo\/ -->\n<title>Les magasins se mobilisent pour les Restos du Coeur - Epinal Info<\/title>\n<meta name=\"robots\" content=\"index, follow, max-snippet:-1, max-image-preview:large, max-video-preview:-1\" \/>\n<link rel=\"canonical\" href=\"https:\/\/vosgesinfo.fr\/epinalinfo\/2016\/03\/magasins-se-mobilisent-restos-coeur\/\" \/>\n<meta name=\"twitter:card\" content=\"summary_large_image\" \/>\n<meta name=\"twitter:title\" content=\"Les magasins se mobilisent pour les Restos du Coeur - Epinal Info\" \/>\n<meta name=\"twitter:description\" content=\"Comme chaque ann\u00e9e, l\u2019hypermarch\u00e9 Carrefour d\u2019Epinal et les Market de Fraize et Mirecourt s\u2019engagent aupr\u00e8s des Restos du Coeur pour [&hellip;]\" \/>\n<meta name=\"twitter:image\" content=\"https:\/\/vosgesinfo.fr\/app\/uploads\/sites\/3\/2024\/08\/201603collecte-2012.png\" \/>\n<meta name=\"twitter:creator\" content=\"@VosgesInfo88\" \/>\n<meta name=\"twitter:site\" content=\"@VosgesInfo88\" \/>\n<meta name=\"twitter:label1\" content=\"\u00c9crit par\" \/>\n\t<meta name=\"twitter:data1\" content=\"C.K.\" \/>\n\t<meta name=\"twitter:label2\" content=\"Dur\u00e9e de lecture estim\u00e9e\" \/>\n\t<meta name=\"twitter:data2\" content=\"1 minute\" \/>\n<script type=\"application\/ld+json\" class=\"yoast-schema-graph\">{\"@context\":\"https:\/\/schema.org\",\"@graph\":[{\"@type\":\"Article\",\"@id\":\"https:\/\/vosgesinfo.fr\/epinalinfo\/2016\/03\/magasins-se-mobilisent-restos-coeur\/#article\",\"isPartOf\":{\"@id\":\"https:\/\/vosgesinfo.fr\/epinalinfo\/2016\/03\/magasins-se-mobilisent-restos-coeur\/\"},\"author\":{\"name\":\"C.K.\",\"@id\":\"https:\/\/vosgesinfo.fr\/epinalinfo\/#\/schema\/person\/6f9a650eeea99d969b6c4ab78fccbe81\"},\"headline\":\"Les magasins se mobilisent pour les Restos du Coeur\",\"datePublished\":\"2016-03-11T09:04:46+00:00\",\"dateModified\":\"2016-03-11T09:04:46+00:00\",\"mainEntityOfPage\":{\"@id\":\"https:\/\/vosgesinfo.fr\/epinalinfo\/2016\/03\/magasins-se-mobilisent-restos-coeur\/\"},\"wordCount\":296,\"commentCount\":0,\"publisher\":{\"@id\":\"https:\/\/vosgesinfo.fr\/epinalinfo\/#organization\"},\"image\":{\"@id\":\"https:\/\/vosgesinfo.fr\/epinalinfo\/2016\/03\/magasins-se-mobilisent-restos-coeur\/#primaryimage\"},\"thumbnailUrl\":\"https:\/\/vosgesinfo.fr\/app\/uploads\/sites\/3\/2024\/08\/201603collecte-2012.png\",\"keywords\":[\"Carrefour\",\"collecte\",\"hupermarch\u00e9s\",\"Restos du Coeur\"],\"articleSection\":[\"Epinal\",\"Solidarit\u00e9\"],\"inLanguage\":\"fr-FR\",\"potentialAction\":[{\"@type\":\"CommentAction\",\"name\":\"Comment\",\"target\":[\"https:\/\/vosgesinfo.fr\/epinalinfo\/2016\/03\/magasins-se-mobilisent-restos-coeur\/#respond\"]}]},{\"@type\":\"WebPage\",\"@id\":\"https:\/\/vosgesinfo.fr\/epinalinfo\/2016\/03\/magasins-se-mobilisent-restos-coeur\/\",\"url\":\"https:\/\/vosgesinfo.fr\/epinalinfo\/2016\/03\/magasins-se-mobilisent-restos-coeur\/\",\"name\":\"Les magasins se mobilisent pour les Restos du Coeur - Epinal Info\",\"isPartOf\":{\"@id\":\"https:\/\/vosgesinfo.fr\/epinalinfo\/#website\"},\"primaryImageOfPage\":{\"@id\":\"https:\/\/vosgesinfo.fr\/epinalinfo\/2016\/03\/magasins-se-mobilisent-restos-coeur\/#primaryimage\"},\"image\":{\"@id\":\"https:\/\/vosgesinfo.fr\/epinalinfo\/2016\/03\/magasins-se-mobilisent-restos-coeur\/#primaryimage\"},\"thumbnailUrl\":\"https:\/\/vosgesinfo.fr\/app\/uploads\/sites\/3\/2024\/08\/201603collecte-2012.png\",\"datePublished\":\"2016-03-11T09:04:46+00:00\",\"dateModified\":\"2016-03-11T09:04:46+00:00\",\"breadcrumb\":{\"@id\":\"https:\/\/vosgesinfo.fr\/epinalinfo\/2016\/03\/magasins-se-mobilisent-restos-coeur\/#breadcrumb\"},\"inLanguage\":\"fr-FR\",\"potentialAction\":[{\"@type\":\"ReadAction\",\"target\":[\"https:\/\/vosgesinfo.fr\/epinalinfo\/2016\/03\/magasins-se-mobilisent-restos-coeur\/\"]}]},{\"@type\":\"ImageObject\",\"inLanguage\":\"fr-FR\",\"@id\":\"https:\/\/vosgesinfo.fr\/epinalinfo\/2016\/03\/magasins-se-mobilisent-restos-coeur\/#primaryimage\",\"url\":\"https:\/\/vosgesinfo.fr\/app\/uploads\/sites\/3\/2024\/08\/201603collecte-2012.png\",\"contentUrl\":\"https:\/\/vosgesinfo.fr\/app\/uploads\/sites\/3\/2024\/08\/201603collecte-2012.png\",\"width\":411,\"height\":280},{\"@type\":\"BreadcrumbList\",\"@id\":\"https:\/\/vosgesinfo.fr\/epinalinfo\/2016\/03\/magasins-se-mobilisent-restos-coeur\/#breadcrumb\",\"itemListElement\":[{\"@type\":\"ListItem\",\"position\":1,\"name\":\"Home\",\"item\":\"https:\/\/vosgesinfo.fr\/epinalinfo\/\"},{\"@type\":\"ListItem\",\"position\":2,\"name\":\"Les magasins se mobilisent pour les Restos du Coeur\"}]},{\"@type\":\"WebSite\",\"@id\":\"https:\/\/vosgesinfo.fr\/epinalinfo\/#website\",\"url\":\"https:\/\/vosgesinfo.fr\/epinalinfo\/\",\"name\":\"Epinal Info\",\"description\":\"Toute l&#039;actualit\u00e9 d&#039;\u00c9pinal\",\"publisher\":{\"@id\":\"https:\/\/vosgesinfo.fr\/epinalinfo\/#organization\"},\"alternateName\":\"Toute l'actualit\u00e9 d'\u00c9pinal\",\"potentialAction\":[{\"@type\":\"SearchAction\",\"target\":{\"@type\":\"EntryPoint\",\"urlTemplate\":\"https:\/\/vosgesinfo.fr\/epinalinfo\/?s={search_term_string}\"},\"query-input\":\"required name=search_term_string\"}],\"inLanguage\":\"fr-FR\"},{\"@type\":\"Organization\",\"@id\":\"https:\/\/vosgesinfo.fr\/epinalinfo\/#organization\",\"name\":\"Epinal Info\",\"url\":\"https:\/\/vosgesinfo.fr\/epinalinfo\/\",\"logo\":{\"@type\":\"ImageObject\",\"inLanguage\":\"fr-FR\",\"@id\":\"https:\/\/vosgesinfo.fr\/epinalinfo\/#\/schema\/logo\/image\/\",\"url\":\"https:\/\/vosgesinfo.fr\/app\/uploads\/sites\/3\/2023\/08\/logo-epinalinfos.svg\",\"contentUrl\":\"https:\/\/vosgesinfo.fr\/app\/uploads\/sites\/3\/2023\/08\/logo-epinalinfos.svg\",\"width\":1,\"height\":1,\"caption\":\"Epinal Info\"},\"image\":{\"@id\":\"https:\/\/vosgesinfo.fr\/epinalinfo\/#\/schema\/logo\/image\/\"},\"sameAs\":[\"https:\/\/www.facebook.com\/Epinalinfos\",\"https:\/\/x.com\/VosgesInfo88\",\"https:\/\/www.youtube.com\/@vosgesinfo\"]},{\"@type\":\"Person\",\"@id\":\"https:\/\/vosgesinfo.fr\/epinalinfo\/#\/schema\/person\/6f9a650eeea99d969b6c4ab78fccbe81\",\"name\":\"C.K.\",\"image\":{\"@type\":\"ImageObject\",\"inLanguage\":\"fr-FR\",\"@id\":\"https:\/\/vosgesinfo.fr\/epinalinfo\/#\/schema\/person\/image\/\",\"url\":\"https:\/\/secure.gravatar.com\/avatar\/48e3fc7f8421ba8942be6b74a2b7f014ca39bc00dece156b7a8e098ae7dc87bf?s=96&d=mm&r=g\",\"contentUrl\":\"https:\/\/secure.gravatar.com\/avatar\/48e3fc7f8421ba8942be6b74a2b7f014ca39bc00dece156b7a8e098ae7dc87bf?s=96&d=mm&r=g\",\"caption\":\"C.K.\"},\"url\":\"https:\/\/vosgesinfo.fr\/epinalinfo\/author\/celia-k-n\/\"}]}<\/script>\n<!-- \/ Yoast SEO plugin. -->","yoast_head_json":{"title":"Les magasins se mobilisent pour les Restos du Coeur - Epinal Info","robots":{"index":"index","follow":"follow","max-snippet":"max-snippet:-1","max-image-preview":"max-image-preview:large","max-video-preview":"max-video-preview:-1"},"canonical":"https:\/\/vosgesinfo.fr\/epinalinfo\/2016\/03\/magasins-se-mobilisent-restos-coeur\/","twitter_card":"summary_large_image","twitter_title":"Les magasins se mobilisent pour les Restos du Coeur - Epinal Info","twitter_description":"Comme chaque ann\u00e9e, l\u2019hypermarch\u00e9 Carrefour d\u2019Epinal et les Market de Fraize et Mirecourt s\u2019engagent aupr\u00e8s des Restos du Coeur pour [&hellip;]","twitter_image":"https:\/\/vosgesinfo.fr\/app\/uploads\/sites\/3\/2024\/08\/201603collecte-2012.png","twitter_creator":"@VosgesInfo88","twitter_site":"@VosgesInfo88","twitter_misc":{"\u00c9crit par":"C.K.","Dur\u00e9e de lecture estim\u00e9e":"1 minute"},"schema":{"@context":"https:\/\/schema.org","@graph":[{"@type":"Article","@id":"https:\/\/vosgesinfo.fr\/epinalinfo\/2016\/03\/magasins-se-mobilisent-restos-coeur\/#article","isPartOf":{"@id":"https:\/\/vosgesinfo.fr\/epinalinfo\/2016\/03\/magasins-se-mobilisent-restos-coeur\/"},"author":{"name":"C.K.","@id":"https:\/\/vosgesinfo.fr\/epinalinfo\/#\/schema\/person\/6f9a650eeea99d969b6c4ab78fccbe81"},"headline":"Les magasins se mobilisent pour les Restos du Coeur","datePublished":"2016-03-11T09:04:46+00:00","dateModified":"2016-03-11T09:04:46+00:00","mainEntityOfPage":{"@id":"https:\/\/vosgesinfo.fr\/epinalinfo\/2016\/03\/magasins-se-mobilisent-restos-coeur\/"},"wordCount":296,"commentCount":0,"publisher":{"@id":"https:\/\/vosgesinfo.fr\/epinalinfo\/#organization"},"image":{"@id":"https:\/\/vosgesinfo.fr\/epinalinfo\/2016\/03\/magasins-se-mobilisent-restos-coeur\/#primaryimage"},"thumbnailUrl":"https:\/\/vosgesinfo.fr\/app\/uploads\/sites\/3\/2024\/08\/201603collecte-2012.png","keywords":["Carrefour","collecte","hupermarch\u00e9s","Restos du Coeur"],"articleSection":["Epinal","Solidarit\u00e9"],"inLanguage":"fr-FR","potentialAction":[{"@type":"CommentAction","name":"Comment","target":["https:\/\/vosgesinfo.fr\/epinalinfo\/2016\/03\/magasins-se-mobilisent-restos-coeur\/#respond"]}]},{"@type":"WebPage","@id":"https:\/\/vosgesinfo.fr\/epinalinfo\/2016\/03\/magasins-se-mobilisent-restos-coeur\/","url":"https:\/\/vosgesinfo.fr\/epinalinfo\/2016\/03\/magasins-se-mobilisent-restos-coeur\/","name":"Les magasins se mobilisent pour les Restos du Coeur - Epinal Info","isPartOf":{"@id":"https:\/\/vosgesinfo.fr\/epinalinfo\/#website"},"primaryImageOfPage":{"@id":"https:\/\/vosgesinfo.fr\/epinalinfo\/2016\/03\/magasins-se-mobilisent-restos-coeur\/#primaryimage"},"image":{"@id":"https:\/\/vosgesinfo.fr\/epinalinfo\/2016\/03\/magasins-se-mobilisent-restos-coeur\/#primaryimage"},"thumbnailUrl":"https:\/\/vosgesinfo.fr\/app\/uploads\/sites\/3\/2024\/08\/201603collecte-2012.png","datePublished":"2016-03-11T09:04:46+00:00","dateModified":"2016-03-11T09:04:46+00:00","breadcrumb":{"@id":"https:\/\/vosgesinfo.fr\/epinalinfo\/2016\/03\/magasins-se-mobilisent-restos-coeur\/#breadcrumb"},"inLanguage":"fr-FR","potentialAction":[{"@type":"ReadAction","target":["https:\/\/vosgesinfo.fr\/epinalinfo\/2016\/03\/magasins-se-mobilisent-restos-coeur\/"]}]},{"@type":"ImageObject","inLanguage":"fr-FR","@id":"https:\/\/vosgesinfo.fr\/epinalinfo\/2016\/03\/magasins-se-mobilisent-restos-coeur\/#primaryimage","url":"https:\/\/vosgesinfo.fr\/app\/uploads\/sites\/3\/2024\/08\/201603collecte-2012.png","contentUrl":"https:\/\/vosgesinfo.fr\/app\/uploads\/sites\/3\/2024\/08\/201603collecte-2012.png","width":411,"height":280},{"@type":"BreadcrumbList","@id":"https:\/\/vosgesinfo.fr\/epinalinfo\/2016\/03\/magasins-se-mobilisent-restos-coeur\/#breadcrumb","itemListElement":[{"@type":"ListItem","position":1,"name":"Home","item":"https:\/\/vosgesinfo.fr\/epinalinfo\/"},{"@type":"ListItem","position":2,"name":"Les magasins se mobilisent pour les Restos du Coeur"}]},{"@type":"WebSite","@id":"https:\/\/vosgesinfo.fr\/epinalinfo\/#website","url":"https:\/\/vosgesinfo.fr\/epinalinfo\/","name":"Epinal Info","description":"Toute l&#039;actualit\u00e9 d&#039;\u00c9pinal","publisher":{"@id":"https:\/\/vosgesinfo.fr\/epinalinfo\/#organization"},"alternateName":"Toute l'actualit\u00e9 d'\u00c9pinal","potentialAction":[{"@type":"SearchAction","target":{"@type":"EntryPoint","urlTemplate":"https:\/\/vosgesinfo.fr\/epinalinfo\/?s={search_term_string}"},"query-input":"required name=search_term_string"}],"inLanguage":"fr-FR"},{"@type":"Organization","@id":"https:\/\/vosgesinfo.fr\/epinalinfo\/#organization","name":"Epinal Info","url":"https:\/\/vosgesinfo.fr\/epinalinfo\/","logo":{"@type":"ImageObject","inLanguage":"fr-FR","@id":"https:\/\/vosgesinfo.fr\/epinalinfo\/#\/schema\/logo\/image\/","url":"https:\/\/vosgesinfo.fr\/app\/uploads\/sites\/3\/2023\/08\/logo-epinalinfos.svg","contentUrl":"https:\/\/vosgesinfo.fr\/app\/uploads\/sites\/3\/2023\/08\/logo-epinalinfos.svg","width":1,"height":1,"caption":"Epinal Info"},"image":{"@id":"https:\/\/vosgesinfo.fr\/epinalinfo\/#\/schema\/logo\/image\/"},"sameAs":["https:\/\/www.facebook.com\/Epinalinfos","https:\/\/x.com\/VosgesInfo88","https:\/\/www.youtube.com\/@vosgesinfo"]},{"@type":"Person","@id":"https:\/\/vosgesinfo.fr\/epinalinfo\/#\/schema\/person\/6f9a650eeea99d969b6c4ab78fccbe81","name":"C.K.","image":{"@type":"ImageObject","inLanguage":"fr-FR","@id":"https:\/\/vosgesinfo.fr\/epinalinfo\/#\/schema\/person\/image\/","url":"https:\/\/secure.gravatar.com\/avatar\/48e3fc7f8421ba8942be6b74a2b7f014ca39bc00dece156b7a8e098ae7dc87bf?s=96&d=mm&r=g","contentUrl":"https:\/\/secure.gravatar.com\/avatar\/48e3fc7f8421ba8942be6b74a2b7f014ca39bc00dece156b7a8e098ae7dc87bf?s=96&d=mm&r=g","caption":"C.K."},"url":"https:\/\/vosgesinfo.fr\/epinalinfo\/author\/celia-k-n\/"}]}},"_links":{"self":[{"href":"https:\/\/vosgesinfo.fr\/epinalinfo\/wp-json\/wp\/v2\/posts\/59214","targetHints":{"allow":["GET"]}}],"collection":[{"href":"https:\/\/vosgesinfo.fr\/epinalinfo\/wp-json\/wp\/v2\/posts"}],"about":[{"href":"https:\/\/vosgesinfo.fr\/epinalinfo\/wp-json\/wp\/v2\/types\/post"}],"author":[{"embeddable":true,"href":"https:\/\/vosgesinfo.fr\/epinalinfo\/wp-json\/wp\/v2\/users\/52"}],"replies":[{"embeddable":true,"href":"https:\/\/vosgesinfo.fr\/epinalinfo\/wp-json\/wp\/v2\/comments?post=59214"}],"version-history":[{"count":0,"href":"https:\/\/vosgesinfo.fr\/epinalinfo\/wp-json\/wp\/v2\/posts\/59214\/revisions"}],"wp:featuredmedia":[{"embeddable":true,"href":"https:\/\/vosgesinfo.fr\/epinalinfo\/wp-json\/wp\/v2\/media\/59215"}],"wp:attachment":[{"href":"https:\/\/vosgesinfo.fr\/epinalinfo\/wp-json\/wp\/v2\/media?parent=59214"}],"wp:term":[{"taxonomy":"category","embeddable":true,"href":"https:\/\/vosgesinfo.fr\/epinalinfo\/wp-json\/wp\/v2\/categories?post=59214"},{"taxonomy":"post_tag","embeddable":true,"href":"https:\/\/vosgesinfo.fr\/epinalinfo\/wp-json\/wp\/v2\/tags?post=59214"}],"curies":[{"name":"wp","href":"https:\/\/api.w.org\/{rel}","templated":true}]}}