{"id":59813,"date":"2016-03-24T19:03:12","date_gmt":"2016-03-24T18:03:12","guid":{"rendered":"https:\/\/vosgesinfo.fr\/epinalinfo\/2016\/03\/sdf-met-feu-a-limmeuble-quil-squatte\/"},"modified":"2016-03-24T19:03:12","modified_gmt":"2016-03-24T18:03:12","slug":"sdf-met-feu-a-limmeuble-quil-squatte","status":"publish","type":"post","link":"https:\/\/vosgesinfo.fr\/epinalinfo\/2016\/03\/sdf-met-feu-a-limmeuble-quil-squatte\/","title":{"rendered":"Ce SDF met le feu \u00e0 l&rsquo;immeuble qu&rsquo;il squatte !"},"content":{"rendered":"<div id=\"attachment_87108\" style=\"width: 1034px\" class=\"wp-caption aligncenter\"><a href=\"\/2016\/03\/rue-aristid-briand.jpg\"><img decoding=\"async\" aria-describedby=\"caption-attachment-87108\" class=\"size-full wp-image-87108\" src=\"\/2016\/03\/rue-aristid-briand.jpg\" alt=\"(photographie Google Maps)\" width=\"1024\" height=\"446\" \/><\/a><p id=\"caption-attachment-87108\" class=\"wp-caption-text\">(photographie Google Maps)<\/p><\/div>\n<p><strong>Mardi dernier \u00e0 21 heures 30, un \u00e9quipage de police-secours s&rsquo;est rendu rue Aristide Briand \u00e0 Epinal pour un individu suspect se trouvant dans un immeuble inoccup\u00e9. Sur place, les policiers ont constat\u00e9 un important d\u00e9gagement de fum\u00e9e. <\/strong><\/p>\n<p>Apr\u00e8s avoir fait avis\u00e9 les sapeurs-pompiers, ils ont localis\u00e9 l\u2019incendie. Les fonctionnaires de police ont mis en place un p\u00e9rim\u00e8tre de s\u00e9curit\u00e9. Les policiers ont alors d\u00e9couvert un individu qui se trouvait \u00e0 la fen\u00eatre du dernier \u00e9tage du b\u00e2timent.<\/p>\n<p>Ce dernier a \u00e9t\u00e9 interpell\u00e9 et plac\u00e9 en garde \u00e0 vue. Il s&rsquo;av\u00e9rait que ce dernier squattait l&rsquo;immeuble et qu&rsquo;il avait allum\u00e9 un feu dans la chemin\u00e9e pour se r\u00e9chauffer.<br \/>\nL\u2019incendie a \u00e9t\u00e9 \u00e9teint rapidement, mais il a tout de m\u00eame fait des d\u00e9g\u00e2ts. La devanture de l&rsquo;immeuble voisin a \u00e9t\u00e9 d\u00e9grad\u00e9e. Aucune \u00e9vacuation ni aucun relogement n\u2019a \u00e9t\u00e9 n\u00e9cessaire.<\/p>\n<p>Ce gar\u00e7on, un SDF \u00e2g\u00e9 de 20 ans, r\u00e9pondra de ses actes devant le tribunal de grande instance d&rsquo;Epinal le 8 juillet 2016.<\/p>\n<p>C.K.N.<\/p>\n","protected":false},"excerpt":{"rendered":"<p>Mardi dernier \u00e0 21 heures 30, un \u00e9quipage de police-secours s&rsquo;est rendu rue Aristide Briand \u00e0 Epinal pour un individu [&hellip;]<\/p>\n","protected":false},"author":52,"featured_media":59814,"comment_status":"open","ping_status":"open","sticky":false,"template":"","format":"standard","meta":{"footnotes":""},"categories":[22,24,6],"tags":[584,447,237,7279],"class_list":["post-59813","post","type-post","status-publish","format-standard","has-post-thumbnail","hentry","category-a-la-une","category-epinal","category-faits-divers","tag-feu","tag-incendie","tag-police","tag-rue-aristide-briand"],"acf":[],"yoast_head":"<!-- This site is optimized with the Yoast SEO plugin v22.5 - https:\/\/yoast.com\/wordpress\/plugins\/seo\/ -->\n<title>Ce SDF met le feu \u00e0 l&#039;immeuble qu&#039;il squatte ! - Epinal Info<\/title>\n<meta name=\"robots\" content=\"index, follow, max-snippet:-1, max-image-preview:large, max-video-preview:-1\" \/>\n<link rel=\"canonical\" href=\"https:\/\/vosgesinfo.fr\/epinalinfo\/2016\/03\/sdf-met-feu-a-limmeuble-quil-squatte\/\" \/>\n<meta name=\"twitter:card\" content=\"summary_large_image\" \/>\n<meta name=\"twitter:title\" content=\"Ce SDF met le feu \u00e0 l&#039;immeuble qu&#039;il squatte ! - Epinal Info\" \/>\n<meta name=\"twitter:description\" content=\"Mardi dernier \u00e0 21 heures 30, un \u00e9quipage de police-secours s&rsquo;est rendu rue Aristide Briand \u00e0 Epinal pour un individu [&hellip;]\" \/>\n<meta name=\"twitter:image\" content=\"https:\/\/vosgesinfo.fr\/app\/uploads\/sites\/3\/2024\/08\/201603rue-aristid-briand.jpg\" \/>\n<meta name=\"twitter:creator\" content=\"@VosgesInfo88\" \/>\n<meta name=\"twitter:site\" content=\"@VosgesInfo88\" \/>\n<meta name=\"twitter:label1\" content=\"\u00c9crit par\" \/>\n\t<meta name=\"twitter:data1\" content=\"C.K.\" \/>\n\t<meta name=\"twitter:label2\" content=\"Dur\u00e9e de lecture estim\u00e9e\" \/>\n\t<meta name=\"twitter:data2\" content=\"1 minute\" \/>\n<script type=\"application\/ld+json\" class=\"yoast-schema-graph\">{\"@context\":\"https:\/\/schema.org\",\"@graph\":[{\"@type\":\"Article\",\"@id\":\"https:\/\/vosgesinfo.fr\/epinalinfo\/2016\/03\/sdf-met-feu-a-limmeuble-quil-squatte\/#article\",\"isPartOf\":{\"@id\":\"https:\/\/vosgesinfo.fr\/epinalinfo\/2016\/03\/sdf-met-feu-a-limmeuble-quil-squatte\/\"},\"author\":{\"name\":\"C.K.\",\"@id\":\"https:\/\/vosgesinfo.fr\/epinalinfo\/#\/schema\/person\/6f9a650eeea99d969b6c4ab78fccbe81\"},\"headline\":\"Ce SDF met le feu \u00e0 l&rsquo;immeuble qu&rsquo;il squatte !\",\"datePublished\":\"2016-03-24T18:03:12+00:00\",\"dateModified\":\"2016-03-24T18:03:12+00:00\",\"mainEntityOfPage\":{\"@id\":\"https:\/\/vosgesinfo.fr\/epinalinfo\/2016\/03\/sdf-met-feu-a-limmeuble-quil-squatte\/\"},\"wordCount\":204,\"commentCount\":0,\"publisher\":{\"@id\":\"https:\/\/vosgesinfo.fr\/epinalinfo\/#organization\"},\"image\":{\"@id\":\"https:\/\/vosgesinfo.fr\/epinalinfo\/2016\/03\/sdf-met-feu-a-limmeuble-quil-squatte\/#primaryimage\"},\"thumbnailUrl\":\"https:\/\/vosgesinfo.fr\/app\/uploads\/sites\/3\/2024\/08\/201603rue-aristid-briand.jpg\",\"keywords\":[\"feu\",\"incendie\",\"police\",\"rue Aristide Briand\"],\"articleSection\":[\"A la Une\",\"Epinal\",\"Faits-divers\"],\"inLanguage\":\"fr-FR\",\"potentialAction\":[{\"@type\":\"CommentAction\",\"name\":\"Comment\",\"target\":[\"https:\/\/vosgesinfo.fr\/epinalinfo\/2016\/03\/sdf-met-feu-a-limmeuble-quil-squatte\/#respond\"]}]},{\"@type\":\"WebPage\",\"@id\":\"https:\/\/vosgesinfo.fr\/epinalinfo\/2016\/03\/sdf-met-feu-a-limmeuble-quil-squatte\/\",\"url\":\"https:\/\/vosgesinfo.fr\/epinalinfo\/2016\/03\/sdf-met-feu-a-limmeuble-quil-squatte\/\",\"name\":\"Ce SDF met le feu \u00e0 l'immeuble qu'il squatte ! - Epinal Info\",\"isPartOf\":{\"@id\":\"https:\/\/vosgesinfo.fr\/epinalinfo\/#website\"},\"primaryImageOfPage\":{\"@id\":\"https:\/\/vosgesinfo.fr\/epinalinfo\/2016\/03\/sdf-met-feu-a-limmeuble-quil-squatte\/#primaryimage\"},\"image\":{\"@id\":\"https:\/\/vosgesinfo.fr\/epinalinfo\/2016\/03\/sdf-met-feu-a-limmeuble-quil-squatte\/#primaryimage\"},\"thumbnailUrl\":\"https:\/\/vosgesinfo.fr\/app\/uploads\/sites\/3\/2024\/08\/201603rue-aristid-briand.jpg\",\"datePublished\":\"2016-03-24T18:03:12+00:00\",\"dateModified\":\"2016-03-24T18:03:12+00:00\",\"breadcrumb\":{\"@id\":\"https:\/\/vosgesinfo.fr\/epinalinfo\/2016\/03\/sdf-met-feu-a-limmeuble-quil-squatte\/#breadcrumb\"},\"inLanguage\":\"fr-FR\",\"potentialAction\":[{\"@type\":\"ReadAction\",\"target\":[\"https:\/\/vosgesinfo.fr\/epinalinfo\/2016\/03\/sdf-met-feu-a-limmeuble-quil-squatte\/\"]}]},{\"@type\":\"ImageObject\",\"inLanguage\":\"fr-FR\",\"@id\":\"https:\/\/vosgesinfo.fr\/epinalinfo\/2016\/03\/sdf-met-feu-a-limmeuble-quil-squatte\/#primaryimage\",\"url\":\"https:\/\/vosgesinfo.fr\/app\/uploads\/sites\/3\/2024\/08\/201603rue-aristid-briand.jpg\",\"contentUrl\":\"https:\/\/vosgesinfo.fr\/app\/uploads\/sites\/3\/2024\/08\/201603rue-aristid-briand.jpg\",\"width\":1024,\"height\":446},{\"@type\":\"BreadcrumbList\",\"@id\":\"https:\/\/vosgesinfo.fr\/epinalinfo\/2016\/03\/sdf-met-feu-a-limmeuble-quil-squatte\/#breadcrumb\",\"itemListElement\":[{\"@type\":\"ListItem\",\"position\":1,\"name\":\"Home\",\"item\":\"https:\/\/vosgesinfo.fr\/epinalinfo\/\"},{\"@type\":\"ListItem\",\"position\":2,\"name\":\"Ce SDF met le feu \u00e0 l&rsquo;immeuble qu&rsquo;il squatte !\"}]},{\"@type\":\"WebSite\",\"@id\":\"https:\/\/vosgesinfo.fr\/epinalinfo\/#website\",\"url\":\"https:\/\/vosgesinfo.fr\/epinalinfo\/\",\"name\":\"Epinal Info\",\"description\":\"Toute l&#039;actualit\u00e9 d&#039;\u00c9pinal\",\"publisher\":{\"@id\":\"https:\/\/vosgesinfo.fr\/epinalinfo\/#organization\"},\"alternateName\":\"Toute l'actualit\u00e9 d'\u00c9pinal\",\"potentialAction\":[{\"@type\":\"SearchAction\",\"target\":{\"@type\":\"EntryPoint\",\"urlTemplate\":\"https:\/\/vosgesinfo.fr\/epinalinfo\/?s={search_term_string}\"},\"query-input\":\"required name=search_term_string\"}],\"inLanguage\":\"fr-FR\"},{\"@type\":\"Organization\",\"@id\":\"https:\/\/vosgesinfo.fr\/epinalinfo\/#organization\",\"name\":\"Epinal Info\",\"url\":\"https:\/\/vosgesinfo.fr\/epinalinfo\/\",\"logo\":{\"@type\":\"ImageObject\",\"inLanguage\":\"fr-FR\",\"@id\":\"https:\/\/vosgesinfo.fr\/epinalinfo\/#\/schema\/logo\/image\/\",\"url\":\"https:\/\/vosgesinfo.fr\/app\/uploads\/sites\/3\/2023\/08\/logo-epinalinfos.svg\",\"contentUrl\":\"https:\/\/vosgesinfo.fr\/app\/uploads\/sites\/3\/2023\/08\/logo-epinalinfos.svg\",\"width\":1,\"height\":1,\"caption\":\"Epinal Info\"},\"image\":{\"@id\":\"https:\/\/vosgesinfo.fr\/epinalinfo\/#\/schema\/logo\/image\/\"},\"sameAs\":[\"https:\/\/www.facebook.com\/Epinalinfos\",\"https:\/\/x.com\/VosgesInfo88\",\"https:\/\/www.youtube.com\/@vosgesinfo\"]},{\"@type\":\"Person\",\"@id\":\"https:\/\/vosgesinfo.fr\/epinalinfo\/#\/schema\/person\/6f9a650eeea99d969b6c4ab78fccbe81\",\"name\":\"C.K.\",\"image\":{\"@type\":\"ImageObject\",\"inLanguage\":\"fr-FR\",\"@id\":\"https:\/\/vosgesinfo.fr\/epinalinfo\/#\/schema\/person\/image\/\",\"url\":\"https:\/\/secure.gravatar.com\/avatar\/48e3fc7f8421ba8942be6b74a2b7f014ca39bc00dece156b7a8e098ae7dc87bf?s=96&d=mm&r=g\",\"contentUrl\":\"https:\/\/secure.gravatar.com\/avatar\/48e3fc7f8421ba8942be6b74a2b7f014ca39bc00dece156b7a8e098ae7dc87bf?s=96&d=mm&r=g\",\"caption\":\"C.K.\"},\"url\":\"https:\/\/vosgesinfo.fr\/epinalinfo\/author\/celia-k-n\/\"}]}<\/script>\n<!-- \/ Yoast SEO plugin. -->","yoast_head_json":{"title":"Ce SDF met le feu \u00e0 l'immeuble qu'il squatte ! - Epinal Info","robots":{"index":"index","follow":"follow","max-snippet":"max-snippet:-1","max-image-preview":"max-image-preview:large","max-video-preview":"max-video-preview:-1"},"canonical":"https:\/\/vosgesinfo.fr\/epinalinfo\/2016\/03\/sdf-met-feu-a-limmeuble-quil-squatte\/","twitter_card":"summary_large_image","twitter_title":"Ce SDF met le feu \u00e0 l'immeuble qu'il squatte ! - Epinal Info","twitter_description":"Mardi dernier \u00e0 21 heures 30, un \u00e9quipage de police-secours s&rsquo;est rendu rue Aristide Briand \u00e0 Epinal pour un individu [&hellip;]","twitter_image":"https:\/\/vosgesinfo.fr\/app\/uploads\/sites\/3\/2024\/08\/201603rue-aristid-briand.jpg","twitter_creator":"@VosgesInfo88","twitter_site":"@VosgesInfo88","twitter_misc":{"\u00c9crit par":"C.K.","Dur\u00e9e de lecture estim\u00e9e":"1 minute"},"schema":{"@context":"https:\/\/schema.org","@graph":[{"@type":"Article","@id":"https:\/\/vosgesinfo.fr\/epinalinfo\/2016\/03\/sdf-met-feu-a-limmeuble-quil-squatte\/#article","isPartOf":{"@id":"https:\/\/vosgesinfo.fr\/epinalinfo\/2016\/03\/sdf-met-feu-a-limmeuble-quil-squatte\/"},"author":{"name":"C.K.","@id":"https:\/\/vosgesinfo.fr\/epinalinfo\/#\/schema\/person\/6f9a650eeea99d969b6c4ab78fccbe81"},"headline":"Ce SDF met le feu \u00e0 l&rsquo;immeuble qu&rsquo;il squatte !","datePublished":"2016-03-24T18:03:12+00:00","dateModified":"2016-03-24T18:03:12+00:00","mainEntityOfPage":{"@id":"https:\/\/vosgesinfo.fr\/epinalinfo\/2016\/03\/sdf-met-feu-a-limmeuble-quil-squatte\/"},"wordCount":204,"commentCount":0,"publisher":{"@id":"https:\/\/vosgesinfo.fr\/epinalinfo\/#organization"},"image":{"@id":"https:\/\/vosgesinfo.fr\/epinalinfo\/2016\/03\/sdf-met-feu-a-limmeuble-quil-squatte\/#primaryimage"},"thumbnailUrl":"https:\/\/vosgesinfo.fr\/app\/uploads\/sites\/3\/2024\/08\/201603rue-aristid-briand.jpg","keywords":["feu","incendie","police","rue Aristide Briand"],"articleSection":["A la Une","Epinal","Faits-divers"],"inLanguage":"fr-FR","potentialAction":[{"@type":"CommentAction","name":"Comment","target":["https:\/\/vosgesinfo.fr\/epinalinfo\/2016\/03\/sdf-met-feu-a-limmeuble-quil-squatte\/#respond"]}]},{"@type":"WebPage","@id":"https:\/\/vosgesinfo.fr\/epinalinfo\/2016\/03\/sdf-met-feu-a-limmeuble-quil-squatte\/","url":"https:\/\/vosgesinfo.fr\/epinalinfo\/2016\/03\/sdf-met-feu-a-limmeuble-quil-squatte\/","name":"Ce SDF met le feu \u00e0 l'immeuble qu'il squatte ! - Epinal Info","isPartOf":{"@id":"https:\/\/vosgesinfo.fr\/epinalinfo\/#website"},"primaryImageOfPage":{"@id":"https:\/\/vosgesinfo.fr\/epinalinfo\/2016\/03\/sdf-met-feu-a-limmeuble-quil-squatte\/#primaryimage"},"image":{"@id":"https:\/\/vosgesinfo.fr\/epinalinfo\/2016\/03\/sdf-met-feu-a-limmeuble-quil-squatte\/#primaryimage"},"thumbnailUrl":"https:\/\/vosgesinfo.fr\/app\/uploads\/sites\/3\/2024\/08\/201603rue-aristid-briand.jpg","datePublished":"2016-03-24T18:03:12+00:00","dateModified":"2016-03-24T18:03:12+00:00","breadcrumb":{"@id":"https:\/\/vosgesinfo.fr\/epinalinfo\/2016\/03\/sdf-met-feu-a-limmeuble-quil-squatte\/#breadcrumb"},"inLanguage":"fr-FR","potentialAction":[{"@type":"ReadAction","target":["https:\/\/vosgesinfo.fr\/epinalinfo\/2016\/03\/sdf-met-feu-a-limmeuble-quil-squatte\/"]}]},{"@type":"ImageObject","inLanguage":"fr-FR","@id":"https:\/\/vosgesinfo.fr\/epinalinfo\/2016\/03\/sdf-met-feu-a-limmeuble-quil-squatte\/#primaryimage","url":"https:\/\/vosgesinfo.fr\/app\/uploads\/sites\/3\/2024\/08\/201603rue-aristid-briand.jpg","contentUrl":"https:\/\/vosgesinfo.fr\/app\/uploads\/sites\/3\/2024\/08\/201603rue-aristid-briand.jpg","width":1024,"height":446},{"@type":"BreadcrumbList","@id":"https:\/\/vosgesinfo.fr\/epinalinfo\/2016\/03\/sdf-met-feu-a-limmeuble-quil-squatte\/#breadcrumb","itemListElement":[{"@type":"ListItem","position":1,"name":"Home","item":"https:\/\/vosgesinfo.fr\/epinalinfo\/"},{"@type":"ListItem","position":2,"name":"Ce SDF met le feu \u00e0 l&rsquo;immeuble qu&rsquo;il squatte !"}]},{"@type":"WebSite","@id":"https:\/\/vosgesinfo.fr\/epinalinfo\/#website","url":"https:\/\/vosgesinfo.fr\/epinalinfo\/","name":"Epinal Info","description":"Toute l&#039;actualit\u00e9 d&#039;\u00c9pinal","publisher":{"@id":"https:\/\/vosgesinfo.fr\/epinalinfo\/#organization"},"alternateName":"Toute l'actualit\u00e9 d'\u00c9pinal","potentialAction":[{"@type":"SearchAction","target":{"@type":"EntryPoint","urlTemplate":"https:\/\/vosgesinfo.fr\/epinalinfo\/?s={search_term_string}"},"query-input":"required name=search_term_string"}],"inLanguage":"fr-FR"},{"@type":"Organization","@id":"https:\/\/vosgesinfo.fr\/epinalinfo\/#organization","name":"Epinal Info","url":"https:\/\/vosgesinfo.fr\/epinalinfo\/","logo":{"@type":"ImageObject","inLanguage":"fr-FR","@id":"https:\/\/vosgesinfo.fr\/epinalinfo\/#\/schema\/logo\/image\/","url":"https:\/\/vosgesinfo.fr\/app\/uploads\/sites\/3\/2023\/08\/logo-epinalinfos.svg","contentUrl":"https:\/\/vosgesinfo.fr\/app\/uploads\/sites\/3\/2023\/08\/logo-epinalinfos.svg","width":1,"height":1,"caption":"Epinal Info"},"image":{"@id":"https:\/\/vosgesinfo.fr\/epinalinfo\/#\/schema\/logo\/image\/"},"sameAs":["https:\/\/www.facebook.com\/Epinalinfos","https:\/\/x.com\/VosgesInfo88","https:\/\/www.youtube.com\/@vosgesinfo"]},{"@type":"Person","@id":"https:\/\/vosgesinfo.fr\/epinalinfo\/#\/schema\/person\/6f9a650eeea99d969b6c4ab78fccbe81","name":"C.K.","image":{"@type":"ImageObject","inLanguage":"fr-FR","@id":"https:\/\/vosgesinfo.fr\/epinalinfo\/#\/schema\/person\/image\/","url":"https:\/\/secure.gravatar.com\/avatar\/48e3fc7f8421ba8942be6b74a2b7f014ca39bc00dece156b7a8e098ae7dc87bf?s=96&d=mm&r=g","contentUrl":"https:\/\/secure.gravatar.com\/avatar\/48e3fc7f8421ba8942be6b74a2b7f014ca39bc00dece156b7a8e098ae7dc87bf?s=96&d=mm&r=g","caption":"C.K."},"url":"https:\/\/vosgesinfo.fr\/epinalinfo\/author\/celia-k-n\/"}]}},"_links":{"self":[{"href":"https:\/\/vosgesinfo.fr\/epinalinfo\/wp-json\/wp\/v2\/posts\/59813","targetHints":{"allow":["GET"]}}],"collection":[{"href":"https:\/\/vosgesinfo.fr\/epinalinfo\/wp-json\/wp\/v2\/posts"}],"about":[{"href":"https:\/\/vosgesinfo.fr\/epinalinfo\/wp-json\/wp\/v2\/types\/post"}],"author":[{"embeddable":true,"href":"https:\/\/vosgesinfo.fr\/epinalinfo\/wp-json\/wp\/v2\/users\/52"}],"replies":[{"embeddable":true,"href":"https:\/\/vosgesinfo.fr\/epinalinfo\/wp-json\/wp\/v2\/comments?post=59813"}],"version-history":[{"count":0,"href":"https:\/\/vosgesinfo.fr\/epinalinfo\/wp-json\/wp\/v2\/posts\/59813\/revisions"}],"wp:featuredmedia":[{"embeddable":true,"href":"https:\/\/vosgesinfo.fr\/epinalinfo\/wp-json\/wp\/v2\/media\/59814"}],"wp:attachment":[{"href":"https:\/\/vosgesinfo.fr\/epinalinfo\/wp-json\/wp\/v2\/media?parent=59813"}],"wp:term":[{"taxonomy":"category","embeddable":true,"href":"https:\/\/vosgesinfo.fr\/epinalinfo\/wp-json\/wp\/v2\/categories?post=59813"},{"taxonomy":"post_tag","embeddable":true,"href":"https:\/\/vosgesinfo.fr\/epinalinfo\/wp-json\/wp\/v2\/tags?post=59813"}],"curies":[{"name":"wp","href":"https:\/\/api.w.org\/{rel}","templated":true}]}}