{"id":59899,"date":"2016-03-29T09:31:56","date_gmt":"2016-03-29T07:31:56","guid":{"rendered":"https:\/\/vosgesinfo.fr\/epinalinfo\/2016\/03\/centre-hospitalier-de-ouest-vosgien-conditions-de-travail-bafouees-personnel-maltraite\/"},"modified":"2016-03-29T09:31:56","modified_gmt":"2016-03-29T07:31:56","slug":"centre-hospitalier-de-ouest-vosgien-conditions-de-travail-bafouees-personnel-maltraite","status":"publish","type":"post","link":"https:\/\/vosgesinfo.fr\/epinalinfo\/2016\/03\/centre-hospitalier-de-ouest-vosgien-conditions-de-travail-bafouees-personnel-maltraite\/","title":{"rendered":"Centre hospitalier de Ouest Vosgien : conditions de travail bafou\u00e9es, personnel maltrait\u00e9"},"content":{"rendered":"<div id=\"attachment_87263\" style=\"width: 1034px\" class=\"wp-caption alignnone\"><a href=\"\/2016\/03\/structures_photo_general_2435.jpg\"><img decoding=\"async\" aria-describedby=\"caption-attachment-87263\" class=\"wp-image-87263 size-full\" src=\"\/2016\/03\/structures_photo_general_2435.jpg\" alt=\"centre-hospitalier-ouest-vosgien\" width=\"1024\" height=\"683\" \/><\/a><p id=\"caption-attachment-87263\" class=\"wp-caption-text\">(photographie hopital.fr)<\/p><\/div>\n<p><strong>La CGT du Centre Hospitalier de l\u2019Ouest Vosgien \u00e0 Neufch\u00e2teau appelle \u00e0 la mobilisation le jeudi 31 mars 2016 devant le centre hospitalier de 7h \u00e0 9h.<\/strong><\/p>\n<p>Depuis plusieurs mois,\u00a0 la CGT interpelle et alerte la direction quant aux d\u00e9gradations des conditions de travail au Centre Hospitalier de l\u2019Ouest Vosgien.<\/p>\n<p><em>\u00ab\u00a0Le personnel est mis \u00e0 mal et malmen\u00e9 par sa hi\u00e9rarchie\u00a0: manque de personnel, rappels incessants sur des cong\u00e9s, pression permanente, brimades et menaces de mutation\u2026.\u00a0Les agents sont \u00e9puis\u00e9s, \u00e0 bout, en extr\u00eame souffrance\u00a0! et surtout tr\u00e8s en col\u00e8re.\u00a0Les sympt\u00f4mes s\u2019aggravent\u00a0: troubles et perte du sommeil, perte d\u2019app\u00e9tit, id\u00e9es suicidaires et passage \u00e0 l\u2019acte.\u00a0Pour \u00eatre bien traitant, il faut \u00eatre bien trait\u00e9\u2026 ce n\u2019est pas le cas aujourd\u2019hui\u00a0!\u00a0\u00bb<\/em> explique\u00a0Sophie Dabonville \u00a0de la CGT.<\/p>\n<p>Face \u00e0 tout ces constats, la CGT, \u00a0appelle \u00e0 venir manifester le jeudi 31 mars pour revendiquer les droits et les conditions de travail\u00a0!<\/p>\n","protected":false},"excerpt":{"rendered":"<p>La CGT du Centre Hospitalier de l\u2019Ouest Vosgien \u00e0 Neufch\u00e2teau appelle \u00e0 la mobilisation le jeudi 31 mars 2016 devant [&hellip;]<\/p>\n","protected":false},"author":52,"featured_media":59900,"comment_status":"open","ping_status":"open","sticky":false,"template":"","format":"standard","meta":{"footnotes":""},"categories":[22,14,5],"tags":[7316,1358,1660],"class_list":["post-59899","post","type-post","status-publish","format-standard","has-post-thumbnail","hentry","category-a-la-une","category-sante","category-vosges","tag-centre-hospitalier-de-ouest-vosgien","tag-cgt","tag-mobilisation"],"acf":[],"yoast_head":"<!-- This site is optimized with the Yoast SEO plugin v22.5 - https:\/\/yoast.com\/wordpress\/plugins\/seo\/ -->\n<title>Centre hospitalier de Ouest Vosgien : conditions de travail bafou\u00e9es, personnel maltrait\u00e9 - Epinal Info<\/title>\n<meta name=\"robots\" content=\"index, follow, max-snippet:-1, max-image-preview:large, max-video-preview:-1\" \/>\n<link rel=\"canonical\" href=\"https:\/\/vosgesinfo.fr\/epinalinfo\/2016\/03\/centre-hospitalier-de-ouest-vosgien-conditions-de-travail-bafouees-personnel-maltraite\/\" \/>\n<meta name=\"twitter:card\" content=\"summary_large_image\" \/>\n<meta name=\"twitter:title\" content=\"Centre hospitalier de Ouest Vosgien : conditions de travail bafou\u00e9es, personnel maltrait\u00e9 - Epinal Info\" \/>\n<meta name=\"twitter:description\" content=\"La CGT du Centre Hospitalier de l\u2019Ouest Vosgien \u00e0 Neufch\u00e2teau appelle \u00e0 la mobilisation le jeudi 31 mars 2016 devant [&hellip;]\" \/>\n<meta name=\"twitter:image\" content=\"https:\/\/vosgesinfo.fr\/app\/uploads\/sites\/3\/2024\/08\/201603structures-photo-general-2435.jpg\" \/>\n<meta name=\"twitter:creator\" content=\"@VosgesInfo88\" \/>\n<meta name=\"twitter:site\" content=\"@VosgesInfo88\" \/>\n<meta name=\"twitter:label1\" content=\"\u00c9crit par\" \/>\n\t<meta name=\"twitter:data1\" content=\"C.K.\" \/>\n\t<meta name=\"twitter:label2\" content=\"Dur\u00e9e de lecture estim\u00e9e\" \/>\n\t<meta name=\"twitter:data2\" content=\"1 minute\" \/>\n<script type=\"application\/ld+json\" class=\"yoast-schema-graph\">{\"@context\":\"https:\/\/schema.org\",\"@graph\":[{\"@type\":\"Article\",\"@id\":\"https:\/\/vosgesinfo.fr\/epinalinfo\/2016\/03\/centre-hospitalier-de-ouest-vosgien-conditions-de-travail-bafouees-personnel-maltraite\/#article\",\"isPartOf\":{\"@id\":\"https:\/\/vosgesinfo.fr\/epinalinfo\/2016\/03\/centre-hospitalier-de-ouest-vosgien-conditions-de-travail-bafouees-personnel-maltraite\/\"},\"author\":{\"name\":\"C.K.\",\"@id\":\"https:\/\/vosgesinfo.fr\/epinalinfo\/#\/schema\/person\/6f9a650eeea99d969b6c4ab78fccbe81\"},\"headline\":\"Centre hospitalier de Ouest Vosgien : conditions de travail bafou\u00e9es, personnel maltrait\u00e9\",\"datePublished\":\"2016-03-29T07:31:56+00:00\",\"dateModified\":\"2016-03-29T07:31:56+00:00\",\"mainEntityOfPage\":{\"@id\":\"https:\/\/vosgesinfo.fr\/epinalinfo\/2016\/03\/centre-hospitalier-de-ouest-vosgien-conditions-de-travail-bafouees-personnel-maltraite\/\"},\"wordCount\":180,\"commentCount\":0,\"publisher\":{\"@id\":\"https:\/\/vosgesinfo.fr\/epinalinfo\/#organization\"},\"image\":{\"@id\":\"https:\/\/vosgesinfo.fr\/epinalinfo\/2016\/03\/centre-hospitalier-de-ouest-vosgien-conditions-de-travail-bafouees-personnel-maltraite\/#primaryimage\"},\"thumbnailUrl\":\"https:\/\/vosgesinfo.fr\/app\/uploads\/sites\/3\/2024\/08\/201603structures-photo-general-2435.jpg\",\"keywords\":[\"Centre hospitalier de Ouest Vosgien\",\"CGT\",\"mobilisation\"],\"articleSection\":[\"A la Une\",\"Sant\u00e9\",\"Vosges\"],\"inLanguage\":\"fr-FR\",\"potentialAction\":[{\"@type\":\"CommentAction\",\"name\":\"Comment\",\"target\":[\"https:\/\/vosgesinfo.fr\/epinalinfo\/2016\/03\/centre-hospitalier-de-ouest-vosgien-conditions-de-travail-bafouees-personnel-maltraite\/#respond\"]}]},{\"@type\":\"WebPage\",\"@id\":\"https:\/\/vosgesinfo.fr\/epinalinfo\/2016\/03\/centre-hospitalier-de-ouest-vosgien-conditions-de-travail-bafouees-personnel-maltraite\/\",\"url\":\"https:\/\/vosgesinfo.fr\/epinalinfo\/2016\/03\/centre-hospitalier-de-ouest-vosgien-conditions-de-travail-bafouees-personnel-maltraite\/\",\"name\":\"Centre hospitalier de Ouest Vosgien : conditions de travail bafou\u00e9es, personnel maltrait\u00e9 - Epinal Info\",\"isPartOf\":{\"@id\":\"https:\/\/vosgesinfo.fr\/epinalinfo\/#website\"},\"primaryImageOfPage\":{\"@id\":\"https:\/\/vosgesinfo.fr\/epinalinfo\/2016\/03\/centre-hospitalier-de-ouest-vosgien-conditions-de-travail-bafouees-personnel-maltraite\/#primaryimage\"},\"image\":{\"@id\":\"https:\/\/vosgesinfo.fr\/epinalinfo\/2016\/03\/centre-hospitalier-de-ouest-vosgien-conditions-de-travail-bafouees-personnel-maltraite\/#primaryimage\"},\"thumbnailUrl\":\"https:\/\/vosgesinfo.fr\/app\/uploads\/sites\/3\/2024\/08\/201603structures-photo-general-2435.jpg\",\"datePublished\":\"2016-03-29T07:31:56+00:00\",\"dateModified\":\"2016-03-29T07:31:56+00:00\",\"breadcrumb\":{\"@id\":\"https:\/\/vosgesinfo.fr\/epinalinfo\/2016\/03\/centre-hospitalier-de-ouest-vosgien-conditions-de-travail-bafouees-personnel-maltraite\/#breadcrumb\"},\"inLanguage\":\"fr-FR\",\"potentialAction\":[{\"@type\":\"ReadAction\",\"target\":[\"https:\/\/vosgesinfo.fr\/epinalinfo\/2016\/03\/centre-hospitalier-de-ouest-vosgien-conditions-de-travail-bafouees-personnel-maltraite\/\"]}]},{\"@type\":\"ImageObject\",\"inLanguage\":\"fr-FR\",\"@id\":\"https:\/\/vosgesinfo.fr\/epinalinfo\/2016\/03\/centre-hospitalier-de-ouest-vosgien-conditions-de-travail-bafouees-personnel-maltraite\/#primaryimage\",\"url\":\"https:\/\/vosgesinfo.fr\/app\/uploads\/sites\/3\/2024\/08\/201603structures-photo-general-2435.jpg\",\"contentUrl\":\"https:\/\/vosgesinfo.fr\/app\/uploads\/sites\/3\/2024\/08\/201603structures-photo-general-2435.jpg\",\"width\":1024,\"height\":683},{\"@type\":\"BreadcrumbList\",\"@id\":\"https:\/\/vosgesinfo.fr\/epinalinfo\/2016\/03\/centre-hospitalier-de-ouest-vosgien-conditions-de-travail-bafouees-personnel-maltraite\/#breadcrumb\",\"itemListElement\":[{\"@type\":\"ListItem\",\"position\":1,\"name\":\"Home\",\"item\":\"https:\/\/vosgesinfo.fr\/epinalinfo\/\"},{\"@type\":\"ListItem\",\"position\":2,\"name\":\"Centre hospitalier de Ouest Vosgien : conditions de travail bafou\u00e9es, personnel maltrait\u00e9\"}]},{\"@type\":\"WebSite\",\"@id\":\"https:\/\/vosgesinfo.fr\/epinalinfo\/#website\",\"url\":\"https:\/\/vosgesinfo.fr\/epinalinfo\/\",\"name\":\"Epinal Info\",\"description\":\"Toute l&#039;actualit\u00e9 d&#039;\u00c9pinal\",\"publisher\":{\"@id\":\"https:\/\/vosgesinfo.fr\/epinalinfo\/#organization\"},\"alternateName\":\"Toute l'actualit\u00e9 d'\u00c9pinal\",\"potentialAction\":[{\"@type\":\"SearchAction\",\"target\":{\"@type\":\"EntryPoint\",\"urlTemplate\":\"https:\/\/vosgesinfo.fr\/epinalinfo\/?s={search_term_string}\"},\"query-input\":\"required name=search_term_string\"}],\"inLanguage\":\"fr-FR\"},{\"@type\":\"Organization\",\"@id\":\"https:\/\/vosgesinfo.fr\/epinalinfo\/#organization\",\"name\":\"Epinal Info\",\"url\":\"https:\/\/vosgesinfo.fr\/epinalinfo\/\",\"logo\":{\"@type\":\"ImageObject\",\"inLanguage\":\"fr-FR\",\"@id\":\"https:\/\/vosgesinfo.fr\/epinalinfo\/#\/schema\/logo\/image\/\",\"url\":\"https:\/\/vosgesinfo.fr\/app\/uploads\/sites\/3\/2023\/08\/logo-epinalinfos.svg\",\"contentUrl\":\"https:\/\/vosgesinfo.fr\/app\/uploads\/sites\/3\/2023\/08\/logo-epinalinfos.svg\",\"width\":1,\"height\":1,\"caption\":\"Epinal Info\"},\"image\":{\"@id\":\"https:\/\/vosgesinfo.fr\/epinalinfo\/#\/schema\/logo\/image\/\"},\"sameAs\":[\"https:\/\/www.facebook.com\/Epinalinfos\",\"https:\/\/x.com\/VosgesInfo88\",\"https:\/\/www.youtube.com\/@vosgesinfo\"]},{\"@type\":\"Person\",\"@id\":\"https:\/\/vosgesinfo.fr\/epinalinfo\/#\/schema\/person\/6f9a650eeea99d969b6c4ab78fccbe81\",\"name\":\"C.K.\",\"image\":{\"@type\":\"ImageObject\",\"inLanguage\":\"fr-FR\",\"@id\":\"https:\/\/vosgesinfo.fr\/epinalinfo\/#\/schema\/person\/image\/\",\"url\":\"https:\/\/secure.gravatar.com\/avatar\/48e3fc7f8421ba8942be6b74a2b7f014ca39bc00dece156b7a8e098ae7dc87bf?s=96&d=mm&r=g\",\"contentUrl\":\"https:\/\/secure.gravatar.com\/avatar\/48e3fc7f8421ba8942be6b74a2b7f014ca39bc00dece156b7a8e098ae7dc87bf?s=96&d=mm&r=g\",\"caption\":\"C.K.\"},\"url\":\"https:\/\/vosgesinfo.fr\/epinalinfo\/author\/celia-k-n\/\"}]}<\/script>\n<!-- \/ Yoast SEO plugin. -->","yoast_head_json":{"title":"Centre hospitalier de Ouest Vosgien : conditions de travail bafou\u00e9es, personnel maltrait\u00e9 - Epinal Info","robots":{"index":"index","follow":"follow","max-snippet":"max-snippet:-1","max-image-preview":"max-image-preview:large","max-video-preview":"max-video-preview:-1"},"canonical":"https:\/\/vosgesinfo.fr\/epinalinfo\/2016\/03\/centre-hospitalier-de-ouest-vosgien-conditions-de-travail-bafouees-personnel-maltraite\/","twitter_card":"summary_large_image","twitter_title":"Centre hospitalier de Ouest Vosgien : conditions de travail bafou\u00e9es, personnel maltrait\u00e9 - Epinal Info","twitter_description":"La CGT du Centre Hospitalier de l\u2019Ouest Vosgien \u00e0 Neufch\u00e2teau appelle \u00e0 la mobilisation le jeudi 31 mars 2016 devant [&hellip;]","twitter_image":"https:\/\/vosgesinfo.fr\/app\/uploads\/sites\/3\/2024\/08\/201603structures-photo-general-2435.jpg","twitter_creator":"@VosgesInfo88","twitter_site":"@VosgesInfo88","twitter_misc":{"\u00c9crit par":"C.K.","Dur\u00e9e de lecture estim\u00e9e":"1 minute"},"schema":{"@context":"https:\/\/schema.org","@graph":[{"@type":"Article","@id":"https:\/\/vosgesinfo.fr\/epinalinfo\/2016\/03\/centre-hospitalier-de-ouest-vosgien-conditions-de-travail-bafouees-personnel-maltraite\/#article","isPartOf":{"@id":"https:\/\/vosgesinfo.fr\/epinalinfo\/2016\/03\/centre-hospitalier-de-ouest-vosgien-conditions-de-travail-bafouees-personnel-maltraite\/"},"author":{"name":"C.K.","@id":"https:\/\/vosgesinfo.fr\/epinalinfo\/#\/schema\/person\/6f9a650eeea99d969b6c4ab78fccbe81"},"headline":"Centre hospitalier de Ouest Vosgien : conditions de travail bafou\u00e9es, personnel maltrait\u00e9","datePublished":"2016-03-29T07:31:56+00:00","dateModified":"2016-03-29T07:31:56+00:00","mainEntityOfPage":{"@id":"https:\/\/vosgesinfo.fr\/epinalinfo\/2016\/03\/centre-hospitalier-de-ouest-vosgien-conditions-de-travail-bafouees-personnel-maltraite\/"},"wordCount":180,"commentCount":0,"publisher":{"@id":"https:\/\/vosgesinfo.fr\/epinalinfo\/#organization"},"image":{"@id":"https:\/\/vosgesinfo.fr\/epinalinfo\/2016\/03\/centre-hospitalier-de-ouest-vosgien-conditions-de-travail-bafouees-personnel-maltraite\/#primaryimage"},"thumbnailUrl":"https:\/\/vosgesinfo.fr\/app\/uploads\/sites\/3\/2024\/08\/201603structures-photo-general-2435.jpg","keywords":["Centre hospitalier de Ouest Vosgien","CGT","mobilisation"],"articleSection":["A la Une","Sant\u00e9","Vosges"],"inLanguage":"fr-FR","potentialAction":[{"@type":"CommentAction","name":"Comment","target":["https:\/\/vosgesinfo.fr\/epinalinfo\/2016\/03\/centre-hospitalier-de-ouest-vosgien-conditions-de-travail-bafouees-personnel-maltraite\/#respond"]}]},{"@type":"WebPage","@id":"https:\/\/vosgesinfo.fr\/epinalinfo\/2016\/03\/centre-hospitalier-de-ouest-vosgien-conditions-de-travail-bafouees-personnel-maltraite\/","url":"https:\/\/vosgesinfo.fr\/epinalinfo\/2016\/03\/centre-hospitalier-de-ouest-vosgien-conditions-de-travail-bafouees-personnel-maltraite\/","name":"Centre hospitalier de Ouest Vosgien : conditions de travail bafou\u00e9es, personnel maltrait\u00e9 - Epinal Info","isPartOf":{"@id":"https:\/\/vosgesinfo.fr\/epinalinfo\/#website"},"primaryImageOfPage":{"@id":"https:\/\/vosgesinfo.fr\/epinalinfo\/2016\/03\/centre-hospitalier-de-ouest-vosgien-conditions-de-travail-bafouees-personnel-maltraite\/#primaryimage"},"image":{"@id":"https:\/\/vosgesinfo.fr\/epinalinfo\/2016\/03\/centre-hospitalier-de-ouest-vosgien-conditions-de-travail-bafouees-personnel-maltraite\/#primaryimage"},"thumbnailUrl":"https:\/\/vosgesinfo.fr\/app\/uploads\/sites\/3\/2024\/08\/201603structures-photo-general-2435.jpg","datePublished":"2016-03-29T07:31:56+00:00","dateModified":"2016-03-29T07:31:56+00:00","breadcrumb":{"@id":"https:\/\/vosgesinfo.fr\/epinalinfo\/2016\/03\/centre-hospitalier-de-ouest-vosgien-conditions-de-travail-bafouees-personnel-maltraite\/#breadcrumb"},"inLanguage":"fr-FR","potentialAction":[{"@type":"ReadAction","target":["https:\/\/vosgesinfo.fr\/epinalinfo\/2016\/03\/centre-hospitalier-de-ouest-vosgien-conditions-de-travail-bafouees-personnel-maltraite\/"]}]},{"@type":"ImageObject","inLanguage":"fr-FR","@id":"https:\/\/vosgesinfo.fr\/epinalinfo\/2016\/03\/centre-hospitalier-de-ouest-vosgien-conditions-de-travail-bafouees-personnel-maltraite\/#primaryimage","url":"https:\/\/vosgesinfo.fr\/app\/uploads\/sites\/3\/2024\/08\/201603structures-photo-general-2435.jpg","contentUrl":"https:\/\/vosgesinfo.fr\/app\/uploads\/sites\/3\/2024\/08\/201603structures-photo-general-2435.jpg","width":1024,"height":683},{"@type":"BreadcrumbList","@id":"https:\/\/vosgesinfo.fr\/epinalinfo\/2016\/03\/centre-hospitalier-de-ouest-vosgien-conditions-de-travail-bafouees-personnel-maltraite\/#breadcrumb","itemListElement":[{"@type":"ListItem","position":1,"name":"Home","item":"https:\/\/vosgesinfo.fr\/epinalinfo\/"},{"@type":"ListItem","position":2,"name":"Centre hospitalier de Ouest Vosgien : conditions de travail bafou\u00e9es, personnel maltrait\u00e9"}]},{"@type":"WebSite","@id":"https:\/\/vosgesinfo.fr\/epinalinfo\/#website","url":"https:\/\/vosgesinfo.fr\/epinalinfo\/","name":"Epinal Info","description":"Toute l&#039;actualit\u00e9 d&#039;\u00c9pinal","publisher":{"@id":"https:\/\/vosgesinfo.fr\/epinalinfo\/#organization"},"alternateName":"Toute l'actualit\u00e9 d'\u00c9pinal","potentialAction":[{"@type":"SearchAction","target":{"@type":"EntryPoint","urlTemplate":"https:\/\/vosgesinfo.fr\/epinalinfo\/?s={search_term_string}"},"query-input":"required name=search_term_string"}],"inLanguage":"fr-FR"},{"@type":"Organization","@id":"https:\/\/vosgesinfo.fr\/epinalinfo\/#organization","name":"Epinal Info","url":"https:\/\/vosgesinfo.fr\/epinalinfo\/","logo":{"@type":"ImageObject","inLanguage":"fr-FR","@id":"https:\/\/vosgesinfo.fr\/epinalinfo\/#\/schema\/logo\/image\/","url":"https:\/\/vosgesinfo.fr\/app\/uploads\/sites\/3\/2023\/08\/logo-epinalinfos.svg","contentUrl":"https:\/\/vosgesinfo.fr\/app\/uploads\/sites\/3\/2023\/08\/logo-epinalinfos.svg","width":1,"height":1,"caption":"Epinal Info"},"image":{"@id":"https:\/\/vosgesinfo.fr\/epinalinfo\/#\/schema\/logo\/image\/"},"sameAs":["https:\/\/www.facebook.com\/Epinalinfos","https:\/\/x.com\/VosgesInfo88","https:\/\/www.youtube.com\/@vosgesinfo"]},{"@type":"Person","@id":"https:\/\/vosgesinfo.fr\/epinalinfo\/#\/schema\/person\/6f9a650eeea99d969b6c4ab78fccbe81","name":"C.K.","image":{"@type":"ImageObject","inLanguage":"fr-FR","@id":"https:\/\/vosgesinfo.fr\/epinalinfo\/#\/schema\/person\/image\/","url":"https:\/\/secure.gravatar.com\/avatar\/48e3fc7f8421ba8942be6b74a2b7f014ca39bc00dece156b7a8e098ae7dc87bf?s=96&d=mm&r=g","contentUrl":"https:\/\/secure.gravatar.com\/avatar\/48e3fc7f8421ba8942be6b74a2b7f014ca39bc00dece156b7a8e098ae7dc87bf?s=96&d=mm&r=g","caption":"C.K."},"url":"https:\/\/vosgesinfo.fr\/epinalinfo\/author\/celia-k-n\/"}]}},"_links":{"self":[{"href":"https:\/\/vosgesinfo.fr\/epinalinfo\/wp-json\/wp\/v2\/posts\/59899","targetHints":{"allow":["GET"]}}],"collection":[{"href":"https:\/\/vosgesinfo.fr\/epinalinfo\/wp-json\/wp\/v2\/posts"}],"about":[{"href":"https:\/\/vosgesinfo.fr\/epinalinfo\/wp-json\/wp\/v2\/types\/post"}],"author":[{"embeddable":true,"href":"https:\/\/vosgesinfo.fr\/epinalinfo\/wp-json\/wp\/v2\/users\/52"}],"replies":[{"embeddable":true,"href":"https:\/\/vosgesinfo.fr\/epinalinfo\/wp-json\/wp\/v2\/comments?post=59899"}],"version-history":[{"count":0,"href":"https:\/\/vosgesinfo.fr\/epinalinfo\/wp-json\/wp\/v2\/posts\/59899\/revisions"}],"wp:featuredmedia":[{"embeddable":true,"href":"https:\/\/vosgesinfo.fr\/epinalinfo\/wp-json\/wp\/v2\/media\/59900"}],"wp:attachment":[{"href":"https:\/\/vosgesinfo.fr\/epinalinfo\/wp-json\/wp\/v2\/media?parent=59899"}],"wp:term":[{"taxonomy":"category","embeddable":true,"href":"https:\/\/vosgesinfo.fr\/epinalinfo\/wp-json\/wp\/v2\/categories?post=59899"},{"taxonomy":"post_tag","embeddable":true,"href":"https:\/\/vosgesinfo.fr\/epinalinfo\/wp-json\/wp\/v2\/tags?post=59899"}],"curies":[{"name":"wp","href":"https:\/\/api.w.org\/{rel}","templated":true}]}}