{"id":59959,"date":"2016-03-31T06:50:51","date_gmt":"2016-03-31T04:50:51","guid":{"rendered":"https:\/\/vosgesinfo.fr\/epinalinfo\/2016\/03\/vosges-trois-belges-egares-retrouves-deux-bulgares\/"},"modified":"2016-03-31T06:50:51","modified_gmt":"2016-03-31T04:50:51","slug":"vosges-trois-belges-egares-retrouves-deux-bulgares","status":"publish","type":"post","link":"https:\/\/vosgesinfo.fr\/epinalinfo\/2016\/03\/vosges-trois-belges-egares-retrouves-deux-bulgares\/","title":{"rendered":"Vosges \u2013 Trois Belges \u00e9gar\u00e9s sont retrouv\u00e9s par deux\u2026 Bulgares"},"content":{"rendered":"<p><strong><a href=\"\/2016\/02\/helico-neige.jpg\"><img decoding=\"async\" class=\"aligncenter size-full wp-image-84195\" src=\"\/2016\/02\/helico-neige.jpg\" alt=\"helico-neige\" width=\"760\" height=\"300\" \/><\/a>Dimanche 27 mars 2016, trois jeunes gens de 15 ans, d\u2019origine belge,\u00a0sont all\u00e9s\u00a0randonner depuis l\u2019\u00e9tang des Dames, \u00e0 Plainfaing. Partis avec leurs accompagnateurs, ils ont alert\u00e9 les secours aux environs de 16 heures 00.<\/strong><\/p>\n<p>D\u2019imposants moyens de recherches ont \u00e9t\u00e9 engag\u00e9s par la gendarmerie avec les pelotons de gendarmerie de montagne de Hohrod et de Xonrupt-Longemer, la communaut\u00e9 de brigades de Kaysersbergs-Lapoutroie, avec le renfort de l\u2019h\u00e9licopt\u00e8re du d\u00e9tachement a\u00e9rien de gendarmerie bas\u00e9 \u00e0 Meyenheim.\u00a0Ils lan\u00e7aient les recherches depuis le secteur du Lac Blanc.<\/p>\n<p>Aux alentours de 17 heures 00, les trois jeunes Belges \u00e9taient retrouv\u00e9s sur la route des Cr\u00eates par deux randonneurs originaires de Bulgarie. Ils pouvaient regagner leur chalet\u00a0de l\u2019\u00e9tang des Dames.<\/p>\n<p><strong>D.J.<\/strong><\/p>\n","protected":false},"excerpt":{"rendered":"<p>Dimanche 27 mars 2016, trois jeunes gens de 15 ans, d\u2019origine belge,\u00a0sont all\u00e9s\u00a0randonner depuis l\u2019\u00e9tang des Dames, \u00e0 Plainfaing. Partis [&hellip;]<\/p>\n","protected":false},"author":52,"featured_media":59960,"comment_status":"open","ping_status":"open","sticky":false,"template":"","format":"standard","meta":{"footnotes":""},"categories":[22,6,5],"tags":[7345,7346,588,7184,844,2527,175],"class_list":["post-59959","post","type-post","status-publish","format-standard","has-post-thumbnail","hentry","category-a-la-une","category-faits-divers","category-vosges","tag-belges","tag-etang-des-dames","tag-gendarmerie","tag-montagne","tag-plainfaing","tag-randonnee","tag-secours"],"acf":[],"yoast_head":"<!-- This site is optimized with the Yoast SEO plugin v22.5 - https:\/\/yoast.com\/wordpress\/plugins\/seo\/ -->\n<title>Vosges \u2013 Trois Belges \u00e9gar\u00e9s sont retrouv\u00e9s par deux\u2026 Bulgares - Epinal Info<\/title>\n<meta name=\"robots\" content=\"index, follow, max-snippet:-1, max-image-preview:large, max-video-preview:-1\" \/>\n<link rel=\"canonical\" href=\"https:\/\/vosgesinfo.fr\/epinalinfo\/2016\/03\/vosges-trois-belges-egares-retrouves-deux-bulgares\/\" \/>\n<meta name=\"twitter:card\" content=\"summary_large_image\" \/>\n<meta name=\"twitter:title\" content=\"Vosges \u2013 Trois Belges \u00e9gar\u00e9s sont retrouv\u00e9s par deux\u2026 Bulgares - Epinal Info\" \/>\n<meta name=\"twitter:description\" content=\"Dimanche 27 mars 2016, trois jeunes gens de 15 ans, d\u2019origine belge,\u00a0sont all\u00e9s\u00a0randonner depuis l\u2019\u00e9tang des Dames, \u00e0 Plainfaing. Partis [&hellip;]\" \/>\n<meta name=\"twitter:image\" content=\"https:\/\/vosgesinfo.fr\/app\/uploads\/sites\/3\/2024\/08\/201512helico-2.jpg\" \/>\n<meta name=\"twitter:creator\" content=\"@VosgesInfo88\" \/>\n<meta name=\"twitter:site\" content=\"@VosgesInfo88\" \/>\n<meta name=\"twitter:label1\" content=\"\u00c9crit par\" \/>\n\t<meta name=\"twitter:data1\" content=\"C.K.\" \/>\n\t<meta name=\"twitter:label2\" content=\"Dur\u00e9e de lecture estim\u00e9e\" \/>\n\t<meta name=\"twitter:data2\" content=\"1 minute\" \/>\n<script type=\"application\/ld+json\" class=\"yoast-schema-graph\">{\"@context\":\"https:\/\/schema.org\",\"@graph\":[{\"@type\":\"Article\",\"@id\":\"https:\/\/vosgesinfo.fr\/epinalinfo\/2016\/03\/vosges-trois-belges-egares-retrouves-deux-bulgares\/#article\",\"isPartOf\":{\"@id\":\"https:\/\/vosgesinfo.fr\/epinalinfo\/2016\/03\/vosges-trois-belges-egares-retrouves-deux-bulgares\/\"},\"author\":{\"name\":\"C.K.\",\"@id\":\"https:\/\/vosgesinfo.fr\/epinalinfo\/#\/schema\/person\/6f9a650eeea99d969b6c4ab78fccbe81\"},\"headline\":\"Vosges \u2013 Trois Belges \u00e9gar\u00e9s sont retrouv\u00e9s par deux\u2026 Bulgares\",\"datePublished\":\"2016-03-31T04:50:51+00:00\",\"dateModified\":\"2016-03-31T04:50:51+00:00\",\"mainEntityOfPage\":{\"@id\":\"https:\/\/vosgesinfo.fr\/epinalinfo\/2016\/03\/vosges-trois-belges-egares-retrouves-deux-bulgares\/\"},\"wordCount\":137,\"commentCount\":0,\"publisher\":{\"@id\":\"https:\/\/vosgesinfo.fr\/epinalinfo\/#organization\"},\"image\":{\"@id\":\"https:\/\/vosgesinfo.fr\/epinalinfo\/2016\/03\/vosges-trois-belges-egares-retrouves-deux-bulgares\/#primaryimage\"},\"thumbnailUrl\":\"https:\/\/vosgesinfo.fr\/app\/uploads\/sites\/3\/2024\/08\/201512helico-2.jpg\",\"keywords\":[\"Belges\",\"\u00e9tang des Dames\",\"gendarmerie\",\"montagne\",\"Plainfaing\",\"randonn\u00e9e\",\"secours\"],\"articleSection\":[\"A la Une\",\"Faits-divers\",\"Vosges\"],\"inLanguage\":\"fr-FR\",\"potentialAction\":[{\"@type\":\"CommentAction\",\"name\":\"Comment\",\"target\":[\"https:\/\/vosgesinfo.fr\/epinalinfo\/2016\/03\/vosges-trois-belges-egares-retrouves-deux-bulgares\/#respond\"]}]},{\"@type\":\"WebPage\",\"@id\":\"https:\/\/vosgesinfo.fr\/epinalinfo\/2016\/03\/vosges-trois-belges-egares-retrouves-deux-bulgares\/\",\"url\":\"https:\/\/vosgesinfo.fr\/epinalinfo\/2016\/03\/vosges-trois-belges-egares-retrouves-deux-bulgares\/\",\"name\":\"Vosges \u2013 Trois Belges \u00e9gar\u00e9s sont retrouv\u00e9s par deux\u2026 Bulgares - Epinal Info\",\"isPartOf\":{\"@id\":\"https:\/\/vosgesinfo.fr\/epinalinfo\/#website\"},\"primaryImageOfPage\":{\"@id\":\"https:\/\/vosgesinfo.fr\/epinalinfo\/2016\/03\/vosges-trois-belges-egares-retrouves-deux-bulgares\/#primaryimage\"},\"image\":{\"@id\":\"https:\/\/vosgesinfo.fr\/epinalinfo\/2016\/03\/vosges-trois-belges-egares-retrouves-deux-bulgares\/#primaryimage\"},\"thumbnailUrl\":\"https:\/\/vosgesinfo.fr\/app\/uploads\/sites\/3\/2024\/08\/201512helico-2.jpg\",\"datePublished\":\"2016-03-31T04:50:51+00:00\",\"dateModified\":\"2016-03-31T04:50:51+00:00\",\"breadcrumb\":{\"@id\":\"https:\/\/vosgesinfo.fr\/epinalinfo\/2016\/03\/vosges-trois-belges-egares-retrouves-deux-bulgares\/#breadcrumb\"},\"inLanguage\":\"fr-FR\",\"potentialAction\":[{\"@type\":\"ReadAction\",\"target\":[\"https:\/\/vosgesinfo.fr\/epinalinfo\/2016\/03\/vosges-trois-belges-egares-retrouves-deux-bulgares\/\"]}]},{\"@type\":\"ImageObject\",\"inLanguage\":\"fr-FR\",\"@id\":\"https:\/\/vosgesinfo.fr\/epinalinfo\/2016\/03\/vosges-trois-belges-egares-retrouves-deux-bulgares\/#primaryimage\",\"url\":\"https:\/\/vosgesinfo.fr\/app\/uploads\/sites\/3\/2024\/08\/201512helico-2.jpg\",\"contentUrl\":\"https:\/\/vosgesinfo.fr\/app\/uploads\/sites\/3\/2024\/08\/201512helico-2.jpg\",\"width\":960,\"height\":640},{\"@type\":\"BreadcrumbList\",\"@id\":\"https:\/\/vosgesinfo.fr\/epinalinfo\/2016\/03\/vosges-trois-belges-egares-retrouves-deux-bulgares\/#breadcrumb\",\"itemListElement\":[{\"@type\":\"ListItem\",\"position\":1,\"name\":\"Home\",\"item\":\"https:\/\/vosgesinfo.fr\/epinalinfo\/\"},{\"@type\":\"ListItem\",\"position\":2,\"name\":\"Vosges \u2013 Trois Belges \u00e9gar\u00e9s sont retrouv\u00e9s par deux\u2026 Bulgares\"}]},{\"@type\":\"WebSite\",\"@id\":\"https:\/\/vosgesinfo.fr\/epinalinfo\/#website\",\"url\":\"https:\/\/vosgesinfo.fr\/epinalinfo\/\",\"name\":\"Epinal Info\",\"description\":\"Toute l&#039;actualit\u00e9 d&#039;\u00c9pinal\",\"publisher\":{\"@id\":\"https:\/\/vosgesinfo.fr\/epinalinfo\/#organization\"},\"alternateName\":\"Toute l'actualit\u00e9 d'\u00c9pinal\",\"potentialAction\":[{\"@type\":\"SearchAction\",\"target\":{\"@type\":\"EntryPoint\",\"urlTemplate\":\"https:\/\/vosgesinfo.fr\/epinalinfo\/?s={search_term_string}\"},\"query-input\":\"required name=search_term_string\"}],\"inLanguage\":\"fr-FR\"},{\"@type\":\"Organization\",\"@id\":\"https:\/\/vosgesinfo.fr\/epinalinfo\/#organization\",\"name\":\"Epinal Info\",\"url\":\"https:\/\/vosgesinfo.fr\/epinalinfo\/\",\"logo\":{\"@type\":\"ImageObject\",\"inLanguage\":\"fr-FR\",\"@id\":\"https:\/\/vosgesinfo.fr\/epinalinfo\/#\/schema\/logo\/image\/\",\"url\":\"https:\/\/vosgesinfo.fr\/app\/uploads\/sites\/3\/2023\/08\/logo-epinalinfos.svg\",\"contentUrl\":\"https:\/\/vosgesinfo.fr\/app\/uploads\/sites\/3\/2023\/08\/logo-epinalinfos.svg\",\"width\":1,\"height\":1,\"caption\":\"Epinal Info\"},\"image\":{\"@id\":\"https:\/\/vosgesinfo.fr\/epinalinfo\/#\/schema\/logo\/image\/\"},\"sameAs\":[\"https:\/\/www.facebook.com\/Epinalinfos\",\"https:\/\/x.com\/VosgesInfo88\",\"https:\/\/www.youtube.com\/@vosgesinfo\"]},{\"@type\":\"Person\",\"@id\":\"https:\/\/vosgesinfo.fr\/epinalinfo\/#\/schema\/person\/6f9a650eeea99d969b6c4ab78fccbe81\",\"name\":\"C.K.\",\"image\":{\"@type\":\"ImageObject\",\"inLanguage\":\"fr-FR\",\"@id\":\"https:\/\/vosgesinfo.fr\/epinalinfo\/#\/schema\/person\/image\/\",\"url\":\"https:\/\/secure.gravatar.com\/avatar\/48e3fc7f8421ba8942be6b74a2b7f014ca39bc00dece156b7a8e098ae7dc87bf?s=96&d=mm&r=g\",\"contentUrl\":\"https:\/\/secure.gravatar.com\/avatar\/48e3fc7f8421ba8942be6b74a2b7f014ca39bc00dece156b7a8e098ae7dc87bf?s=96&d=mm&r=g\",\"caption\":\"C.K.\"},\"url\":\"https:\/\/vosgesinfo.fr\/epinalinfo\/author\/celia-k-n\/\"}]}<\/script>\n<!-- \/ Yoast SEO plugin. -->","yoast_head_json":{"title":"Vosges \u2013 Trois Belges \u00e9gar\u00e9s sont retrouv\u00e9s par deux\u2026 Bulgares - Epinal Info","robots":{"index":"index","follow":"follow","max-snippet":"max-snippet:-1","max-image-preview":"max-image-preview:large","max-video-preview":"max-video-preview:-1"},"canonical":"https:\/\/vosgesinfo.fr\/epinalinfo\/2016\/03\/vosges-trois-belges-egares-retrouves-deux-bulgares\/","twitter_card":"summary_large_image","twitter_title":"Vosges \u2013 Trois Belges \u00e9gar\u00e9s sont retrouv\u00e9s par deux\u2026 Bulgares - Epinal Info","twitter_description":"Dimanche 27 mars 2016, trois jeunes gens de 15 ans, d\u2019origine belge,\u00a0sont all\u00e9s\u00a0randonner depuis l\u2019\u00e9tang des Dames, \u00e0 Plainfaing. Partis [&hellip;]","twitter_image":"https:\/\/vosgesinfo.fr\/app\/uploads\/sites\/3\/2024\/08\/201512helico-2.jpg","twitter_creator":"@VosgesInfo88","twitter_site":"@VosgesInfo88","twitter_misc":{"\u00c9crit par":"C.K.","Dur\u00e9e de lecture estim\u00e9e":"1 minute"},"schema":{"@context":"https:\/\/schema.org","@graph":[{"@type":"Article","@id":"https:\/\/vosgesinfo.fr\/epinalinfo\/2016\/03\/vosges-trois-belges-egares-retrouves-deux-bulgares\/#article","isPartOf":{"@id":"https:\/\/vosgesinfo.fr\/epinalinfo\/2016\/03\/vosges-trois-belges-egares-retrouves-deux-bulgares\/"},"author":{"name":"C.K.","@id":"https:\/\/vosgesinfo.fr\/epinalinfo\/#\/schema\/person\/6f9a650eeea99d969b6c4ab78fccbe81"},"headline":"Vosges \u2013 Trois Belges \u00e9gar\u00e9s sont retrouv\u00e9s par deux\u2026 Bulgares","datePublished":"2016-03-31T04:50:51+00:00","dateModified":"2016-03-31T04:50:51+00:00","mainEntityOfPage":{"@id":"https:\/\/vosgesinfo.fr\/epinalinfo\/2016\/03\/vosges-trois-belges-egares-retrouves-deux-bulgares\/"},"wordCount":137,"commentCount":0,"publisher":{"@id":"https:\/\/vosgesinfo.fr\/epinalinfo\/#organization"},"image":{"@id":"https:\/\/vosgesinfo.fr\/epinalinfo\/2016\/03\/vosges-trois-belges-egares-retrouves-deux-bulgares\/#primaryimage"},"thumbnailUrl":"https:\/\/vosgesinfo.fr\/app\/uploads\/sites\/3\/2024\/08\/201512helico-2.jpg","keywords":["Belges","\u00e9tang des Dames","gendarmerie","montagne","Plainfaing","randonn\u00e9e","secours"],"articleSection":["A la Une","Faits-divers","Vosges"],"inLanguage":"fr-FR","potentialAction":[{"@type":"CommentAction","name":"Comment","target":["https:\/\/vosgesinfo.fr\/epinalinfo\/2016\/03\/vosges-trois-belges-egares-retrouves-deux-bulgares\/#respond"]}]},{"@type":"WebPage","@id":"https:\/\/vosgesinfo.fr\/epinalinfo\/2016\/03\/vosges-trois-belges-egares-retrouves-deux-bulgares\/","url":"https:\/\/vosgesinfo.fr\/epinalinfo\/2016\/03\/vosges-trois-belges-egares-retrouves-deux-bulgares\/","name":"Vosges \u2013 Trois Belges \u00e9gar\u00e9s sont retrouv\u00e9s par deux\u2026 Bulgares - Epinal Info","isPartOf":{"@id":"https:\/\/vosgesinfo.fr\/epinalinfo\/#website"},"primaryImageOfPage":{"@id":"https:\/\/vosgesinfo.fr\/epinalinfo\/2016\/03\/vosges-trois-belges-egares-retrouves-deux-bulgares\/#primaryimage"},"image":{"@id":"https:\/\/vosgesinfo.fr\/epinalinfo\/2016\/03\/vosges-trois-belges-egares-retrouves-deux-bulgares\/#primaryimage"},"thumbnailUrl":"https:\/\/vosgesinfo.fr\/app\/uploads\/sites\/3\/2024\/08\/201512helico-2.jpg","datePublished":"2016-03-31T04:50:51+00:00","dateModified":"2016-03-31T04:50:51+00:00","breadcrumb":{"@id":"https:\/\/vosgesinfo.fr\/epinalinfo\/2016\/03\/vosges-trois-belges-egares-retrouves-deux-bulgares\/#breadcrumb"},"inLanguage":"fr-FR","potentialAction":[{"@type":"ReadAction","target":["https:\/\/vosgesinfo.fr\/epinalinfo\/2016\/03\/vosges-trois-belges-egares-retrouves-deux-bulgares\/"]}]},{"@type":"ImageObject","inLanguage":"fr-FR","@id":"https:\/\/vosgesinfo.fr\/epinalinfo\/2016\/03\/vosges-trois-belges-egares-retrouves-deux-bulgares\/#primaryimage","url":"https:\/\/vosgesinfo.fr\/app\/uploads\/sites\/3\/2024\/08\/201512helico-2.jpg","contentUrl":"https:\/\/vosgesinfo.fr\/app\/uploads\/sites\/3\/2024\/08\/201512helico-2.jpg","width":960,"height":640},{"@type":"BreadcrumbList","@id":"https:\/\/vosgesinfo.fr\/epinalinfo\/2016\/03\/vosges-trois-belges-egares-retrouves-deux-bulgares\/#breadcrumb","itemListElement":[{"@type":"ListItem","position":1,"name":"Home","item":"https:\/\/vosgesinfo.fr\/epinalinfo\/"},{"@type":"ListItem","position":2,"name":"Vosges \u2013 Trois Belges \u00e9gar\u00e9s sont retrouv\u00e9s par deux\u2026 Bulgares"}]},{"@type":"WebSite","@id":"https:\/\/vosgesinfo.fr\/epinalinfo\/#website","url":"https:\/\/vosgesinfo.fr\/epinalinfo\/","name":"Epinal Info","description":"Toute l&#039;actualit\u00e9 d&#039;\u00c9pinal","publisher":{"@id":"https:\/\/vosgesinfo.fr\/epinalinfo\/#organization"},"alternateName":"Toute l'actualit\u00e9 d'\u00c9pinal","potentialAction":[{"@type":"SearchAction","target":{"@type":"EntryPoint","urlTemplate":"https:\/\/vosgesinfo.fr\/epinalinfo\/?s={search_term_string}"},"query-input":"required name=search_term_string"}],"inLanguage":"fr-FR"},{"@type":"Organization","@id":"https:\/\/vosgesinfo.fr\/epinalinfo\/#organization","name":"Epinal Info","url":"https:\/\/vosgesinfo.fr\/epinalinfo\/","logo":{"@type":"ImageObject","inLanguage":"fr-FR","@id":"https:\/\/vosgesinfo.fr\/epinalinfo\/#\/schema\/logo\/image\/","url":"https:\/\/vosgesinfo.fr\/app\/uploads\/sites\/3\/2023\/08\/logo-epinalinfos.svg","contentUrl":"https:\/\/vosgesinfo.fr\/app\/uploads\/sites\/3\/2023\/08\/logo-epinalinfos.svg","width":1,"height":1,"caption":"Epinal Info"},"image":{"@id":"https:\/\/vosgesinfo.fr\/epinalinfo\/#\/schema\/logo\/image\/"},"sameAs":["https:\/\/www.facebook.com\/Epinalinfos","https:\/\/x.com\/VosgesInfo88","https:\/\/www.youtube.com\/@vosgesinfo"]},{"@type":"Person","@id":"https:\/\/vosgesinfo.fr\/epinalinfo\/#\/schema\/person\/6f9a650eeea99d969b6c4ab78fccbe81","name":"C.K.","image":{"@type":"ImageObject","inLanguage":"fr-FR","@id":"https:\/\/vosgesinfo.fr\/epinalinfo\/#\/schema\/person\/image\/","url":"https:\/\/secure.gravatar.com\/avatar\/48e3fc7f8421ba8942be6b74a2b7f014ca39bc00dece156b7a8e098ae7dc87bf?s=96&d=mm&r=g","contentUrl":"https:\/\/secure.gravatar.com\/avatar\/48e3fc7f8421ba8942be6b74a2b7f014ca39bc00dece156b7a8e098ae7dc87bf?s=96&d=mm&r=g","caption":"C.K."},"url":"https:\/\/vosgesinfo.fr\/epinalinfo\/author\/celia-k-n\/"}]}},"_links":{"self":[{"href":"https:\/\/vosgesinfo.fr\/epinalinfo\/wp-json\/wp\/v2\/posts\/59959","targetHints":{"allow":["GET"]}}],"collection":[{"href":"https:\/\/vosgesinfo.fr\/epinalinfo\/wp-json\/wp\/v2\/posts"}],"about":[{"href":"https:\/\/vosgesinfo.fr\/epinalinfo\/wp-json\/wp\/v2\/types\/post"}],"author":[{"embeddable":true,"href":"https:\/\/vosgesinfo.fr\/epinalinfo\/wp-json\/wp\/v2\/users\/52"}],"replies":[{"embeddable":true,"href":"https:\/\/vosgesinfo.fr\/epinalinfo\/wp-json\/wp\/v2\/comments?post=59959"}],"version-history":[{"count":0,"href":"https:\/\/vosgesinfo.fr\/epinalinfo\/wp-json\/wp\/v2\/posts\/59959\/revisions"}],"wp:featuredmedia":[{"embeddable":true,"href":"https:\/\/vosgesinfo.fr\/epinalinfo\/wp-json\/wp\/v2\/media\/59960"}],"wp:attachment":[{"href":"https:\/\/vosgesinfo.fr\/epinalinfo\/wp-json\/wp\/v2\/media?parent=59959"}],"wp:term":[{"taxonomy":"category","embeddable":true,"href":"https:\/\/vosgesinfo.fr\/epinalinfo\/wp-json\/wp\/v2\/categories?post=59959"},{"taxonomy":"post_tag","embeddable":true,"href":"https:\/\/vosgesinfo.fr\/epinalinfo\/wp-json\/wp\/v2\/tags?post=59959"}],"curies":[{"name":"wp","href":"https:\/\/api.w.org\/{rel}","templated":true}]}}