{"id":60531,"date":"2016-04-19T05:00:36","date_gmt":"2016-04-19T03:00:36","guid":{"rendered":"https:\/\/vosgesinfo.fr\/epinalinfo\/2016\/04\/ateliers-cuisine-partenariat-jardins-de-cocagne\/"},"modified":"2016-04-19T05:00:36","modified_gmt":"2016-04-19T03:00:36","slug":"ateliers-cuisine-partenariat-jardins-de-cocagne","status":"publish","type":"post","link":"https:\/\/vosgesinfo.fr\/epinalinfo\/2016\/04\/ateliers-cuisine-partenariat-jardins-de-cocagne\/","title":{"rendered":"Des ateliers cuisine en partenariat avec les jardins de Cocagne"},"content":{"rendered":"<p><a href=\"\/2016\/04\/cuisine.jpg\"><img decoding=\"async\" class=\"size-full wp-image-88364 aligncenter\" src=\"\/2016\/04\/cuisine.jpg\" alt=\"cuisine\" width=\"960\" height=\"637\" \/><\/a>Adavie organise des ateliers cuisine et des ateliers bricolage \u00e0 destination des familles aid\u00e9es dans <u>ses locaux 15 rue du chauffour \u00e0 EPINAL<\/u>.\u00a0L\u2019objectif est de leur permettre de trouver et\/ou retrouver leur autonomie dans la vie quotidienne, en compl\u00e9ment d\u2019un accompagnement individuel \u00e0 domicile.<\/p>\n<p><strong>Les ateliers cuisines se d\u00e9roulent les 19 et 28 avril 2016<\/strong>\u00a0 en partenariat avec les jardins de cocagne \u00e0 Thaon les vosges:<\/p>\n<p>Objectifs p\u00e9dagogiques\u00a0:<\/p>\n<ul>\n<li>Apprendre \u00e0 cuisiner les l\u00e9gumes<\/li>\n<li>R\u00e9ussir \u00e0 les faire manger aux enfants<\/li>\n<li>D\u00e9montrer qu\u2019avec peu d\u2019argent et de mat\u00e9riel de cuisine il est possible de r\u00e9aliser un plat et un dessert maison et \u00e9quilibr\u00e9.<\/li>\n<\/ul>\n<p><strong>Les ateliers bricolage se d\u00e9roulent les 26 avril et 12 mai 2016\u00a0: <\/strong>fabrication de bijoux en p\u00e2te FIMO<\/p>\n<p>Objectifs p\u00e9dagogiques\u00a0:<\/p>\n<ul>\n<li>Redonner confiance et estime de soi aux m\u00e8res de famille<\/li>\n<li>Permettre de tisser du lien social avec d\u2019autres m\u00e8res de famille<\/li>\n<li>Faire sortir de leur quotidien<\/li>\n<li>D\u00e9montrer qu\u2019avec peu de choses, il est possible de se faire plaisir.<\/li>\n<\/ul>\n<p>Ces ateliers seront anim\u00e9s par Morgane MARTIN, \u00e9tudiante en Licence Professionnelle Intervention Sociale Sp\u00e9cialit\u00e9 Animation Sociale, Socio culturelle, fonction de coordination, qui r\u00e9alise actuellement un service civique \u00e0 ADAVIE.<\/p>\n<p>&nbsp;<\/p>\n","protected":false},"excerpt":{"rendered":"<p>Adavie organise des ateliers cuisine et des ateliers bricolage \u00e0 destination des familles aid\u00e9es dans ses locaux 15 rue du [&hellip;]<\/p>\n","protected":false},"author":52,"featured_media":60532,"comment_status":"open","ping_status":"open","sticky":false,"template":"","format":"standard","meta":{"footnotes":""},"categories":[10,93],"tags":[7533,198,488,213],"class_list":["post-60531","post","type-post","status-publish","format-standard","has-post-thumbnail","hentry","category-societe","category-thaon-les-vosges","tag-adavie","tag-cuisine","tag-jardins-de-cocagne","tag-thaon-les-vosges"],"acf":[],"yoast_head":"<!-- This site is optimized with the Yoast SEO plugin v22.5 - https:\/\/yoast.com\/wordpress\/plugins\/seo\/ -->\n<title>Des ateliers cuisine en partenariat avec les jardins de Cocagne - Epinal Info<\/title>\n<meta name=\"robots\" content=\"index, follow, max-snippet:-1, max-image-preview:large, max-video-preview:-1\" \/>\n<link rel=\"canonical\" href=\"https:\/\/vosgesinfo.fr\/epinalinfo\/2016\/04\/ateliers-cuisine-partenariat-jardins-de-cocagne\/\" \/>\n<meta name=\"twitter:card\" content=\"summary_large_image\" \/>\n<meta name=\"twitter:title\" content=\"Des ateliers cuisine en partenariat avec les jardins de Cocagne - Epinal Info\" \/>\n<meta name=\"twitter:description\" content=\"Adavie organise des ateliers cuisine et des ateliers bricolage \u00e0 destination des familles aid\u00e9es dans ses locaux 15 rue du [&hellip;]\" \/>\n<meta name=\"twitter:image\" content=\"https:\/\/vosgesinfo.fr\/app\/uploads\/sites\/3\/2024\/08\/201604cuisine.jpg\" \/>\n<meta name=\"twitter:creator\" content=\"@VosgesInfo88\" \/>\n<meta name=\"twitter:site\" content=\"@VosgesInfo88\" \/>\n<meta name=\"twitter:label1\" content=\"\u00c9crit par\" \/>\n\t<meta name=\"twitter:data1\" content=\"C.K.\" \/>\n\t<meta name=\"twitter:label2\" content=\"Dur\u00e9e de lecture estim\u00e9e\" \/>\n\t<meta name=\"twitter:data2\" content=\"1 minute\" \/>\n<script type=\"application\/ld+json\" class=\"yoast-schema-graph\">{\"@context\":\"https:\/\/schema.org\",\"@graph\":[{\"@type\":\"Article\",\"@id\":\"https:\/\/vosgesinfo.fr\/epinalinfo\/2016\/04\/ateliers-cuisine-partenariat-jardins-de-cocagne\/#article\",\"isPartOf\":{\"@id\":\"https:\/\/vosgesinfo.fr\/epinalinfo\/2016\/04\/ateliers-cuisine-partenariat-jardins-de-cocagne\/\"},\"author\":{\"name\":\"C.K.\",\"@id\":\"https:\/\/vosgesinfo.fr\/epinalinfo\/#\/schema\/person\/6f9a650eeea99d969b6c4ab78fccbe81\"},\"headline\":\"Des ateliers cuisine en partenariat avec les jardins de Cocagne\",\"datePublished\":\"2016-04-19T03:00:36+00:00\",\"dateModified\":\"2016-04-19T03:00:36+00:00\",\"mainEntityOfPage\":{\"@id\":\"https:\/\/vosgesinfo.fr\/epinalinfo\/2016\/04\/ateliers-cuisine-partenariat-jardins-de-cocagne\/\"},\"wordCount\":212,\"commentCount\":0,\"publisher\":{\"@id\":\"https:\/\/vosgesinfo.fr\/epinalinfo\/#organization\"},\"image\":{\"@id\":\"https:\/\/vosgesinfo.fr\/epinalinfo\/2016\/04\/ateliers-cuisine-partenariat-jardins-de-cocagne\/#primaryimage\"},\"thumbnailUrl\":\"https:\/\/vosgesinfo.fr\/app\/uploads\/sites\/3\/2024\/08\/201604cuisine.jpg\",\"keywords\":[\"ADAVIE\",\"cuisine\",\"Jardins de Cocagne\",\"Thaon-l\u00e8s-Vosges\"],\"articleSection\":[\"Soci\u00e9t\u00e9\",\"Thaon-les-Vosges\"],\"inLanguage\":\"fr-FR\",\"potentialAction\":[{\"@type\":\"CommentAction\",\"name\":\"Comment\",\"target\":[\"https:\/\/vosgesinfo.fr\/epinalinfo\/2016\/04\/ateliers-cuisine-partenariat-jardins-de-cocagne\/#respond\"]}]},{\"@type\":\"WebPage\",\"@id\":\"https:\/\/vosgesinfo.fr\/epinalinfo\/2016\/04\/ateliers-cuisine-partenariat-jardins-de-cocagne\/\",\"url\":\"https:\/\/vosgesinfo.fr\/epinalinfo\/2016\/04\/ateliers-cuisine-partenariat-jardins-de-cocagne\/\",\"name\":\"Des ateliers cuisine en partenariat avec les jardins de Cocagne - Epinal Info\",\"isPartOf\":{\"@id\":\"https:\/\/vosgesinfo.fr\/epinalinfo\/#website\"},\"primaryImageOfPage\":{\"@id\":\"https:\/\/vosgesinfo.fr\/epinalinfo\/2016\/04\/ateliers-cuisine-partenariat-jardins-de-cocagne\/#primaryimage\"},\"image\":{\"@id\":\"https:\/\/vosgesinfo.fr\/epinalinfo\/2016\/04\/ateliers-cuisine-partenariat-jardins-de-cocagne\/#primaryimage\"},\"thumbnailUrl\":\"https:\/\/vosgesinfo.fr\/app\/uploads\/sites\/3\/2024\/08\/201604cuisine.jpg\",\"datePublished\":\"2016-04-19T03:00:36+00:00\",\"dateModified\":\"2016-04-19T03:00:36+00:00\",\"breadcrumb\":{\"@id\":\"https:\/\/vosgesinfo.fr\/epinalinfo\/2016\/04\/ateliers-cuisine-partenariat-jardins-de-cocagne\/#breadcrumb\"},\"inLanguage\":\"fr-FR\",\"potentialAction\":[{\"@type\":\"ReadAction\",\"target\":[\"https:\/\/vosgesinfo.fr\/epinalinfo\/2016\/04\/ateliers-cuisine-partenariat-jardins-de-cocagne\/\"]}]},{\"@type\":\"ImageObject\",\"inLanguage\":\"fr-FR\",\"@id\":\"https:\/\/vosgesinfo.fr\/epinalinfo\/2016\/04\/ateliers-cuisine-partenariat-jardins-de-cocagne\/#primaryimage\",\"url\":\"https:\/\/vosgesinfo.fr\/app\/uploads\/sites\/3\/2024\/08\/201604cuisine.jpg\",\"contentUrl\":\"https:\/\/vosgesinfo.fr\/app\/uploads\/sites\/3\/2024\/08\/201604cuisine.jpg\",\"width\":960,\"height\":637},{\"@type\":\"BreadcrumbList\",\"@id\":\"https:\/\/vosgesinfo.fr\/epinalinfo\/2016\/04\/ateliers-cuisine-partenariat-jardins-de-cocagne\/#breadcrumb\",\"itemListElement\":[{\"@type\":\"ListItem\",\"position\":1,\"name\":\"Home\",\"item\":\"https:\/\/vosgesinfo.fr\/epinalinfo\/\"},{\"@type\":\"ListItem\",\"position\":2,\"name\":\"Des ateliers cuisine en partenariat avec les jardins de Cocagne\"}]},{\"@type\":\"WebSite\",\"@id\":\"https:\/\/vosgesinfo.fr\/epinalinfo\/#website\",\"url\":\"https:\/\/vosgesinfo.fr\/epinalinfo\/\",\"name\":\"Epinal Info\",\"description\":\"Toute l&#039;actualit\u00e9 d&#039;\u00c9pinal\",\"publisher\":{\"@id\":\"https:\/\/vosgesinfo.fr\/epinalinfo\/#organization\"},\"alternateName\":\"Toute l'actualit\u00e9 d'\u00c9pinal\",\"potentialAction\":[{\"@type\":\"SearchAction\",\"target\":{\"@type\":\"EntryPoint\",\"urlTemplate\":\"https:\/\/vosgesinfo.fr\/epinalinfo\/?s={search_term_string}\"},\"query-input\":\"required name=search_term_string\"}],\"inLanguage\":\"fr-FR\"},{\"@type\":\"Organization\",\"@id\":\"https:\/\/vosgesinfo.fr\/epinalinfo\/#organization\",\"name\":\"Epinal Info\",\"url\":\"https:\/\/vosgesinfo.fr\/epinalinfo\/\",\"logo\":{\"@type\":\"ImageObject\",\"inLanguage\":\"fr-FR\",\"@id\":\"https:\/\/vosgesinfo.fr\/epinalinfo\/#\/schema\/logo\/image\/\",\"url\":\"https:\/\/vosgesinfo.fr\/app\/uploads\/sites\/3\/2023\/08\/logo-epinalinfos.svg\",\"contentUrl\":\"https:\/\/vosgesinfo.fr\/app\/uploads\/sites\/3\/2023\/08\/logo-epinalinfos.svg\",\"width\":1,\"height\":1,\"caption\":\"Epinal Info\"},\"image\":{\"@id\":\"https:\/\/vosgesinfo.fr\/epinalinfo\/#\/schema\/logo\/image\/\"},\"sameAs\":[\"https:\/\/www.facebook.com\/Epinalinfos\",\"https:\/\/x.com\/VosgesInfo88\",\"https:\/\/www.youtube.com\/@vosgesinfo\"]},{\"@type\":\"Person\",\"@id\":\"https:\/\/vosgesinfo.fr\/epinalinfo\/#\/schema\/person\/6f9a650eeea99d969b6c4ab78fccbe81\",\"name\":\"C.K.\",\"image\":{\"@type\":\"ImageObject\",\"inLanguage\":\"fr-FR\",\"@id\":\"https:\/\/vosgesinfo.fr\/epinalinfo\/#\/schema\/person\/image\/\",\"url\":\"https:\/\/secure.gravatar.com\/avatar\/48e3fc7f8421ba8942be6b74a2b7f014ca39bc00dece156b7a8e098ae7dc87bf?s=96&d=mm&r=g\",\"contentUrl\":\"https:\/\/secure.gravatar.com\/avatar\/48e3fc7f8421ba8942be6b74a2b7f014ca39bc00dece156b7a8e098ae7dc87bf?s=96&d=mm&r=g\",\"caption\":\"C.K.\"},\"url\":\"https:\/\/vosgesinfo.fr\/epinalinfo\/author\/celia-k-n\/\"}]}<\/script>\n<!-- \/ Yoast SEO plugin. -->","yoast_head_json":{"title":"Des ateliers cuisine en partenariat avec les jardins de Cocagne - Epinal Info","robots":{"index":"index","follow":"follow","max-snippet":"max-snippet:-1","max-image-preview":"max-image-preview:large","max-video-preview":"max-video-preview:-1"},"canonical":"https:\/\/vosgesinfo.fr\/epinalinfo\/2016\/04\/ateliers-cuisine-partenariat-jardins-de-cocagne\/","twitter_card":"summary_large_image","twitter_title":"Des ateliers cuisine en partenariat avec les jardins de Cocagne - Epinal Info","twitter_description":"Adavie organise des ateliers cuisine et des ateliers bricolage \u00e0 destination des familles aid\u00e9es dans ses locaux 15 rue du [&hellip;]","twitter_image":"https:\/\/vosgesinfo.fr\/app\/uploads\/sites\/3\/2024\/08\/201604cuisine.jpg","twitter_creator":"@VosgesInfo88","twitter_site":"@VosgesInfo88","twitter_misc":{"\u00c9crit par":"C.K.","Dur\u00e9e de lecture estim\u00e9e":"1 minute"},"schema":{"@context":"https:\/\/schema.org","@graph":[{"@type":"Article","@id":"https:\/\/vosgesinfo.fr\/epinalinfo\/2016\/04\/ateliers-cuisine-partenariat-jardins-de-cocagne\/#article","isPartOf":{"@id":"https:\/\/vosgesinfo.fr\/epinalinfo\/2016\/04\/ateliers-cuisine-partenariat-jardins-de-cocagne\/"},"author":{"name":"C.K.","@id":"https:\/\/vosgesinfo.fr\/epinalinfo\/#\/schema\/person\/6f9a650eeea99d969b6c4ab78fccbe81"},"headline":"Des ateliers cuisine en partenariat avec les jardins de Cocagne","datePublished":"2016-04-19T03:00:36+00:00","dateModified":"2016-04-19T03:00:36+00:00","mainEntityOfPage":{"@id":"https:\/\/vosgesinfo.fr\/epinalinfo\/2016\/04\/ateliers-cuisine-partenariat-jardins-de-cocagne\/"},"wordCount":212,"commentCount":0,"publisher":{"@id":"https:\/\/vosgesinfo.fr\/epinalinfo\/#organization"},"image":{"@id":"https:\/\/vosgesinfo.fr\/epinalinfo\/2016\/04\/ateliers-cuisine-partenariat-jardins-de-cocagne\/#primaryimage"},"thumbnailUrl":"https:\/\/vosgesinfo.fr\/app\/uploads\/sites\/3\/2024\/08\/201604cuisine.jpg","keywords":["ADAVIE","cuisine","Jardins de Cocagne","Thaon-l\u00e8s-Vosges"],"articleSection":["Soci\u00e9t\u00e9","Thaon-les-Vosges"],"inLanguage":"fr-FR","potentialAction":[{"@type":"CommentAction","name":"Comment","target":["https:\/\/vosgesinfo.fr\/epinalinfo\/2016\/04\/ateliers-cuisine-partenariat-jardins-de-cocagne\/#respond"]}]},{"@type":"WebPage","@id":"https:\/\/vosgesinfo.fr\/epinalinfo\/2016\/04\/ateliers-cuisine-partenariat-jardins-de-cocagne\/","url":"https:\/\/vosgesinfo.fr\/epinalinfo\/2016\/04\/ateliers-cuisine-partenariat-jardins-de-cocagne\/","name":"Des ateliers cuisine en partenariat avec les jardins de Cocagne - Epinal Info","isPartOf":{"@id":"https:\/\/vosgesinfo.fr\/epinalinfo\/#website"},"primaryImageOfPage":{"@id":"https:\/\/vosgesinfo.fr\/epinalinfo\/2016\/04\/ateliers-cuisine-partenariat-jardins-de-cocagne\/#primaryimage"},"image":{"@id":"https:\/\/vosgesinfo.fr\/epinalinfo\/2016\/04\/ateliers-cuisine-partenariat-jardins-de-cocagne\/#primaryimage"},"thumbnailUrl":"https:\/\/vosgesinfo.fr\/app\/uploads\/sites\/3\/2024\/08\/201604cuisine.jpg","datePublished":"2016-04-19T03:00:36+00:00","dateModified":"2016-04-19T03:00:36+00:00","breadcrumb":{"@id":"https:\/\/vosgesinfo.fr\/epinalinfo\/2016\/04\/ateliers-cuisine-partenariat-jardins-de-cocagne\/#breadcrumb"},"inLanguage":"fr-FR","potentialAction":[{"@type":"ReadAction","target":["https:\/\/vosgesinfo.fr\/epinalinfo\/2016\/04\/ateliers-cuisine-partenariat-jardins-de-cocagne\/"]}]},{"@type":"ImageObject","inLanguage":"fr-FR","@id":"https:\/\/vosgesinfo.fr\/epinalinfo\/2016\/04\/ateliers-cuisine-partenariat-jardins-de-cocagne\/#primaryimage","url":"https:\/\/vosgesinfo.fr\/app\/uploads\/sites\/3\/2024\/08\/201604cuisine.jpg","contentUrl":"https:\/\/vosgesinfo.fr\/app\/uploads\/sites\/3\/2024\/08\/201604cuisine.jpg","width":960,"height":637},{"@type":"BreadcrumbList","@id":"https:\/\/vosgesinfo.fr\/epinalinfo\/2016\/04\/ateliers-cuisine-partenariat-jardins-de-cocagne\/#breadcrumb","itemListElement":[{"@type":"ListItem","position":1,"name":"Home","item":"https:\/\/vosgesinfo.fr\/epinalinfo\/"},{"@type":"ListItem","position":2,"name":"Des ateliers cuisine en partenariat avec les jardins de Cocagne"}]},{"@type":"WebSite","@id":"https:\/\/vosgesinfo.fr\/epinalinfo\/#website","url":"https:\/\/vosgesinfo.fr\/epinalinfo\/","name":"Epinal Info","description":"Toute l&#039;actualit\u00e9 d&#039;\u00c9pinal","publisher":{"@id":"https:\/\/vosgesinfo.fr\/epinalinfo\/#organization"},"alternateName":"Toute l'actualit\u00e9 d'\u00c9pinal","potentialAction":[{"@type":"SearchAction","target":{"@type":"EntryPoint","urlTemplate":"https:\/\/vosgesinfo.fr\/epinalinfo\/?s={search_term_string}"},"query-input":"required name=search_term_string"}],"inLanguage":"fr-FR"},{"@type":"Organization","@id":"https:\/\/vosgesinfo.fr\/epinalinfo\/#organization","name":"Epinal Info","url":"https:\/\/vosgesinfo.fr\/epinalinfo\/","logo":{"@type":"ImageObject","inLanguage":"fr-FR","@id":"https:\/\/vosgesinfo.fr\/epinalinfo\/#\/schema\/logo\/image\/","url":"https:\/\/vosgesinfo.fr\/app\/uploads\/sites\/3\/2023\/08\/logo-epinalinfos.svg","contentUrl":"https:\/\/vosgesinfo.fr\/app\/uploads\/sites\/3\/2023\/08\/logo-epinalinfos.svg","width":1,"height":1,"caption":"Epinal Info"},"image":{"@id":"https:\/\/vosgesinfo.fr\/epinalinfo\/#\/schema\/logo\/image\/"},"sameAs":["https:\/\/www.facebook.com\/Epinalinfos","https:\/\/x.com\/VosgesInfo88","https:\/\/www.youtube.com\/@vosgesinfo"]},{"@type":"Person","@id":"https:\/\/vosgesinfo.fr\/epinalinfo\/#\/schema\/person\/6f9a650eeea99d969b6c4ab78fccbe81","name":"C.K.","image":{"@type":"ImageObject","inLanguage":"fr-FR","@id":"https:\/\/vosgesinfo.fr\/epinalinfo\/#\/schema\/person\/image\/","url":"https:\/\/secure.gravatar.com\/avatar\/48e3fc7f8421ba8942be6b74a2b7f014ca39bc00dece156b7a8e098ae7dc87bf?s=96&d=mm&r=g","contentUrl":"https:\/\/secure.gravatar.com\/avatar\/48e3fc7f8421ba8942be6b74a2b7f014ca39bc00dece156b7a8e098ae7dc87bf?s=96&d=mm&r=g","caption":"C.K."},"url":"https:\/\/vosgesinfo.fr\/epinalinfo\/author\/celia-k-n\/"}]}},"_links":{"self":[{"href":"https:\/\/vosgesinfo.fr\/epinalinfo\/wp-json\/wp\/v2\/posts\/60531","targetHints":{"allow":["GET"]}}],"collection":[{"href":"https:\/\/vosgesinfo.fr\/epinalinfo\/wp-json\/wp\/v2\/posts"}],"about":[{"href":"https:\/\/vosgesinfo.fr\/epinalinfo\/wp-json\/wp\/v2\/types\/post"}],"author":[{"embeddable":true,"href":"https:\/\/vosgesinfo.fr\/epinalinfo\/wp-json\/wp\/v2\/users\/52"}],"replies":[{"embeddable":true,"href":"https:\/\/vosgesinfo.fr\/epinalinfo\/wp-json\/wp\/v2\/comments?post=60531"}],"version-history":[{"count":0,"href":"https:\/\/vosgesinfo.fr\/epinalinfo\/wp-json\/wp\/v2\/posts\/60531\/revisions"}],"wp:featuredmedia":[{"embeddable":true,"href":"https:\/\/vosgesinfo.fr\/epinalinfo\/wp-json\/wp\/v2\/media\/60532"}],"wp:attachment":[{"href":"https:\/\/vosgesinfo.fr\/epinalinfo\/wp-json\/wp\/v2\/media?parent=60531"}],"wp:term":[{"taxonomy":"category","embeddable":true,"href":"https:\/\/vosgesinfo.fr\/epinalinfo\/wp-json\/wp\/v2\/categories?post=60531"},{"taxonomy":"post_tag","embeddable":true,"href":"https:\/\/vosgesinfo.fr\/epinalinfo\/wp-json\/wp\/v2\/tags?post=60531"}],"curies":[{"name":"wp","href":"https:\/\/api.w.org\/{rel}","templated":true}]}}