{"id":60584,"date":"2016-04-21T10:31:57","date_gmt":"2016-04-21T08:31:57","guid":{"rendered":"https:\/\/vosgesinfo.fr\/epinalinfo\/2016\/04\/syndicat-mixte-delectricite-vosges-innovations-prevues-budget\/"},"modified":"2016-04-21T10:31:57","modified_gmt":"2016-04-21T08:31:57","slug":"syndicat-mixte-delectricite-vosges-innovations-prevues-budget","status":"publish","type":"post","link":"https:\/\/vosgesinfo.fr\/epinalinfo\/2016\/04\/syndicat-mixte-delectricite-vosges-innovations-prevues-budget\/","title":{"rendered":"Syndicat Mixte d&rsquo;Electricit\u00e9 des Vosges : des innovations pr\u00e9vues au budget"},"content":{"rendered":"<p><a href=\"\/2016\/04\/comit\u00e9-du-2-mars-001_700.jpg\"><img decoding=\"async\" class=\"aligncenter size-full wp-image-88474\" src=\"\/2016\/04\/comit\u00e9-du-2-mars-001_700.jpg\" alt=\"comit\u00e9 du 2 mars 001_700\" width=\"700\" height=\"525\" \/><\/a><\/p>\n<p>Soixante d\u00e9l\u00e9gu\u00e9s, repr\u00e9sentant l&rsquo;ensemble des communes et cantons vosgiens et membres du Comit\u00e9 Syndical du Syndicat Mixte D\u00e9partemental d&rsquo;Electricit\u00e9 des Vosges (SMDEV), se sont r\u00e9unis sous la pr\u00e9sidence de M. Gilles CHAMPAGNE dans la salle des d\u00e9lib\u00e9rations du Conseil D\u00e9partemental des Vosges afin de donner des orientations importantes pour la gestion des r\u00e9seaux \u00e9lectriques et d&rsquo;\u00e9clairage public des Communes vosgiennes.<\/p>\n<p><strong>Des ressources et aides financi\u00e8res maintenues<\/strong><br \/>\nAfin de pouvoir satisfaire un maximum de demandes de subventions pour les projets d&rsquo;extension du r\u00e9seau \u00e9lectrique, le Comit\u00e9 a donn\u00e9 son accord pour ramener de 80 \u00e0 60% les aides financi\u00e8res accord\u00e9es au SMDEV dans le cadre d\u2019un financement par le Fonds d\u2019Amortissement des Charges d\u2019Electrification (FACE).<br \/>\nUn avenant au cahier des charges de concession sera sign\u00e9 avec ERDF pour l&rsquo;attribution de la Part Couverte par le Tarif (PCT) pour l\u2019ann\u00e9e 2016. Cette PCT permet de financer 40,70% du montant H.T. des projets non subventionn\u00e9s d\u2019extension du r\u00e9seau \u00e9lectrique.<br \/>\nLes taux de participation communale aux projets ont \u00e9t\u00e9 harmonis\u00e9s pour l&rsquo;ensemble des communes et mis en coh\u00e9rence avec le contexte \u00e9conomique notamment concernant les financeurs de ces projets, le d\u00e9tail de ces taux est disponible sur le site internet du SMDEV.<br \/>\n<strong>Mise a niveau de ses effectifs<\/strong><br \/>\nPour pouvoir assurer sa mission dans les meilleures conditions, le budget, qui a \u00e9t\u00e9 valid\u00e9 \u00e0 l&rsquo;unanimit\u00e9 par les d\u00e9l\u00e9gu\u00e9s, tient compte notamment des besoins en personnel n\u00e9cessaires pour la poursuite des comp\u00e9tences relatives \u00e0 l&rsquo;\u00e9clairage public pour le compte des communes, d&rsquo;extension, d\u2019enfouissement, de renforcement et de s\u00e9curisation des r\u00e9seaux : ouverture des postes d\u2019Assistante de Direction et de Charg\u00e9 d\u2019Affaires en renfort.<br \/>\n<strong>Le d\u00e9ploiement de projets innovants <\/strong><br \/>\nLe Comit\u00e9 a approuv\u00e9 le budget primitif du Syndicat :<br \/>\n5 500 000\u20ac pour le fonctionnement et plus de 14 000 000 \u20ac pour les investissements.<br \/>\nLes d\u00e9penses d\u2019investissements correspondent au financement des op\u00e9rations ordinaires du SMDEV et au d\u00e9ploiement de projets innovants. L\u2019un des projets phare de l\u2019ann\u00e9e 2016 concerne les travaux de d\u00e9tection des r\u00e9seaux d&rsquo;\u00e9clairage public qui permettront d&rsquo;\u00e9tablir une cartographie des r\u00e9seaux d&rsquo;\u00e9clairage pour les communes ayant d\u00e9l\u00e9gu\u00e9 la comp\u00e9tence au SMDEV. Les moyens relatifs \u00e0 l\u2019exercice de la comp\u00e9tence de gestion des r\u00e9seaux d\u2019\u00e9clairage public seront \u00e9galement renforc\u00e9s par un recrutement sur un poste vacant de Charg\u00e9 de la maintenance.<br \/>\nDans le domaine de la communication, comme \u00e9voqu\u00e9 lors du d\u00e9bat d\u2019orientations budg\u00e9taires pour l\u2019ann\u00e9e 2016, le SMDEV souhaite renouveler et d\u00e9velopper les supports, moyens et actions de communication externes au cours de cette ann\u00e9e pour assurer la promotion de ses services.<br \/>\nUn acc\u00e8s extranet personnalis\u00e9 pour chaque commune du D\u00e9partement sera mis en \u0153uvre \u00e0 destination des communes gr\u00e2ce au d\u00e9veloppement du nouveau logiciel de gestion des chantiers. Le Budget de l\u2019ann\u00e9e 2016 du SMDEV permettra de disposer des moyens indispensables concourant \u00e0 l\u2019accroissement de son niveau de services.<\/p>\n<p>&nbsp;<\/p>\n","protected":false},"excerpt":{"rendered":"<p>Soixante d\u00e9l\u00e9gu\u00e9s, repr\u00e9sentant l&rsquo;ensemble des communes et cantons vosgiens et membres du Comit\u00e9 Syndical du Syndicat Mixte D\u00e9partemental d&rsquo;Electricit\u00e9 des [&hellip;]<\/p>\n","protected":false},"author":52,"featured_media":60585,"comment_status":"open","ping_status":"open","sticky":false,"template":"","format":"standard","meta":{"footnotes":""},"categories":[22,8,5],"tags":[1905,609,7553,2336,75],"class_list":["post-60584","post","type-post","status-publish","format-standard","has-post-thumbnail","hentry","category-a-la-une","category-economie","category-vosges","tag-conseil-departemental","tag-electricite","tag-inovation","tag-syndicat","tag-vosges"],"acf":[],"yoast_head":"<!-- This site is optimized with the Yoast SEO plugin v22.5 - https:\/\/yoast.com\/wordpress\/plugins\/seo\/ -->\n<title>Syndicat Mixte d&#039;Electricit\u00e9 des Vosges : des innovations pr\u00e9vues au budget - Epinal Info<\/title>\n<meta name=\"robots\" content=\"index, follow, max-snippet:-1, max-image-preview:large, max-video-preview:-1\" \/>\n<link rel=\"canonical\" href=\"https:\/\/vosgesinfo.fr\/epinalinfo\/2016\/04\/syndicat-mixte-delectricite-vosges-innovations-prevues-budget\/\" \/>\n<meta name=\"twitter:card\" content=\"summary_large_image\" \/>\n<meta name=\"twitter:title\" content=\"Syndicat Mixte d&#039;Electricit\u00e9 des Vosges : des innovations pr\u00e9vues au budget - Epinal Info\" \/>\n<meta name=\"twitter:description\" content=\"Soixante d\u00e9l\u00e9gu\u00e9s, repr\u00e9sentant l&rsquo;ensemble des communes et cantons vosgiens et membres du Comit\u00e9 Syndical du Syndicat Mixte D\u00e9partemental d&rsquo;Electricit\u00e9 des [&hellip;]\" \/>\n<meta name=\"twitter:image\" content=\"https:\/\/vosgesinfo.fr\/app\/uploads\/sites\/3\/2024\/08\/201604comite-du-2-mars-001-700.jpg\" \/>\n<meta name=\"twitter:creator\" content=\"@VosgesInfo88\" \/>\n<meta name=\"twitter:site\" content=\"@VosgesInfo88\" \/>\n<meta name=\"twitter:label1\" content=\"\u00c9crit par\" \/>\n\t<meta name=\"twitter:data1\" content=\"C.K.\" \/>\n\t<meta name=\"twitter:label2\" content=\"Dur\u00e9e de lecture estim\u00e9e\" \/>\n\t<meta name=\"twitter:data2\" content=\"3 minutes\" \/>\n<script type=\"application\/ld+json\" class=\"yoast-schema-graph\">{\"@context\":\"https:\/\/schema.org\",\"@graph\":[{\"@type\":\"Article\",\"@id\":\"https:\/\/vosgesinfo.fr\/epinalinfo\/2016\/04\/syndicat-mixte-delectricite-vosges-innovations-prevues-budget\/#article\",\"isPartOf\":{\"@id\":\"https:\/\/vosgesinfo.fr\/epinalinfo\/2016\/04\/syndicat-mixte-delectricite-vosges-innovations-prevues-budget\/\"},\"author\":{\"name\":\"C.K.\",\"@id\":\"https:\/\/vosgesinfo.fr\/epinalinfo\/#\/schema\/person\/6f9a650eeea99d969b6c4ab78fccbe81\"},\"headline\":\"Syndicat Mixte d&rsquo;Electricit\u00e9 des Vosges : des innovations pr\u00e9vues au budget\",\"datePublished\":\"2016-04-21T08:31:57+00:00\",\"dateModified\":\"2016-04-21T08:31:57+00:00\",\"mainEntityOfPage\":{\"@id\":\"https:\/\/vosgesinfo.fr\/epinalinfo\/2016\/04\/syndicat-mixte-delectricite-vosges-innovations-prevues-budget\/\"},\"wordCount\":541,\"commentCount\":0,\"publisher\":{\"@id\":\"https:\/\/vosgesinfo.fr\/epinalinfo\/#organization\"},\"image\":{\"@id\":\"https:\/\/vosgesinfo.fr\/epinalinfo\/2016\/04\/syndicat-mixte-delectricite-vosges-innovations-prevues-budget\/#primaryimage\"},\"thumbnailUrl\":\"https:\/\/vosgesinfo.fr\/app\/uploads\/sites\/3\/2024\/08\/201604comite-du-2-mars-001-700.jpg\",\"keywords\":[\"Conseil d\u00e9partemental\",\"electricit\u00e9\",\"inovation\",\"syndicat\",\"vosges\"],\"articleSection\":[\"A la Une\",\"\u00c9conomie\",\"Vosges\"],\"inLanguage\":\"fr-FR\",\"potentialAction\":[{\"@type\":\"CommentAction\",\"name\":\"Comment\",\"target\":[\"https:\/\/vosgesinfo.fr\/epinalinfo\/2016\/04\/syndicat-mixte-delectricite-vosges-innovations-prevues-budget\/#respond\"]}]},{\"@type\":\"WebPage\",\"@id\":\"https:\/\/vosgesinfo.fr\/epinalinfo\/2016\/04\/syndicat-mixte-delectricite-vosges-innovations-prevues-budget\/\",\"url\":\"https:\/\/vosgesinfo.fr\/epinalinfo\/2016\/04\/syndicat-mixte-delectricite-vosges-innovations-prevues-budget\/\",\"name\":\"Syndicat Mixte d'Electricit\u00e9 des Vosges : des innovations pr\u00e9vues au budget - Epinal Info\",\"isPartOf\":{\"@id\":\"https:\/\/vosgesinfo.fr\/epinalinfo\/#website\"},\"primaryImageOfPage\":{\"@id\":\"https:\/\/vosgesinfo.fr\/epinalinfo\/2016\/04\/syndicat-mixte-delectricite-vosges-innovations-prevues-budget\/#primaryimage\"},\"image\":{\"@id\":\"https:\/\/vosgesinfo.fr\/epinalinfo\/2016\/04\/syndicat-mixte-delectricite-vosges-innovations-prevues-budget\/#primaryimage\"},\"thumbnailUrl\":\"https:\/\/vosgesinfo.fr\/app\/uploads\/sites\/3\/2024\/08\/201604comite-du-2-mars-001-700.jpg\",\"datePublished\":\"2016-04-21T08:31:57+00:00\",\"dateModified\":\"2016-04-21T08:31:57+00:00\",\"breadcrumb\":{\"@id\":\"https:\/\/vosgesinfo.fr\/epinalinfo\/2016\/04\/syndicat-mixte-delectricite-vosges-innovations-prevues-budget\/#breadcrumb\"},\"inLanguage\":\"fr-FR\",\"potentialAction\":[{\"@type\":\"ReadAction\",\"target\":[\"https:\/\/vosgesinfo.fr\/epinalinfo\/2016\/04\/syndicat-mixte-delectricite-vosges-innovations-prevues-budget\/\"]}]},{\"@type\":\"ImageObject\",\"inLanguage\":\"fr-FR\",\"@id\":\"https:\/\/vosgesinfo.fr\/epinalinfo\/2016\/04\/syndicat-mixte-delectricite-vosges-innovations-prevues-budget\/#primaryimage\",\"url\":\"https:\/\/vosgesinfo.fr\/app\/uploads\/sites\/3\/2024\/08\/201604comite-du-2-mars-001-700.jpg\",\"contentUrl\":\"https:\/\/vosgesinfo.fr\/app\/uploads\/sites\/3\/2024\/08\/201604comite-du-2-mars-001-700.jpg\",\"width\":700,\"height\":525},{\"@type\":\"BreadcrumbList\",\"@id\":\"https:\/\/vosgesinfo.fr\/epinalinfo\/2016\/04\/syndicat-mixte-delectricite-vosges-innovations-prevues-budget\/#breadcrumb\",\"itemListElement\":[{\"@type\":\"ListItem\",\"position\":1,\"name\":\"Home\",\"item\":\"https:\/\/vosgesinfo.fr\/epinalinfo\/\"},{\"@type\":\"ListItem\",\"position\":2,\"name\":\"Syndicat Mixte d&rsquo;Electricit\u00e9 des Vosges : des innovations pr\u00e9vues au budget\"}]},{\"@type\":\"WebSite\",\"@id\":\"https:\/\/vosgesinfo.fr\/epinalinfo\/#website\",\"url\":\"https:\/\/vosgesinfo.fr\/epinalinfo\/\",\"name\":\"Epinal Info\",\"description\":\"Toute l&#039;actualit\u00e9 d&#039;\u00c9pinal\",\"publisher\":{\"@id\":\"https:\/\/vosgesinfo.fr\/epinalinfo\/#organization\"},\"alternateName\":\"Toute l'actualit\u00e9 d'\u00c9pinal\",\"potentialAction\":[{\"@type\":\"SearchAction\",\"target\":{\"@type\":\"EntryPoint\",\"urlTemplate\":\"https:\/\/vosgesinfo.fr\/epinalinfo\/?s={search_term_string}\"},\"query-input\":\"required name=search_term_string\"}],\"inLanguage\":\"fr-FR\"},{\"@type\":\"Organization\",\"@id\":\"https:\/\/vosgesinfo.fr\/epinalinfo\/#organization\",\"name\":\"Epinal Info\",\"url\":\"https:\/\/vosgesinfo.fr\/epinalinfo\/\",\"logo\":{\"@type\":\"ImageObject\",\"inLanguage\":\"fr-FR\",\"@id\":\"https:\/\/vosgesinfo.fr\/epinalinfo\/#\/schema\/logo\/image\/\",\"url\":\"https:\/\/vosgesinfo.fr\/app\/uploads\/sites\/3\/2023\/08\/logo-epinalinfos.svg\",\"contentUrl\":\"https:\/\/vosgesinfo.fr\/app\/uploads\/sites\/3\/2023\/08\/logo-epinalinfos.svg\",\"width\":1,\"height\":1,\"caption\":\"Epinal Info\"},\"image\":{\"@id\":\"https:\/\/vosgesinfo.fr\/epinalinfo\/#\/schema\/logo\/image\/\"},\"sameAs\":[\"https:\/\/www.facebook.com\/Epinalinfos\",\"https:\/\/x.com\/VosgesInfo88\",\"https:\/\/www.youtube.com\/@vosgesinfo\"]},{\"@type\":\"Person\",\"@id\":\"https:\/\/vosgesinfo.fr\/epinalinfo\/#\/schema\/person\/6f9a650eeea99d969b6c4ab78fccbe81\",\"name\":\"C.K.\",\"image\":{\"@type\":\"ImageObject\",\"inLanguage\":\"fr-FR\",\"@id\":\"https:\/\/vosgesinfo.fr\/epinalinfo\/#\/schema\/person\/image\/\",\"url\":\"https:\/\/secure.gravatar.com\/avatar\/48e3fc7f8421ba8942be6b74a2b7f014ca39bc00dece156b7a8e098ae7dc87bf?s=96&d=mm&r=g\",\"contentUrl\":\"https:\/\/secure.gravatar.com\/avatar\/48e3fc7f8421ba8942be6b74a2b7f014ca39bc00dece156b7a8e098ae7dc87bf?s=96&d=mm&r=g\",\"caption\":\"C.K.\"},\"url\":\"https:\/\/vosgesinfo.fr\/epinalinfo\/author\/celia-k-n\/\"}]}<\/script>\n<!-- \/ Yoast SEO plugin. -->","yoast_head_json":{"title":"Syndicat Mixte d'Electricit\u00e9 des Vosges : des innovations pr\u00e9vues au budget - Epinal Info","robots":{"index":"index","follow":"follow","max-snippet":"max-snippet:-1","max-image-preview":"max-image-preview:large","max-video-preview":"max-video-preview:-1"},"canonical":"https:\/\/vosgesinfo.fr\/epinalinfo\/2016\/04\/syndicat-mixte-delectricite-vosges-innovations-prevues-budget\/","twitter_card":"summary_large_image","twitter_title":"Syndicat Mixte d'Electricit\u00e9 des Vosges : des innovations pr\u00e9vues au budget - Epinal Info","twitter_description":"Soixante d\u00e9l\u00e9gu\u00e9s, repr\u00e9sentant l&rsquo;ensemble des communes et cantons vosgiens et membres du Comit\u00e9 Syndical du Syndicat Mixte D\u00e9partemental d&rsquo;Electricit\u00e9 des [&hellip;]","twitter_image":"https:\/\/vosgesinfo.fr\/app\/uploads\/sites\/3\/2024\/08\/201604comite-du-2-mars-001-700.jpg","twitter_creator":"@VosgesInfo88","twitter_site":"@VosgesInfo88","twitter_misc":{"\u00c9crit par":"C.K.","Dur\u00e9e de lecture estim\u00e9e":"3 minutes"},"schema":{"@context":"https:\/\/schema.org","@graph":[{"@type":"Article","@id":"https:\/\/vosgesinfo.fr\/epinalinfo\/2016\/04\/syndicat-mixte-delectricite-vosges-innovations-prevues-budget\/#article","isPartOf":{"@id":"https:\/\/vosgesinfo.fr\/epinalinfo\/2016\/04\/syndicat-mixte-delectricite-vosges-innovations-prevues-budget\/"},"author":{"name":"C.K.","@id":"https:\/\/vosgesinfo.fr\/epinalinfo\/#\/schema\/person\/6f9a650eeea99d969b6c4ab78fccbe81"},"headline":"Syndicat Mixte d&rsquo;Electricit\u00e9 des Vosges : des innovations pr\u00e9vues au budget","datePublished":"2016-04-21T08:31:57+00:00","dateModified":"2016-04-21T08:31:57+00:00","mainEntityOfPage":{"@id":"https:\/\/vosgesinfo.fr\/epinalinfo\/2016\/04\/syndicat-mixte-delectricite-vosges-innovations-prevues-budget\/"},"wordCount":541,"commentCount":0,"publisher":{"@id":"https:\/\/vosgesinfo.fr\/epinalinfo\/#organization"},"image":{"@id":"https:\/\/vosgesinfo.fr\/epinalinfo\/2016\/04\/syndicat-mixte-delectricite-vosges-innovations-prevues-budget\/#primaryimage"},"thumbnailUrl":"https:\/\/vosgesinfo.fr\/app\/uploads\/sites\/3\/2024\/08\/201604comite-du-2-mars-001-700.jpg","keywords":["Conseil d\u00e9partemental","electricit\u00e9","inovation","syndicat","vosges"],"articleSection":["A la Une","\u00c9conomie","Vosges"],"inLanguage":"fr-FR","potentialAction":[{"@type":"CommentAction","name":"Comment","target":["https:\/\/vosgesinfo.fr\/epinalinfo\/2016\/04\/syndicat-mixte-delectricite-vosges-innovations-prevues-budget\/#respond"]}]},{"@type":"WebPage","@id":"https:\/\/vosgesinfo.fr\/epinalinfo\/2016\/04\/syndicat-mixte-delectricite-vosges-innovations-prevues-budget\/","url":"https:\/\/vosgesinfo.fr\/epinalinfo\/2016\/04\/syndicat-mixte-delectricite-vosges-innovations-prevues-budget\/","name":"Syndicat Mixte d'Electricit\u00e9 des Vosges : des innovations pr\u00e9vues au budget - Epinal Info","isPartOf":{"@id":"https:\/\/vosgesinfo.fr\/epinalinfo\/#website"},"primaryImageOfPage":{"@id":"https:\/\/vosgesinfo.fr\/epinalinfo\/2016\/04\/syndicat-mixte-delectricite-vosges-innovations-prevues-budget\/#primaryimage"},"image":{"@id":"https:\/\/vosgesinfo.fr\/epinalinfo\/2016\/04\/syndicat-mixte-delectricite-vosges-innovations-prevues-budget\/#primaryimage"},"thumbnailUrl":"https:\/\/vosgesinfo.fr\/app\/uploads\/sites\/3\/2024\/08\/201604comite-du-2-mars-001-700.jpg","datePublished":"2016-04-21T08:31:57+00:00","dateModified":"2016-04-21T08:31:57+00:00","breadcrumb":{"@id":"https:\/\/vosgesinfo.fr\/epinalinfo\/2016\/04\/syndicat-mixte-delectricite-vosges-innovations-prevues-budget\/#breadcrumb"},"inLanguage":"fr-FR","potentialAction":[{"@type":"ReadAction","target":["https:\/\/vosgesinfo.fr\/epinalinfo\/2016\/04\/syndicat-mixte-delectricite-vosges-innovations-prevues-budget\/"]}]},{"@type":"ImageObject","inLanguage":"fr-FR","@id":"https:\/\/vosgesinfo.fr\/epinalinfo\/2016\/04\/syndicat-mixte-delectricite-vosges-innovations-prevues-budget\/#primaryimage","url":"https:\/\/vosgesinfo.fr\/app\/uploads\/sites\/3\/2024\/08\/201604comite-du-2-mars-001-700.jpg","contentUrl":"https:\/\/vosgesinfo.fr\/app\/uploads\/sites\/3\/2024\/08\/201604comite-du-2-mars-001-700.jpg","width":700,"height":525},{"@type":"BreadcrumbList","@id":"https:\/\/vosgesinfo.fr\/epinalinfo\/2016\/04\/syndicat-mixte-delectricite-vosges-innovations-prevues-budget\/#breadcrumb","itemListElement":[{"@type":"ListItem","position":1,"name":"Home","item":"https:\/\/vosgesinfo.fr\/epinalinfo\/"},{"@type":"ListItem","position":2,"name":"Syndicat Mixte d&rsquo;Electricit\u00e9 des Vosges : des innovations pr\u00e9vues au budget"}]},{"@type":"WebSite","@id":"https:\/\/vosgesinfo.fr\/epinalinfo\/#website","url":"https:\/\/vosgesinfo.fr\/epinalinfo\/","name":"Epinal Info","description":"Toute l&#039;actualit\u00e9 d&#039;\u00c9pinal","publisher":{"@id":"https:\/\/vosgesinfo.fr\/epinalinfo\/#organization"},"alternateName":"Toute l'actualit\u00e9 d'\u00c9pinal","potentialAction":[{"@type":"SearchAction","target":{"@type":"EntryPoint","urlTemplate":"https:\/\/vosgesinfo.fr\/epinalinfo\/?s={search_term_string}"},"query-input":"required name=search_term_string"}],"inLanguage":"fr-FR"},{"@type":"Organization","@id":"https:\/\/vosgesinfo.fr\/epinalinfo\/#organization","name":"Epinal Info","url":"https:\/\/vosgesinfo.fr\/epinalinfo\/","logo":{"@type":"ImageObject","inLanguage":"fr-FR","@id":"https:\/\/vosgesinfo.fr\/epinalinfo\/#\/schema\/logo\/image\/","url":"https:\/\/vosgesinfo.fr\/app\/uploads\/sites\/3\/2023\/08\/logo-epinalinfos.svg","contentUrl":"https:\/\/vosgesinfo.fr\/app\/uploads\/sites\/3\/2023\/08\/logo-epinalinfos.svg","width":1,"height":1,"caption":"Epinal Info"},"image":{"@id":"https:\/\/vosgesinfo.fr\/epinalinfo\/#\/schema\/logo\/image\/"},"sameAs":["https:\/\/www.facebook.com\/Epinalinfos","https:\/\/x.com\/VosgesInfo88","https:\/\/www.youtube.com\/@vosgesinfo"]},{"@type":"Person","@id":"https:\/\/vosgesinfo.fr\/epinalinfo\/#\/schema\/person\/6f9a650eeea99d969b6c4ab78fccbe81","name":"C.K.","image":{"@type":"ImageObject","inLanguage":"fr-FR","@id":"https:\/\/vosgesinfo.fr\/epinalinfo\/#\/schema\/person\/image\/","url":"https:\/\/secure.gravatar.com\/avatar\/48e3fc7f8421ba8942be6b74a2b7f014ca39bc00dece156b7a8e098ae7dc87bf?s=96&d=mm&r=g","contentUrl":"https:\/\/secure.gravatar.com\/avatar\/48e3fc7f8421ba8942be6b74a2b7f014ca39bc00dece156b7a8e098ae7dc87bf?s=96&d=mm&r=g","caption":"C.K."},"url":"https:\/\/vosgesinfo.fr\/epinalinfo\/author\/celia-k-n\/"}]}},"_links":{"self":[{"href":"https:\/\/vosgesinfo.fr\/epinalinfo\/wp-json\/wp\/v2\/posts\/60584","targetHints":{"allow":["GET"]}}],"collection":[{"href":"https:\/\/vosgesinfo.fr\/epinalinfo\/wp-json\/wp\/v2\/posts"}],"about":[{"href":"https:\/\/vosgesinfo.fr\/epinalinfo\/wp-json\/wp\/v2\/types\/post"}],"author":[{"embeddable":true,"href":"https:\/\/vosgesinfo.fr\/epinalinfo\/wp-json\/wp\/v2\/users\/52"}],"replies":[{"embeddable":true,"href":"https:\/\/vosgesinfo.fr\/epinalinfo\/wp-json\/wp\/v2\/comments?post=60584"}],"version-history":[{"count":0,"href":"https:\/\/vosgesinfo.fr\/epinalinfo\/wp-json\/wp\/v2\/posts\/60584\/revisions"}],"wp:featuredmedia":[{"embeddable":true,"href":"https:\/\/vosgesinfo.fr\/epinalinfo\/wp-json\/wp\/v2\/media\/60585"}],"wp:attachment":[{"href":"https:\/\/vosgesinfo.fr\/epinalinfo\/wp-json\/wp\/v2\/media?parent=60584"}],"wp:term":[{"taxonomy":"category","embeddable":true,"href":"https:\/\/vosgesinfo.fr\/epinalinfo\/wp-json\/wp\/v2\/categories?post=60584"},{"taxonomy":"post_tag","embeddable":true,"href":"https:\/\/vosgesinfo.fr\/epinalinfo\/wp-json\/wp\/v2\/tags?post=60584"}],"curies":[{"name":"wp","href":"https:\/\/api.w.org\/{rel}","templated":true}]}}