{"id":63595,"date":"2016-07-20T06:18:44","date_gmt":"2016-07-20T04:18:44","guid":{"rendered":"https:\/\/vosgesinfo.fr\/epinalinfo\/2016\/07\/vosges-femme-portee-disparue-a-ete-retrouvee\/"},"modified":"2016-07-20T06:18:44","modified_gmt":"2016-07-20T04:18:44","slug":"vosges-femme-portee-disparue-a-ete-retrouvee","status":"publish","type":"post","link":"https:\/\/vosgesinfo.fr\/epinalinfo\/2016\/07\/vosges-femme-portee-disparue-a-ete-retrouvee\/","title":{"rendered":"Vosges \u2013 La femme port\u00e9e disparue a \u00e9t\u00e9 retrouv\u00e9e"},"content":{"rendered":"<p><a href=\"\/2016\/06\/article_gendarme-37.jpg\"><img decoding=\"async\" class=\"aligncenter size-full wp-image-96134\" src=\"\/2016\/06\/article_gendarme-37.jpg\" alt=\"article_gendarme-37\" width=\"616\" height=\"400\" \/><\/a>Marie-Christine Laibe a quitt\u00e9 son domicile mardi 19 juillet 2016 pour effectuer une sortie p\u00e9destre quotidienne. Bonne marcheuse, cette personne emprunte r\u00e9guli\u00e8rement le parcours de sant\u00e9 de la commune de Mattaincourt. N\u2019ayant pas regagn\u00e9 son domicile en fin d\u2019apr\u00e8s-midi, sa disparition a \u00e9t\u00e9 jug\u00e9e inqui\u00e9tante par la gendarmerie.<\/p>\n<p>Malgr\u00e9 des recherches intensives lanc\u00e9es depuis le d\u00e9but de la soir\u00e9e, la gendarmerie des Vosges a d\u00e9cid\u00e9 de lancer avec l\u2019accord du parquet un avis de recherche.<\/p>\n<p>Elle a \u00e9t\u00e9 retrouv\u00e9e le 20 juillet 2016 \u00e0 02h00, totalement d\u00e9sorient\u00e9e en bordure de la RN 57, suite au signalement de deux chauffeurs routiers circulant sur cet axe.<\/p>\n<p>Prise en charge tr\u00e8s rapidement par une patrouille de gendarmerie, elle a \u00e9t\u00e9 dirig\u00e9e vers le centre de secours des sapeurs-pompiers de Charmes pour subir un examen de contr\u00f4le.<\/p>\n<p>La gendarmerie des Vosges remercie tr\u00e8s vivement l\u2019ensemble des i<span class=\"text_exposed_show\">nternautes pour leur r\u00e9activit\u00e9. Malgr\u00e9 la diffusion tardive de l\u2019appel, plusieurs personnes ont transmis des informations au centre d\u2019op\u00e9rations et de renseignement de la gendarmerie \u00e0 \u00c9pinal (17) permettant ainsi de r\u00e9organiser les recherches avec les patrouilles en service de nuit.<\/span><\/p>\n","protected":false},"excerpt":{"rendered":"<p>Marie-Christine Laibe a quitt\u00e9 son domicile mardi 19 juillet 2016 pour effectuer une sortie p\u00e9destre quotidienne. Bonne marcheuse, cette personne [&hellip;]<\/p>\n","protected":false},"author":52,"featured_media":63596,"comment_status":"open","ping_status":"open","sticky":false,"template":"","format":"standard","meta":{"footnotes":""},"categories":[22,6,5],"tags":[8277,75],"class_list":["post-63595","post","type-post","status-publish","format-standard","has-post-thumbnail","hentry","category-a-la-une","category-faits-divers","category-vosges","tag-femme-portee-disparue","tag-vosges"],"acf":[],"yoast_head":"<!-- This site is optimized with the Yoast SEO plugin v22.5 - https:\/\/yoast.com\/wordpress\/plugins\/seo\/ -->\n<title>Vosges \u2013 La femme port\u00e9e disparue a \u00e9t\u00e9 retrouv\u00e9e - Epinal Info<\/title>\n<meta name=\"robots\" content=\"index, follow, max-snippet:-1, max-image-preview:large, max-video-preview:-1\" \/>\n<link rel=\"canonical\" href=\"https:\/\/vosgesinfo.fr\/epinalinfo\/2016\/07\/vosges-femme-portee-disparue-a-ete-retrouvee\/\" \/>\n<meta name=\"twitter:card\" content=\"summary_large_image\" \/>\n<meta name=\"twitter:title\" content=\"Vosges \u2013 La femme port\u00e9e disparue a \u00e9t\u00e9 retrouv\u00e9e - Epinal Info\" \/>\n<meta name=\"twitter:description\" content=\"Marie-Christine Laibe a quitt\u00e9 son domicile mardi 19 juillet 2016 pour effectuer une sortie p\u00e9destre quotidienne. Bonne marcheuse, cette personne [&hellip;]\" \/>\n<meta name=\"twitter:image\" content=\"https:\/\/vosgesinfo.fr\/app\/uploads\/sites\/3\/2024\/08\/201606article-gendarme-37-2.jpg\" \/>\n<meta name=\"twitter:creator\" content=\"@VosgesInfo88\" \/>\n<meta name=\"twitter:site\" content=\"@VosgesInfo88\" \/>\n<meta name=\"twitter:label1\" content=\"\u00c9crit par\" \/>\n\t<meta name=\"twitter:data1\" content=\"C.K.\" \/>\n\t<meta name=\"twitter:label2\" content=\"Dur\u00e9e de lecture estim\u00e9e\" \/>\n\t<meta name=\"twitter:data2\" content=\"1 minute\" \/>\n<script type=\"application\/ld+json\" class=\"yoast-schema-graph\">{\"@context\":\"https:\/\/schema.org\",\"@graph\":[{\"@type\":\"Article\",\"@id\":\"https:\/\/vosgesinfo.fr\/epinalinfo\/2016\/07\/vosges-femme-portee-disparue-a-ete-retrouvee\/#article\",\"isPartOf\":{\"@id\":\"https:\/\/vosgesinfo.fr\/epinalinfo\/2016\/07\/vosges-femme-portee-disparue-a-ete-retrouvee\/\"},\"author\":{\"name\":\"C.K.\",\"@id\":\"https:\/\/vosgesinfo.fr\/epinalinfo\/#\/schema\/person\/6f9a650eeea99d969b6c4ab78fccbe81\"},\"headline\":\"Vosges \u2013 La femme port\u00e9e disparue a \u00e9t\u00e9 retrouv\u00e9e\",\"datePublished\":\"2016-07-20T04:18:44+00:00\",\"dateModified\":\"2016-07-20T04:18:44+00:00\",\"mainEntityOfPage\":{\"@id\":\"https:\/\/vosgesinfo.fr\/epinalinfo\/2016\/07\/vosges-femme-portee-disparue-a-ete-retrouvee\/\"},\"wordCount\":211,\"commentCount\":0,\"publisher\":{\"@id\":\"https:\/\/vosgesinfo.fr\/epinalinfo\/#organization\"},\"image\":{\"@id\":\"https:\/\/vosgesinfo.fr\/epinalinfo\/2016\/07\/vosges-femme-portee-disparue-a-ete-retrouvee\/#primaryimage\"},\"thumbnailUrl\":\"https:\/\/vosgesinfo.fr\/app\/uploads\/sites\/3\/2024\/08\/201606article-gendarme-37-2.jpg\",\"keywords\":[\"femme port\u00e9e disparue\",\"vosges\"],\"articleSection\":[\"A la Une\",\"Faits-divers\",\"Vosges\"],\"inLanguage\":\"fr-FR\",\"potentialAction\":[{\"@type\":\"CommentAction\",\"name\":\"Comment\",\"target\":[\"https:\/\/vosgesinfo.fr\/epinalinfo\/2016\/07\/vosges-femme-portee-disparue-a-ete-retrouvee\/#respond\"]}]},{\"@type\":\"WebPage\",\"@id\":\"https:\/\/vosgesinfo.fr\/epinalinfo\/2016\/07\/vosges-femme-portee-disparue-a-ete-retrouvee\/\",\"url\":\"https:\/\/vosgesinfo.fr\/epinalinfo\/2016\/07\/vosges-femme-portee-disparue-a-ete-retrouvee\/\",\"name\":\"Vosges \u2013 La femme port\u00e9e disparue a \u00e9t\u00e9 retrouv\u00e9e - Epinal Info\",\"isPartOf\":{\"@id\":\"https:\/\/vosgesinfo.fr\/epinalinfo\/#website\"},\"primaryImageOfPage\":{\"@id\":\"https:\/\/vosgesinfo.fr\/epinalinfo\/2016\/07\/vosges-femme-portee-disparue-a-ete-retrouvee\/#primaryimage\"},\"image\":{\"@id\":\"https:\/\/vosgesinfo.fr\/epinalinfo\/2016\/07\/vosges-femme-portee-disparue-a-ete-retrouvee\/#primaryimage\"},\"thumbnailUrl\":\"https:\/\/vosgesinfo.fr\/app\/uploads\/sites\/3\/2024\/08\/201606article-gendarme-37-2.jpg\",\"datePublished\":\"2016-07-20T04:18:44+00:00\",\"dateModified\":\"2016-07-20T04:18:44+00:00\",\"breadcrumb\":{\"@id\":\"https:\/\/vosgesinfo.fr\/epinalinfo\/2016\/07\/vosges-femme-portee-disparue-a-ete-retrouvee\/#breadcrumb\"},\"inLanguage\":\"fr-FR\",\"potentialAction\":[{\"@type\":\"ReadAction\",\"target\":[\"https:\/\/vosgesinfo.fr\/epinalinfo\/2016\/07\/vosges-femme-portee-disparue-a-ete-retrouvee\/\"]}]},{\"@type\":\"ImageObject\",\"inLanguage\":\"fr-FR\",\"@id\":\"https:\/\/vosgesinfo.fr\/epinalinfo\/2016\/07\/vosges-femme-portee-disparue-a-ete-retrouvee\/#primaryimage\",\"url\":\"https:\/\/vosgesinfo.fr\/app\/uploads\/sites\/3\/2024\/08\/201606article-gendarme-37-2.jpg\",\"contentUrl\":\"https:\/\/vosgesinfo.fr\/app\/uploads\/sites\/3\/2024\/08\/201606article-gendarme-37-2.jpg\",\"width\":616,\"height\":400},{\"@type\":\"BreadcrumbList\",\"@id\":\"https:\/\/vosgesinfo.fr\/epinalinfo\/2016\/07\/vosges-femme-portee-disparue-a-ete-retrouvee\/#breadcrumb\",\"itemListElement\":[{\"@type\":\"ListItem\",\"position\":1,\"name\":\"Home\",\"item\":\"https:\/\/vosgesinfo.fr\/epinalinfo\/\"},{\"@type\":\"ListItem\",\"position\":2,\"name\":\"Vosges \u2013 La femme port\u00e9e disparue a \u00e9t\u00e9 retrouv\u00e9e\"}]},{\"@type\":\"WebSite\",\"@id\":\"https:\/\/vosgesinfo.fr\/epinalinfo\/#website\",\"url\":\"https:\/\/vosgesinfo.fr\/epinalinfo\/\",\"name\":\"Epinal Info\",\"description\":\"Toute l&#039;actualit\u00e9 d&#039;\u00c9pinal\",\"publisher\":{\"@id\":\"https:\/\/vosgesinfo.fr\/epinalinfo\/#organization\"},\"alternateName\":\"Toute l'actualit\u00e9 d'\u00c9pinal\",\"potentialAction\":[{\"@type\":\"SearchAction\",\"target\":{\"@type\":\"EntryPoint\",\"urlTemplate\":\"https:\/\/vosgesinfo.fr\/epinalinfo\/?s={search_term_string}\"},\"query-input\":\"required name=search_term_string\"}],\"inLanguage\":\"fr-FR\"},{\"@type\":\"Organization\",\"@id\":\"https:\/\/vosgesinfo.fr\/epinalinfo\/#organization\",\"name\":\"Epinal Info\",\"url\":\"https:\/\/vosgesinfo.fr\/epinalinfo\/\",\"logo\":{\"@type\":\"ImageObject\",\"inLanguage\":\"fr-FR\",\"@id\":\"https:\/\/vosgesinfo.fr\/epinalinfo\/#\/schema\/logo\/image\/\",\"url\":\"https:\/\/vosgesinfo.fr\/app\/uploads\/sites\/3\/2023\/08\/logo-epinalinfos.svg\",\"contentUrl\":\"https:\/\/vosgesinfo.fr\/app\/uploads\/sites\/3\/2023\/08\/logo-epinalinfos.svg\",\"width\":1,\"height\":1,\"caption\":\"Epinal Info\"},\"image\":{\"@id\":\"https:\/\/vosgesinfo.fr\/epinalinfo\/#\/schema\/logo\/image\/\"},\"sameAs\":[\"https:\/\/www.facebook.com\/Epinalinfos\",\"https:\/\/x.com\/VosgesInfo88\",\"https:\/\/www.youtube.com\/@vosgesinfo\"]},{\"@type\":\"Person\",\"@id\":\"https:\/\/vosgesinfo.fr\/epinalinfo\/#\/schema\/person\/6f9a650eeea99d969b6c4ab78fccbe81\",\"name\":\"C.K.\",\"image\":{\"@type\":\"ImageObject\",\"inLanguage\":\"fr-FR\",\"@id\":\"https:\/\/vosgesinfo.fr\/epinalinfo\/#\/schema\/person\/image\/\",\"url\":\"https:\/\/secure.gravatar.com\/avatar\/48e3fc7f8421ba8942be6b74a2b7f014ca39bc00dece156b7a8e098ae7dc87bf?s=96&d=mm&r=g\",\"contentUrl\":\"https:\/\/secure.gravatar.com\/avatar\/48e3fc7f8421ba8942be6b74a2b7f014ca39bc00dece156b7a8e098ae7dc87bf?s=96&d=mm&r=g\",\"caption\":\"C.K.\"},\"url\":\"https:\/\/vosgesinfo.fr\/epinalinfo\/author\/celia-k-n\/\"}]}<\/script>\n<!-- \/ Yoast SEO plugin. -->","yoast_head_json":{"title":"Vosges \u2013 La femme port\u00e9e disparue a \u00e9t\u00e9 retrouv\u00e9e - Epinal Info","robots":{"index":"index","follow":"follow","max-snippet":"max-snippet:-1","max-image-preview":"max-image-preview:large","max-video-preview":"max-video-preview:-1"},"canonical":"https:\/\/vosgesinfo.fr\/epinalinfo\/2016\/07\/vosges-femme-portee-disparue-a-ete-retrouvee\/","twitter_card":"summary_large_image","twitter_title":"Vosges \u2013 La femme port\u00e9e disparue a \u00e9t\u00e9 retrouv\u00e9e - Epinal Info","twitter_description":"Marie-Christine Laibe a quitt\u00e9 son domicile mardi 19 juillet 2016 pour effectuer une sortie p\u00e9destre quotidienne. Bonne marcheuse, cette personne [&hellip;]","twitter_image":"https:\/\/vosgesinfo.fr\/app\/uploads\/sites\/3\/2024\/08\/201606article-gendarme-37-2.jpg","twitter_creator":"@VosgesInfo88","twitter_site":"@VosgesInfo88","twitter_misc":{"\u00c9crit par":"C.K.","Dur\u00e9e de lecture estim\u00e9e":"1 minute"},"schema":{"@context":"https:\/\/schema.org","@graph":[{"@type":"Article","@id":"https:\/\/vosgesinfo.fr\/epinalinfo\/2016\/07\/vosges-femme-portee-disparue-a-ete-retrouvee\/#article","isPartOf":{"@id":"https:\/\/vosgesinfo.fr\/epinalinfo\/2016\/07\/vosges-femme-portee-disparue-a-ete-retrouvee\/"},"author":{"name":"C.K.","@id":"https:\/\/vosgesinfo.fr\/epinalinfo\/#\/schema\/person\/6f9a650eeea99d969b6c4ab78fccbe81"},"headline":"Vosges \u2013 La femme port\u00e9e disparue a \u00e9t\u00e9 retrouv\u00e9e","datePublished":"2016-07-20T04:18:44+00:00","dateModified":"2016-07-20T04:18:44+00:00","mainEntityOfPage":{"@id":"https:\/\/vosgesinfo.fr\/epinalinfo\/2016\/07\/vosges-femme-portee-disparue-a-ete-retrouvee\/"},"wordCount":211,"commentCount":0,"publisher":{"@id":"https:\/\/vosgesinfo.fr\/epinalinfo\/#organization"},"image":{"@id":"https:\/\/vosgesinfo.fr\/epinalinfo\/2016\/07\/vosges-femme-portee-disparue-a-ete-retrouvee\/#primaryimage"},"thumbnailUrl":"https:\/\/vosgesinfo.fr\/app\/uploads\/sites\/3\/2024\/08\/201606article-gendarme-37-2.jpg","keywords":["femme port\u00e9e disparue","vosges"],"articleSection":["A la Une","Faits-divers","Vosges"],"inLanguage":"fr-FR","potentialAction":[{"@type":"CommentAction","name":"Comment","target":["https:\/\/vosgesinfo.fr\/epinalinfo\/2016\/07\/vosges-femme-portee-disparue-a-ete-retrouvee\/#respond"]}]},{"@type":"WebPage","@id":"https:\/\/vosgesinfo.fr\/epinalinfo\/2016\/07\/vosges-femme-portee-disparue-a-ete-retrouvee\/","url":"https:\/\/vosgesinfo.fr\/epinalinfo\/2016\/07\/vosges-femme-portee-disparue-a-ete-retrouvee\/","name":"Vosges \u2013 La femme port\u00e9e disparue a \u00e9t\u00e9 retrouv\u00e9e - Epinal Info","isPartOf":{"@id":"https:\/\/vosgesinfo.fr\/epinalinfo\/#website"},"primaryImageOfPage":{"@id":"https:\/\/vosgesinfo.fr\/epinalinfo\/2016\/07\/vosges-femme-portee-disparue-a-ete-retrouvee\/#primaryimage"},"image":{"@id":"https:\/\/vosgesinfo.fr\/epinalinfo\/2016\/07\/vosges-femme-portee-disparue-a-ete-retrouvee\/#primaryimage"},"thumbnailUrl":"https:\/\/vosgesinfo.fr\/app\/uploads\/sites\/3\/2024\/08\/201606article-gendarme-37-2.jpg","datePublished":"2016-07-20T04:18:44+00:00","dateModified":"2016-07-20T04:18:44+00:00","breadcrumb":{"@id":"https:\/\/vosgesinfo.fr\/epinalinfo\/2016\/07\/vosges-femme-portee-disparue-a-ete-retrouvee\/#breadcrumb"},"inLanguage":"fr-FR","potentialAction":[{"@type":"ReadAction","target":["https:\/\/vosgesinfo.fr\/epinalinfo\/2016\/07\/vosges-femme-portee-disparue-a-ete-retrouvee\/"]}]},{"@type":"ImageObject","inLanguage":"fr-FR","@id":"https:\/\/vosgesinfo.fr\/epinalinfo\/2016\/07\/vosges-femme-portee-disparue-a-ete-retrouvee\/#primaryimage","url":"https:\/\/vosgesinfo.fr\/app\/uploads\/sites\/3\/2024\/08\/201606article-gendarme-37-2.jpg","contentUrl":"https:\/\/vosgesinfo.fr\/app\/uploads\/sites\/3\/2024\/08\/201606article-gendarme-37-2.jpg","width":616,"height":400},{"@type":"BreadcrumbList","@id":"https:\/\/vosgesinfo.fr\/epinalinfo\/2016\/07\/vosges-femme-portee-disparue-a-ete-retrouvee\/#breadcrumb","itemListElement":[{"@type":"ListItem","position":1,"name":"Home","item":"https:\/\/vosgesinfo.fr\/epinalinfo\/"},{"@type":"ListItem","position":2,"name":"Vosges \u2013 La femme port\u00e9e disparue a \u00e9t\u00e9 retrouv\u00e9e"}]},{"@type":"WebSite","@id":"https:\/\/vosgesinfo.fr\/epinalinfo\/#website","url":"https:\/\/vosgesinfo.fr\/epinalinfo\/","name":"Epinal Info","description":"Toute l&#039;actualit\u00e9 d&#039;\u00c9pinal","publisher":{"@id":"https:\/\/vosgesinfo.fr\/epinalinfo\/#organization"},"alternateName":"Toute l'actualit\u00e9 d'\u00c9pinal","potentialAction":[{"@type":"SearchAction","target":{"@type":"EntryPoint","urlTemplate":"https:\/\/vosgesinfo.fr\/epinalinfo\/?s={search_term_string}"},"query-input":"required name=search_term_string"}],"inLanguage":"fr-FR"},{"@type":"Organization","@id":"https:\/\/vosgesinfo.fr\/epinalinfo\/#organization","name":"Epinal Info","url":"https:\/\/vosgesinfo.fr\/epinalinfo\/","logo":{"@type":"ImageObject","inLanguage":"fr-FR","@id":"https:\/\/vosgesinfo.fr\/epinalinfo\/#\/schema\/logo\/image\/","url":"https:\/\/vosgesinfo.fr\/app\/uploads\/sites\/3\/2023\/08\/logo-epinalinfos.svg","contentUrl":"https:\/\/vosgesinfo.fr\/app\/uploads\/sites\/3\/2023\/08\/logo-epinalinfos.svg","width":1,"height":1,"caption":"Epinal Info"},"image":{"@id":"https:\/\/vosgesinfo.fr\/epinalinfo\/#\/schema\/logo\/image\/"},"sameAs":["https:\/\/www.facebook.com\/Epinalinfos","https:\/\/x.com\/VosgesInfo88","https:\/\/www.youtube.com\/@vosgesinfo"]},{"@type":"Person","@id":"https:\/\/vosgesinfo.fr\/epinalinfo\/#\/schema\/person\/6f9a650eeea99d969b6c4ab78fccbe81","name":"C.K.","image":{"@type":"ImageObject","inLanguage":"fr-FR","@id":"https:\/\/vosgesinfo.fr\/epinalinfo\/#\/schema\/person\/image\/","url":"https:\/\/secure.gravatar.com\/avatar\/48e3fc7f8421ba8942be6b74a2b7f014ca39bc00dece156b7a8e098ae7dc87bf?s=96&d=mm&r=g","contentUrl":"https:\/\/secure.gravatar.com\/avatar\/48e3fc7f8421ba8942be6b74a2b7f014ca39bc00dece156b7a8e098ae7dc87bf?s=96&d=mm&r=g","caption":"C.K."},"url":"https:\/\/vosgesinfo.fr\/epinalinfo\/author\/celia-k-n\/"}]}},"_links":{"self":[{"href":"https:\/\/vosgesinfo.fr\/epinalinfo\/wp-json\/wp\/v2\/posts\/63595","targetHints":{"allow":["GET"]}}],"collection":[{"href":"https:\/\/vosgesinfo.fr\/epinalinfo\/wp-json\/wp\/v2\/posts"}],"about":[{"href":"https:\/\/vosgesinfo.fr\/epinalinfo\/wp-json\/wp\/v2\/types\/post"}],"author":[{"embeddable":true,"href":"https:\/\/vosgesinfo.fr\/epinalinfo\/wp-json\/wp\/v2\/users\/52"}],"replies":[{"embeddable":true,"href":"https:\/\/vosgesinfo.fr\/epinalinfo\/wp-json\/wp\/v2\/comments?post=63595"}],"version-history":[{"count":0,"href":"https:\/\/vosgesinfo.fr\/epinalinfo\/wp-json\/wp\/v2\/posts\/63595\/revisions"}],"wp:featuredmedia":[{"embeddable":true,"href":"https:\/\/vosgesinfo.fr\/epinalinfo\/wp-json\/wp\/v2\/media\/63596"}],"wp:attachment":[{"href":"https:\/\/vosgesinfo.fr\/epinalinfo\/wp-json\/wp\/v2\/media?parent=63595"}],"wp:term":[{"taxonomy":"category","embeddable":true,"href":"https:\/\/vosgesinfo.fr\/epinalinfo\/wp-json\/wp\/v2\/categories?post=63595"},{"taxonomy":"post_tag","embeddable":true,"href":"https:\/\/vosgesinfo.fr\/epinalinfo\/wp-json\/wp\/v2\/tags?post=63595"}],"curies":[{"name":"wp","href":"https:\/\/api.w.org\/{rel}","templated":true}]}}