{"id":63616,"date":"2016-07-21T05:17:16","date_gmt":"2016-07-21T03:17:16","guid":{"rendered":"https:\/\/vosgesinfo.fr\/epinalinfo\/2016\/07\/dejeuner-invitez-etudiant-a-table\/"},"modified":"2016-07-21T05:17:16","modified_gmt":"2016-07-21T03:17:16","slug":"dejeuner-invitez-etudiant-a-table","status":"publish","type":"post","link":"https:\/\/vosgesinfo.fr\/epinalinfo\/2016\/07\/dejeuner-invitez-etudiant-a-table\/","title":{"rendered":"Pour le d\u00e9jeuner, invitez un \u00e9tudiant \u00e0 votre table !"},"content":{"rendered":"<p><a href=\"\/2016\/07\/Sans-titre5.jpg\"><img decoding=\"async\" class=\"aligncenter size-full wp-image-97285\" src=\"\/2016\/07\/Sans-titre5.jpg\" alt=\"Sans titre\" width=\"552\" height=\"650\" \/><\/a><\/p>\n<p>En 2015-2016, parmi les quelques 2800 \u00e9tudiants inscrits dans les \u00e9tablissements d\u2019enseignement sup\u00e9rieur d\u2019Epinal, 112 venaient d\u2019un pays europ\u00e9en, d\u2019Am\u00e9rique du sud, d\u2019Afrique subsaharienne, du Maghreb, d\u2019Asie\u2026 .<\/p>\n<p><strong>Un d\u00e9jeuner, un dimanche<\/strong>\u00a0organis\u00e9 par la Maison de l\u2019Etudiant permet \u00e0 ces \u00e9tudiants d\u2019\u00eatre accueillis dans la ville o\u00f9 ils vont vivre pendant leur cursus.<\/p>\n<p>Autour d\u2019un repas, les familles partagent bien davantage que de la nourriture\u00a0;<\/p>\n<p>C\u2019est l\u2019occasion de\u00a0<strong>dialoguer, d\u2019\u00e9changer, de d\u00e9couvrir<\/strong>\u00a0une autre culture et d\u2019autres traditions.<\/p>\n<p>Soyez le point de d\u00e9part de l\u2019aventure spinalienne<\/p>\n<p>Vous voulez \u00eatre famille accueillante\u00a0?\u00a0<strong>Un ou plusieurs dimanche au choix (4, 11, 18, 25 septembre et\/ou 2, 9, 16 octobre 2016)<\/strong><\/p>\n<p>Contactez la Maison de l\u2019Etudiant au\u00a0: 03 29 64 14 40 ou par mail\u00a0<a href=\"mailto:info@etudiant-epinal.com\">info@etudiant-epinal.com<\/a><\/p>\n","protected":false},"excerpt":{"rendered":"<p>En 2015-2016, parmi les quelques 2800 \u00e9tudiants inscrits dans les \u00e9tablissements d\u2019enseignement sup\u00e9rieur d\u2019Epinal, 112 venaient d\u2019un pays europ\u00e9en, d\u2019Am\u00e9rique [&hellip;]<\/p>\n","protected":false},"author":52,"featured_media":63617,"comment_status":"open","ping_status":"open","sticky":false,"template":"","format":"standard","meta":{"footnotes":""},"categories":[24],"tags":[70,6976,8296],"class_list":["post-63616","post","type-post","status-publish","format-standard","has-post-thumbnail","hentry","category-epinal","tag-epinal","tag-maison-de-letudiant","tag-un-dejeuner-un-dimanche"],"acf":[],"yoast_head":"<!-- This site is optimized with the Yoast SEO plugin v22.5 - https:\/\/yoast.com\/wordpress\/plugins\/seo\/ -->\n<title>Pour le d\u00e9jeuner, invitez un \u00e9tudiant \u00e0 votre table ! - Epinal Info<\/title>\n<meta name=\"robots\" content=\"index, follow, max-snippet:-1, max-image-preview:large, max-video-preview:-1\" \/>\n<link rel=\"canonical\" href=\"https:\/\/vosgesinfo.fr\/epinalinfo\/2016\/07\/dejeuner-invitez-etudiant-a-table\/\" \/>\n<meta name=\"twitter:card\" content=\"summary_large_image\" \/>\n<meta name=\"twitter:title\" content=\"Pour le d\u00e9jeuner, invitez un \u00e9tudiant \u00e0 votre table ! - Epinal Info\" \/>\n<meta name=\"twitter:description\" content=\"En 2015-2016, parmi les quelques 2800 \u00e9tudiants inscrits dans les \u00e9tablissements d\u2019enseignement sup\u00e9rieur d\u2019Epinal, 112 venaient d\u2019un pays europ\u00e9en, d\u2019Am\u00e9rique [&hellip;]\" \/>\n<meta name=\"twitter:image\" content=\"https:\/\/vosgesinfo.fr\/app\/uploads\/sites\/3\/2024\/08\/201607strawberries-in-bowl-783351-960-720.jpg\" \/>\n<meta name=\"twitter:creator\" content=\"@VosgesInfo88\" \/>\n<meta name=\"twitter:site\" content=\"@VosgesInfo88\" \/>\n<meta name=\"twitter:label1\" content=\"\u00c9crit par\" \/>\n\t<meta name=\"twitter:data1\" content=\"C.K.\" \/>\n\t<meta name=\"twitter:label2\" content=\"Dur\u00e9e de lecture estim\u00e9e\" \/>\n\t<meta name=\"twitter:data2\" content=\"1 minute\" \/>\n<script type=\"application\/ld+json\" class=\"yoast-schema-graph\">{\"@context\":\"https:\/\/schema.org\",\"@graph\":[{\"@type\":\"Article\",\"@id\":\"https:\/\/vosgesinfo.fr\/epinalinfo\/2016\/07\/dejeuner-invitez-etudiant-a-table\/#article\",\"isPartOf\":{\"@id\":\"https:\/\/vosgesinfo.fr\/epinalinfo\/2016\/07\/dejeuner-invitez-etudiant-a-table\/\"},\"author\":{\"name\":\"C.K.\",\"@id\":\"https:\/\/vosgesinfo.fr\/epinalinfo\/#\/schema\/person\/6f9a650eeea99d969b6c4ab78fccbe81\"},\"headline\":\"Pour le d\u00e9jeuner, invitez un \u00e9tudiant \u00e0 votre table !\",\"datePublished\":\"2016-07-21T03:17:16+00:00\",\"dateModified\":\"2016-07-21T03:17:16+00:00\",\"mainEntityOfPage\":{\"@id\":\"https:\/\/vosgesinfo.fr\/epinalinfo\/2016\/07\/dejeuner-invitez-etudiant-a-table\/\"},\"wordCount\":140,\"commentCount\":0,\"publisher\":{\"@id\":\"https:\/\/vosgesinfo.fr\/epinalinfo\/#organization\"},\"image\":{\"@id\":\"https:\/\/vosgesinfo.fr\/epinalinfo\/2016\/07\/dejeuner-invitez-etudiant-a-table\/#primaryimage\"},\"thumbnailUrl\":\"https:\/\/vosgesinfo.fr\/app\/uploads\/sites\/3\/2024\/08\/201607strawberries-in-bowl-783351-960-720.jpg\",\"keywords\":[\"Epinal\",\"Maison de l\u2019\u00e9tudiant\",\"Un d\u00e9jeuner un dimanche\"],\"articleSection\":[\"Epinal\"],\"inLanguage\":\"fr-FR\",\"potentialAction\":[{\"@type\":\"CommentAction\",\"name\":\"Comment\",\"target\":[\"https:\/\/vosgesinfo.fr\/epinalinfo\/2016\/07\/dejeuner-invitez-etudiant-a-table\/#respond\"]}]},{\"@type\":\"WebPage\",\"@id\":\"https:\/\/vosgesinfo.fr\/epinalinfo\/2016\/07\/dejeuner-invitez-etudiant-a-table\/\",\"url\":\"https:\/\/vosgesinfo.fr\/epinalinfo\/2016\/07\/dejeuner-invitez-etudiant-a-table\/\",\"name\":\"Pour le d\u00e9jeuner, invitez un \u00e9tudiant \u00e0 votre table ! - Epinal Info\",\"isPartOf\":{\"@id\":\"https:\/\/vosgesinfo.fr\/epinalinfo\/#website\"},\"primaryImageOfPage\":{\"@id\":\"https:\/\/vosgesinfo.fr\/epinalinfo\/2016\/07\/dejeuner-invitez-etudiant-a-table\/#primaryimage\"},\"image\":{\"@id\":\"https:\/\/vosgesinfo.fr\/epinalinfo\/2016\/07\/dejeuner-invitez-etudiant-a-table\/#primaryimage\"},\"thumbnailUrl\":\"https:\/\/vosgesinfo.fr\/app\/uploads\/sites\/3\/2024\/08\/201607strawberries-in-bowl-783351-960-720.jpg\",\"datePublished\":\"2016-07-21T03:17:16+00:00\",\"dateModified\":\"2016-07-21T03:17:16+00:00\",\"breadcrumb\":{\"@id\":\"https:\/\/vosgesinfo.fr\/epinalinfo\/2016\/07\/dejeuner-invitez-etudiant-a-table\/#breadcrumb\"},\"inLanguage\":\"fr-FR\",\"potentialAction\":[{\"@type\":\"ReadAction\",\"target\":[\"https:\/\/vosgesinfo.fr\/epinalinfo\/2016\/07\/dejeuner-invitez-etudiant-a-table\/\"]}]},{\"@type\":\"ImageObject\",\"inLanguage\":\"fr-FR\",\"@id\":\"https:\/\/vosgesinfo.fr\/epinalinfo\/2016\/07\/dejeuner-invitez-etudiant-a-table\/#primaryimage\",\"url\":\"https:\/\/vosgesinfo.fr\/app\/uploads\/sites\/3\/2024\/08\/201607strawberries-in-bowl-783351-960-720.jpg\",\"contentUrl\":\"https:\/\/vosgesinfo.fr\/app\/uploads\/sites\/3\/2024\/08\/201607strawberries-in-bowl-783351-960-720.jpg\",\"width\":800,\"height\":533},{\"@type\":\"BreadcrumbList\",\"@id\":\"https:\/\/vosgesinfo.fr\/epinalinfo\/2016\/07\/dejeuner-invitez-etudiant-a-table\/#breadcrumb\",\"itemListElement\":[{\"@type\":\"ListItem\",\"position\":1,\"name\":\"Home\",\"item\":\"https:\/\/vosgesinfo.fr\/epinalinfo\/\"},{\"@type\":\"ListItem\",\"position\":2,\"name\":\"Pour le d\u00e9jeuner, invitez un \u00e9tudiant \u00e0 votre table !\"}]},{\"@type\":\"WebSite\",\"@id\":\"https:\/\/vosgesinfo.fr\/epinalinfo\/#website\",\"url\":\"https:\/\/vosgesinfo.fr\/epinalinfo\/\",\"name\":\"Epinal Info\",\"description\":\"Toute l&#039;actualit\u00e9 d&#039;\u00c9pinal\",\"publisher\":{\"@id\":\"https:\/\/vosgesinfo.fr\/epinalinfo\/#organization\"},\"alternateName\":\"Toute l'actualit\u00e9 d'\u00c9pinal\",\"potentialAction\":[{\"@type\":\"SearchAction\",\"target\":{\"@type\":\"EntryPoint\",\"urlTemplate\":\"https:\/\/vosgesinfo.fr\/epinalinfo\/?s={search_term_string}\"},\"query-input\":\"required name=search_term_string\"}],\"inLanguage\":\"fr-FR\"},{\"@type\":\"Organization\",\"@id\":\"https:\/\/vosgesinfo.fr\/epinalinfo\/#organization\",\"name\":\"Epinal Info\",\"url\":\"https:\/\/vosgesinfo.fr\/epinalinfo\/\",\"logo\":{\"@type\":\"ImageObject\",\"inLanguage\":\"fr-FR\",\"@id\":\"https:\/\/vosgesinfo.fr\/epinalinfo\/#\/schema\/logo\/image\/\",\"url\":\"https:\/\/vosgesinfo.fr\/app\/uploads\/sites\/3\/2023\/08\/logo-epinalinfos.svg\",\"contentUrl\":\"https:\/\/vosgesinfo.fr\/app\/uploads\/sites\/3\/2023\/08\/logo-epinalinfos.svg\",\"width\":1,\"height\":1,\"caption\":\"Epinal Info\"},\"image\":{\"@id\":\"https:\/\/vosgesinfo.fr\/epinalinfo\/#\/schema\/logo\/image\/\"},\"sameAs\":[\"https:\/\/www.facebook.com\/Epinalinfos\",\"https:\/\/x.com\/VosgesInfo88\",\"https:\/\/www.youtube.com\/@vosgesinfo\"]},{\"@type\":\"Person\",\"@id\":\"https:\/\/vosgesinfo.fr\/epinalinfo\/#\/schema\/person\/6f9a650eeea99d969b6c4ab78fccbe81\",\"name\":\"C.K.\",\"image\":{\"@type\":\"ImageObject\",\"inLanguage\":\"fr-FR\",\"@id\":\"https:\/\/vosgesinfo.fr\/epinalinfo\/#\/schema\/person\/image\/\",\"url\":\"https:\/\/secure.gravatar.com\/avatar\/48e3fc7f8421ba8942be6b74a2b7f014ca39bc00dece156b7a8e098ae7dc87bf?s=96&d=mm&r=g\",\"contentUrl\":\"https:\/\/secure.gravatar.com\/avatar\/48e3fc7f8421ba8942be6b74a2b7f014ca39bc00dece156b7a8e098ae7dc87bf?s=96&d=mm&r=g\",\"caption\":\"C.K.\"},\"url\":\"https:\/\/vosgesinfo.fr\/epinalinfo\/author\/celia-k-n\/\"}]}<\/script>\n<!-- \/ Yoast SEO plugin. -->","yoast_head_json":{"title":"Pour le d\u00e9jeuner, invitez un \u00e9tudiant \u00e0 votre table ! - Epinal Info","robots":{"index":"index","follow":"follow","max-snippet":"max-snippet:-1","max-image-preview":"max-image-preview:large","max-video-preview":"max-video-preview:-1"},"canonical":"https:\/\/vosgesinfo.fr\/epinalinfo\/2016\/07\/dejeuner-invitez-etudiant-a-table\/","twitter_card":"summary_large_image","twitter_title":"Pour le d\u00e9jeuner, invitez un \u00e9tudiant \u00e0 votre table ! - Epinal Info","twitter_description":"En 2015-2016, parmi les quelques 2800 \u00e9tudiants inscrits dans les \u00e9tablissements d\u2019enseignement sup\u00e9rieur d\u2019Epinal, 112 venaient d\u2019un pays europ\u00e9en, d\u2019Am\u00e9rique [&hellip;]","twitter_image":"https:\/\/vosgesinfo.fr\/app\/uploads\/sites\/3\/2024\/08\/201607strawberries-in-bowl-783351-960-720.jpg","twitter_creator":"@VosgesInfo88","twitter_site":"@VosgesInfo88","twitter_misc":{"\u00c9crit par":"C.K.","Dur\u00e9e de lecture estim\u00e9e":"1 minute"},"schema":{"@context":"https:\/\/schema.org","@graph":[{"@type":"Article","@id":"https:\/\/vosgesinfo.fr\/epinalinfo\/2016\/07\/dejeuner-invitez-etudiant-a-table\/#article","isPartOf":{"@id":"https:\/\/vosgesinfo.fr\/epinalinfo\/2016\/07\/dejeuner-invitez-etudiant-a-table\/"},"author":{"name":"C.K.","@id":"https:\/\/vosgesinfo.fr\/epinalinfo\/#\/schema\/person\/6f9a650eeea99d969b6c4ab78fccbe81"},"headline":"Pour le d\u00e9jeuner, invitez un \u00e9tudiant \u00e0 votre table !","datePublished":"2016-07-21T03:17:16+00:00","dateModified":"2016-07-21T03:17:16+00:00","mainEntityOfPage":{"@id":"https:\/\/vosgesinfo.fr\/epinalinfo\/2016\/07\/dejeuner-invitez-etudiant-a-table\/"},"wordCount":140,"commentCount":0,"publisher":{"@id":"https:\/\/vosgesinfo.fr\/epinalinfo\/#organization"},"image":{"@id":"https:\/\/vosgesinfo.fr\/epinalinfo\/2016\/07\/dejeuner-invitez-etudiant-a-table\/#primaryimage"},"thumbnailUrl":"https:\/\/vosgesinfo.fr\/app\/uploads\/sites\/3\/2024\/08\/201607strawberries-in-bowl-783351-960-720.jpg","keywords":["Epinal","Maison de l\u2019\u00e9tudiant","Un d\u00e9jeuner un dimanche"],"articleSection":["Epinal"],"inLanguage":"fr-FR","potentialAction":[{"@type":"CommentAction","name":"Comment","target":["https:\/\/vosgesinfo.fr\/epinalinfo\/2016\/07\/dejeuner-invitez-etudiant-a-table\/#respond"]}]},{"@type":"WebPage","@id":"https:\/\/vosgesinfo.fr\/epinalinfo\/2016\/07\/dejeuner-invitez-etudiant-a-table\/","url":"https:\/\/vosgesinfo.fr\/epinalinfo\/2016\/07\/dejeuner-invitez-etudiant-a-table\/","name":"Pour le d\u00e9jeuner, invitez un \u00e9tudiant \u00e0 votre table ! - Epinal Info","isPartOf":{"@id":"https:\/\/vosgesinfo.fr\/epinalinfo\/#website"},"primaryImageOfPage":{"@id":"https:\/\/vosgesinfo.fr\/epinalinfo\/2016\/07\/dejeuner-invitez-etudiant-a-table\/#primaryimage"},"image":{"@id":"https:\/\/vosgesinfo.fr\/epinalinfo\/2016\/07\/dejeuner-invitez-etudiant-a-table\/#primaryimage"},"thumbnailUrl":"https:\/\/vosgesinfo.fr\/app\/uploads\/sites\/3\/2024\/08\/201607strawberries-in-bowl-783351-960-720.jpg","datePublished":"2016-07-21T03:17:16+00:00","dateModified":"2016-07-21T03:17:16+00:00","breadcrumb":{"@id":"https:\/\/vosgesinfo.fr\/epinalinfo\/2016\/07\/dejeuner-invitez-etudiant-a-table\/#breadcrumb"},"inLanguage":"fr-FR","potentialAction":[{"@type":"ReadAction","target":["https:\/\/vosgesinfo.fr\/epinalinfo\/2016\/07\/dejeuner-invitez-etudiant-a-table\/"]}]},{"@type":"ImageObject","inLanguage":"fr-FR","@id":"https:\/\/vosgesinfo.fr\/epinalinfo\/2016\/07\/dejeuner-invitez-etudiant-a-table\/#primaryimage","url":"https:\/\/vosgesinfo.fr\/app\/uploads\/sites\/3\/2024\/08\/201607strawberries-in-bowl-783351-960-720.jpg","contentUrl":"https:\/\/vosgesinfo.fr\/app\/uploads\/sites\/3\/2024\/08\/201607strawberries-in-bowl-783351-960-720.jpg","width":800,"height":533},{"@type":"BreadcrumbList","@id":"https:\/\/vosgesinfo.fr\/epinalinfo\/2016\/07\/dejeuner-invitez-etudiant-a-table\/#breadcrumb","itemListElement":[{"@type":"ListItem","position":1,"name":"Home","item":"https:\/\/vosgesinfo.fr\/epinalinfo\/"},{"@type":"ListItem","position":2,"name":"Pour le d\u00e9jeuner, invitez un \u00e9tudiant \u00e0 votre table !"}]},{"@type":"WebSite","@id":"https:\/\/vosgesinfo.fr\/epinalinfo\/#website","url":"https:\/\/vosgesinfo.fr\/epinalinfo\/","name":"Epinal Info","description":"Toute l&#039;actualit\u00e9 d&#039;\u00c9pinal","publisher":{"@id":"https:\/\/vosgesinfo.fr\/epinalinfo\/#organization"},"alternateName":"Toute l'actualit\u00e9 d'\u00c9pinal","potentialAction":[{"@type":"SearchAction","target":{"@type":"EntryPoint","urlTemplate":"https:\/\/vosgesinfo.fr\/epinalinfo\/?s={search_term_string}"},"query-input":"required name=search_term_string"}],"inLanguage":"fr-FR"},{"@type":"Organization","@id":"https:\/\/vosgesinfo.fr\/epinalinfo\/#organization","name":"Epinal Info","url":"https:\/\/vosgesinfo.fr\/epinalinfo\/","logo":{"@type":"ImageObject","inLanguage":"fr-FR","@id":"https:\/\/vosgesinfo.fr\/epinalinfo\/#\/schema\/logo\/image\/","url":"https:\/\/vosgesinfo.fr\/app\/uploads\/sites\/3\/2023\/08\/logo-epinalinfos.svg","contentUrl":"https:\/\/vosgesinfo.fr\/app\/uploads\/sites\/3\/2023\/08\/logo-epinalinfos.svg","width":1,"height":1,"caption":"Epinal Info"},"image":{"@id":"https:\/\/vosgesinfo.fr\/epinalinfo\/#\/schema\/logo\/image\/"},"sameAs":["https:\/\/www.facebook.com\/Epinalinfos","https:\/\/x.com\/VosgesInfo88","https:\/\/www.youtube.com\/@vosgesinfo"]},{"@type":"Person","@id":"https:\/\/vosgesinfo.fr\/epinalinfo\/#\/schema\/person\/6f9a650eeea99d969b6c4ab78fccbe81","name":"C.K.","image":{"@type":"ImageObject","inLanguage":"fr-FR","@id":"https:\/\/vosgesinfo.fr\/epinalinfo\/#\/schema\/person\/image\/","url":"https:\/\/secure.gravatar.com\/avatar\/48e3fc7f8421ba8942be6b74a2b7f014ca39bc00dece156b7a8e098ae7dc87bf?s=96&d=mm&r=g","contentUrl":"https:\/\/secure.gravatar.com\/avatar\/48e3fc7f8421ba8942be6b74a2b7f014ca39bc00dece156b7a8e098ae7dc87bf?s=96&d=mm&r=g","caption":"C.K."},"url":"https:\/\/vosgesinfo.fr\/epinalinfo\/author\/celia-k-n\/"}]}},"_links":{"self":[{"href":"https:\/\/vosgesinfo.fr\/epinalinfo\/wp-json\/wp\/v2\/posts\/63616","targetHints":{"allow":["GET"]}}],"collection":[{"href":"https:\/\/vosgesinfo.fr\/epinalinfo\/wp-json\/wp\/v2\/posts"}],"about":[{"href":"https:\/\/vosgesinfo.fr\/epinalinfo\/wp-json\/wp\/v2\/types\/post"}],"author":[{"embeddable":true,"href":"https:\/\/vosgesinfo.fr\/epinalinfo\/wp-json\/wp\/v2\/users\/52"}],"replies":[{"embeddable":true,"href":"https:\/\/vosgesinfo.fr\/epinalinfo\/wp-json\/wp\/v2\/comments?post=63616"}],"version-history":[{"count":0,"href":"https:\/\/vosgesinfo.fr\/epinalinfo\/wp-json\/wp\/v2\/posts\/63616\/revisions"}],"wp:featuredmedia":[{"embeddable":true,"href":"https:\/\/vosgesinfo.fr\/epinalinfo\/wp-json\/wp\/v2\/media\/63617"}],"wp:attachment":[{"href":"https:\/\/vosgesinfo.fr\/epinalinfo\/wp-json\/wp\/v2\/media?parent=63616"}],"wp:term":[{"taxonomy":"category","embeddable":true,"href":"https:\/\/vosgesinfo.fr\/epinalinfo\/wp-json\/wp\/v2\/categories?post=63616"},{"taxonomy":"post_tag","embeddable":true,"href":"https:\/\/vosgesinfo.fr\/epinalinfo\/wp-json\/wp\/v2\/tags?post=63616"}],"curies":[{"name":"wp","href":"https:\/\/api.w.org\/{rel}","templated":true}]}}