{"id":63625,"date":"2016-07-21T05:03:29","date_gmt":"2016-07-21T03:03:29","guid":{"rendered":"https:\/\/vosgesinfo.fr\/epinalinfo\/2016\/07\/massif-vosgien-navette-cretes-reprend-jusquau-28-aout-2016\/"},"modified":"2016-07-21T05:03:29","modified_gmt":"2016-07-21T03:03:29","slug":"massif-vosgien-navette-cretes-reprend-jusquau-28-aout-2016","status":"publish","type":"post","link":"https:\/\/vosgesinfo.fr\/epinalinfo\/2016\/07\/massif-vosgien-navette-cretes-reprend-jusquau-28-aout-2016\/","title":{"rendered":"Massif vosgien \u2013 La Navette des Cr\u00eates reprend jusqu\u2019au 28 ao\u00fbt 2016"},"content":{"rendered":"<p><a href=\"\/2016\/07\/navette-des-cretes26.jpg\"><img decoding=\"async\" class=\"size-full wp-image-97302 aligncenter\" src=\"\/2016\/07\/navette-des-cretes26.jpg\" alt=\"navette-des-cretes26\" width=\"700\" height=\"466\" \/><\/a>C\u2019est reparti du 17 juillet au 28 ao\u00fbt 2016 pour la Navette des Cr\u00eates. Elle sillonnera les vall\u00e9es des Hautes-Vosges et la grande cr\u00eate les dimanches et certains mercredis. Tous les sites desservis sur la cr\u00eate sont reli\u00e9s au GR5. Son objectif : promouvoir l\u2019utilisation des transports collectifs pour l\u2019acc\u00e8s au Massif des Vosges.<\/p>\n<p>Avec cette ann\u00e9e, un nouveau \u00abpasseport pour la Grande Cr\u00eate\u00bb qui recense l\u2019offre touristique propos\u00e9e par les offices de tourisme autour de la navet<span class=\"text_exposed_show\">te des cr\u00eates.<br \/>\n\u00c0 noter : toutes les navettes seront \u00e9quip\u00e9es de porte-v\u00e9los!<\/span><\/p>\n<div class=\"text_exposed_show\">\n<p>La navette est une offre de d\u00e9couverte du massif des Vosges, en particulier de la grande cr\u00eate. Elle s\u2019inscrit ainsi dans un objectif de mobilit\u00e9 durable, d\u2019\u00e9co-mobilit\u00e9 et de r\u00e9duction des nuisances de la circulation automobile sur la cr\u00eate et dans les vall\u00e9es. Elle est une alternative \u00e0 la voiture. Depuis trois ans, la navette des cr\u00eates associe le transport en commun et la d\u00e9couverte des patrimoines des Vosges.<\/p>\n<p>Pour en savoir plus : <a href=\"http:\/\/www.parc-ballons-vosges.fr\/navette-des-cretes\/\" target=\"_blank\" rel=\"nofollow noopener\">http:\/\/www.parc-ballons-vosges.fr\/navette-des-cretes\/<\/a><\/p>\n<\/div>\n","protected":false},"excerpt":{"rendered":"<p>C\u2019est reparti du 17 juillet au 28 ao\u00fbt 2016 pour la Navette des Cr\u00eates. Elle sillonnera les vall\u00e9es des Hautes-Vosges [&hellip;]<\/p>\n","protected":false},"author":52,"featured_media":63626,"comment_status":"open","ping_status":"open","sticky":false,"template":"","format":"standard","meta":{"footnotes":""},"categories":[22,5],"tags":[8300,8301,75],"class_list":["post-63625","post","type-post","status-publish","format-standard","has-post-thumbnail","hentry","category-a-la-une","category-vosges","tag-navette-des-cretes","tag-vallees-des-hautes-vosges","tag-vosges"],"acf":[],"yoast_head":"<!-- This site is optimized with the Yoast SEO plugin v22.5 - https:\/\/yoast.com\/wordpress\/plugins\/seo\/ -->\n<title>Massif vosgien \u2013 La Navette des Cr\u00eates reprend jusqu\u2019au 28 ao\u00fbt 2016 - Epinal Info<\/title>\n<meta name=\"robots\" content=\"index, follow, max-snippet:-1, max-image-preview:large, max-video-preview:-1\" \/>\n<link rel=\"canonical\" href=\"https:\/\/vosgesinfo.fr\/epinalinfo\/2016\/07\/massif-vosgien-navette-cretes-reprend-jusquau-28-aout-2016\/\" \/>\n<meta name=\"twitter:card\" content=\"summary_large_image\" \/>\n<meta name=\"twitter:title\" content=\"Massif vosgien \u2013 La Navette des Cr\u00eates reprend jusqu\u2019au 28 ao\u00fbt 2016 - Epinal Info\" \/>\n<meta name=\"twitter:description\" content=\"C\u2019est reparti du 17 juillet au 28 ao\u00fbt 2016 pour la Navette des Cr\u00eates. Elle sillonnera les vall\u00e9es des Hautes-Vosges [&hellip;]\" \/>\n<meta name=\"twitter:image\" content=\"https:\/\/vosgesinfo.fr\/app\/uploads\/sites\/3\/2024\/08\/201607navette-des-cretes26.jpg\" \/>\n<meta name=\"twitter:creator\" content=\"@VosgesInfo88\" \/>\n<meta name=\"twitter:site\" content=\"@VosgesInfo88\" \/>\n<meta name=\"twitter:label1\" content=\"\u00c9crit par\" \/>\n\t<meta name=\"twitter:data1\" content=\"C.K.\" \/>\n\t<meta name=\"twitter:label2\" content=\"Dur\u00e9e de lecture estim\u00e9e\" \/>\n\t<meta name=\"twitter:data2\" content=\"1 minute\" \/>\n<script type=\"application\/ld+json\" class=\"yoast-schema-graph\">{\"@context\":\"https:\/\/schema.org\",\"@graph\":[{\"@type\":\"Article\",\"@id\":\"https:\/\/vosgesinfo.fr\/epinalinfo\/2016\/07\/massif-vosgien-navette-cretes-reprend-jusquau-28-aout-2016\/#article\",\"isPartOf\":{\"@id\":\"https:\/\/vosgesinfo.fr\/epinalinfo\/2016\/07\/massif-vosgien-navette-cretes-reprend-jusquau-28-aout-2016\/\"},\"author\":{\"name\":\"C.K.\",\"@id\":\"https:\/\/vosgesinfo.fr\/epinalinfo\/#\/schema\/person\/6f9a650eeea99d969b6c4ab78fccbe81\"},\"headline\":\"Massif vosgien \u2013 La Navette des Cr\u00eates reprend jusqu\u2019au 28 ao\u00fbt 2016\",\"datePublished\":\"2016-07-21T03:03:29+00:00\",\"dateModified\":\"2016-07-21T03:03:29+00:00\",\"mainEntityOfPage\":{\"@id\":\"https:\/\/vosgesinfo.fr\/epinalinfo\/2016\/07\/massif-vosgien-navette-cretes-reprend-jusquau-28-aout-2016\/\"},\"wordCount\":199,\"commentCount\":0,\"publisher\":{\"@id\":\"https:\/\/vosgesinfo.fr\/epinalinfo\/#organization\"},\"image\":{\"@id\":\"https:\/\/vosgesinfo.fr\/epinalinfo\/2016\/07\/massif-vosgien-navette-cretes-reprend-jusquau-28-aout-2016\/#primaryimage\"},\"thumbnailUrl\":\"https:\/\/vosgesinfo.fr\/app\/uploads\/sites\/3\/2024\/08\/201607navette-des-cretes26.jpg\",\"keywords\":[\"navette des Cr\u00eates\",\"vall\u00e9es des Hautes-Vosges\",\"vosges\"],\"articleSection\":[\"A la Une\",\"Vosges\"],\"inLanguage\":\"fr-FR\",\"potentialAction\":[{\"@type\":\"CommentAction\",\"name\":\"Comment\",\"target\":[\"https:\/\/vosgesinfo.fr\/epinalinfo\/2016\/07\/massif-vosgien-navette-cretes-reprend-jusquau-28-aout-2016\/#respond\"]}]},{\"@type\":\"WebPage\",\"@id\":\"https:\/\/vosgesinfo.fr\/epinalinfo\/2016\/07\/massif-vosgien-navette-cretes-reprend-jusquau-28-aout-2016\/\",\"url\":\"https:\/\/vosgesinfo.fr\/epinalinfo\/2016\/07\/massif-vosgien-navette-cretes-reprend-jusquau-28-aout-2016\/\",\"name\":\"Massif vosgien \u2013 La Navette des Cr\u00eates reprend jusqu\u2019au 28 ao\u00fbt 2016 - Epinal Info\",\"isPartOf\":{\"@id\":\"https:\/\/vosgesinfo.fr\/epinalinfo\/#website\"},\"primaryImageOfPage\":{\"@id\":\"https:\/\/vosgesinfo.fr\/epinalinfo\/2016\/07\/massif-vosgien-navette-cretes-reprend-jusquau-28-aout-2016\/#primaryimage\"},\"image\":{\"@id\":\"https:\/\/vosgesinfo.fr\/epinalinfo\/2016\/07\/massif-vosgien-navette-cretes-reprend-jusquau-28-aout-2016\/#primaryimage\"},\"thumbnailUrl\":\"https:\/\/vosgesinfo.fr\/app\/uploads\/sites\/3\/2024\/08\/201607navette-des-cretes26.jpg\",\"datePublished\":\"2016-07-21T03:03:29+00:00\",\"dateModified\":\"2016-07-21T03:03:29+00:00\",\"breadcrumb\":{\"@id\":\"https:\/\/vosgesinfo.fr\/epinalinfo\/2016\/07\/massif-vosgien-navette-cretes-reprend-jusquau-28-aout-2016\/#breadcrumb\"},\"inLanguage\":\"fr-FR\",\"potentialAction\":[{\"@type\":\"ReadAction\",\"target\":[\"https:\/\/vosgesinfo.fr\/epinalinfo\/2016\/07\/massif-vosgien-navette-cretes-reprend-jusquau-28-aout-2016\/\"]}]},{\"@type\":\"ImageObject\",\"inLanguage\":\"fr-FR\",\"@id\":\"https:\/\/vosgesinfo.fr\/epinalinfo\/2016\/07\/massif-vosgien-navette-cretes-reprend-jusquau-28-aout-2016\/#primaryimage\",\"url\":\"https:\/\/vosgesinfo.fr\/app\/uploads\/sites\/3\/2024\/08\/201607navette-des-cretes26.jpg\",\"contentUrl\":\"https:\/\/vosgesinfo.fr\/app\/uploads\/sites\/3\/2024\/08\/201607navette-des-cretes26.jpg\",\"width\":700,\"height\":466},{\"@type\":\"BreadcrumbList\",\"@id\":\"https:\/\/vosgesinfo.fr\/epinalinfo\/2016\/07\/massif-vosgien-navette-cretes-reprend-jusquau-28-aout-2016\/#breadcrumb\",\"itemListElement\":[{\"@type\":\"ListItem\",\"position\":1,\"name\":\"Home\",\"item\":\"https:\/\/vosgesinfo.fr\/epinalinfo\/\"},{\"@type\":\"ListItem\",\"position\":2,\"name\":\"Massif vosgien \u2013 La Navette des Cr\u00eates reprend jusqu\u2019au 28 ao\u00fbt 2016\"}]},{\"@type\":\"WebSite\",\"@id\":\"https:\/\/vosgesinfo.fr\/epinalinfo\/#website\",\"url\":\"https:\/\/vosgesinfo.fr\/epinalinfo\/\",\"name\":\"Epinal Info\",\"description\":\"Toute l&#039;actualit\u00e9 d&#039;\u00c9pinal\",\"publisher\":{\"@id\":\"https:\/\/vosgesinfo.fr\/epinalinfo\/#organization\"},\"alternateName\":\"Toute l'actualit\u00e9 d'\u00c9pinal\",\"potentialAction\":[{\"@type\":\"SearchAction\",\"target\":{\"@type\":\"EntryPoint\",\"urlTemplate\":\"https:\/\/vosgesinfo.fr\/epinalinfo\/?s={search_term_string}\"},\"query-input\":\"required name=search_term_string\"}],\"inLanguage\":\"fr-FR\"},{\"@type\":\"Organization\",\"@id\":\"https:\/\/vosgesinfo.fr\/epinalinfo\/#organization\",\"name\":\"Epinal Info\",\"url\":\"https:\/\/vosgesinfo.fr\/epinalinfo\/\",\"logo\":{\"@type\":\"ImageObject\",\"inLanguage\":\"fr-FR\",\"@id\":\"https:\/\/vosgesinfo.fr\/epinalinfo\/#\/schema\/logo\/image\/\",\"url\":\"https:\/\/vosgesinfo.fr\/app\/uploads\/sites\/3\/2023\/08\/logo-epinalinfos.svg\",\"contentUrl\":\"https:\/\/vosgesinfo.fr\/app\/uploads\/sites\/3\/2023\/08\/logo-epinalinfos.svg\",\"width\":1,\"height\":1,\"caption\":\"Epinal Info\"},\"image\":{\"@id\":\"https:\/\/vosgesinfo.fr\/epinalinfo\/#\/schema\/logo\/image\/\"},\"sameAs\":[\"https:\/\/www.facebook.com\/Epinalinfos\",\"https:\/\/x.com\/VosgesInfo88\",\"https:\/\/www.youtube.com\/@vosgesinfo\"]},{\"@type\":\"Person\",\"@id\":\"https:\/\/vosgesinfo.fr\/epinalinfo\/#\/schema\/person\/6f9a650eeea99d969b6c4ab78fccbe81\",\"name\":\"C.K.\",\"image\":{\"@type\":\"ImageObject\",\"inLanguage\":\"fr-FR\",\"@id\":\"https:\/\/vosgesinfo.fr\/epinalinfo\/#\/schema\/person\/image\/\",\"url\":\"https:\/\/secure.gravatar.com\/avatar\/48e3fc7f8421ba8942be6b74a2b7f014ca39bc00dece156b7a8e098ae7dc87bf?s=96&d=mm&r=g\",\"contentUrl\":\"https:\/\/secure.gravatar.com\/avatar\/48e3fc7f8421ba8942be6b74a2b7f014ca39bc00dece156b7a8e098ae7dc87bf?s=96&d=mm&r=g\",\"caption\":\"C.K.\"},\"url\":\"https:\/\/vosgesinfo.fr\/epinalinfo\/author\/celia-k-n\/\"}]}<\/script>\n<!-- \/ Yoast SEO plugin. -->","yoast_head_json":{"title":"Massif vosgien \u2013 La Navette des Cr\u00eates reprend jusqu\u2019au 28 ao\u00fbt 2016 - Epinal Info","robots":{"index":"index","follow":"follow","max-snippet":"max-snippet:-1","max-image-preview":"max-image-preview:large","max-video-preview":"max-video-preview:-1"},"canonical":"https:\/\/vosgesinfo.fr\/epinalinfo\/2016\/07\/massif-vosgien-navette-cretes-reprend-jusquau-28-aout-2016\/","twitter_card":"summary_large_image","twitter_title":"Massif vosgien \u2013 La Navette des Cr\u00eates reprend jusqu\u2019au 28 ao\u00fbt 2016 - Epinal Info","twitter_description":"C\u2019est reparti du 17 juillet au 28 ao\u00fbt 2016 pour la Navette des Cr\u00eates. Elle sillonnera les vall\u00e9es des Hautes-Vosges [&hellip;]","twitter_image":"https:\/\/vosgesinfo.fr\/app\/uploads\/sites\/3\/2024\/08\/201607navette-des-cretes26.jpg","twitter_creator":"@VosgesInfo88","twitter_site":"@VosgesInfo88","twitter_misc":{"\u00c9crit par":"C.K.","Dur\u00e9e de lecture estim\u00e9e":"1 minute"},"schema":{"@context":"https:\/\/schema.org","@graph":[{"@type":"Article","@id":"https:\/\/vosgesinfo.fr\/epinalinfo\/2016\/07\/massif-vosgien-navette-cretes-reprend-jusquau-28-aout-2016\/#article","isPartOf":{"@id":"https:\/\/vosgesinfo.fr\/epinalinfo\/2016\/07\/massif-vosgien-navette-cretes-reprend-jusquau-28-aout-2016\/"},"author":{"name":"C.K.","@id":"https:\/\/vosgesinfo.fr\/epinalinfo\/#\/schema\/person\/6f9a650eeea99d969b6c4ab78fccbe81"},"headline":"Massif vosgien \u2013 La Navette des Cr\u00eates reprend jusqu\u2019au 28 ao\u00fbt 2016","datePublished":"2016-07-21T03:03:29+00:00","dateModified":"2016-07-21T03:03:29+00:00","mainEntityOfPage":{"@id":"https:\/\/vosgesinfo.fr\/epinalinfo\/2016\/07\/massif-vosgien-navette-cretes-reprend-jusquau-28-aout-2016\/"},"wordCount":199,"commentCount":0,"publisher":{"@id":"https:\/\/vosgesinfo.fr\/epinalinfo\/#organization"},"image":{"@id":"https:\/\/vosgesinfo.fr\/epinalinfo\/2016\/07\/massif-vosgien-navette-cretes-reprend-jusquau-28-aout-2016\/#primaryimage"},"thumbnailUrl":"https:\/\/vosgesinfo.fr\/app\/uploads\/sites\/3\/2024\/08\/201607navette-des-cretes26.jpg","keywords":["navette des Cr\u00eates","vall\u00e9es des Hautes-Vosges","vosges"],"articleSection":["A la Une","Vosges"],"inLanguage":"fr-FR","potentialAction":[{"@type":"CommentAction","name":"Comment","target":["https:\/\/vosgesinfo.fr\/epinalinfo\/2016\/07\/massif-vosgien-navette-cretes-reprend-jusquau-28-aout-2016\/#respond"]}]},{"@type":"WebPage","@id":"https:\/\/vosgesinfo.fr\/epinalinfo\/2016\/07\/massif-vosgien-navette-cretes-reprend-jusquau-28-aout-2016\/","url":"https:\/\/vosgesinfo.fr\/epinalinfo\/2016\/07\/massif-vosgien-navette-cretes-reprend-jusquau-28-aout-2016\/","name":"Massif vosgien \u2013 La Navette des Cr\u00eates reprend jusqu\u2019au 28 ao\u00fbt 2016 - Epinal Info","isPartOf":{"@id":"https:\/\/vosgesinfo.fr\/epinalinfo\/#website"},"primaryImageOfPage":{"@id":"https:\/\/vosgesinfo.fr\/epinalinfo\/2016\/07\/massif-vosgien-navette-cretes-reprend-jusquau-28-aout-2016\/#primaryimage"},"image":{"@id":"https:\/\/vosgesinfo.fr\/epinalinfo\/2016\/07\/massif-vosgien-navette-cretes-reprend-jusquau-28-aout-2016\/#primaryimage"},"thumbnailUrl":"https:\/\/vosgesinfo.fr\/app\/uploads\/sites\/3\/2024\/08\/201607navette-des-cretes26.jpg","datePublished":"2016-07-21T03:03:29+00:00","dateModified":"2016-07-21T03:03:29+00:00","breadcrumb":{"@id":"https:\/\/vosgesinfo.fr\/epinalinfo\/2016\/07\/massif-vosgien-navette-cretes-reprend-jusquau-28-aout-2016\/#breadcrumb"},"inLanguage":"fr-FR","potentialAction":[{"@type":"ReadAction","target":["https:\/\/vosgesinfo.fr\/epinalinfo\/2016\/07\/massif-vosgien-navette-cretes-reprend-jusquau-28-aout-2016\/"]}]},{"@type":"ImageObject","inLanguage":"fr-FR","@id":"https:\/\/vosgesinfo.fr\/epinalinfo\/2016\/07\/massif-vosgien-navette-cretes-reprend-jusquau-28-aout-2016\/#primaryimage","url":"https:\/\/vosgesinfo.fr\/app\/uploads\/sites\/3\/2024\/08\/201607navette-des-cretes26.jpg","contentUrl":"https:\/\/vosgesinfo.fr\/app\/uploads\/sites\/3\/2024\/08\/201607navette-des-cretes26.jpg","width":700,"height":466},{"@type":"BreadcrumbList","@id":"https:\/\/vosgesinfo.fr\/epinalinfo\/2016\/07\/massif-vosgien-navette-cretes-reprend-jusquau-28-aout-2016\/#breadcrumb","itemListElement":[{"@type":"ListItem","position":1,"name":"Home","item":"https:\/\/vosgesinfo.fr\/epinalinfo\/"},{"@type":"ListItem","position":2,"name":"Massif vosgien \u2013 La Navette des Cr\u00eates reprend jusqu\u2019au 28 ao\u00fbt 2016"}]},{"@type":"WebSite","@id":"https:\/\/vosgesinfo.fr\/epinalinfo\/#website","url":"https:\/\/vosgesinfo.fr\/epinalinfo\/","name":"Epinal Info","description":"Toute l&#039;actualit\u00e9 d&#039;\u00c9pinal","publisher":{"@id":"https:\/\/vosgesinfo.fr\/epinalinfo\/#organization"},"alternateName":"Toute l'actualit\u00e9 d'\u00c9pinal","potentialAction":[{"@type":"SearchAction","target":{"@type":"EntryPoint","urlTemplate":"https:\/\/vosgesinfo.fr\/epinalinfo\/?s={search_term_string}"},"query-input":"required name=search_term_string"}],"inLanguage":"fr-FR"},{"@type":"Organization","@id":"https:\/\/vosgesinfo.fr\/epinalinfo\/#organization","name":"Epinal Info","url":"https:\/\/vosgesinfo.fr\/epinalinfo\/","logo":{"@type":"ImageObject","inLanguage":"fr-FR","@id":"https:\/\/vosgesinfo.fr\/epinalinfo\/#\/schema\/logo\/image\/","url":"https:\/\/vosgesinfo.fr\/app\/uploads\/sites\/3\/2023\/08\/logo-epinalinfos.svg","contentUrl":"https:\/\/vosgesinfo.fr\/app\/uploads\/sites\/3\/2023\/08\/logo-epinalinfos.svg","width":1,"height":1,"caption":"Epinal Info"},"image":{"@id":"https:\/\/vosgesinfo.fr\/epinalinfo\/#\/schema\/logo\/image\/"},"sameAs":["https:\/\/www.facebook.com\/Epinalinfos","https:\/\/x.com\/VosgesInfo88","https:\/\/www.youtube.com\/@vosgesinfo"]},{"@type":"Person","@id":"https:\/\/vosgesinfo.fr\/epinalinfo\/#\/schema\/person\/6f9a650eeea99d969b6c4ab78fccbe81","name":"C.K.","image":{"@type":"ImageObject","inLanguage":"fr-FR","@id":"https:\/\/vosgesinfo.fr\/epinalinfo\/#\/schema\/person\/image\/","url":"https:\/\/secure.gravatar.com\/avatar\/48e3fc7f8421ba8942be6b74a2b7f014ca39bc00dece156b7a8e098ae7dc87bf?s=96&d=mm&r=g","contentUrl":"https:\/\/secure.gravatar.com\/avatar\/48e3fc7f8421ba8942be6b74a2b7f014ca39bc00dece156b7a8e098ae7dc87bf?s=96&d=mm&r=g","caption":"C.K."},"url":"https:\/\/vosgesinfo.fr\/epinalinfo\/author\/celia-k-n\/"}]}},"_links":{"self":[{"href":"https:\/\/vosgesinfo.fr\/epinalinfo\/wp-json\/wp\/v2\/posts\/63625","targetHints":{"allow":["GET"]}}],"collection":[{"href":"https:\/\/vosgesinfo.fr\/epinalinfo\/wp-json\/wp\/v2\/posts"}],"about":[{"href":"https:\/\/vosgesinfo.fr\/epinalinfo\/wp-json\/wp\/v2\/types\/post"}],"author":[{"embeddable":true,"href":"https:\/\/vosgesinfo.fr\/epinalinfo\/wp-json\/wp\/v2\/users\/52"}],"replies":[{"embeddable":true,"href":"https:\/\/vosgesinfo.fr\/epinalinfo\/wp-json\/wp\/v2\/comments?post=63625"}],"version-history":[{"count":0,"href":"https:\/\/vosgesinfo.fr\/epinalinfo\/wp-json\/wp\/v2\/posts\/63625\/revisions"}],"wp:featuredmedia":[{"embeddable":true,"href":"https:\/\/vosgesinfo.fr\/epinalinfo\/wp-json\/wp\/v2\/media\/63626"}],"wp:attachment":[{"href":"https:\/\/vosgesinfo.fr\/epinalinfo\/wp-json\/wp\/v2\/media?parent=63625"}],"wp:term":[{"taxonomy":"category","embeddable":true,"href":"https:\/\/vosgesinfo.fr\/epinalinfo\/wp-json\/wp\/v2\/categories?post=63625"},{"taxonomy":"post_tag","embeddable":true,"href":"https:\/\/vosgesinfo.fr\/epinalinfo\/wp-json\/wp\/v2\/tags?post=63625"}],"curies":[{"name":"wp","href":"https:\/\/api.w.org\/{rel}","templated":true}]}}