{"id":63632,"date":"2016-07-21T13:08:33","date_gmt":"2016-07-21T11:08:33","guid":{"rendered":"https:\/\/vosgesinfo.fr\/epinalinfo\/2016\/07\/uxegney-disparition-inquietante-de-joel-grandgirard\/"},"modified":"2016-07-21T13:08:33","modified_gmt":"2016-07-21T11:08:33","slug":"uxegney-disparition-inquietante-de-joel-grandgirard","status":"publish","type":"post","link":"https:\/\/vosgesinfo.fr\/epinalinfo\/2016\/07\/uxegney-disparition-inquietante-de-joel-grandgirard\/","title":{"rendered":"Uxegney &#8211; Disparition inqui\u00e9tante de Jo\u00ebl Grandgirard"},"content":{"rendered":"<p><strong><a href=\"\/2016\/07\/13769347_1115919521816245_7881132565976030609_n.jpg\"><img decoding=\"async\" class=\"size-full wp-image-97312 aligncenter\" src=\"\/2016\/07\/13769347_1115919521816245_7881132565976030609_n.jpg\" alt=\"13769347_1115919521816245_7881132565976030609_n\" width=\"377\" height=\"372\" \/><\/a>Le 20 juillet 2016 \u00e0 22 heures, la gendarmerie des Vosges est avis\u00e9e de la disparition inqui\u00e9tante de Jo\u00ebl Grandgirard. Celui-ci a quitt\u00e9 son domicile \u00e0 Uxegney, \u00e0 pied, le m\u00eame jour entre 11 heures 30 et 17 heures.<\/strong><\/p>\n<p>En d\u00e9pit du dispositif de recherche d\u00e9ploy\u00e9, l\u2019homme, \u00e2g\u00e9 de 59 ans, n\u2019est pas d\u00e9couvert. L\u2019int\u00e9ress\u00e9 est habitu\u00e9 aux longues marches mais peut facilement se trouver d\u00e9sorient\u00e9. Avec l\u2019accord du Parquet d\u2019Epinal, la gendarmerie des Vosges lance cet avis de recherche.<\/p>\n<p>Signalement de la personne\u00a0:<\/p>\n<p>Mesure 1,75m, corpulence normale, cheveux court, v\u00eatu d\u2019un bermuda gris, d\u2019un t-shirt noir avec une inscription en orange dont le dessin est une t\u00eate de mort, baskets beiges.<\/p>\n<p>Toute personne ayant pu apercevoir Jo\u00ebl Grandgirard ou pouvant apporter des \u00e9l\u00e9ments utiles \u00e0 l\u2019enqu\u00eate est pri\u00e9e de prendre contact avec la brigade de gendarmerie d\u2019Epinal\u00a0: 03.29.33.17.17 ou en composant le 17.<\/p>\n","protected":false},"excerpt":{"rendered":"<p>Le 20 juillet 2016 \u00e0 22 heures, la gendarmerie des Vosges est avis\u00e9e de la disparition inqui\u00e9tante de Jo\u00ebl Grandgirard. [&hellip;]<\/p>\n","protected":false},"author":52,"featured_media":63633,"comment_status":"open","ping_status":"open","sticky":false,"template":"","format":"standard","meta":{"footnotes":""},"categories":[22,5],"tags":[],"class_list":["post-63632","post","type-post","status-publish","format-standard","has-post-thumbnail","hentry","category-a-la-une","category-vosges"],"acf":[],"yoast_head":"<!-- This site is optimized with the Yoast SEO plugin v22.5 - https:\/\/yoast.com\/wordpress\/plugins\/seo\/ -->\n<title>Uxegney - Disparition inqui\u00e9tante de Jo\u00ebl Grandgirard - Epinal Info<\/title>\n<meta name=\"robots\" content=\"index, follow, max-snippet:-1, max-image-preview:large, max-video-preview:-1\" \/>\n<link rel=\"canonical\" href=\"https:\/\/vosgesinfo.fr\/epinalinfo\/2016\/07\/uxegney-disparition-inquietante-de-joel-grandgirard\/\" \/>\n<meta name=\"twitter:card\" content=\"summary_large_image\" \/>\n<meta name=\"twitter:title\" content=\"Uxegney - Disparition inqui\u00e9tante de Jo\u00ebl Grandgirard - Epinal Info\" \/>\n<meta name=\"twitter:description\" content=\"Le 20 juillet 2016 \u00e0 22 heures, la gendarmerie des Vosges est avis\u00e9e de la disparition inqui\u00e9tante de Jo\u00ebl Grandgirard. [&hellip;]\" \/>\n<meta name=\"twitter:image\" content=\"https:\/\/vosgesinfo.fr\/app\/uploads\/sites\/3\/2024\/08\/20160713769347-1115919521816245-7881132565976030609-n.jpg\" \/>\n<meta name=\"twitter:creator\" content=\"@VosgesInfo88\" \/>\n<meta name=\"twitter:site\" content=\"@VosgesInfo88\" \/>\n<meta name=\"twitter:label1\" content=\"\u00c9crit par\" \/>\n\t<meta name=\"twitter:data1\" content=\"C.K.\" \/>\n\t<meta name=\"twitter:label2\" content=\"Dur\u00e9e de lecture estim\u00e9e\" \/>\n\t<meta name=\"twitter:data2\" content=\"1 minute\" \/>\n<script type=\"application\/ld+json\" class=\"yoast-schema-graph\">{\"@context\":\"https:\/\/schema.org\",\"@graph\":[{\"@type\":\"Article\",\"@id\":\"https:\/\/vosgesinfo.fr\/epinalinfo\/2016\/07\/uxegney-disparition-inquietante-de-joel-grandgirard\/#article\",\"isPartOf\":{\"@id\":\"https:\/\/vosgesinfo.fr\/epinalinfo\/2016\/07\/uxegney-disparition-inquietante-de-joel-grandgirard\/\"},\"author\":{\"name\":\"C.K.\",\"@id\":\"https:\/\/vosgesinfo.fr\/epinalinfo\/#\/schema\/person\/6f9a650eeea99d969b6c4ab78fccbe81\"},\"headline\":\"Uxegney &#8211; Disparition inqui\u00e9tante de Jo\u00ebl Grandgirard\",\"datePublished\":\"2016-07-21T11:08:33+00:00\",\"dateModified\":\"2016-07-21T11:08:33+00:00\",\"mainEntityOfPage\":{\"@id\":\"https:\/\/vosgesinfo.fr\/epinalinfo\/2016\/07\/uxegney-disparition-inquietante-de-joel-grandgirard\/\"},\"wordCount\":164,\"commentCount\":0,\"publisher\":{\"@id\":\"https:\/\/vosgesinfo.fr\/epinalinfo\/#organization\"},\"image\":{\"@id\":\"https:\/\/vosgesinfo.fr\/epinalinfo\/2016\/07\/uxegney-disparition-inquietante-de-joel-grandgirard\/#primaryimage\"},\"thumbnailUrl\":\"https:\/\/vosgesinfo.fr\/app\/uploads\/sites\/3\/2024\/08\/20160713769347-1115919521816245-7881132565976030609-n.jpg\",\"articleSection\":[\"A la Une\",\"Vosges\"],\"inLanguage\":\"fr-FR\",\"potentialAction\":[{\"@type\":\"CommentAction\",\"name\":\"Comment\",\"target\":[\"https:\/\/vosgesinfo.fr\/epinalinfo\/2016\/07\/uxegney-disparition-inquietante-de-joel-grandgirard\/#respond\"]}]},{\"@type\":\"WebPage\",\"@id\":\"https:\/\/vosgesinfo.fr\/epinalinfo\/2016\/07\/uxegney-disparition-inquietante-de-joel-grandgirard\/\",\"url\":\"https:\/\/vosgesinfo.fr\/epinalinfo\/2016\/07\/uxegney-disparition-inquietante-de-joel-grandgirard\/\",\"name\":\"Uxegney - Disparition inqui\u00e9tante de Jo\u00ebl Grandgirard - Epinal Info\",\"isPartOf\":{\"@id\":\"https:\/\/vosgesinfo.fr\/epinalinfo\/#website\"},\"primaryImageOfPage\":{\"@id\":\"https:\/\/vosgesinfo.fr\/epinalinfo\/2016\/07\/uxegney-disparition-inquietante-de-joel-grandgirard\/#primaryimage\"},\"image\":{\"@id\":\"https:\/\/vosgesinfo.fr\/epinalinfo\/2016\/07\/uxegney-disparition-inquietante-de-joel-grandgirard\/#primaryimage\"},\"thumbnailUrl\":\"https:\/\/vosgesinfo.fr\/app\/uploads\/sites\/3\/2024\/08\/20160713769347-1115919521816245-7881132565976030609-n.jpg\",\"datePublished\":\"2016-07-21T11:08:33+00:00\",\"dateModified\":\"2016-07-21T11:08:33+00:00\",\"breadcrumb\":{\"@id\":\"https:\/\/vosgesinfo.fr\/epinalinfo\/2016\/07\/uxegney-disparition-inquietante-de-joel-grandgirard\/#breadcrumb\"},\"inLanguage\":\"fr-FR\",\"potentialAction\":[{\"@type\":\"ReadAction\",\"target\":[\"https:\/\/vosgesinfo.fr\/epinalinfo\/2016\/07\/uxegney-disparition-inquietante-de-joel-grandgirard\/\"]}]},{\"@type\":\"ImageObject\",\"inLanguage\":\"fr-FR\",\"@id\":\"https:\/\/vosgesinfo.fr\/epinalinfo\/2016\/07\/uxegney-disparition-inquietante-de-joel-grandgirard\/#primaryimage\",\"url\":\"https:\/\/vosgesinfo.fr\/app\/uploads\/sites\/3\/2024\/08\/20160713769347-1115919521816245-7881132565976030609-n.jpg\",\"contentUrl\":\"https:\/\/vosgesinfo.fr\/app\/uploads\/sites\/3\/2024\/08\/20160713769347-1115919521816245-7881132565976030609-n.jpg\",\"width\":377,\"height\":372},{\"@type\":\"BreadcrumbList\",\"@id\":\"https:\/\/vosgesinfo.fr\/epinalinfo\/2016\/07\/uxegney-disparition-inquietante-de-joel-grandgirard\/#breadcrumb\",\"itemListElement\":[{\"@type\":\"ListItem\",\"position\":1,\"name\":\"Home\",\"item\":\"https:\/\/vosgesinfo.fr\/epinalinfo\/\"},{\"@type\":\"ListItem\",\"position\":2,\"name\":\"Uxegney &#8211; Disparition inqui\u00e9tante de Jo\u00ebl Grandgirard\"}]},{\"@type\":\"WebSite\",\"@id\":\"https:\/\/vosgesinfo.fr\/epinalinfo\/#website\",\"url\":\"https:\/\/vosgesinfo.fr\/epinalinfo\/\",\"name\":\"Epinal Info\",\"description\":\"Toute l&#039;actualit\u00e9 d&#039;\u00c9pinal\",\"publisher\":{\"@id\":\"https:\/\/vosgesinfo.fr\/epinalinfo\/#organization\"},\"alternateName\":\"Toute l'actualit\u00e9 d'\u00c9pinal\",\"potentialAction\":[{\"@type\":\"SearchAction\",\"target\":{\"@type\":\"EntryPoint\",\"urlTemplate\":\"https:\/\/vosgesinfo.fr\/epinalinfo\/?s={search_term_string}\"},\"query-input\":\"required name=search_term_string\"}],\"inLanguage\":\"fr-FR\"},{\"@type\":\"Organization\",\"@id\":\"https:\/\/vosgesinfo.fr\/epinalinfo\/#organization\",\"name\":\"Epinal Info\",\"url\":\"https:\/\/vosgesinfo.fr\/epinalinfo\/\",\"logo\":{\"@type\":\"ImageObject\",\"inLanguage\":\"fr-FR\",\"@id\":\"https:\/\/vosgesinfo.fr\/epinalinfo\/#\/schema\/logo\/image\/\",\"url\":\"https:\/\/vosgesinfo.fr\/app\/uploads\/sites\/3\/2023\/08\/logo-epinalinfos.svg\",\"contentUrl\":\"https:\/\/vosgesinfo.fr\/app\/uploads\/sites\/3\/2023\/08\/logo-epinalinfos.svg\",\"width\":1,\"height\":1,\"caption\":\"Epinal Info\"},\"image\":{\"@id\":\"https:\/\/vosgesinfo.fr\/epinalinfo\/#\/schema\/logo\/image\/\"},\"sameAs\":[\"https:\/\/www.facebook.com\/Epinalinfos\",\"https:\/\/x.com\/VosgesInfo88\",\"https:\/\/www.youtube.com\/@vosgesinfo\"]},{\"@type\":\"Person\",\"@id\":\"https:\/\/vosgesinfo.fr\/epinalinfo\/#\/schema\/person\/6f9a650eeea99d969b6c4ab78fccbe81\",\"name\":\"C.K.\",\"image\":{\"@type\":\"ImageObject\",\"inLanguage\":\"fr-FR\",\"@id\":\"https:\/\/vosgesinfo.fr\/epinalinfo\/#\/schema\/person\/image\/\",\"url\":\"https:\/\/secure.gravatar.com\/avatar\/48e3fc7f8421ba8942be6b74a2b7f014ca39bc00dece156b7a8e098ae7dc87bf?s=96&d=mm&r=g\",\"contentUrl\":\"https:\/\/secure.gravatar.com\/avatar\/48e3fc7f8421ba8942be6b74a2b7f014ca39bc00dece156b7a8e098ae7dc87bf?s=96&d=mm&r=g\",\"caption\":\"C.K.\"},\"url\":\"https:\/\/vosgesinfo.fr\/epinalinfo\/author\/celia-k-n\/\"}]}<\/script>\n<!-- \/ Yoast SEO plugin. -->","yoast_head_json":{"title":"Uxegney - Disparition inqui\u00e9tante de Jo\u00ebl Grandgirard - Epinal Info","robots":{"index":"index","follow":"follow","max-snippet":"max-snippet:-1","max-image-preview":"max-image-preview:large","max-video-preview":"max-video-preview:-1"},"canonical":"https:\/\/vosgesinfo.fr\/epinalinfo\/2016\/07\/uxegney-disparition-inquietante-de-joel-grandgirard\/","twitter_card":"summary_large_image","twitter_title":"Uxegney - Disparition inqui\u00e9tante de Jo\u00ebl Grandgirard - Epinal Info","twitter_description":"Le 20 juillet 2016 \u00e0 22 heures, la gendarmerie des Vosges est avis\u00e9e de la disparition inqui\u00e9tante de Jo\u00ebl Grandgirard. [&hellip;]","twitter_image":"https:\/\/vosgesinfo.fr\/app\/uploads\/sites\/3\/2024\/08\/20160713769347-1115919521816245-7881132565976030609-n.jpg","twitter_creator":"@VosgesInfo88","twitter_site":"@VosgesInfo88","twitter_misc":{"\u00c9crit par":"C.K.","Dur\u00e9e de lecture estim\u00e9e":"1 minute"},"schema":{"@context":"https:\/\/schema.org","@graph":[{"@type":"Article","@id":"https:\/\/vosgesinfo.fr\/epinalinfo\/2016\/07\/uxegney-disparition-inquietante-de-joel-grandgirard\/#article","isPartOf":{"@id":"https:\/\/vosgesinfo.fr\/epinalinfo\/2016\/07\/uxegney-disparition-inquietante-de-joel-grandgirard\/"},"author":{"name":"C.K.","@id":"https:\/\/vosgesinfo.fr\/epinalinfo\/#\/schema\/person\/6f9a650eeea99d969b6c4ab78fccbe81"},"headline":"Uxegney &#8211; Disparition inqui\u00e9tante de Jo\u00ebl Grandgirard","datePublished":"2016-07-21T11:08:33+00:00","dateModified":"2016-07-21T11:08:33+00:00","mainEntityOfPage":{"@id":"https:\/\/vosgesinfo.fr\/epinalinfo\/2016\/07\/uxegney-disparition-inquietante-de-joel-grandgirard\/"},"wordCount":164,"commentCount":0,"publisher":{"@id":"https:\/\/vosgesinfo.fr\/epinalinfo\/#organization"},"image":{"@id":"https:\/\/vosgesinfo.fr\/epinalinfo\/2016\/07\/uxegney-disparition-inquietante-de-joel-grandgirard\/#primaryimage"},"thumbnailUrl":"https:\/\/vosgesinfo.fr\/app\/uploads\/sites\/3\/2024\/08\/20160713769347-1115919521816245-7881132565976030609-n.jpg","articleSection":["A la Une","Vosges"],"inLanguage":"fr-FR","potentialAction":[{"@type":"CommentAction","name":"Comment","target":["https:\/\/vosgesinfo.fr\/epinalinfo\/2016\/07\/uxegney-disparition-inquietante-de-joel-grandgirard\/#respond"]}]},{"@type":"WebPage","@id":"https:\/\/vosgesinfo.fr\/epinalinfo\/2016\/07\/uxegney-disparition-inquietante-de-joel-grandgirard\/","url":"https:\/\/vosgesinfo.fr\/epinalinfo\/2016\/07\/uxegney-disparition-inquietante-de-joel-grandgirard\/","name":"Uxegney - Disparition inqui\u00e9tante de Jo\u00ebl Grandgirard - Epinal Info","isPartOf":{"@id":"https:\/\/vosgesinfo.fr\/epinalinfo\/#website"},"primaryImageOfPage":{"@id":"https:\/\/vosgesinfo.fr\/epinalinfo\/2016\/07\/uxegney-disparition-inquietante-de-joel-grandgirard\/#primaryimage"},"image":{"@id":"https:\/\/vosgesinfo.fr\/epinalinfo\/2016\/07\/uxegney-disparition-inquietante-de-joel-grandgirard\/#primaryimage"},"thumbnailUrl":"https:\/\/vosgesinfo.fr\/app\/uploads\/sites\/3\/2024\/08\/20160713769347-1115919521816245-7881132565976030609-n.jpg","datePublished":"2016-07-21T11:08:33+00:00","dateModified":"2016-07-21T11:08:33+00:00","breadcrumb":{"@id":"https:\/\/vosgesinfo.fr\/epinalinfo\/2016\/07\/uxegney-disparition-inquietante-de-joel-grandgirard\/#breadcrumb"},"inLanguage":"fr-FR","potentialAction":[{"@type":"ReadAction","target":["https:\/\/vosgesinfo.fr\/epinalinfo\/2016\/07\/uxegney-disparition-inquietante-de-joel-grandgirard\/"]}]},{"@type":"ImageObject","inLanguage":"fr-FR","@id":"https:\/\/vosgesinfo.fr\/epinalinfo\/2016\/07\/uxegney-disparition-inquietante-de-joel-grandgirard\/#primaryimage","url":"https:\/\/vosgesinfo.fr\/app\/uploads\/sites\/3\/2024\/08\/20160713769347-1115919521816245-7881132565976030609-n.jpg","contentUrl":"https:\/\/vosgesinfo.fr\/app\/uploads\/sites\/3\/2024\/08\/20160713769347-1115919521816245-7881132565976030609-n.jpg","width":377,"height":372},{"@type":"BreadcrumbList","@id":"https:\/\/vosgesinfo.fr\/epinalinfo\/2016\/07\/uxegney-disparition-inquietante-de-joel-grandgirard\/#breadcrumb","itemListElement":[{"@type":"ListItem","position":1,"name":"Home","item":"https:\/\/vosgesinfo.fr\/epinalinfo\/"},{"@type":"ListItem","position":2,"name":"Uxegney &#8211; Disparition inqui\u00e9tante de Jo\u00ebl Grandgirard"}]},{"@type":"WebSite","@id":"https:\/\/vosgesinfo.fr\/epinalinfo\/#website","url":"https:\/\/vosgesinfo.fr\/epinalinfo\/","name":"Epinal Info","description":"Toute l&#039;actualit\u00e9 d&#039;\u00c9pinal","publisher":{"@id":"https:\/\/vosgesinfo.fr\/epinalinfo\/#organization"},"alternateName":"Toute l'actualit\u00e9 d'\u00c9pinal","potentialAction":[{"@type":"SearchAction","target":{"@type":"EntryPoint","urlTemplate":"https:\/\/vosgesinfo.fr\/epinalinfo\/?s={search_term_string}"},"query-input":"required name=search_term_string"}],"inLanguage":"fr-FR"},{"@type":"Organization","@id":"https:\/\/vosgesinfo.fr\/epinalinfo\/#organization","name":"Epinal Info","url":"https:\/\/vosgesinfo.fr\/epinalinfo\/","logo":{"@type":"ImageObject","inLanguage":"fr-FR","@id":"https:\/\/vosgesinfo.fr\/epinalinfo\/#\/schema\/logo\/image\/","url":"https:\/\/vosgesinfo.fr\/app\/uploads\/sites\/3\/2023\/08\/logo-epinalinfos.svg","contentUrl":"https:\/\/vosgesinfo.fr\/app\/uploads\/sites\/3\/2023\/08\/logo-epinalinfos.svg","width":1,"height":1,"caption":"Epinal Info"},"image":{"@id":"https:\/\/vosgesinfo.fr\/epinalinfo\/#\/schema\/logo\/image\/"},"sameAs":["https:\/\/www.facebook.com\/Epinalinfos","https:\/\/x.com\/VosgesInfo88","https:\/\/www.youtube.com\/@vosgesinfo"]},{"@type":"Person","@id":"https:\/\/vosgesinfo.fr\/epinalinfo\/#\/schema\/person\/6f9a650eeea99d969b6c4ab78fccbe81","name":"C.K.","image":{"@type":"ImageObject","inLanguage":"fr-FR","@id":"https:\/\/vosgesinfo.fr\/epinalinfo\/#\/schema\/person\/image\/","url":"https:\/\/secure.gravatar.com\/avatar\/48e3fc7f8421ba8942be6b74a2b7f014ca39bc00dece156b7a8e098ae7dc87bf?s=96&d=mm&r=g","contentUrl":"https:\/\/secure.gravatar.com\/avatar\/48e3fc7f8421ba8942be6b74a2b7f014ca39bc00dece156b7a8e098ae7dc87bf?s=96&d=mm&r=g","caption":"C.K."},"url":"https:\/\/vosgesinfo.fr\/epinalinfo\/author\/celia-k-n\/"}]}},"_links":{"self":[{"href":"https:\/\/vosgesinfo.fr\/epinalinfo\/wp-json\/wp\/v2\/posts\/63632","targetHints":{"allow":["GET"]}}],"collection":[{"href":"https:\/\/vosgesinfo.fr\/epinalinfo\/wp-json\/wp\/v2\/posts"}],"about":[{"href":"https:\/\/vosgesinfo.fr\/epinalinfo\/wp-json\/wp\/v2\/types\/post"}],"author":[{"embeddable":true,"href":"https:\/\/vosgesinfo.fr\/epinalinfo\/wp-json\/wp\/v2\/users\/52"}],"replies":[{"embeddable":true,"href":"https:\/\/vosgesinfo.fr\/epinalinfo\/wp-json\/wp\/v2\/comments?post=63632"}],"version-history":[{"count":0,"href":"https:\/\/vosgesinfo.fr\/epinalinfo\/wp-json\/wp\/v2\/posts\/63632\/revisions"}],"wp:featuredmedia":[{"embeddable":true,"href":"https:\/\/vosgesinfo.fr\/epinalinfo\/wp-json\/wp\/v2\/media\/63633"}],"wp:attachment":[{"href":"https:\/\/vosgesinfo.fr\/epinalinfo\/wp-json\/wp\/v2\/media?parent=63632"}],"wp:term":[{"taxonomy":"category","embeddable":true,"href":"https:\/\/vosgesinfo.fr\/epinalinfo\/wp-json\/wp\/v2\/categories?post=63632"},{"taxonomy":"post_tag","embeddable":true,"href":"https:\/\/vosgesinfo.fr\/epinalinfo\/wp-json\/wp\/v2\/tags?post=63632"}],"curies":[{"name":"wp","href":"https:\/\/api.w.org\/{rel}","templated":true}]}}