{"id":65100,"date":"2016-09-13T12:38:05","date_gmt":"2016-09-13T10:38:05","guid":{"rendered":"https:\/\/vosgesinfo.fr\/epinalinfo\/2016\/09\/jeu-de-loie-geant-musee-departemental-depinal\/"},"modified":"2016-09-13T12:38:05","modified_gmt":"2016-09-13T10:38:05","slug":"jeu-de-loie-geant-musee-departemental-depinal","status":"publish","type":"post","link":"https:\/\/vosgesinfo.fr\/epinalinfo\/2016\/09\/jeu-de-loie-geant-musee-departemental-depinal\/","title":{"rendered":"Un jeu de l&rsquo;oie g\u00e9ant au mus\u00e9e d\u00e9partemental d&rsquo;Epinal"},"content":{"rendered":"<p><a href=\"http:\/\/epinalinfos.fr\/2016\/09\/jeu-de-loie-geant-musee-departemental-depinal\/p1210260\/\" rel=\"attachment wp-att-99839\"><img decoding=\"async\" class=\"aligncenter size-full wp-image-99839\" src=\"\/2016\/09\/P1210260.jpg\" alt=\"P1210260\" width=\"800\" height=\"600\" \/><\/a><\/p>\n<p>A l\u2019occasion de la 33<sup>\u00e8me<\/sup> \u00e9dition des Journ\u00e9es europ\u00e9ennes du patrimoine les 17 et 18 septembre, le mus\u00e9e d\u00e9partemental d\u2019art ancien et contemporain ouvre ses portes \u00e0 tous. Au programme, vous pourrez d\u00e9couvrir ou red\u00e9couvrir les collections permanentes ainsi que l\u2019exposition des \u00e9tudiants de l\u2019Ecole Sup\u00e9rieure d\u2019Art de Lorraine (ESAL \u2013 EPINAL) \u00ab\u00a0Le mus\u00e9e habit\u00e9\u00a0\u00bb. Vous pourrez \u00e9galement suivre des visites th\u00e9matiques autour du th\u00e8me \u00ab\u00a0Patrimoine et citoyennet\u00e9\u00a0\u00bb, participer aux ateliers et \u00e0 un jeu de l\u2019oie con\u00e7u autour des collections du mus\u00e9e o\u00f9 des lots seront \u00e0 gagner\u00a0!<\/p>\n<ul>\n<li><strong>Visite comment\u00e9e de 16h \u00e0 17h (samedi et dimanche)<\/strong><\/li>\n<\/ul>\n<p>Le mus\u00e9e vous invite \u00e9galement \u00e0 une visite d\u00e9di\u00e9e \u00e0 l\u2019\u00e9volution de la notion de citoyen. De l\u2019antiquit\u00e9 \u00e0 nos jours en passant par la charni\u00e8re r\u00e9volutionnaire, d\u00e9couvrir autrement la construction de cette id\u00e9e si primordiale qui fait partie int\u00e9grante de notre patrimoine commun par le truchement de nos collections.<\/p>\n<ul>\n<li><strong>L\u2019atelier du citoyen de 14h \u00e0 17h (samedi et dimanche)<\/strong><\/li>\n<\/ul>\n<p>Un travail autour de la toge, l&rsquo;habit des citoyens romains. A partir de personnages dessin\u00e9s, les enfants devront les v\u00eatir \u00e0 l&rsquo;aide de papiers d\u00e9coup\u00e9s, d\u00e9chir\u00e9s, froiss\u00e9s, pliss\u00e9s, pli\u00e9s et coll\u00e9s sur la\/les silhouette(s). Cela s&rsquo;apparentera aux bas-reliefs observ\u00e9s et permettra \u00e0 l&rsquo;enfant de d\u00e9couvrir les multiples fa\u00e7ons d&rsquo;utiliser le papier.<\/p>\n<p>Renseignements et r\u00e9servations\u00a0: 03.29.82.20.33<\/p>\n<p>Courriel\u00a0: <a href=\"mailto:musee-mdaac@vosges.fr\">musee-mdaac@vosges.fr<\/a> \/ Site\u00a0: <a href=\"http:\/\/www.culture.vosges.fr\/\">www.culture.vosges.fr<\/a><\/p>\n<p>Facebook\u00a0: <a href=\"https:\/\/www.facebook.com\/Museedepartemental\">https:\/\/www.facebook.com\/Museedepartemental<\/a><\/p>\n<p><strong><br \/>\nA Grand et Domremy\u00a0:<\/strong><\/p>\n<p>Des visites guid\u00e9es en acc\u00e8s gratuit seront organis\u00e9es \u00e0 11h, 15h et 17h.<\/p>\n<p><strong>Aux Archives D\u00e9partementales\u00a0:<\/strong><\/p>\n<p>Les archives proposeront des visites guid\u00e9es des coulisses du b\u00e2timent.<\/p>\n<p><strong>De plus, l\u2019Exposition \u00ab\u00a0Sous toutes NOS coutures\u00a0\u00bb qui d\u00e9bute le 16\/09\/2016 sera en acc\u00e8s gratuit.<\/strong><\/p>\n<p>L\u2019exposition \u00ab\u00a0Sous toutes NOS coutures\u00a0\u00bb invite les visiteurs \u00e0 d\u00e9couvrir, \u00e0 travers l\u2019histoire du textile vosgien, une fili\u00e8re qui a construit le patrimoine du d\u00e9partement, qui sert aujourd\u2019hui d\u2019appui aux innovations textiles. De nombreux documents et objets en lien avec les apprentissages de la couture, de l\u2019industrie et des savoirs faire, pr\u00eat\u00e9s par des structures vosgiennes, mus\u00e9es (li\u00e9s au textile ou \u00e0 la dentelles), associations ou des collectionneurs priv\u00e9s, int\u00e9resseront petits et grands.<\/p>\n<p><strong>De plus, une randonn\u00e9e \u00ab\u00a0sur le chemin du textile\u00a0\u00bb est organis\u00e9e le 17 septembre \u00e0 9h30 au D\u00e9part des Archives d\u00e9partementales<\/strong>. <strong>Cette randonn\u00e9e permettra notamment de mieux conna\u00eetre l\u2019histoire du textile qui a marqu\u00e9 la ville de Thaon les Vosges avec l\u2019empire Boussac.<\/strong><\/p>\n<p>&nbsp;<\/p>\n<p>Aux\u00a0 Archives d\u00e9partementales \u2013 4 avenue Pierre Blanck 88000 EPINAL<\/p>\n<p>BLOG\u00a0: lincroyableconjugaisonduverbe-coudre.blogspot.fr<\/p>\n<p>Facebook\u00a0: https:\/\/www.facebook.com\/Archives88<\/p>\n","protected":false},"excerpt":{"rendered":"<p>A l\u2019occasion de la 33\u00e8me \u00e9dition des Journ\u00e9es europ\u00e9ennes du patrimoine les 17 et 18 septembre, le mus\u00e9e d\u00e9partemental d\u2019art [&hellip;]<\/p>\n","protected":false},"author":52,"featured_media":65101,"comment_status":"open","ping_status":"open","sticky":false,"template":"","format":"standard","meta":{"footnotes":""},"categories":[20,24],"tags":[70,4760,416,5957],"class_list":["post-65100","post","type-post","status-publish","format-standard","has-post-thumbnail","hentry","category-divertissement","category-epinal","tag-epinal","tag-jeu-de-loie","tag-journees-europeennes-du-patrimoine","tag-musee-departemental-dart-ancien-et-contemporain"],"acf":[],"yoast_head":"<!-- This site is optimized with the Yoast SEO plugin v22.5 - https:\/\/yoast.com\/wordpress\/plugins\/seo\/ -->\n<title>Un jeu de l&#039;oie g\u00e9ant au mus\u00e9e d\u00e9partemental d&#039;Epinal - Epinal Info<\/title>\n<meta name=\"robots\" content=\"index, follow, max-snippet:-1, max-image-preview:large, max-video-preview:-1\" \/>\n<link rel=\"canonical\" href=\"https:\/\/vosgesinfo.fr\/epinalinfo\/2016\/09\/jeu-de-loie-geant-musee-departemental-depinal\/\" \/>\n<meta name=\"twitter:card\" content=\"summary_large_image\" \/>\n<meta name=\"twitter:title\" content=\"Un jeu de l&#039;oie g\u00e9ant au mus\u00e9e d\u00e9partemental d&#039;Epinal - Epinal Info\" \/>\n<meta name=\"twitter:description\" content=\"A l\u2019occasion de la 33\u00e8me \u00e9dition des Journ\u00e9es europ\u00e9ennes du patrimoine les 17 et 18 septembre, le mus\u00e9e d\u00e9partemental d\u2019art [&hellip;]\" \/>\n<meta name=\"twitter:image\" content=\"https:\/\/vosgesinfo.fr\/app\/uploads\/sites\/3\/2024\/08\/201609p1210260.jpg\" \/>\n<meta name=\"twitter:creator\" content=\"@VosgesInfo88\" \/>\n<meta name=\"twitter:site\" content=\"@VosgesInfo88\" \/>\n<meta name=\"twitter:label1\" content=\"\u00c9crit par\" \/>\n\t<meta name=\"twitter:data1\" content=\"C.K.\" \/>\n\t<meta name=\"twitter:label2\" content=\"Dur\u00e9e de lecture estim\u00e9e\" \/>\n\t<meta name=\"twitter:data2\" content=\"2 minutes\" \/>\n<script type=\"application\/ld+json\" class=\"yoast-schema-graph\">{\"@context\":\"https:\/\/schema.org\",\"@graph\":[{\"@type\":\"Article\",\"@id\":\"https:\/\/vosgesinfo.fr\/epinalinfo\/2016\/09\/jeu-de-loie-geant-musee-departemental-depinal\/#article\",\"isPartOf\":{\"@id\":\"https:\/\/vosgesinfo.fr\/epinalinfo\/2016\/09\/jeu-de-loie-geant-musee-departemental-depinal\/\"},\"author\":{\"name\":\"C.K.\",\"@id\":\"https:\/\/vosgesinfo.fr\/epinalinfo\/#\/schema\/person\/6f9a650eeea99d969b6c4ab78fccbe81\"},\"headline\":\"Un jeu de l&rsquo;oie g\u00e9ant au mus\u00e9e d\u00e9partemental d&rsquo;Epinal\",\"datePublished\":\"2016-09-13T10:38:05+00:00\",\"dateModified\":\"2016-09-13T10:38:05+00:00\",\"mainEntityOfPage\":{\"@id\":\"https:\/\/vosgesinfo.fr\/epinalinfo\/2016\/09\/jeu-de-loie-geant-musee-departemental-depinal\/\"},\"wordCount\":483,\"commentCount\":0,\"publisher\":{\"@id\":\"https:\/\/vosgesinfo.fr\/epinalinfo\/#organization\"},\"image\":{\"@id\":\"https:\/\/vosgesinfo.fr\/epinalinfo\/2016\/09\/jeu-de-loie-geant-musee-departemental-depinal\/#primaryimage\"},\"thumbnailUrl\":\"https:\/\/vosgesinfo.fr\/app\/uploads\/sites\/3\/2024\/08\/201609p1210260.jpg\",\"keywords\":[\"Epinal\",\"jeu de l'oie\",\"journ\u00e9es europ\u00e9ennes du patrimoine\",\"mus\u00e9e d\u00e9partemental d'art ancien et contemporain\"],\"articleSection\":[\"Divertissement\",\"Epinal\"],\"inLanguage\":\"fr-FR\",\"potentialAction\":[{\"@type\":\"CommentAction\",\"name\":\"Comment\",\"target\":[\"https:\/\/vosgesinfo.fr\/epinalinfo\/2016\/09\/jeu-de-loie-geant-musee-departemental-depinal\/#respond\"]}]},{\"@type\":\"WebPage\",\"@id\":\"https:\/\/vosgesinfo.fr\/epinalinfo\/2016\/09\/jeu-de-loie-geant-musee-departemental-depinal\/\",\"url\":\"https:\/\/vosgesinfo.fr\/epinalinfo\/2016\/09\/jeu-de-loie-geant-musee-departemental-depinal\/\",\"name\":\"Un jeu de l'oie g\u00e9ant au mus\u00e9e d\u00e9partemental d'Epinal - Epinal Info\",\"isPartOf\":{\"@id\":\"https:\/\/vosgesinfo.fr\/epinalinfo\/#website\"},\"primaryImageOfPage\":{\"@id\":\"https:\/\/vosgesinfo.fr\/epinalinfo\/2016\/09\/jeu-de-loie-geant-musee-departemental-depinal\/#primaryimage\"},\"image\":{\"@id\":\"https:\/\/vosgesinfo.fr\/epinalinfo\/2016\/09\/jeu-de-loie-geant-musee-departemental-depinal\/#primaryimage\"},\"thumbnailUrl\":\"https:\/\/vosgesinfo.fr\/app\/uploads\/sites\/3\/2024\/08\/201609p1210260.jpg\",\"datePublished\":\"2016-09-13T10:38:05+00:00\",\"dateModified\":\"2016-09-13T10:38:05+00:00\",\"breadcrumb\":{\"@id\":\"https:\/\/vosgesinfo.fr\/epinalinfo\/2016\/09\/jeu-de-loie-geant-musee-departemental-depinal\/#breadcrumb\"},\"inLanguage\":\"fr-FR\",\"potentialAction\":[{\"@type\":\"ReadAction\",\"target\":[\"https:\/\/vosgesinfo.fr\/epinalinfo\/2016\/09\/jeu-de-loie-geant-musee-departemental-depinal\/\"]}]},{\"@type\":\"ImageObject\",\"inLanguage\":\"fr-FR\",\"@id\":\"https:\/\/vosgesinfo.fr\/epinalinfo\/2016\/09\/jeu-de-loie-geant-musee-departemental-depinal\/#primaryimage\",\"url\":\"https:\/\/vosgesinfo.fr\/app\/uploads\/sites\/3\/2024\/08\/201609p1210260.jpg\",\"contentUrl\":\"https:\/\/vosgesinfo.fr\/app\/uploads\/sites\/3\/2024\/08\/201609p1210260.jpg\",\"width\":800,\"height\":600},{\"@type\":\"BreadcrumbList\",\"@id\":\"https:\/\/vosgesinfo.fr\/epinalinfo\/2016\/09\/jeu-de-loie-geant-musee-departemental-depinal\/#breadcrumb\",\"itemListElement\":[{\"@type\":\"ListItem\",\"position\":1,\"name\":\"Home\",\"item\":\"https:\/\/vosgesinfo.fr\/epinalinfo\/\"},{\"@type\":\"ListItem\",\"position\":2,\"name\":\"Un jeu de l&rsquo;oie g\u00e9ant au mus\u00e9e d\u00e9partemental d&rsquo;Epinal\"}]},{\"@type\":\"WebSite\",\"@id\":\"https:\/\/vosgesinfo.fr\/epinalinfo\/#website\",\"url\":\"https:\/\/vosgesinfo.fr\/epinalinfo\/\",\"name\":\"Epinal Info\",\"description\":\"Toute l&#039;actualit\u00e9 d&#039;\u00c9pinal\",\"publisher\":{\"@id\":\"https:\/\/vosgesinfo.fr\/epinalinfo\/#organization\"},\"alternateName\":\"Toute l'actualit\u00e9 d'\u00c9pinal\",\"potentialAction\":[{\"@type\":\"SearchAction\",\"target\":{\"@type\":\"EntryPoint\",\"urlTemplate\":\"https:\/\/vosgesinfo.fr\/epinalinfo\/?s={search_term_string}\"},\"query-input\":\"required name=search_term_string\"}],\"inLanguage\":\"fr-FR\"},{\"@type\":\"Organization\",\"@id\":\"https:\/\/vosgesinfo.fr\/epinalinfo\/#organization\",\"name\":\"Epinal Info\",\"url\":\"https:\/\/vosgesinfo.fr\/epinalinfo\/\",\"logo\":{\"@type\":\"ImageObject\",\"inLanguage\":\"fr-FR\",\"@id\":\"https:\/\/vosgesinfo.fr\/epinalinfo\/#\/schema\/logo\/image\/\",\"url\":\"https:\/\/vosgesinfo.fr\/app\/uploads\/sites\/3\/2023\/08\/logo-epinalinfos.svg\",\"contentUrl\":\"https:\/\/vosgesinfo.fr\/app\/uploads\/sites\/3\/2023\/08\/logo-epinalinfos.svg\",\"width\":1,\"height\":1,\"caption\":\"Epinal Info\"},\"image\":{\"@id\":\"https:\/\/vosgesinfo.fr\/epinalinfo\/#\/schema\/logo\/image\/\"},\"sameAs\":[\"https:\/\/www.facebook.com\/Epinalinfos\",\"https:\/\/x.com\/VosgesInfo88\",\"https:\/\/www.youtube.com\/@vosgesinfo\"]},{\"@type\":\"Person\",\"@id\":\"https:\/\/vosgesinfo.fr\/epinalinfo\/#\/schema\/person\/6f9a650eeea99d969b6c4ab78fccbe81\",\"name\":\"C.K.\",\"image\":{\"@type\":\"ImageObject\",\"inLanguage\":\"fr-FR\",\"@id\":\"https:\/\/vosgesinfo.fr\/epinalinfo\/#\/schema\/person\/image\/\",\"url\":\"https:\/\/secure.gravatar.com\/avatar\/48e3fc7f8421ba8942be6b74a2b7f014ca39bc00dece156b7a8e098ae7dc87bf?s=96&d=mm&r=g\",\"contentUrl\":\"https:\/\/secure.gravatar.com\/avatar\/48e3fc7f8421ba8942be6b74a2b7f014ca39bc00dece156b7a8e098ae7dc87bf?s=96&d=mm&r=g\",\"caption\":\"C.K.\"},\"url\":\"https:\/\/vosgesinfo.fr\/epinalinfo\/author\/celia-k-n\/\"}]}<\/script>\n<!-- \/ Yoast SEO plugin. -->","yoast_head_json":{"title":"Un jeu de l'oie g\u00e9ant au mus\u00e9e d\u00e9partemental d'Epinal - Epinal Info","robots":{"index":"index","follow":"follow","max-snippet":"max-snippet:-1","max-image-preview":"max-image-preview:large","max-video-preview":"max-video-preview:-1"},"canonical":"https:\/\/vosgesinfo.fr\/epinalinfo\/2016\/09\/jeu-de-loie-geant-musee-departemental-depinal\/","twitter_card":"summary_large_image","twitter_title":"Un jeu de l'oie g\u00e9ant au mus\u00e9e d\u00e9partemental d'Epinal - Epinal Info","twitter_description":"A l\u2019occasion de la 33\u00e8me \u00e9dition des Journ\u00e9es europ\u00e9ennes du patrimoine les 17 et 18 septembre, le mus\u00e9e d\u00e9partemental d\u2019art [&hellip;]","twitter_image":"https:\/\/vosgesinfo.fr\/app\/uploads\/sites\/3\/2024\/08\/201609p1210260.jpg","twitter_creator":"@VosgesInfo88","twitter_site":"@VosgesInfo88","twitter_misc":{"\u00c9crit par":"C.K.","Dur\u00e9e de lecture estim\u00e9e":"2 minutes"},"schema":{"@context":"https:\/\/schema.org","@graph":[{"@type":"Article","@id":"https:\/\/vosgesinfo.fr\/epinalinfo\/2016\/09\/jeu-de-loie-geant-musee-departemental-depinal\/#article","isPartOf":{"@id":"https:\/\/vosgesinfo.fr\/epinalinfo\/2016\/09\/jeu-de-loie-geant-musee-departemental-depinal\/"},"author":{"name":"C.K.","@id":"https:\/\/vosgesinfo.fr\/epinalinfo\/#\/schema\/person\/6f9a650eeea99d969b6c4ab78fccbe81"},"headline":"Un jeu de l&rsquo;oie g\u00e9ant au mus\u00e9e d\u00e9partemental d&rsquo;Epinal","datePublished":"2016-09-13T10:38:05+00:00","dateModified":"2016-09-13T10:38:05+00:00","mainEntityOfPage":{"@id":"https:\/\/vosgesinfo.fr\/epinalinfo\/2016\/09\/jeu-de-loie-geant-musee-departemental-depinal\/"},"wordCount":483,"commentCount":0,"publisher":{"@id":"https:\/\/vosgesinfo.fr\/epinalinfo\/#organization"},"image":{"@id":"https:\/\/vosgesinfo.fr\/epinalinfo\/2016\/09\/jeu-de-loie-geant-musee-departemental-depinal\/#primaryimage"},"thumbnailUrl":"https:\/\/vosgesinfo.fr\/app\/uploads\/sites\/3\/2024\/08\/201609p1210260.jpg","keywords":["Epinal","jeu de l'oie","journ\u00e9es europ\u00e9ennes du patrimoine","mus\u00e9e d\u00e9partemental d'art ancien et contemporain"],"articleSection":["Divertissement","Epinal"],"inLanguage":"fr-FR","potentialAction":[{"@type":"CommentAction","name":"Comment","target":["https:\/\/vosgesinfo.fr\/epinalinfo\/2016\/09\/jeu-de-loie-geant-musee-departemental-depinal\/#respond"]}]},{"@type":"WebPage","@id":"https:\/\/vosgesinfo.fr\/epinalinfo\/2016\/09\/jeu-de-loie-geant-musee-departemental-depinal\/","url":"https:\/\/vosgesinfo.fr\/epinalinfo\/2016\/09\/jeu-de-loie-geant-musee-departemental-depinal\/","name":"Un jeu de l'oie g\u00e9ant au mus\u00e9e d\u00e9partemental d'Epinal - Epinal Info","isPartOf":{"@id":"https:\/\/vosgesinfo.fr\/epinalinfo\/#website"},"primaryImageOfPage":{"@id":"https:\/\/vosgesinfo.fr\/epinalinfo\/2016\/09\/jeu-de-loie-geant-musee-departemental-depinal\/#primaryimage"},"image":{"@id":"https:\/\/vosgesinfo.fr\/epinalinfo\/2016\/09\/jeu-de-loie-geant-musee-departemental-depinal\/#primaryimage"},"thumbnailUrl":"https:\/\/vosgesinfo.fr\/app\/uploads\/sites\/3\/2024\/08\/201609p1210260.jpg","datePublished":"2016-09-13T10:38:05+00:00","dateModified":"2016-09-13T10:38:05+00:00","breadcrumb":{"@id":"https:\/\/vosgesinfo.fr\/epinalinfo\/2016\/09\/jeu-de-loie-geant-musee-departemental-depinal\/#breadcrumb"},"inLanguage":"fr-FR","potentialAction":[{"@type":"ReadAction","target":["https:\/\/vosgesinfo.fr\/epinalinfo\/2016\/09\/jeu-de-loie-geant-musee-departemental-depinal\/"]}]},{"@type":"ImageObject","inLanguage":"fr-FR","@id":"https:\/\/vosgesinfo.fr\/epinalinfo\/2016\/09\/jeu-de-loie-geant-musee-departemental-depinal\/#primaryimage","url":"https:\/\/vosgesinfo.fr\/app\/uploads\/sites\/3\/2024\/08\/201609p1210260.jpg","contentUrl":"https:\/\/vosgesinfo.fr\/app\/uploads\/sites\/3\/2024\/08\/201609p1210260.jpg","width":800,"height":600},{"@type":"BreadcrumbList","@id":"https:\/\/vosgesinfo.fr\/epinalinfo\/2016\/09\/jeu-de-loie-geant-musee-departemental-depinal\/#breadcrumb","itemListElement":[{"@type":"ListItem","position":1,"name":"Home","item":"https:\/\/vosgesinfo.fr\/epinalinfo\/"},{"@type":"ListItem","position":2,"name":"Un jeu de l&rsquo;oie g\u00e9ant au mus\u00e9e d\u00e9partemental d&rsquo;Epinal"}]},{"@type":"WebSite","@id":"https:\/\/vosgesinfo.fr\/epinalinfo\/#website","url":"https:\/\/vosgesinfo.fr\/epinalinfo\/","name":"Epinal Info","description":"Toute l&#039;actualit\u00e9 d&#039;\u00c9pinal","publisher":{"@id":"https:\/\/vosgesinfo.fr\/epinalinfo\/#organization"},"alternateName":"Toute l'actualit\u00e9 d'\u00c9pinal","potentialAction":[{"@type":"SearchAction","target":{"@type":"EntryPoint","urlTemplate":"https:\/\/vosgesinfo.fr\/epinalinfo\/?s={search_term_string}"},"query-input":"required name=search_term_string"}],"inLanguage":"fr-FR"},{"@type":"Organization","@id":"https:\/\/vosgesinfo.fr\/epinalinfo\/#organization","name":"Epinal Info","url":"https:\/\/vosgesinfo.fr\/epinalinfo\/","logo":{"@type":"ImageObject","inLanguage":"fr-FR","@id":"https:\/\/vosgesinfo.fr\/epinalinfo\/#\/schema\/logo\/image\/","url":"https:\/\/vosgesinfo.fr\/app\/uploads\/sites\/3\/2023\/08\/logo-epinalinfos.svg","contentUrl":"https:\/\/vosgesinfo.fr\/app\/uploads\/sites\/3\/2023\/08\/logo-epinalinfos.svg","width":1,"height":1,"caption":"Epinal Info"},"image":{"@id":"https:\/\/vosgesinfo.fr\/epinalinfo\/#\/schema\/logo\/image\/"},"sameAs":["https:\/\/www.facebook.com\/Epinalinfos","https:\/\/x.com\/VosgesInfo88","https:\/\/www.youtube.com\/@vosgesinfo"]},{"@type":"Person","@id":"https:\/\/vosgesinfo.fr\/epinalinfo\/#\/schema\/person\/6f9a650eeea99d969b6c4ab78fccbe81","name":"C.K.","image":{"@type":"ImageObject","inLanguage":"fr-FR","@id":"https:\/\/vosgesinfo.fr\/epinalinfo\/#\/schema\/person\/image\/","url":"https:\/\/secure.gravatar.com\/avatar\/48e3fc7f8421ba8942be6b74a2b7f014ca39bc00dece156b7a8e098ae7dc87bf?s=96&d=mm&r=g","contentUrl":"https:\/\/secure.gravatar.com\/avatar\/48e3fc7f8421ba8942be6b74a2b7f014ca39bc00dece156b7a8e098ae7dc87bf?s=96&d=mm&r=g","caption":"C.K."},"url":"https:\/\/vosgesinfo.fr\/epinalinfo\/author\/celia-k-n\/"}]}},"_links":{"self":[{"href":"https:\/\/vosgesinfo.fr\/epinalinfo\/wp-json\/wp\/v2\/posts\/65100","targetHints":{"allow":["GET"]}}],"collection":[{"href":"https:\/\/vosgesinfo.fr\/epinalinfo\/wp-json\/wp\/v2\/posts"}],"about":[{"href":"https:\/\/vosgesinfo.fr\/epinalinfo\/wp-json\/wp\/v2\/types\/post"}],"author":[{"embeddable":true,"href":"https:\/\/vosgesinfo.fr\/epinalinfo\/wp-json\/wp\/v2\/users\/52"}],"replies":[{"embeddable":true,"href":"https:\/\/vosgesinfo.fr\/epinalinfo\/wp-json\/wp\/v2\/comments?post=65100"}],"version-history":[{"count":0,"href":"https:\/\/vosgesinfo.fr\/epinalinfo\/wp-json\/wp\/v2\/posts\/65100\/revisions"}],"wp:featuredmedia":[{"embeddable":true,"href":"https:\/\/vosgesinfo.fr\/epinalinfo\/wp-json\/wp\/v2\/media\/65101"}],"wp:attachment":[{"href":"https:\/\/vosgesinfo.fr\/epinalinfo\/wp-json\/wp\/v2\/media?parent=65100"}],"wp:term":[{"taxonomy":"category","embeddable":true,"href":"https:\/\/vosgesinfo.fr\/epinalinfo\/wp-json\/wp\/v2\/categories?post=65100"},{"taxonomy":"post_tag","embeddable":true,"href":"https:\/\/vosgesinfo.fr\/epinalinfo\/wp-json\/wp\/v2\/tags?post=65100"}],"curies":[{"name":"wp","href":"https:\/\/api.w.org\/{rel}","templated":true}]}}