{"id":65114,"date":"2016-09-14T07:57:08","date_gmt":"2016-09-14T05:57:08","guid":{"rendered":"https:\/\/vosgesinfo.fr\/epinalinfo\/2016\/09\/musee-departemental-depinal-rend-hommage-a-limagier-jean-paul-marchal\/"},"modified":"2016-09-14T07:57:08","modified_gmt":"2016-09-14T05:57:08","slug":"musee-departemental-depinal-rend-hommage-a-limagier-jean-paul-marchal","status":"publish","type":"post","link":"https:\/\/vosgesinfo.fr\/epinalinfo\/2016\/09\/musee-departemental-depinal-rend-hommage-a-limagier-jean-paul-marchal\/","title":{"rendered":"Le mus\u00e9e d\u00e9partemental d&rsquo;Epinal rend hommage \u00e0 l&rsquo;imagier Jean-Paul Marchal"},"content":{"rendered":"<p><strong><a href=\"http:\/\/epinalinfos.fr\/2015\/09\/une-image-depinal-commandee-par-les-representants-musulmans-en-signe-de-paix-video\/image-jean-paul-marchal\/\" rel=\"attachment wp-att-64537\"><img decoding=\"async\" class=\"aligncenter size-full wp-image-64537\" src=\"\/2015\/09\/image-jean-paul-marchal.jpg\" alt=\"image-jean-paul-marchal\" width=\"1024\" height=\"768\" \/><\/a>Du 19 octobre 2016 au 30 janvier 2017, le mus\u00e9e d\u00e9partemental d&rsquo;art ancien et contemporain d&rsquo;Epinal rendra hommage \u00e0 l&rsquo;imagier Spinalien Jean-Paul Marchal. Une r\u00e9trospective \u00e9tait pr\u00e9vue avant son d\u00e9c\u00e8s. Suite aux\u00a0\u00e9v\u00e9nements, cette exposition prendra la forme d&rsquo;un hommage.\u00a0<\/strong><\/p>\n<p>Passionn\u00e9 de p\u00e9dagogie et d\u2019art, Jean-Paul Marchal\u00a0 exer\u00e7a d\u2019abord le m\u00e9tier d\u2019instituteur \u00e0 \u00c9pinal. C\u2019est au sortir de cette premi\u00e8re vie qu\u2019il se consacre au m\u00e9tier de typographe et d\u2019imagier \u00e0 l\u2019Atelier du Moulin fond\u00e9 en 1980. Form\u00e9 pendant quatre ann\u00e9es par Jean Durand, ma\u00eetre imprimeur, Jean-Paul Marchal se tourne progressivement vers la gravure sur bois sur linoleum (linogravure), sans d\u00e9laisser la typographie. Il collabore \u00e0 de nombreux projets de l\u2019Imagerie d\u2019\u00c9pinal.<\/p>\n","protected":false},"excerpt":{"rendered":"<p>Du 19 octobre 2016 au 30 janvier 2017, le mus\u00e9e d\u00e9partemental d&rsquo;art ancien et contemporain d&rsquo;Epinal rendra hommage \u00e0 l&rsquo;imagier [&hellip;]<\/p>\n","protected":false},"author":52,"featured_media":65115,"comment_status":"open","ping_status":"open","sticky":false,"template":"","format":"standard","meta":{"footnotes":""},"categories":[22,12,24],"tags":[70,1045,8621,5957],"class_list":["post-65114","post","type-post","status-publish","format-standard","has-post-thumbnail","hentry","category-a-la-une","category-culture","category-epinal","tag-epinal","tag-exposition","tag-jean-paul-marchal","tag-musee-departemental-dart-ancien-et-contemporain"],"acf":[],"yoast_head":"<!-- This site is optimized with the Yoast SEO plugin v22.5 - https:\/\/yoast.com\/wordpress\/plugins\/seo\/ -->\n<title>Le mus\u00e9e d\u00e9partemental d&#039;Epinal rend hommage \u00e0 l&#039;imagier Jean-Paul Marchal - Epinal Info<\/title>\n<meta name=\"robots\" content=\"index, follow, max-snippet:-1, max-image-preview:large, max-video-preview:-1\" \/>\n<link rel=\"canonical\" href=\"https:\/\/vosgesinfo.fr\/epinalinfo\/2016\/09\/musee-departemental-depinal-rend-hommage-a-limagier-jean-paul-marchal\/\" \/>\n<meta name=\"twitter:card\" content=\"summary_large_image\" \/>\n<meta name=\"twitter:title\" content=\"Le mus\u00e9e d\u00e9partemental d&#039;Epinal rend hommage \u00e0 l&#039;imagier Jean-Paul Marchal - Epinal Info\" \/>\n<meta name=\"twitter:description\" content=\"Du 19 octobre 2016 au 30 janvier 2017, le mus\u00e9e d\u00e9partemental d&rsquo;art ancien et contemporain d&rsquo;Epinal rendra hommage \u00e0 l&rsquo;imagier [&hellip;]\" \/>\n<meta name=\"twitter:image\" content=\"https:\/\/vosgesinfo.fr\/app\/uploads\/sites\/3\/2024\/08\/201509image-jean-paul-marchal-1.jpg\" \/>\n<meta name=\"twitter:creator\" content=\"@VosgesInfo88\" \/>\n<meta name=\"twitter:site\" content=\"@VosgesInfo88\" \/>\n<meta name=\"twitter:label1\" content=\"\u00c9crit par\" \/>\n\t<meta name=\"twitter:data1\" content=\"C.K.\" \/>\n\t<meta name=\"twitter:label2\" content=\"Dur\u00e9e de lecture estim\u00e9e\" \/>\n\t<meta name=\"twitter:data2\" content=\"1 minute\" \/>\n<script type=\"application\/ld+json\" class=\"yoast-schema-graph\">{\"@context\":\"https:\/\/schema.org\",\"@graph\":[{\"@type\":\"Article\",\"@id\":\"https:\/\/vosgesinfo.fr\/epinalinfo\/2016\/09\/musee-departemental-depinal-rend-hommage-a-limagier-jean-paul-marchal\/#article\",\"isPartOf\":{\"@id\":\"https:\/\/vosgesinfo.fr\/epinalinfo\/2016\/09\/musee-departemental-depinal-rend-hommage-a-limagier-jean-paul-marchal\/\"},\"author\":{\"name\":\"C.K.\",\"@id\":\"https:\/\/vosgesinfo.fr\/epinalinfo\/#\/schema\/person\/6f9a650eeea99d969b6c4ab78fccbe81\"},\"headline\":\"Le mus\u00e9e d\u00e9partemental d&rsquo;Epinal rend hommage \u00e0 l&rsquo;imagier Jean-Paul Marchal\",\"datePublished\":\"2016-09-14T05:57:08+00:00\",\"dateModified\":\"2016-09-14T05:57:08+00:00\",\"mainEntityOfPage\":{\"@id\":\"https:\/\/vosgesinfo.fr\/epinalinfo\/2016\/09\/musee-departemental-depinal-rend-hommage-a-limagier-jean-paul-marchal\/\"},\"wordCount\":144,\"commentCount\":0,\"publisher\":{\"@id\":\"https:\/\/vosgesinfo.fr\/epinalinfo\/#organization\"},\"image\":{\"@id\":\"https:\/\/vosgesinfo.fr\/epinalinfo\/2016\/09\/musee-departemental-depinal-rend-hommage-a-limagier-jean-paul-marchal\/#primaryimage\"},\"thumbnailUrl\":\"https:\/\/vosgesinfo.fr\/app\/uploads\/sites\/3\/2024\/08\/201509image-jean-paul-marchal-1.jpg\",\"keywords\":[\"Epinal\",\"exposition\",\"Jean-Paul Marchal\",\"mus\u00e9e d\u00e9partemental d'art ancien et contemporain\"],\"articleSection\":[\"A la Une\",\"Culture\",\"Epinal\"],\"inLanguage\":\"fr-FR\",\"potentialAction\":[{\"@type\":\"CommentAction\",\"name\":\"Comment\",\"target\":[\"https:\/\/vosgesinfo.fr\/epinalinfo\/2016\/09\/musee-departemental-depinal-rend-hommage-a-limagier-jean-paul-marchal\/#respond\"]}]},{\"@type\":\"WebPage\",\"@id\":\"https:\/\/vosgesinfo.fr\/epinalinfo\/2016\/09\/musee-departemental-depinal-rend-hommage-a-limagier-jean-paul-marchal\/\",\"url\":\"https:\/\/vosgesinfo.fr\/epinalinfo\/2016\/09\/musee-departemental-depinal-rend-hommage-a-limagier-jean-paul-marchal\/\",\"name\":\"Le mus\u00e9e d\u00e9partemental d'Epinal rend hommage \u00e0 l'imagier Jean-Paul Marchal - Epinal Info\",\"isPartOf\":{\"@id\":\"https:\/\/vosgesinfo.fr\/epinalinfo\/#website\"},\"primaryImageOfPage\":{\"@id\":\"https:\/\/vosgesinfo.fr\/epinalinfo\/2016\/09\/musee-departemental-depinal-rend-hommage-a-limagier-jean-paul-marchal\/#primaryimage\"},\"image\":{\"@id\":\"https:\/\/vosgesinfo.fr\/epinalinfo\/2016\/09\/musee-departemental-depinal-rend-hommage-a-limagier-jean-paul-marchal\/#primaryimage\"},\"thumbnailUrl\":\"https:\/\/vosgesinfo.fr\/app\/uploads\/sites\/3\/2024\/08\/201509image-jean-paul-marchal-1.jpg\",\"datePublished\":\"2016-09-14T05:57:08+00:00\",\"dateModified\":\"2016-09-14T05:57:08+00:00\",\"breadcrumb\":{\"@id\":\"https:\/\/vosgesinfo.fr\/epinalinfo\/2016\/09\/musee-departemental-depinal-rend-hommage-a-limagier-jean-paul-marchal\/#breadcrumb\"},\"inLanguage\":\"fr-FR\",\"potentialAction\":[{\"@type\":\"ReadAction\",\"target\":[\"https:\/\/vosgesinfo.fr\/epinalinfo\/2016\/09\/musee-departemental-depinal-rend-hommage-a-limagier-jean-paul-marchal\/\"]}]},{\"@type\":\"ImageObject\",\"inLanguage\":\"fr-FR\",\"@id\":\"https:\/\/vosgesinfo.fr\/epinalinfo\/2016\/09\/musee-departemental-depinal-rend-hommage-a-limagier-jean-paul-marchal\/#primaryimage\",\"url\":\"https:\/\/vosgesinfo.fr\/app\/uploads\/sites\/3\/2024\/08\/201509image-jean-paul-marchal-1.jpg\",\"contentUrl\":\"https:\/\/vosgesinfo.fr\/app\/uploads\/sites\/3\/2024\/08\/201509image-jean-paul-marchal-1.jpg\",\"width\":1024,\"height\":768},{\"@type\":\"BreadcrumbList\",\"@id\":\"https:\/\/vosgesinfo.fr\/epinalinfo\/2016\/09\/musee-departemental-depinal-rend-hommage-a-limagier-jean-paul-marchal\/#breadcrumb\",\"itemListElement\":[{\"@type\":\"ListItem\",\"position\":1,\"name\":\"Home\",\"item\":\"https:\/\/vosgesinfo.fr\/epinalinfo\/\"},{\"@type\":\"ListItem\",\"position\":2,\"name\":\"Le mus\u00e9e d\u00e9partemental d&rsquo;Epinal rend hommage \u00e0 l&rsquo;imagier Jean-Paul Marchal\"}]},{\"@type\":\"WebSite\",\"@id\":\"https:\/\/vosgesinfo.fr\/epinalinfo\/#website\",\"url\":\"https:\/\/vosgesinfo.fr\/epinalinfo\/\",\"name\":\"Epinal Info\",\"description\":\"Toute l&#039;actualit\u00e9 d&#039;\u00c9pinal\",\"publisher\":{\"@id\":\"https:\/\/vosgesinfo.fr\/epinalinfo\/#organization\"},\"alternateName\":\"Toute l'actualit\u00e9 d'\u00c9pinal\",\"potentialAction\":[{\"@type\":\"SearchAction\",\"target\":{\"@type\":\"EntryPoint\",\"urlTemplate\":\"https:\/\/vosgesinfo.fr\/epinalinfo\/?s={search_term_string}\"},\"query-input\":\"required name=search_term_string\"}],\"inLanguage\":\"fr-FR\"},{\"@type\":\"Organization\",\"@id\":\"https:\/\/vosgesinfo.fr\/epinalinfo\/#organization\",\"name\":\"Epinal Info\",\"url\":\"https:\/\/vosgesinfo.fr\/epinalinfo\/\",\"logo\":{\"@type\":\"ImageObject\",\"inLanguage\":\"fr-FR\",\"@id\":\"https:\/\/vosgesinfo.fr\/epinalinfo\/#\/schema\/logo\/image\/\",\"url\":\"https:\/\/vosgesinfo.fr\/app\/uploads\/sites\/3\/2023\/08\/logo-epinalinfos.svg\",\"contentUrl\":\"https:\/\/vosgesinfo.fr\/app\/uploads\/sites\/3\/2023\/08\/logo-epinalinfos.svg\",\"width\":1,\"height\":1,\"caption\":\"Epinal Info\"},\"image\":{\"@id\":\"https:\/\/vosgesinfo.fr\/epinalinfo\/#\/schema\/logo\/image\/\"},\"sameAs\":[\"https:\/\/www.facebook.com\/Epinalinfos\",\"https:\/\/x.com\/VosgesInfo88\",\"https:\/\/www.youtube.com\/@vosgesinfo\"]},{\"@type\":\"Person\",\"@id\":\"https:\/\/vosgesinfo.fr\/epinalinfo\/#\/schema\/person\/6f9a650eeea99d969b6c4ab78fccbe81\",\"name\":\"C.K.\",\"image\":{\"@type\":\"ImageObject\",\"inLanguage\":\"fr-FR\",\"@id\":\"https:\/\/vosgesinfo.fr\/epinalinfo\/#\/schema\/person\/image\/\",\"url\":\"https:\/\/secure.gravatar.com\/avatar\/48e3fc7f8421ba8942be6b74a2b7f014ca39bc00dece156b7a8e098ae7dc87bf?s=96&d=mm&r=g\",\"contentUrl\":\"https:\/\/secure.gravatar.com\/avatar\/48e3fc7f8421ba8942be6b74a2b7f014ca39bc00dece156b7a8e098ae7dc87bf?s=96&d=mm&r=g\",\"caption\":\"C.K.\"},\"url\":\"https:\/\/vosgesinfo.fr\/epinalinfo\/author\/celia-k-n\/\"}]}<\/script>\n<!-- \/ Yoast SEO plugin. -->","yoast_head_json":{"title":"Le mus\u00e9e d\u00e9partemental d'Epinal rend hommage \u00e0 l'imagier Jean-Paul Marchal - Epinal Info","robots":{"index":"index","follow":"follow","max-snippet":"max-snippet:-1","max-image-preview":"max-image-preview:large","max-video-preview":"max-video-preview:-1"},"canonical":"https:\/\/vosgesinfo.fr\/epinalinfo\/2016\/09\/musee-departemental-depinal-rend-hommage-a-limagier-jean-paul-marchal\/","twitter_card":"summary_large_image","twitter_title":"Le mus\u00e9e d\u00e9partemental d'Epinal rend hommage \u00e0 l'imagier Jean-Paul Marchal - Epinal Info","twitter_description":"Du 19 octobre 2016 au 30 janvier 2017, le mus\u00e9e d\u00e9partemental d&rsquo;art ancien et contemporain d&rsquo;Epinal rendra hommage \u00e0 l&rsquo;imagier [&hellip;]","twitter_image":"https:\/\/vosgesinfo.fr\/app\/uploads\/sites\/3\/2024\/08\/201509image-jean-paul-marchal-1.jpg","twitter_creator":"@VosgesInfo88","twitter_site":"@VosgesInfo88","twitter_misc":{"\u00c9crit par":"C.K.","Dur\u00e9e de lecture estim\u00e9e":"1 minute"},"schema":{"@context":"https:\/\/schema.org","@graph":[{"@type":"Article","@id":"https:\/\/vosgesinfo.fr\/epinalinfo\/2016\/09\/musee-departemental-depinal-rend-hommage-a-limagier-jean-paul-marchal\/#article","isPartOf":{"@id":"https:\/\/vosgesinfo.fr\/epinalinfo\/2016\/09\/musee-departemental-depinal-rend-hommage-a-limagier-jean-paul-marchal\/"},"author":{"name":"C.K.","@id":"https:\/\/vosgesinfo.fr\/epinalinfo\/#\/schema\/person\/6f9a650eeea99d969b6c4ab78fccbe81"},"headline":"Le mus\u00e9e d\u00e9partemental d&rsquo;Epinal rend hommage \u00e0 l&rsquo;imagier Jean-Paul Marchal","datePublished":"2016-09-14T05:57:08+00:00","dateModified":"2016-09-14T05:57:08+00:00","mainEntityOfPage":{"@id":"https:\/\/vosgesinfo.fr\/epinalinfo\/2016\/09\/musee-departemental-depinal-rend-hommage-a-limagier-jean-paul-marchal\/"},"wordCount":144,"commentCount":0,"publisher":{"@id":"https:\/\/vosgesinfo.fr\/epinalinfo\/#organization"},"image":{"@id":"https:\/\/vosgesinfo.fr\/epinalinfo\/2016\/09\/musee-departemental-depinal-rend-hommage-a-limagier-jean-paul-marchal\/#primaryimage"},"thumbnailUrl":"https:\/\/vosgesinfo.fr\/app\/uploads\/sites\/3\/2024\/08\/201509image-jean-paul-marchal-1.jpg","keywords":["Epinal","exposition","Jean-Paul Marchal","mus\u00e9e d\u00e9partemental d'art ancien et contemporain"],"articleSection":["A la Une","Culture","Epinal"],"inLanguage":"fr-FR","potentialAction":[{"@type":"CommentAction","name":"Comment","target":["https:\/\/vosgesinfo.fr\/epinalinfo\/2016\/09\/musee-departemental-depinal-rend-hommage-a-limagier-jean-paul-marchal\/#respond"]}]},{"@type":"WebPage","@id":"https:\/\/vosgesinfo.fr\/epinalinfo\/2016\/09\/musee-departemental-depinal-rend-hommage-a-limagier-jean-paul-marchal\/","url":"https:\/\/vosgesinfo.fr\/epinalinfo\/2016\/09\/musee-departemental-depinal-rend-hommage-a-limagier-jean-paul-marchal\/","name":"Le mus\u00e9e d\u00e9partemental d'Epinal rend hommage \u00e0 l'imagier Jean-Paul Marchal - Epinal Info","isPartOf":{"@id":"https:\/\/vosgesinfo.fr\/epinalinfo\/#website"},"primaryImageOfPage":{"@id":"https:\/\/vosgesinfo.fr\/epinalinfo\/2016\/09\/musee-departemental-depinal-rend-hommage-a-limagier-jean-paul-marchal\/#primaryimage"},"image":{"@id":"https:\/\/vosgesinfo.fr\/epinalinfo\/2016\/09\/musee-departemental-depinal-rend-hommage-a-limagier-jean-paul-marchal\/#primaryimage"},"thumbnailUrl":"https:\/\/vosgesinfo.fr\/app\/uploads\/sites\/3\/2024\/08\/201509image-jean-paul-marchal-1.jpg","datePublished":"2016-09-14T05:57:08+00:00","dateModified":"2016-09-14T05:57:08+00:00","breadcrumb":{"@id":"https:\/\/vosgesinfo.fr\/epinalinfo\/2016\/09\/musee-departemental-depinal-rend-hommage-a-limagier-jean-paul-marchal\/#breadcrumb"},"inLanguage":"fr-FR","potentialAction":[{"@type":"ReadAction","target":["https:\/\/vosgesinfo.fr\/epinalinfo\/2016\/09\/musee-departemental-depinal-rend-hommage-a-limagier-jean-paul-marchal\/"]}]},{"@type":"ImageObject","inLanguage":"fr-FR","@id":"https:\/\/vosgesinfo.fr\/epinalinfo\/2016\/09\/musee-departemental-depinal-rend-hommage-a-limagier-jean-paul-marchal\/#primaryimage","url":"https:\/\/vosgesinfo.fr\/app\/uploads\/sites\/3\/2024\/08\/201509image-jean-paul-marchal-1.jpg","contentUrl":"https:\/\/vosgesinfo.fr\/app\/uploads\/sites\/3\/2024\/08\/201509image-jean-paul-marchal-1.jpg","width":1024,"height":768},{"@type":"BreadcrumbList","@id":"https:\/\/vosgesinfo.fr\/epinalinfo\/2016\/09\/musee-departemental-depinal-rend-hommage-a-limagier-jean-paul-marchal\/#breadcrumb","itemListElement":[{"@type":"ListItem","position":1,"name":"Home","item":"https:\/\/vosgesinfo.fr\/epinalinfo\/"},{"@type":"ListItem","position":2,"name":"Le mus\u00e9e d\u00e9partemental d&rsquo;Epinal rend hommage \u00e0 l&rsquo;imagier Jean-Paul Marchal"}]},{"@type":"WebSite","@id":"https:\/\/vosgesinfo.fr\/epinalinfo\/#website","url":"https:\/\/vosgesinfo.fr\/epinalinfo\/","name":"Epinal Info","description":"Toute l&#039;actualit\u00e9 d&#039;\u00c9pinal","publisher":{"@id":"https:\/\/vosgesinfo.fr\/epinalinfo\/#organization"},"alternateName":"Toute l'actualit\u00e9 d'\u00c9pinal","potentialAction":[{"@type":"SearchAction","target":{"@type":"EntryPoint","urlTemplate":"https:\/\/vosgesinfo.fr\/epinalinfo\/?s={search_term_string}"},"query-input":"required name=search_term_string"}],"inLanguage":"fr-FR"},{"@type":"Organization","@id":"https:\/\/vosgesinfo.fr\/epinalinfo\/#organization","name":"Epinal Info","url":"https:\/\/vosgesinfo.fr\/epinalinfo\/","logo":{"@type":"ImageObject","inLanguage":"fr-FR","@id":"https:\/\/vosgesinfo.fr\/epinalinfo\/#\/schema\/logo\/image\/","url":"https:\/\/vosgesinfo.fr\/app\/uploads\/sites\/3\/2023\/08\/logo-epinalinfos.svg","contentUrl":"https:\/\/vosgesinfo.fr\/app\/uploads\/sites\/3\/2023\/08\/logo-epinalinfos.svg","width":1,"height":1,"caption":"Epinal Info"},"image":{"@id":"https:\/\/vosgesinfo.fr\/epinalinfo\/#\/schema\/logo\/image\/"},"sameAs":["https:\/\/www.facebook.com\/Epinalinfos","https:\/\/x.com\/VosgesInfo88","https:\/\/www.youtube.com\/@vosgesinfo"]},{"@type":"Person","@id":"https:\/\/vosgesinfo.fr\/epinalinfo\/#\/schema\/person\/6f9a650eeea99d969b6c4ab78fccbe81","name":"C.K.","image":{"@type":"ImageObject","inLanguage":"fr-FR","@id":"https:\/\/vosgesinfo.fr\/epinalinfo\/#\/schema\/person\/image\/","url":"https:\/\/secure.gravatar.com\/avatar\/48e3fc7f8421ba8942be6b74a2b7f014ca39bc00dece156b7a8e098ae7dc87bf?s=96&d=mm&r=g","contentUrl":"https:\/\/secure.gravatar.com\/avatar\/48e3fc7f8421ba8942be6b74a2b7f014ca39bc00dece156b7a8e098ae7dc87bf?s=96&d=mm&r=g","caption":"C.K."},"url":"https:\/\/vosgesinfo.fr\/epinalinfo\/author\/celia-k-n\/"}]}},"_links":{"self":[{"href":"https:\/\/vosgesinfo.fr\/epinalinfo\/wp-json\/wp\/v2\/posts\/65114","targetHints":{"allow":["GET"]}}],"collection":[{"href":"https:\/\/vosgesinfo.fr\/epinalinfo\/wp-json\/wp\/v2\/posts"}],"about":[{"href":"https:\/\/vosgesinfo.fr\/epinalinfo\/wp-json\/wp\/v2\/types\/post"}],"author":[{"embeddable":true,"href":"https:\/\/vosgesinfo.fr\/epinalinfo\/wp-json\/wp\/v2\/users\/52"}],"replies":[{"embeddable":true,"href":"https:\/\/vosgesinfo.fr\/epinalinfo\/wp-json\/wp\/v2\/comments?post=65114"}],"version-history":[{"count":0,"href":"https:\/\/vosgesinfo.fr\/epinalinfo\/wp-json\/wp\/v2\/posts\/65114\/revisions"}],"wp:featuredmedia":[{"embeddable":true,"href":"https:\/\/vosgesinfo.fr\/epinalinfo\/wp-json\/wp\/v2\/media\/65115"}],"wp:attachment":[{"href":"https:\/\/vosgesinfo.fr\/epinalinfo\/wp-json\/wp\/v2\/media?parent=65114"}],"wp:term":[{"taxonomy":"category","embeddable":true,"href":"https:\/\/vosgesinfo.fr\/epinalinfo\/wp-json\/wp\/v2\/categories?post=65114"},{"taxonomy":"post_tag","embeddable":true,"href":"https:\/\/vosgesinfo.fr\/epinalinfo\/wp-json\/wp\/v2\/tags?post=65114"}],"curies":[{"name":"wp","href":"https:\/\/api.w.org\/{rel}","templated":true}]}}