{"id":65120,"date":"2016-09-14T12:09:13","date_gmt":"2016-09-14T10:09:13","guid":{"rendered":"https:\/\/vosgesinfo.fr\/epinalinfo\/2016\/09\/elections-departementales-canton-de-gerardmer-front-national-sortait-chapeau\/"},"modified":"2016-09-14T12:09:13","modified_gmt":"2016-09-14T10:09:13","slug":"elections-departementales-canton-de-gerardmer-front-national-sortait-chapeau","status":"publish","type":"post","link":"https:\/\/vosgesinfo.fr\/epinalinfo\/2016\/09\/elections-departementales-canton-de-gerardmer-front-national-sortait-chapeau\/","title":{"rendered":"\u00c9lections D\u00e9partementales canton de G\u00e9rardmer \u2013 Et si le Front National sortait du chapeau"},"content":{"rendered":"<p><a href=\"http:\/\/epinalinfos.fr\/2016\/09\/elections-departementales-canton-de-gerardmer-front-national-sortait-chapeau\/carte-electorale1-383x255\/\" rel=\"attachment wp-att-99873\"><img decoding=\"async\" class=\"size-full wp-image-99873 alignleft\" src=\"\/2016\/09\/carte-\u00e9lectorale1-383x255.jpg\" alt=\"carte-\u00e9lectorale1-383x255\" width=\"383\" height=\"255\" \/><\/a>Avec trois candidatures d\u00e9pos\u00e9es en pr\u00e9fecture,\u00a0 on se dirige vers une triangulaire au 1er tour des \u00e9lections d\u00e9partementales du canton de G\u00e9rardmer le 2 octobre prochain. Mais peut-\u00eatre \u00e9galement vers une seconde triangulaire\u00a0 une semaine plus tard avec la pr\u00e9sence des bin\u00f4mes Gilbert Poirot\/Jacqueline Valentin (divers gauche), Franck Lemaire\/\u00c9lisabeth Klipfel (LR) et Dominique Thomas\/Lydie Mathis (FN).<\/p>\n<p>Sauf \u00e9lection au premier tour avec 51% des voix des inscrits, ce qui est quasiment improbable,\u00a0 pour figurer au second tour il faudra que les candidats enregistrent\u00a0 12,5% de voix, toujours\u00a0 des inscrits : chose qui est\u00a0 cette fois tout \u00e0 fait possible.<\/p>\n<p>Ainsi, sauf d\u00e9sistement d\u2019un bin\u00f4me au profit d\u2019un autre (rien n\u2019est garanti), on pourrait assister \u00e0 l\u2019\u00e9mergence du Front National, celui ayant r\u00e9alis\u00e9 lors de la derni\u00e8re \u00e9lection 36,18 % des voix sur le canton aujourd\u2019hui agrandi \u00e0 17 communes pour 26 000 habitants. La question de fond se pose forc\u00e9ment d\u00e9j\u00e0 dans les \u00e9tats majors politiques, m\u00eame si le taux d\u2019abstention va peser lourd dans la balance<\/p>\n","protected":false},"excerpt":{"rendered":"<p>Avec trois candidatures d\u00e9pos\u00e9es en pr\u00e9fecture,\u00a0 on se dirige vers une triangulaire au 1er tour des \u00e9lections d\u00e9partementales du canton [&hellip;]<\/p>\n","protected":false},"author":52,"featured_media":65121,"comment_status":"open","ping_status":"open","sticky":false,"template":"","format":"standard","meta":{"footnotes":""},"categories":[9],"tags":[8773,8768,1384],"class_list":["post-65120","post","type-post","status-publish","format-standard","has-post-thumbnail","hentry","category-politique","tag-elections-departementales","tag-front-national","tag-gerardmer"],"acf":[],"yoast_head":"<!-- This site is optimized with the Yoast SEO plugin v22.5 - https:\/\/yoast.com\/wordpress\/plugins\/seo\/ -->\n<title>\u00c9lections D\u00e9partementales canton de G\u00e9rardmer \u2013 Et si le Front National sortait du chapeau - Epinal Info<\/title>\n<meta name=\"robots\" content=\"index, follow, max-snippet:-1, max-image-preview:large, max-video-preview:-1\" \/>\n<link rel=\"canonical\" href=\"https:\/\/vosgesinfo.fr\/epinalinfo\/2016\/09\/elections-departementales-canton-de-gerardmer-front-national-sortait-chapeau\/\" \/>\n<meta name=\"twitter:card\" content=\"summary_large_image\" \/>\n<meta name=\"twitter:title\" content=\"\u00c9lections D\u00e9partementales canton de G\u00e9rardmer \u2013 Et si le Front National sortait du chapeau - Epinal Info\" \/>\n<meta name=\"twitter:description\" content=\"Avec trois candidatures d\u00e9pos\u00e9es en pr\u00e9fecture,\u00a0 on se dirige vers une triangulaire au 1er tour des \u00e9lections d\u00e9partementales du canton [&hellip;]\" \/>\n<meta name=\"twitter:image\" content=\"https:\/\/vosgesinfo.fr\/app\/uploads\/sites\/3\/2024\/08\/201609carte-electorale1-383x255-1.jpg\" \/>\n<meta name=\"twitter:creator\" content=\"@VosgesInfo88\" \/>\n<meta name=\"twitter:site\" content=\"@VosgesInfo88\" \/>\n<meta name=\"twitter:label1\" content=\"\u00c9crit par\" \/>\n\t<meta name=\"twitter:data1\" content=\"C.K.\" \/>\n\t<meta name=\"twitter:label2\" content=\"Dur\u00e9e de lecture estim\u00e9e\" \/>\n\t<meta name=\"twitter:data2\" content=\"1 minute\" \/>\n<script type=\"application\/ld+json\" class=\"yoast-schema-graph\">{\"@context\":\"https:\/\/schema.org\",\"@graph\":[{\"@type\":\"Article\",\"@id\":\"https:\/\/vosgesinfo.fr\/epinalinfo\/2016\/09\/elections-departementales-canton-de-gerardmer-front-national-sortait-chapeau\/#article\",\"isPartOf\":{\"@id\":\"https:\/\/vosgesinfo.fr\/epinalinfo\/2016\/09\/elections-departementales-canton-de-gerardmer-front-national-sortait-chapeau\/\"},\"author\":{\"name\":\"C.K.\",\"@id\":\"https:\/\/vosgesinfo.fr\/epinalinfo\/#\/schema\/person\/6f9a650eeea99d969b6c4ab78fccbe81\"},\"headline\":\"\u00c9lections D\u00e9partementales canton de G\u00e9rardmer \u2013 Et si le Front National sortait du chapeau\",\"datePublished\":\"2016-09-14T10:09:13+00:00\",\"dateModified\":\"2016-09-14T10:09:13+00:00\",\"mainEntityOfPage\":{\"@id\":\"https:\/\/vosgesinfo.fr\/epinalinfo\/2016\/09\/elections-departementales-canton-de-gerardmer-front-national-sortait-chapeau\/\"},\"wordCount\":194,\"commentCount\":0,\"publisher\":{\"@id\":\"https:\/\/vosgesinfo.fr\/epinalinfo\/#organization\"},\"image\":{\"@id\":\"https:\/\/vosgesinfo.fr\/epinalinfo\/2016\/09\/elections-departementales-canton-de-gerardmer-front-national-sortait-chapeau\/#primaryimage\"},\"thumbnailUrl\":\"https:\/\/vosgesinfo.fr\/app\/uploads\/sites\/3\/2024\/08\/201609carte-electorale1-383x255-1.jpg\",\"keywords\":[\"\u00e9lections d\u00e9partementales\",\"Front National\",\"G\u00e9rardmer\"],\"articleSection\":[\"Politique\"],\"inLanguage\":\"fr-FR\",\"potentialAction\":[{\"@type\":\"CommentAction\",\"name\":\"Comment\",\"target\":[\"https:\/\/vosgesinfo.fr\/epinalinfo\/2016\/09\/elections-departementales-canton-de-gerardmer-front-national-sortait-chapeau\/#respond\"]}]},{\"@type\":\"WebPage\",\"@id\":\"https:\/\/vosgesinfo.fr\/epinalinfo\/2016\/09\/elections-departementales-canton-de-gerardmer-front-national-sortait-chapeau\/\",\"url\":\"https:\/\/vosgesinfo.fr\/epinalinfo\/2016\/09\/elections-departementales-canton-de-gerardmer-front-national-sortait-chapeau\/\",\"name\":\"\u00c9lections D\u00e9partementales canton de G\u00e9rardmer \u2013 Et si le Front National sortait du chapeau - Epinal Info\",\"isPartOf\":{\"@id\":\"https:\/\/vosgesinfo.fr\/epinalinfo\/#website\"},\"primaryImageOfPage\":{\"@id\":\"https:\/\/vosgesinfo.fr\/epinalinfo\/2016\/09\/elections-departementales-canton-de-gerardmer-front-national-sortait-chapeau\/#primaryimage\"},\"image\":{\"@id\":\"https:\/\/vosgesinfo.fr\/epinalinfo\/2016\/09\/elections-departementales-canton-de-gerardmer-front-national-sortait-chapeau\/#primaryimage\"},\"thumbnailUrl\":\"https:\/\/vosgesinfo.fr\/app\/uploads\/sites\/3\/2024\/08\/201609carte-electorale1-383x255-1.jpg\",\"datePublished\":\"2016-09-14T10:09:13+00:00\",\"dateModified\":\"2016-09-14T10:09:13+00:00\",\"breadcrumb\":{\"@id\":\"https:\/\/vosgesinfo.fr\/epinalinfo\/2016\/09\/elections-departementales-canton-de-gerardmer-front-national-sortait-chapeau\/#breadcrumb\"},\"inLanguage\":\"fr-FR\",\"potentialAction\":[{\"@type\":\"ReadAction\",\"target\":[\"https:\/\/vosgesinfo.fr\/epinalinfo\/2016\/09\/elections-departementales-canton-de-gerardmer-front-national-sortait-chapeau\/\"]}]},{\"@type\":\"ImageObject\",\"inLanguage\":\"fr-FR\",\"@id\":\"https:\/\/vosgesinfo.fr\/epinalinfo\/2016\/09\/elections-departementales-canton-de-gerardmer-front-national-sortait-chapeau\/#primaryimage\",\"url\":\"https:\/\/vosgesinfo.fr\/app\/uploads\/sites\/3\/2024\/08\/201609carte-electorale1-383x255-1.jpg\",\"contentUrl\":\"https:\/\/vosgesinfo.fr\/app\/uploads\/sites\/3\/2024\/08\/201609carte-electorale1-383x255-1.jpg\",\"width\":383,\"height\":255},{\"@type\":\"BreadcrumbList\",\"@id\":\"https:\/\/vosgesinfo.fr\/epinalinfo\/2016\/09\/elections-departementales-canton-de-gerardmer-front-national-sortait-chapeau\/#breadcrumb\",\"itemListElement\":[{\"@type\":\"ListItem\",\"position\":1,\"name\":\"Home\",\"item\":\"https:\/\/vosgesinfo.fr\/epinalinfo\/\"},{\"@type\":\"ListItem\",\"position\":2,\"name\":\"\u00c9lections D\u00e9partementales canton de G\u00e9rardmer \u2013 Et si le Front National sortait du chapeau\"}]},{\"@type\":\"WebSite\",\"@id\":\"https:\/\/vosgesinfo.fr\/epinalinfo\/#website\",\"url\":\"https:\/\/vosgesinfo.fr\/epinalinfo\/\",\"name\":\"Epinal Info\",\"description\":\"Toute l&#039;actualit\u00e9 d&#039;\u00c9pinal\",\"publisher\":{\"@id\":\"https:\/\/vosgesinfo.fr\/epinalinfo\/#organization\"},\"alternateName\":\"Toute l'actualit\u00e9 d'\u00c9pinal\",\"potentialAction\":[{\"@type\":\"SearchAction\",\"target\":{\"@type\":\"EntryPoint\",\"urlTemplate\":\"https:\/\/vosgesinfo.fr\/epinalinfo\/?s={search_term_string}\"},\"query-input\":\"required name=search_term_string\"}],\"inLanguage\":\"fr-FR\"},{\"@type\":\"Organization\",\"@id\":\"https:\/\/vosgesinfo.fr\/epinalinfo\/#organization\",\"name\":\"Epinal Info\",\"url\":\"https:\/\/vosgesinfo.fr\/epinalinfo\/\",\"logo\":{\"@type\":\"ImageObject\",\"inLanguage\":\"fr-FR\",\"@id\":\"https:\/\/vosgesinfo.fr\/epinalinfo\/#\/schema\/logo\/image\/\",\"url\":\"https:\/\/vosgesinfo.fr\/app\/uploads\/sites\/3\/2023\/08\/logo-epinalinfos.svg\",\"contentUrl\":\"https:\/\/vosgesinfo.fr\/app\/uploads\/sites\/3\/2023\/08\/logo-epinalinfos.svg\",\"width\":1,\"height\":1,\"caption\":\"Epinal Info\"},\"image\":{\"@id\":\"https:\/\/vosgesinfo.fr\/epinalinfo\/#\/schema\/logo\/image\/\"},\"sameAs\":[\"https:\/\/www.facebook.com\/Epinalinfos\",\"https:\/\/x.com\/VosgesInfo88\",\"https:\/\/www.youtube.com\/@vosgesinfo\"]},{\"@type\":\"Person\",\"@id\":\"https:\/\/vosgesinfo.fr\/epinalinfo\/#\/schema\/person\/6f9a650eeea99d969b6c4ab78fccbe81\",\"name\":\"C.K.\",\"image\":{\"@type\":\"ImageObject\",\"inLanguage\":\"fr-FR\",\"@id\":\"https:\/\/vosgesinfo.fr\/epinalinfo\/#\/schema\/person\/image\/\",\"url\":\"https:\/\/secure.gravatar.com\/avatar\/48e3fc7f8421ba8942be6b74a2b7f014ca39bc00dece156b7a8e098ae7dc87bf?s=96&d=mm&r=g\",\"contentUrl\":\"https:\/\/secure.gravatar.com\/avatar\/48e3fc7f8421ba8942be6b74a2b7f014ca39bc00dece156b7a8e098ae7dc87bf?s=96&d=mm&r=g\",\"caption\":\"C.K.\"},\"url\":\"https:\/\/vosgesinfo.fr\/epinalinfo\/author\/celia-k-n\/\"}]}<\/script>\n<!-- \/ Yoast SEO plugin. -->","yoast_head_json":{"title":"\u00c9lections D\u00e9partementales canton de G\u00e9rardmer \u2013 Et si le Front National sortait du chapeau - Epinal Info","robots":{"index":"index","follow":"follow","max-snippet":"max-snippet:-1","max-image-preview":"max-image-preview:large","max-video-preview":"max-video-preview:-1"},"canonical":"https:\/\/vosgesinfo.fr\/epinalinfo\/2016\/09\/elections-departementales-canton-de-gerardmer-front-national-sortait-chapeau\/","twitter_card":"summary_large_image","twitter_title":"\u00c9lections D\u00e9partementales canton de G\u00e9rardmer \u2013 Et si le Front National sortait du chapeau - Epinal Info","twitter_description":"Avec trois candidatures d\u00e9pos\u00e9es en pr\u00e9fecture,\u00a0 on se dirige vers une triangulaire au 1er tour des \u00e9lections d\u00e9partementales du canton [&hellip;]","twitter_image":"https:\/\/vosgesinfo.fr\/app\/uploads\/sites\/3\/2024\/08\/201609carte-electorale1-383x255-1.jpg","twitter_creator":"@VosgesInfo88","twitter_site":"@VosgesInfo88","twitter_misc":{"\u00c9crit par":"C.K.","Dur\u00e9e de lecture estim\u00e9e":"1 minute"},"schema":{"@context":"https:\/\/schema.org","@graph":[{"@type":"Article","@id":"https:\/\/vosgesinfo.fr\/epinalinfo\/2016\/09\/elections-departementales-canton-de-gerardmer-front-national-sortait-chapeau\/#article","isPartOf":{"@id":"https:\/\/vosgesinfo.fr\/epinalinfo\/2016\/09\/elections-departementales-canton-de-gerardmer-front-national-sortait-chapeau\/"},"author":{"name":"C.K.","@id":"https:\/\/vosgesinfo.fr\/epinalinfo\/#\/schema\/person\/6f9a650eeea99d969b6c4ab78fccbe81"},"headline":"\u00c9lections D\u00e9partementales canton de G\u00e9rardmer \u2013 Et si le Front National sortait du chapeau","datePublished":"2016-09-14T10:09:13+00:00","dateModified":"2016-09-14T10:09:13+00:00","mainEntityOfPage":{"@id":"https:\/\/vosgesinfo.fr\/epinalinfo\/2016\/09\/elections-departementales-canton-de-gerardmer-front-national-sortait-chapeau\/"},"wordCount":194,"commentCount":0,"publisher":{"@id":"https:\/\/vosgesinfo.fr\/epinalinfo\/#organization"},"image":{"@id":"https:\/\/vosgesinfo.fr\/epinalinfo\/2016\/09\/elections-departementales-canton-de-gerardmer-front-national-sortait-chapeau\/#primaryimage"},"thumbnailUrl":"https:\/\/vosgesinfo.fr\/app\/uploads\/sites\/3\/2024\/08\/201609carte-electorale1-383x255-1.jpg","keywords":["\u00e9lections d\u00e9partementales","Front National","G\u00e9rardmer"],"articleSection":["Politique"],"inLanguage":"fr-FR","potentialAction":[{"@type":"CommentAction","name":"Comment","target":["https:\/\/vosgesinfo.fr\/epinalinfo\/2016\/09\/elections-departementales-canton-de-gerardmer-front-national-sortait-chapeau\/#respond"]}]},{"@type":"WebPage","@id":"https:\/\/vosgesinfo.fr\/epinalinfo\/2016\/09\/elections-departementales-canton-de-gerardmer-front-national-sortait-chapeau\/","url":"https:\/\/vosgesinfo.fr\/epinalinfo\/2016\/09\/elections-departementales-canton-de-gerardmer-front-national-sortait-chapeau\/","name":"\u00c9lections D\u00e9partementales canton de G\u00e9rardmer \u2013 Et si le Front National sortait du chapeau - Epinal Info","isPartOf":{"@id":"https:\/\/vosgesinfo.fr\/epinalinfo\/#website"},"primaryImageOfPage":{"@id":"https:\/\/vosgesinfo.fr\/epinalinfo\/2016\/09\/elections-departementales-canton-de-gerardmer-front-national-sortait-chapeau\/#primaryimage"},"image":{"@id":"https:\/\/vosgesinfo.fr\/epinalinfo\/2016\/09\/elections-departementales-canton-de-gerardmer-front-national-sortait-chapeau\/#primaryimage"},"thumbnailUrl":"https:\/\/vosgesinfo.fr\/app\/uploads\/sites\/3\/2024\/08\/201609carte-electorale1-383x255-1.jpg","datePublished":"2016-09-14T10:09:13+00:00","dateModified":"2016-09-14T10:09:13+00:00","breadcrumb":{"@id":"https:\/\/vosgesinfo.fr\/epinalinfo\/2016\/09\/elections-departementales-canton-de-gerardmer-front-national-sortait-chapeau\/#breadcrumb"},"inLanguage":"fr-FR","potentialAction":[{"@type":"ReadAction","target":["https:\/\/vosgesinfo.fr\/epinalinfo\/2016\/09\/elections-departementales-canton-de-gerardmer-front-national-sortait-chapeau\/"]}]},{"@type":"ImageObject","inLanguage":"fr-FR","@id":"https:\/\/vosgesinfo.fr\/epinalinfo\/2016\/09\/elections-departementales-canton-de-gerardmer-front-national-sortait-chapeau\/#primaryimage","url":"https:\/\/vosgesinfo.fr\/app\/uploads\/sites\/3\/2024\/08\/201609carte-electorale1-383x255-1.jpg","contentUrl":"https:\/\/vosgesinfo.fr\/app\/uploads\/sites\/3\/2024\/08\/201609carte-electorale1-383x255-1.jpg","width":383,"height":255},{"@type":"BreadcrumbList","@id":"https:\/\/vosgesinfo.fr\/epinalinfo\/2016\/09\/elections-departementales-canton-de-gerardmer-front-national-sortait-chapeau\/#breadcrumb","itemListElement":[{"@type":"ListItem","position":1,"name":"Home","item":"https:\/\/vosgesinfo.fr\/epinalinfo\/"},{"@type":"ListItem","position":2,"name":"\u00c9lections D\u00e9partementales canton de G\u00e9rardmer \u2013 Et si le Front National sortait du chapeau"}]},{"@type":"WebSite","@id":"https:\/\/vosgesinfo.fr\/epinalinfo\/#website","url":"https:\/\/vosgesinfo.fr\/epinalinfo\/","name":"Epinal Info","description":"Toute l&#039;actualit\u00e9 d&#039;\u00c9pinal","publisher":{"@id":"https:\/\/vosgesinfo.fr\/epinalinfo\/#organization"},"alternateName":"Toute l'actualit\u00e9 d'\u00c9pinal","potentialAction":[{"@type":"SearchAction","target":{"@type":"EntryPoint","urlTemplate":"https:\/\/vosgesinfo.fr\/epinalinfo\/?s={search_term_string}"},"query-input":"required name=search_term_string"}],"inLanguage":"fr-FR"},{"@type":"Organization","@id":"https:\/\/vosgesinfo.fr\/epinalinfo\/#organization","name":"Epinal Info","url":"https:\/\/vosgesinfo.fr\/epinalinfo\/","logo":{"@type":"ImageObject","inLanguage":"fr-FR","@id":"https:\/\/vosgesinfo.fr\/epinalinfo\/#\/schema\/logo\/image\/","url":"https:\/\/vosgesinfo.fr\/app\/uploads\/sites\/3\/2023\/08\/logo-epinalinfos.svg","contentUrl":"https:\/\/vosgesinfo.fr\/app\/uploads\/sites\/3\/2023\/08\/logo-epinalinfos.svg","width":1,"height":1,"caption":"Epinal Info"},"image":{"@id":"https:\/\/vosgesinfo.fr\/epinalinfo\/#\/schema\/logo\/image\/"},"sameAs":["https:\/\/www.facebook.com\/Epinalinfos","https:\/\/x.com\/VosgesInfo88","https:\/\/www.youtube.com\/@vosgesinfo"]},{"@type":"Person","@id":"https:\/\/vosgesinfo.fr\/epinalinfo\/#\/schema\/person\/6f9a650eeea99d969b6c4ab78fccbe81","name":"C.K.","image":{"@type":"ImageObject","inLanguage":"fr-FR","@id":"https:\/\/vosgesinfo.fr\/epinalinfo\/#\/schema\/person\/image\/","url":"https:\/\/secure.gravatar.com\/avatar\/48e3fc7f8421ba8942be6b74a2b7f014ca39bc00dece156b7a8e098ae7dc87bf?s=96&d=mm&r=g","contentUrl":"https:\/\/secure.gravatar.com\/avatar\/48e3fc7f8421ba8942be6b74a2b7f014ca39bc00dece156b7a8e098ae7dc87bf?s=96&d=mm&r=g","caption":"C.K."},"url":"https:\/\/vosgesinfo.fr\/epinalinfo\/author\/celia-k-n\/"}]}},"_links":{"self":[{"href":"https:\/\/vosgesinfo.fr\/epinalinfo\/wp-json\/wp\/v2\/posts\/65120","targetHints":{"allow":["GET"]}}],"collection":[{"href":"https:\/\/vosgesinfo.fr\/epinalinfo\/wp-json\/wp\/v2\/posts"}],"about":[{"href":"https:\/\/vosgesinfo.fr\/epinalinfo\/wp-json\/wp\/v2\/types\/post"}],"author":[{"embeddable":true,"href":"https:\/\/vosgesinfo.fr\/epinalinfo\/wp-json\/wp\/v2\/users\/52"}],"replies":[{"embeddable":true,"href":"https:\/\/vosgesinfo.fr\/epinalinfo\/wp-json\/wp\/v2\/comments?post=65120"}],"version-history":[{"count":0,"href":"https:\/\/vosgesinfo.fr\/epinalinfo\/wp-json\/wp\/v2\/posts\/65120\/revisions"}],"wp:featuredmedia":[{"embeddable":true,"href":"https:\/\/vosgesinfo.fr\/epinalinfo\/wp-json\/wp\/v2\/media\/65121"}],"wp:attachment":[{"href":"https:\/\/vosgesinfo.fr\/epinalinfo\/wp-json\/wp\/v2\/media?parent=65120"}],"wp:term":[{"taxonomy":"category","embeddable":true,"href":"https:\/\/vosgesinfo.fr\/epinalinfo\/wp-json\/wp\/v2\/categories?post=65120"},{"taxonomy":"post_tag","embeddable":true,"href":"https:\/\/vosgesinfo.fr\/epinalinfo\/wp-json\/wp\/v2\/tags?post=65120"}],"curies":[{"name":"wp","href":"https:\/\/api.w.org\/{rel}","templated":true}]}}