{"id":65137,"date":"2016-09-14T04:16:18","date_gmt":"2016-09-14T02:16:18","guid":{"rendered":"https:\/\/vosgesinfo.fr\/epinalinfo\/2016\/09\/serie-zone-blanche-recherche-personne-de-16-ans-se-deplacant-fauteuil-roulant-electrique\/"},"modified":"2016-09-14T04:16:18","modified_gmt":"2016-09-14T02:16:18","slug":"serie-zone-blanche-recherche-personne-de-16-ans-se-deplacant-fauteuil-roulant-electrique","status":"publish","type":"post","link":"https:\/\/vosgesinfo.fr\/epinalinfo\/2016\/09\/serie-zone-blanche-recherche-personne-de-16-ans-se-deplacant-fauteuil-roulant-electrique\/","title":{"rendered":"S\u00e9rie \u00ab Zone Blanche \u00bb : recherche une personne (+ de 16 ans) se d\u00e9pla\u00e7ant en fauteuil roulant \u00c9LECTRIQUE"},"content":{"rendered":"<p><a href=\"http:\/\/epinalinfos.fr\/2016\/07\/serie-zone-blanche-recherche-garcon-de-8-12-ans-role\/camera-1378221_960_720\/\" rel=\"attachment wp-att-97177\"><img decoding=\"async\" class=\"aligncenter size-full wp-image-97177\" src=\"\/2016\/07\/camera-1378221_960_720.jpg\" alt=\"camera-1378221_960_720\" width=\"800\" height=\"562\" \/><\/a>Pour\u00a0le mercredi 21 septembre, tournage \u00e0 Granges sur Vologne, la s\u00e9rie \u00ab\u00a0Zone Blanche\u00a0\u00bb\u00a0 recherche une personne (<strong>+ de 16 ans<\/strong>) se d\u00e9pla\u00e7ant en <strong>fauteuil roulant ELECTRIQUE<\/strong> imp\u00e9rativement.<\/p>\n<p><strong>Prestation r\u00e9mun\u00e9r\u00e9e.<\/strong><\/p>\n<p>Envoyer photos et coordonn\u00e9es \u00e0 <a href=\"mailto:zoneblanche88@gmail.com\" target=\"_blank\" rel=\"noopener\">zoneblanche88@gmail.com<\/a><\/p>\n<div class=\"really_simple_share really_simple_share_button robots-nocontent snap_nopreview\"><\/div>\n","protected":false},"excerpt":{"rendered":"<p>Pour\u00a0le mercredi 21 septembre, tournage \u00e0 Granges sur Vologne, la s\u00e9rie \u00ab\u00a0Zone Blanche\u00a0\u00bb\u00a0 recherche une personne (+ de 16 ans) [&hellip;]<\/p>\n","protected":false},"author":52,"featured_media":13807,"comment_status":"open","ping_status":"open","sticky":false,"template":"","format":"standard","meta":{"footnotes":""},"categories":[20,5],"tags":[1147],"class_list":["post-65137","post","type-post","status-publish","format-standard","has-post-thumbnail","hentry","category-divertissement","category-vosges","tag-tournage"],"acf":[],"yoast_head":"<!-- This site is optimized with the Yoast SEO plugin v22.5 - https:\/\/yoast.com\/wordpress\/plugins\/seo\/ -->\n<title>S\u00e9rie \u00ab Zone Blanche \u00bb : recherche une personne (+ de 16 ans) se d\u00e9pla\u00e7ant en fauteuil roulant \u00c9LECTRIQUE - Epinal Info<\/title>\n<meta name=\"robots\" content=\"index, follow, max-snippet:-1, max-image-preview:large, max-video-preview:-1\" \/>\n<link rel=\"canonical\" href=\"https:\/\/vosgesinfo.fr\/epinalinfo\/2016\/09\/serie-zone-blanche-recherche-personne-de-16-ans-se-deplacant-fauteuil-roulant-electrique\/\" \/>\n<meta name=\"twitter:card\" content=\"summary_large_image\" \/>\n<meta name=\"twitter:title\" content=\"S\u00e9rie \u00ab Zone Blanche \u00bb : recherche une personne (+ de 16 ans) se d\u00e9pla\u00e7ant en fauteuil roulant \u00c9LECTRIQUE - Epinal Info\" \/>\n<meta name=\"twitter:description\" content=\"Pour\u00a0le mercredi 21 septembre, tournage \u00e0 Granges sur Vologne, la s\u00e9rie \u00ab\u00a0Zone Blanche\u00a0\u00bb\u00a0 recherche une personne (+ de 16 ans) [&hellip;]\" \/>\n<meta name=\"twitter:image\" content=\"https:\/\/vosgesinfo.fr\/app\/uploads\/sites\/3\/2016\/07\/camera-1378221-960-720.jpg\" \/>\n<meta name=\"twitter:creator\" content=\"@VosgesInfo88\" \/>\n<meta name=\"twitter:site\" content=\"@VosgesInfo88\" \/>\n<meta name=\"twitter:label1\" content=\"\u00c9crit par\" \/>\n\t<meta name=\"twitter:data1\" content=\"C.K.\" \/>\n<script type=\"application\/ld+json\" class=\"yoast-schema-graph\">{\"@context\":\"https:\/\/schema.org\",\"@graph\":[{\"@type\":\"Article\",\"@id\":\"https:\/\/vosgesinfo.fr\/epinalinfo\/2016\/09\/serie-zone-blanche-recherche-personne-de-16-ans-se-deplacant-fauteuil-roulant-electrique\/#article\",\"isPartOf\":{\"@id\":\"https:\/\/vosgesinfo.fr\/epinalinfo\/2016\/09\/serie-zone-blanche-recherche-personne-de-16-ans-se-deplacant-fauteuil-roulant-electrique\/\"},\"author\":{\"name\":\"C.K.\",\"@id\":\"https:\/\/vosgesinfo.fr\/epinalinfo\/#\/schema\/person\/6f9a650eeea99d969b6c4ab78fccbe81\"},\"headline\":\"S\u00e9rie \u00ab Zone Blanche \u00bb : recherche une personne (+ de 16 ans) se d\u00e9pla\u00e7ant en fauteuil roulant \u00c9LECTRIQUE\",\"datePublished\":\"2016-09-14T02:16:18+00:00\",\"dateModified\":\"2016-09-14T02:16:18+00:00\",\"mainEntityOfPage\":{\"@id\":\"https:\/\/vosgesinfo.fr\/epinalinfo\/2016\/09\/serie-zone-blanche-recherche-personne-de-16-ans-se-deplacant-fauteuil-roulant-electrique\/\"},\"wordCount\":58,\"commentCount\":0,\"publisher\":{\"@id\":\"https:\/\/vosgesinfo.fr\/epinalinfo\/#organization\"},\"image\":{\"@id\":\"https:\/\/vosgesinfo.fr\/epinalinfo\/2016\/09\/serie-zone-blanche-recherche-personne-de-16-ans-se-deplacant-fauteuil-roulant-electrique\/#primaryimage\"},\"thumbnailUrl\":\"https:\/\/vosgesinfo.fr\/app\/uploads\/sites\/3\/2016\/07\/camera-1378221-960-720.jpg\",\"keywords\":[\"tournage\"],\"articleSection\":[\"Divertissement\",\"Vosges\"],\"inLanguage\":\"fr-FR\",\"potentialAction\":[{\"@type\":\"CommentAction\",\"name\":\"Comment\",\"target\":[\"https:\/\/vosgesinfo.fr\/epinalinfo\/2016\/09\/serie-zone-blanche-recherche-personne-de-16-ans-se-deplacant-fauteuil-roulant-electrique\/#respond\"]}]},{\"@type\":\"WebPage\",\"@id\":\"https:\/\/vosgesinfo.fr\/epinalinfo\/2016\/09\/serie-zone-blanche-recherche-personne-de-16-ans-se-deplacant-fauteuil-roulant-electrique\/\",\"url\":\"https:\/\/vosgesinfo.fr\/epinalinfo\/2016\/09\/serie-zone-blanche-recherche-personne-de-16-ans-se-deplacant-fauteuil-roulant-electrique\/\",\"name\":\"S\u00e9rie \u00ab Zone Blanche \u00bb : recherche une personne (+ de 16 ans) se d\u00e9pla\u00e7ant en fauteuil roulant \u00c9LECTRIQUE - Epinal Info\",\"isPartOf\":{\"@id\":\"https:\/\/vosgesinfo.fr\/epinalinfo\/#website\"},\"primaryImageOfPage\":{\"@id\":\"https:\/\/vosgesinfo.fr\/epinalinfo\/2016\/09\/serie-zone-blanche-recherche-personne-de-16-ans-se-deplacant-fauteuil-roulant-electrique\/#primaryimage\"},\"image\":{\"@id\":\"https:\/\/vosgesinfo.fr\/epinalinfo\/2016\/09\/serie-zone-blanche-recherche-personne-de-16-ans-se-deplacant-fauteuil-roulant-electrique\/#primaryimage\"},\"thumbnailUrl\":\"https:\/\/vosgesinfo.fr\/app\/uploads\/sites\/3\/2016\/07\/camera-1378221-960-720.jpg\",\"datePublished\":\"2016-09-14T02:16:18+00:00\",\"dateModified\":\"2016-09-14T02:16:18+00:00\",\"breadcrumb\":{\"@id\":\"https:\/\/vosgesinfo.fr\/epinalinfo\/2016\/09\/serie-zone-blanche-recherche-personne-de-16-ans-se-deplacant-fauteuil-roulant-electrique\/#breadcrumb\"},\"inLanguage\":\"fr-FR\",\"potentialAction\":[{\"@type\":\"ReadAction\",\"target\":[\"https:\/\/vosgesinfo.fr\/epinalinfo\/2016\/09\/serie-zone-blanche-recherche-personne-de-16-ans-se-deplacant-fauteuil-roulant-electrique\/\"]}]},{\"@type\":\"ImageObject\",\"inLanguage\":\"fr-FR\",\"@id\":\"https:\/\/vosgesinfo.fr\/epinalinfo\/2016\/09\/serie-zone-blanche-recherche-personne-de-16-ans-se-deplacant-fauteuil-roulant-electrique\/#primaryimage\",\"url\":\"https:\/\/vosgesinfo.fr\/app\/uploads\/sites\/3\/2016\/07\/camera-1378221-960-720.jpg\",\"contentUrl\":\"https:\/\/vosgesinfo.fr\/app\/uploads\/sites\/3\/2016\/07\/camera-1378221-960-720.jpg\"},{\"@type\":\"BreadcrumbList\",\"@id\":\"https:\/\/vosgesinfo.fr\/epinalinfo\/2016\/09\/serie-zone-blanche-recherche-personne-de-16-ans-se-deplacant-fauteuil-roulant-electrique\/#breadcrumb\",\"itemListElement\":[{\"@type\":\"ListItem\",\"position\":1,\"name\":\"Home\",\"item\":\"https:\/\/vosgesinfo.fr\/epinalinfo\/\"},{\"@type\":\"ListItem\",\"position\":2,\"name\":\"S\u00e9rie \u00ab Zone Blanche \u00bb : recherche une personne (+ de 16 ans) se d\u00e9pla\u00e7ant en fauteuil roulant \u00c9LECTRIQUE\"}]},{\"@type\":\"WebSite\",\"@id\":\"https:\/\/vosgesinfo.fr\/epinalinfo\/#website\",\"url\":\"https:\/\/vosgesinfo.fr\/epinalinfo\/\",\"name\":\"Epinal Info\",\"description\":\"Toute l&#039;actualit\u00e9 d&#039;\u00c9pinal\",\"publisher\":{\"@id\":\"https:\/\/vosgesinfo.fr\/epinalinfo\/#organization\"},\"alternateName\":\"Toute l'actualit\u00e9 d'\u00c9pinal\",\"potentialAction\":[{\"@type\":\"SearchAction\",\"target\":{\"@type\":\"EntryPoint\",\"urlTemplate\":\"https:\/\/vosgesinfo.fr\/epinalinfo\/?s={search_term_string}\"},\"query-input\":\"required name=search_term_string\"}],\"inLanguage\":\"fr-FR\"},{\"@type\":\"Organization\",\"@id\":\"https:\/\/vosgesinfo.fr\/epinalinfo\/#organization\",\"name\":\"Epinal Info\",\"url\":\"https:\/\/vosgesinfo.fr\/epinalinfo\/\",\"logo\":{\"@type\":\"ImageObject\",\"inLanguage\":\"fr-FR\",\"@id\":\"https:\/\/vosgesinfo.fr\/epinalinfo\/#\/schema\/logo\/image\/\",\"url\":\"https:\/\/vosgesinfo.fr\/app\/uploads\/sites\/3\/2023\/08\/logo-epinalinfos.svg\",\"contentUrl\":\"https:\/\/vosgesinfo.fr\/app\/uploads\/sites\/3\/2023\/08\/logo-epinalinfos.svg\",\"width\":1,\"height\":1,\"caption\":\"Epinal Info\"},\"image\":{\"@id\":\"https:\/\/vosgesinfo.fr\/epinalinfo\/#\/schema\/logo\/image\/\"},\"sameAs\":[\"https:\/\/www.facebook.com\/Epinalinfos\",\"https:\/\/x.com\/VosgesInfo88\",\"https:\/\/www.youtube.com\/@vosgesinfo\"]},{\"@type\":\"Person\",\"@id\":\"https:\/\/vosgesinfo.fr\/epinalinfo\/#\/schema\/person\/6f9a650eeea99d969b6c4ab78fccbe81\",\"name\":\"C.K.\",\"image\":{\"@type\":\"ImageObject\",\"inLanguage\":\"fr-FR\",\"@id\":\"https:\/\/vosgesinfo.fr\/epinalinfo\/#\/schema\/person\/image\/\",\"url\":\"https:\/\/secure.gravatar.com\/avatar\/48e3fc7f8421ba8942be6b74a2b7f014ca39bc00dece156b7a8e098ae7dc87bf?s=96&d=mm&r=g\",\"contentUrl\":\"https:\/\/secure.gravatar.com\/avatar\/48e3fc7f8421ba8942be6b74a2b7f014ca39bc00dece156b7a8e098ae7dc87bf?s=96&d=mm&r=g\",\"caption\":\"C.K.\"},\"url\":\"https:\/\/vosgesinfo.fr\/epinalinfo\/author\/celia-k-n\/\"}]}<\/script>\n<!-- \/ Yoast SEO plugin. -->","yoast_head_json":{"title":"S\u00e9rie \u00ab Zone Blanche \u00bb : recherche une personne (+ de 16 ans) se d\u00e9pla\u00e7ant en fauteuil roulant \u00c9LECTRIQUE - Epinal Info","robots":{"index":"index","follow":"follow","max-snippet":"max-snippet:-1","max-image-preview":"max-image-preview:large","max-video-preview":"max-video-preview:-1"},"canonical":"https:\/\/vosgesinfo.fr\/epinalinfo\/2016\/09\/serie-zone-blanche-recherche-personne-de-16-ans-se-deplacant-fauteuil-roulant-electrique\/","twitter_card":"summary_large_image","twitter_title":"S\u00e9rie \u00ab Zone Blanche \u00bb : recherche une personne (+ de 16 ans) se d\u00e9pla\u00e7ant en fauteuil roulant \u00c9LECTRIQUE - Epinal Info","twitter_description":"Pour\u00a0le mercredi 21 septembre, tournage \u00e0 Granges sur Vologne, la s\u00e9rie \u00ab\u00a0Zone Blanche\u00a0\u00bb\u00a0 recherche une personne (+ de 16 ans) [&hellip;]","twitter_image":"https:\/\/vosgesinfo.fr\/app\/uploads\/sites\/3\/2016\/07\/camera-1378221-960-720.jpg","twitter_creator":"@VosgesInfo88","twitter_site":"@VosgesInfo88","twitter_misc":{"\u00c9crit par":"C.K."},"schema":{"@context":"https:\/\/schema.org","@graph":[{"@type":"Article","@id":"https:\/\/vosgesinfo.fr\/epinalinfo\/2016\/09\/serie-zone-blanche-recherche-personne-de-16-ans-se-deplacant-fauteuil-roulant-electrique\/#article","isPartOf":{"@id":"https:\/\/vosgesinfo.fr\/epinalinfo\/2016\/09\/serie-zone-blanche-recherche-personne-de-16-ans-se-deplacant-fauteuil-roulant-electrique\/"},"author":{"name":"C.K.","@id":"https:\/\/vosgesinfo.fr\/epinalinfo\/#\/schema\/person\/6f9a650eeea99d969b6c4ab78fccbe81"},"headline":"S\u00e9rie \u00ab Zone Blanche \u00bb : recherche une personne (+ de 16 ans) se d\u00e9pla\u00e7ant en fauteuil roulant \u00c9LECTRIQUE","datePublished":"2016-09-14T02:16:18+00:00","dateModified":"2016-09-14T02:16:18+00:00","mainEntityOfPage":{"@id":"https:\/\/vosgesinfo.fr\/epinalinfo\/2016\/09\/serie-zone-blanche-recherche-personne-de-16-ans-se-deplacant-fauteuil-roulant-electrique\/"},"wordCount":58,"commentCount":0,"publisher":{"@id":"https:\/\/vosgesinfo.fr\/epinalinfo\/#organization"},"image":{"@id":"https:\/\/vosgesinfo.fr\/epinalinfo\/2016\/09\/serie-zone-blanche-recherche-personne-de-16-ans-se-deplacant-fauteuil-roulant-electrique\/#primaryimage"},"thumbnailUrl":"https:\/\/vosgesinfo.fr\/app\/uploads\/sites\/3\/2016\/07\/camera-1378221-960-720.jpg","keywords":["tournage"],"articleSection":["Divertissement","Vosges"],"inLanguage":"fr-FR","potentialAction":[{"@type":"CommentAction","name":"Comment","target":["https:\/\/vosgesinfo.fr\/epinalinfo\/2016\/09\/serie-zone-blanche-recherche-personne-de-16-ans-se-deplacant-fauteuil-roulant-electrique\/#respond"]}]},{"@type":"WebPage","@id":"https:\/\/vosgesinfo.fr\/epinalinfo\/2016\/09\/serie-zone-blanche-recherche-personne-de-16-ans-se-deplacant-fauteuil-roulant-electrique\/","url":"https:\/\/vosgesinfo.fr\/epinalinfo\/2016\/09\/serie-zone-blanche-recherche-personne-de-16-ans-se-deplacant-fauteuil-roulant-electrique\/","name":"S\u00e9rie \u00ab Zone Blanche \u00bb : recherche une personne (+ de 16 ans) se d\u00e9pla\u00e7ant en fauteuil roulant \u00c9LECTRIQUE - Epinal Info","isPartOf":{"@id":"https:\/\/vosgesinfo.fr\/epinalinfo\/#website"},"primaryImageOfPage":{"@id":"https:\/\/vosgesinfo.fr\/epinalinfo\/2016\/09\/serie-zone-blanche-recherche-personne-de-16-ans-se-deplacant-fauteuil-roulant-electrique\/#primaryimage"},"image":{"@id":"https:\/\/vosgesinfo.fr\/epinalinfo\/2016\/09\/serie-zone-blanche-recherche-personne-de-16-ans-se-deplacant-fauteuil-roulant-electrique\/#primaryimage"},"thumbnailUrl":"https:\/\/vosgesinfo.fr\/app\/uploads\/sites\/3\/2016\/07\/camera-1378221-960-720.jpg","datePublished":"2016-09-14T02:16:18+00:00","dateModified":"2016-09-14T02:16:18+00:00","breadcrumb":{"@id":"https:\/\/vosgesinfo.fr\/epinalinfo\/2016\/09\/serie-zone-blanche-recherche-personne-de-16-ans-se-deplacant-fauteuil-roulant-electrique\/#breadcrumb"},"inLanguage":"fr-FR","potentialAction":[{"@type":"ReadAction","target":["https:\/\/vosgesinfo.fr\/epinalinfo\/2016\/09\/serie-zone-blanche-recherche-personne-de-16-ans-se-deplacant-fauteuil-roulant-electrique\/"]}]},{"@type":"ImageObject","inLanguage":"fr-FR","@id":"https:\/\/vosgesinfo.fr\/epinalinfo\/2016\/09\/serie-zone-blanche-recherche-personne-de-16-ans-se-deplacant-fauteuil-roulant-electrique\/#primaryimage","url":"https:\/\/vosgesinfo.fr\/app\/uploads\/sites\/3\/2016\/07\/camera-1378221-960-720.jpg","contentUrl":"https:\/\/vosgesinfo.fr\/app\/uploads\/sites\/3\/2016\/07\/camera-1378221-960-720.jpg"},{"@type":"BreadcrumbList","@id":"https:\/\/vosgesinfo.fr\/epinalinfo\/2016\/09\/serie-zone-blanche-recherche-personne-de-16-ans-se-deplacant-fauteuil-roulant-electrique\/#breadcrumb","itemListElement":[{"@type":"ListItem","position":1,"name":"Home","item":"https:\/\/vosgesinfo.fr\/epinalinfo\/"},{"@type":"ListItem","position":2,"name":"S\u00e9rie \u00ab Zone Blanche \u00bb : recherche une personne (+ de 16 ans) se d\u00e9pla\u00e7ant en fauteuil roulant \u00c9LECTRIQUE"}]},{"@type":"WebSite","@id":"https:\/\/vosgesinfo.fr\/epinalinfo\/#website","url":"https:\/\/vosgesinfo.fr\/epinalinfo\/","name":"Epinal Info","description":"Toute l&#039;actualit\u00e9 d&#039;\u00c9pinal","publisher":{"@id":"https:\/\/vosgesinfo.fr\/epinalinfo\/#organization"},"alternateName":"Toute l'actualit\u00e9 d'\u00c9pinal","potentialAction":[{"@type":"SearchAction","target":{"@type":"EntryPoint","urlTemplate":"https:\/\/vosgesinfo.fr\/epinalinfo\/?s={search_term_string}"},"query-input":"required name=search_term_string"}],"inLanguage":"fr-FR"},{"@type":"Organization","@id":"https:\/\/vosgesinfo.fr\/epinalinfo\/#organization","name":"Epinal Info","url":"https:\/\/vosgesinfo.fr\/epinalinfo\/","logo":{"@type":"ImageObject","inLanguage":"fr-FR","@id":"https:\/\/vosgesinfo.fr\/epinalinfo\/#\/schema\/logo\/image\/","url":"https:\/\/vosgesinfo.fr\/app\/uploads\/sites\/3\/2023\/08\/logo-epinalinfos.svg","contentUrl":"https:\/\/vosgesinfo.fr\/app\/uploads\/sites\/3\/2023\/08\/logo-epinalinfos.svg","width":1,"height":1,"caption":"Epinal Info"},"image":{"@id":"https:\/\/vosgesinfo.fr\/epinalinfo\/#\/schema\/logo\/image\/"},"sameAs":["https:\/\/www.facebook.com\/Epinalinfos","https:\/\/x.com\/VosgesInfo88","https:\/\/www.youtube.com\/@vosgesinfo"]},{"@type":"Person","@id":"https:\/\/vosgesinfo.fr\/epinalinfo\/#\/schema\/person\/6f9a650eeea99d969b6c4ab78fccbe81","name":"C.K.","image":{"@type":"ImageObject","inLanguage":"fr-FR","@id":"https:\/\/vosgesinfo.fr\/epinalinfo\/#\/schema\/person\/image\/","url":"https:\/\/secure.gravatar.com\/avatar\/48e3fc7f8421ba8942be6b74a2b7f014ca39bc00dece156b7a8e098ae7dc87bf?s=96&d=mm&r=g","contentUrl":"https:\/\/secure.gravatar.com\/avatar\/48e3fc7f8421ba8942be6b74a2b7f014ca39bc00dece156b7a8e098ae7dc87bf?s=96&d=mm&r=g","caption":"C.K."},"url":"https:\/\/vosgesinfo.fr\/epinalinfo\/author\/celia-k-n\/"}]}},"_links":{"self":[{"href":"https:\/\/vosgesinfo.fr\/epinalinfo\/wp-json\/wp\/v2\/posts\/65137","targetHints":{"allow":["GET"]}}],"collection":[{"href":"https:\/\/vosgesinfo.fr\/epinalinfo\/wp-json\/wp\/v2\/posts"}],"about":[{"href":"https:\/\/vosgesinfo.fr\/epinalinfo\/wp-json\/wp\/v2\/types\/post"}],"author":[{"embeddable":true,"href":"https:\/\/vosgesinfo.fr\/epinalinfo\/wp-json\/wp\/v2\/users\/52"}],"replies":[{"embeddable":true,"href":"https:\/\/vosgesinfo.fr\/epinalinfo\/wp-json\/wp\/v2\/comments?post=65137"}],"version-history":[{"count":0,"href":"https:\/\/vosgesinfo.fr\/epinalinfo\/wp-json\/wp\/v2\/posts\/65137\/revisions"}],"wp:featuredmedia":[{"embeddable":true,"href":"https:\/\/vosgesinfo.fr\/epinalinfo\/wp-json\/wp\/v2\/media\/13807"}],"wp:attachment":[{"href":"https:\/\/vosgesinfo.fr\/epinalinfo\/wp-json\/wp\/v2\/media?parent=65137"}],"wp:term":[{"taxonomy":"category","embeddable":true,"href":"https:\/\/vosgesinfo.fr\/epinalinfo\/wp-json\/wp\/v2\/categories?post=65137"},{"taxonomy":"post_tag","embeddable":true,"href":"https:\/\/vosgesinfo.fr\/epinalinfo\/wp-json\/wp\/v2\/tags?post=65137"}],"curies":[{"name":"wp","href":"https:\/\/api.w.org\/{rel}","templated":true}]}}