{"id":65144,"date":"2016-09-15T07:25:54","date_gmt":"2016-09-15T05:25:54","guid":{"rendered":"https:\/\/vosgesinfo.fr\/epinalinfo\/2016\/09\/saint-etienne-remiremont-chapelle-arts-de-suche-ouvre-portes-week-end\/"},"modified":"2016-09-15T07:25:54","modified_gmt":"2016-09-15T05:25:54","slug":"saint-etienne-remiremont-chapelle-arts-de-suche-ouvre-portes-week-end","status":"publish","type":"post","link":"https:\/\/vosgesinfo.fr\/epinalinfo\/2016\/09\/saint-etienne-remiremont-chapelle-arts-de-suche-ouvre-portes-week-end\/","title":{"rendered":"Saint-Etienne-l\u00e8s-Remiremont \u2013 La Chapelle des Arts de La Suche ouvre ses portes ce week-end"},"content":{"rendered":"<p>Dans le cadre des journ\u00e9es du patrimoine, la Chapelle des Arts de La Suche \u00e0 Saint-Etienne-l\u00e8s-Remiremont, sur la RD42, ouvre ses portes les samedi 17 et dimanche 18 septembre 2016 de 10 heures 00 \u00e0 18 heures 00.\u00a0Avec une exposition retra\u00e7ant l\u2019histoire de la construction de la chapelle et une d\u00e9monstration de la restauration d\u2019un calvaire de la r\u00e9gion.<\/p>\n<p><a href=\"http:\/\/epinalinfos.fr\/2016\/09\/saint-etienne-remiremont-chapelle-arts-de-suche-ouvre-portes-week-end\/img_2044\/\" rel=\"attachment wp-att-99915\"><img decoding=\"async\" class=\"aligncenter size-full wp-image-99915\" src=\"\/2016\/09\/IMG_2044.jpg\" alt=\"IMG_2044\" width=\"800\" height=\"600\" \/><\/a><\/p>\n","protected":false},"excerpt":{"rendered":"<p>Dans le cadre des journ\u00e9es du patrimoine, la Chapelle des Arts de La Suche \u00e0 Saint-Etienne-l\u00e8s-Remiremont, sur la RD42, ouvre [&hellip;]<\/p>\n","protected":false},"author":52,"featured_media":65145,"comment_status":"open","ping_status":"open","sticky":false,"template":"","format":"standard","meta":{"footnotes":""},"categories":[17,5],"tags":[8776,4320],"class_list":["post-65144","post","type-post","status-publish","format-standard","has-post-thumbnail","hentry","category-tourisme","category-vosges","tag-chapelle-des-arts-de-la-suche","tag-journees-du-patrimoine"],"acf":[],"yoast_head":"<!-- This site is optimized with the Yoast SEO plugin v22.5 - https:\/\/yoast.com\/wordpress\/plugins\/seo\/ -->\n<title>Saint-Etienne-l\u00e8s-Remiremont \u2013 La Chapelle des Arts de La Suche ouvre ses portes ce week-end - Epinal Info<\/title>\n<meta name=\"robots\" content=\"index, follow, max-snippet:-1, max-image-preview:large, max-video-preview:-1\" \/>\n<link rel=\"canonical\" href=\"https:\/\/vosgesinfo.fr\/epinalinfo\/2016\/09\/saint-etienne-remiremont-chapelle-arts-de-suche-ouvre-portes-week-end\/\" \/>\n<meta name=\"twitter:card\" content=\"summary_large_image\" \/>\n<meta name=\"twitter:title\" content=\"Saint-Etienne-l\u00e8s-Remiremont \u2013 La Chapelle des Arts de La Suche ouvre ses portes ce week-end - Epinal Info\" \/>\n<meta name=\"twitter:description\" content=\"Dans le cadre des journ\u00e9es du patrimoine, la Chapelle des Arts de La Suche \u00e0 Saint-Etienne-l\u00e8s-Remiremont, sur la RD42, ouvre [&hellip;]\" \/>\n<meta name=\"twitter:image\" content=\"https:\/\/vosgesinfo.fr\/app\/uploads\/sites\/3\/2024\/08\/201609img-2044.jpg\" \/>\n<meta name=\"twitter:creator\" content=\"@VosgesInfo88\" \/>\n<meta name=\"twitter:site\" content=\"@VosgesInfo88\" \/>\n<meta name=\"twitter:label1\" content=\"\u00c9crit par\" \/>\n\t<meta name=\"twitter:data1\" content=\"C.K.\" \/>\n<script type=\"application\/ld+json\" class=\"yoast-schema-graph\">{\"@context\":\"https:\/\/schema.org\",\"@graph\":[{\"@type\":\"Article\",\"@id\":\"https:\/\/vosgesinfo.fr\/epinalinfo\/2016\/09\/saint-etienne-remiremont-chapelle-arts-de-suche-ouvre-portes-week-end\/#article\",\"isPartOf\":{\"@id\":\"https:\/\/vosgesinfo.fr\/epinalinfo\/2016\/09\/saint-etienne-remiremont-chapelle-arts-de-suche-ouvre-portes-week-end\/\"},\"author\":{\"name\":\"C.K.\",\"@id\":\"https:\/\/vosgesinfo.fr\/epinalinfo\/#\/schema\/person\/6f9a650eeea99d969b6c4ab78fccbe81\"},\"headline\":\"Saint-Etienne-l\u00e8s-Remiremont \u2013 La Chapelle des Arts de La Suche ouvre ses portes ce week-end\",\"datePublished\":\"2016-09-15T05:25:54+00:00\",\"dateModified\":\"2016-09-15T05:25:54+00:00\",\"mainEntityOfPage\":{\"@id\":\"https:\/\/vosgesinfo.fr\/epinalinfo\/2016\/09\/saint-etienne-remiremont-chapelle-arts-de-suche-ouvre-portes-week-end\/\"},\"wordCount\":72,\"commentCount\":0,\"publisher\":{\"@id\":\"https:\/\/vosgesinfo.fr\/epinalinfo\/#organization\"},\"image\":{\"@id\":\"https:\/\/vosgesinfo.fr\/epinalinfo\/2016\/09\/saint-etienne-remiremont-chapelle-arts-de-suche-ouvre-portes-week-end\/#primaryimage\"},\"thumbnailUrl\":\"https:\/\/vosgesinfo.fr\/app\/uploads\/sites\/3\/2024\/08\/201609img-2044.jpg\",\"keywords\":[\"Chapelle des Arts de La Suche\",\"journ\u00e9es du patrimoine\"],\"articleSection\":[\"Tourisme\",\"Vosges\"],\"inLanguage\":\"fr-FR\",\"potentialAction\":[{\"@type\":\"CommentAction\",\"name\":\"Comment\",\"target\":[\"https:\/\/vosgesinfo.fr\/epinalinfo\/2016\/09\/saint-etienne-remiremont-chapelle-arts-de-suche-ouvre-portes-week-end\/#respond\"]}]},{\"@type\":\"WebPage\",\"@id\":\"https:\/\/vosgesinfo.fr\/epinalinfo\/2016\/09\/saint-etienne-remiremont-chapelle-arts-de-suche-ouvre-portes-week-end\/\",\"url\":\"https:\/\/vosgesinfo.fr\/epinalinfo\/2016\/09\/saint-etienne-remiremont-chapelle-arts-de-suche-ouvre-portes-week-end\/\",\"name\":\"Saint-Etienne-l\u00e8s-Remiremont \u2013 La Chapelle des Arts de La Suche ouvre ses portes ce week-end - Epinal Info\",\"isPartOf\":{\"@id\":\"https:\/\/vosgesinfo.fr\/epinalinfo\/#website\"},\"primaryImageOfPage\":{\"@id\":\"https:\/\/vosgesinfo.fr\/epinalinfo\/2016\/09\/saint-etienne-remiremont-chapelle-arts-de-suche-ouvre-portes-week-end\/#primaryimage\"},\"image\":{\"@id\":\"https:\/\/vosgesinfo.fr\/epinalinfo\/2016\/09\/saint-etienne-remiremont-chapelle-arts-de-suche-ouvre-portes-week-end\/#primaryimage\"},\"thumbnailUrl\":\"https:\/\/vosgesinfo.fr\/app\/uploads\/sites\/3\/2024\/08\/201609img-2044.jpg\",\"datePublished\":\"2016-09-15T05:25:54+00:00\",\"dateModified\":\"2016-09-15T05:25:54+00:00\",\"breadcrumb\":{\"@id\":\"https:\/\/vosgesinfo.fr\/epinalinfo\/2016\/09\/saint-etienne-remiremont-chapelle-arts-de-suche-ouvre-portes-week-end\/#breadcrumb\"},\"inLanguage\":\"fr-FR\",\"potentialAction\":[{\"@type\":\"ReadAction\",\"target\":[\"https:\/\/vosgesinfo.fr\/epinalinfo\/2016\/09\/saint-etienne-remiremont-chapelle-arts-de-suche-ouvre-portes-week-end\/\"]}]},{\"@type\":\"ImageObject\",\"inLanguage\":\"fr-FR\",\"@id\":\"https:\/\/vosgesinfo.fr\/epinalinfo\/2016\/09\/saint-etienne-remiremont-chapelle-arts-de-suche-ouvre-portes-week-end\/#primaryimage\",\"url\":\"https:\/\/vosgesinfo.fr\/app\/uploads\/sites\/3\/2024\/08\/201609img-2044.jpg\",\"contentUrl\":\"https:\/\/vosgesinfo.fr\/app\/uploads\/sites\/3\/2024\/08\/201609img-2044.jpg\",\"width\":800,\"height\":600},{\"@type\":\"BreadcrumbList\",\"@id\":\"https:\/\/vosgesinfo.fr\/epinalinfo\/2016\/09\/saint-etienne-remiremont-chapelle-arts-de-suche-ouvre-portes-week-end\/#breadcrumb\",\"itemListElement\":[{\"@type\":\"ListItem\",\"position\":1,\"name\":\"Home\",\"item\":\"https:\/\/vosgesinfo.fr\/epinalinfo\/\"},{\"@type\":\"ListItem\",\"position\":2,\"name\":\"Saint-Etienne-l\u00e8s-Remiremont \u2013 La Chapelle des Arts de La Suche ouvre ses portes ce week-end\"}]},{\"@type\":\"WebSite\",\"@id\":\"https:\/\/vosgesinfo.fr\/epinalinfo\/#website\",\"url\":\"https:\/\/vosgesinfo.fr\/epinalinfo\/\",\"name\":\"Epinal Info\",\"description\":\"Toute l&#039;actualit\u00e9 d&#039;\u00c9pinal\",\"publisher\":{\"@id\":\"https:\/\/vosgesinfo.fr\/epinalinfo\/#organization\"},\"alternateName\":\"Toute l'actualit\u00e9 d'\u00c9pinal\",\"potentialAction\":[{\"@type\":\"SearchAction\",\"target\":{\"@type\":\"EntryPoint\",\"urlTemplate\":\"https:\/\/vosgesinfo.fr\/epinalinfo\/?s={search_term_string}\"},\"query-input\":\"required name=search_term_string\"}],\"inLanguage\":\"fr-FR\"},{\"@type\":\"Organization\",\"@id\":\"https:\/\/vosgesinfo.fr\/epinalinfo\/#organization\",\"name\":\"Epinal Info\",\"url\":\"https:\/\/vosgesinfo.fr\/epinalinfo\/\",\"logo\":{\"@type\":\"ImageObject\",\"inLanguage\":\"fr-FR\",\"@id\":\"https:\/\/vosgesinfo.fr\/epinalinfo\/#\/schema\/logo\/image\/\",\"url\":\"https:\/\/vosgesinfo.fr\/app\/uploads\/sites\/3\/2023\/08\/logo-epinalinfos.svg\",\"contentUrl\":\"https:\/\/vosgesinfo.fr\/app\/uploads\/sites\/3\/2023\/08\/logo-epinalinfos.svg\",\"width\":1,\"height\":1,\"caption\":\"Epinal Info\"},\"image\":{\"@id\":\"https:\/\/vosgesinfo.fr\/epinalinfo\/#\/schema\/logo\/image\/\"},\"sameAs\":[\"https:\/\/www.facebook.com\/Epinalinfos\",\"https:\/\/x.com\/VosgesInfo88\",\"https:\/\/www.youtube.com\/@vosgesinfo\"]},{\"@type\":\"Person\",\"@id\":\"https:\/\/vosgesinfo.fr\/epinalinfo\/#\/schema\/person\/6f9a650eeea99d969b6c4ab78fccbe81\",\"name\":\"C.K.\",\"image\":{\"@type\":\"ImageObject\",\"inLanguage\":\"fr-FR\",\"@id\":\"https:\/\/vosgesinfo.fr\/epinalinfo\/#\/schema\/person\/image\/\",\"url\":\"https:\/\/secure.gravatar.com\/avatar\/48e3fc7f8421ba8942be6b74a2b7f014ca39bc00dece156b7a8e098ae7dc87bf?s=96&d=mm&r=g\",\"contentUrl\":\"https:\/\/secure.gravatar.com\/avatar\/48e3fc7f8421ba8942be6b74a2b7f014ca39bc00dece156b7a8e098ae7dc87bf?s=96&d=mm&r=g\",\"caption\":\"C.K.\"},\"url\":\"https:\/\/vosgesinfo.fr\/epinalinfo\/author\/celia-k-n\/\"}]}<\/script>\n<!-- \/ Yoast SEO plugin. -->","yoast_head_json":{"title":"Saint-Etienne-l\u00e8s-Remiremont \u2013 La Chapelle des Arts de La Suche ouvre ses portes ce week-end - Epinal Info","robots":{"index":"index","follow":"follow","max-snippet":"max-snippet:-1","max-image-preview":"max-image-preview:large","max-video-preview":"max-video-preview:-1"},"canonical":"https:\/\/vosgesinfo.fr\/epinalinfo\/2016\/09\/saint-etienne-remiremont-chapelle-arts-de-suche-ouvre-portes-week-end\/","twitter_card":"summary_large_image","twitter_title":"Saint-Etienne-l\u00e8s-Remiremont \u2013 La Chapelle des Arts de La Suche ouvre ses portes ce week-end - Epinal Info","twitter_description":"Dans le cadre des journ\u00e9es du patrimoine, la Chapelle des Arts de La Suche \u00e0 Saint-Etienne-l\u00e8s-Remiremont, sur la RD42, ouvre [&hellip;]","twitter_image":"https:\/\/vosgesinfo.fr\/app\/uploads\/sites\/3\/2024\/08\/201609img-2044.jpg","twitter_creator":"@VosgesInfo88","twitter_site":"@VosgesInfo88","twitter_misc":{"\u00c9crit par":"C.K."},"schema":{"@context":"https:\/\/schema.org","@graph":[{"@type":"Article","@id":"https:\/\/vosgesinfo.fr\/epinalinfo\/2016\/09\/saint-etienne-remiremont-chapelle-arts-de-suche-ouvre-portes-week-end\/#article","isPartOf":{"@id":"https:\/\/vosgesinfo.fr\/epinalinfo\/2016\/09\/saint-etienne-remiremont-chapelle-arts-de-suche-ouvre-portes-week-end\/"},"author":{"name":"C.K.","@id":"https:\/\/vosgesinfo.fr\/epinalinfo\/#\/schema\/person\/6f9a650eeea99d969b6c4ab78fccbe81"},"headline":"Saint-Etienne-l\u00e8s-Remiremont \u2013 La Chapelle des Arts de La Suche ouvre ses portes ce week-end","datePublished":"2016-09-15T05:25:54+00:00","dateModified":"2016-09-15T05:25:54+00:00","mainEntityOfPage":{"@id":"https:\/\/vosgesinfo.fr\/epinalinfo\/2016\/09\/saint-etienne-remiremont-chapelle-arts-de-suche-ouvre-portes-week-end\/"},"wordCount":72,"commentCount":0,"publisher":{"@id":"https:\/\/vosgesinfo.fr\/epinalinfo\/#organization"},"image":{"@id":"https:\/\/vosgesinfo.fr\/epinalinfo\/2016\/09\/saint-etienne-remiremont-chapelle-arts-de-suche-ouvre-portes-week-end\/#primaryimage"},"thumbnailUrl":"https:\/\/vosgesinfo.fr\/app\/uploads\/sites\/3\/2024\/08\/201609img-2044.jpg","keywords":["Chapelle des Arts de La Suche","journ\u00e9es du patrimoine"],"articleSection":["Tourisme","Vosges"],"inLanguage":"fr-FR","potentialAction":[{"@type":"CommentAction","name":"Comment","target":["https:\/\/vosgesinfo.fr\/epinalinfo\/2016\/09\/saint-etienne-remiremont-chapelle-arts-de-suche-ouvre-portes-week-end\/#respond"]}]},{"@type":"WebPage","@id":"https:\/\/vosgesinfo.fr\/epinalinfo\/2016\/09\/saint-etienne-remiremont-chapelle-arts-de-suche-ouvre-portes-week-end\/","url":"https:\/\/vosgesinfo.fr\/epinalinfo\/2016\/09\/saint-etienne-remiremont-chapelle-arts-de-suche-ouvre-portes-week-end\/","name":"Saint-Etienne-l\u00e8s-Remiremont \u2013 La Chapelle des Arts de La Suche ouvre ses portes ce week-end - Epinal Info","isPartOf":{"@id":"https:\/\/vosgesinfo.fr\/epinalinfo\/#website"},"primaryImageOfPage":{"@id":"https:\/\/vosgesinfo.fr\/epinalinfo\/2016\/09\/saint-etienne-remiremont-chapelle-arts-de-suche-ouvre-portes-week-end\/#primaryimage"},"image":{"@id":"https:\/\/vosgesinfo.fr\/epinalinfo\/2016\/09\/saint-etienne-remiremont-chapelle-arts-de-suche-ouvre-portes-week-end\/#primaryimage"},"thumbnailUrl":"https:\/\/vosgesinfo.fr\/app\/uploads\/sites\/3\/2024\/08\/201609img-2044.jpg","datePublished":"2016-09-15T05:25:54+00:00","dateModified":"2016-09-15T05:25:54+00:00","breadcrumb":{"@id":"https:\/\/vosgesinfo.fr\/epinalinfo\/2016\/09\/saint-etienne-remiremont-chapelle-arts-de-suche-ouvre-portes-week-end\/#breadcrumb"},"inLanguage":"fr-FR","potentialAction":[{"@type":"ReadAction","target":["https:\/\/vosgesinfo.fr\/epinalinfo\/2016\/09\/saint-etienne-remiremont-chapelle-arts-de-suche-ouvre-portes-week-end\/"]}]},{"@type":"ImageObject","inLanguage":"fr-FR","@id":"https:\/\/vosgesinfo.fr\/epinalinfo\/2016\/09\/saint-etienne-remiremont-chapelle-arts-de-suche-ouvre-portes-week-end\/#primaryimage","url":"https:\/\/vosgesinfo.fr\/app\/uploads\/sites\/3\/2024\/08\/201609img-2044.jpg","contentUrl":"https:\/\/vosgesinfo.fr\/app\/uploads\/sites\/3\/2024\/08\/201609img-2044.jpg","width":800,"height":600},{"@type":"BreadcrumbList","@id":"https:\/\/vosgesinfo.fr\/epinalinfo\/2016\/09\/saint-etienne-remiremont-chapelle-arts-de-suche-ouvre-portes-week-end\/#breadcrumb","itemListElement":[{"@type":"ListItem","position":1,"name":"Home","item":"https:\/\/vosgesinfo.fr\/epinalinfo\/"},{"@type":"ListItem","position":2,"name":"Saint-Etienne-l\u00e8s-Remiremont \u2013 La Chapelle des Arts de La Suche ouvre ses portes ce week-end"}]},{"@type":"WebSite","@id":"https:\/\/vosgesinfo.fr\/epinalinfo\/#website","url":"https:\/\/vosgesinfo.fr\/epinalinfo\/","name":"Epinal Info","description":"Toute l&#039;actualit\u00e9 d&#039;\u00c9pinal","publisher":{"@id":"https:\/\/vosgesinfo.fr\/epinalinfo\/#organization"},"alternateName":"Toute l'actualit\u00e9 d'\u00c9pinal","potentialAction":[{"@type":"SearchAction","target":{"@type":"EntryPoint","urlTemplate":"https:\/\/vosgesinfo.fr\/epinalinfo\/?s={search_term_string}"},"query-input":"required name=search_term_string"}],"inLanguage":"fr-FR"},{"@type":"Organization","@id":"https:\/\/vosgesinfo.fr\/epinalinfo\/#organization","name":"Epinal Info","url":"https:\/\/vosgesinfo.fr\/epinalinfo\/","logo":{"@type":"ImageObject","inLanguage":"fr-FR","@id":"https:\/\/vosgesinfo.fr\/epinalinfo\/#\/schema\/logo\/image\/","url":"https:\/\/vosgesinfo.fr\/app\/uploads\/sites\/3\/2023\/08\/logo-epinalinfos.svg","contentUrl":"https:\/\/vosgesinfo.fr\/app\/uploads\/sites\/3\/2023\/08\/logo-epinalinfos.svg","width":1,"height":1,"caption":"Epinal Info"},"image":{"@id":"https:\/\/vosgesinfo.fr\/epinalinfo\/#\/schema\/logo\/image\/"},"sameAs":["https:\/\/www.facebook.com\/Epinalinfos","https:\/\/x.com\/VosgesInfo88","https:\/\/www.youtube.com\/@vosgesinfo"]},{"@type":"Person","@id":"https:\/\/vosgesinfo.fr\/epinalinfo\/#\/schema\/person\/6f9a650eeea99d969b6c4ab78fccbe81","name":"C.K.","image":{"@type":"ImageObject","inLanguage":"fr-FR","@id":"https:\/\/vosgesinfo.fr\/epinalinfo\/#\/schema\/person\/image\/","url":"https:\/\/secure.gravatar.com\/avatar\/48e3fc7f8421ba8942be6b74a2b7f014ca39bc00dece156b7a8e098ae7dc87bf?s=96&d=mm&r=g","contentUrl":"https:\/\/secure.gravatar.com\/avatar\/48e3fc7f8421ba8942be6b74a2b7f014ca39bc00dece156b7a8e098ae7dc87bf?s=96&d=mm&r=g","caption":"C.K."},"url":"https:\/\/vosgesinfo.fr\/epinalinfo\/author\/celia-k-n\/"}]}},"_links":{"self":[{"href":"https:\/\/vosgesinfo.fr\/epinalinfo\/wp-json\/wp\/v2\/posts\/65144","targetHints":{"allow":["GET"]}}],"collection":[{"href":"https:\/\/vosgesinfo.fr\/epinalinfo\/wp-json\/wp\/v2\/posts"}],"about":[{"href":"https:\/\/vosgesinfo.fr\/epinalinfo\/wp-json\/wp\/v2\/types\/post"}],"author":[{"embeddable":true,"href":"https:\/\/vosgesinfo.fr\/epinalinfo\/wp-json\/wp\/v2\/users\/52"}],"replies":[{"embeddable":true,"href":"https:\/\/vosgesinfo.fr\/epinalinfo\/wp-json\/wp\/v2\/comments?post=65144"}],"version-history":[{"count":0,"href":"https:\/\/vosgesinfo.fr\/epinalinfo\/wp-json\/wp\/v2\/posts\/65144\/revisions"}],"wp:featuredmedia":[{"embeddable":true,"href":"https:\/\/vosgesinfo.fr\/epinalinfo\/wp-json\/wp\/v2\/media\/65145"}],"wp:attachment":[{"href":"https:\/\/vosgesinfo.fr\/epinalinfo\/wp-json\/wp\/v2\/media?parent=65144"}],"wp:term":[{"taxonomy":"category","embeddable":true,"href":"https:\/\/vosgesinfo.fr\/epinalinfo\/wp-json\/wp\/v2\/categories?post=65144"},{"taxonomy":"post_tag","embeddable":true,"href":"https:\/\/vosgesinfo.fr\/epinalinfo\/wp-json\/wp\/v2\/tags?post=65144"}],"curies":[{"name":"wp","href":"https:\/\/api.w.org\/{rel}","templated":true}]}}