{"id":65146,"date":"2016-09-15T07:31:20","date_gmt":"2016-09-15T05:31:20","guid":{"rendered":"https:\/\/vosgesinfo.fr\/epinalinfo\/2016\/09\/remiremont-lultime-pirouette-maire-bernard-godfroy-demissionne-de\/"},"modified":"2016-09-15T07:31:20","modified_gmt":"2016-09-15T05:31:20","slug":"remiremont-lultime-pirouette-maire-bernard-godfroy-demissionne-de","status":"publish","type":"post","link":"https:\/\/vosgesinfo.fr\/epinalinfo\/2016\/09\/remiremont-lultime-pirouette-maire-bernard-godfroy-demissionne-de\/","title":{"rendered":"Remiremont \u2013 L\u2019ultime pirouette du maire Bernard Godfroy, il d\u00e9missionne pour de bon !"},"content":{"rendered":"<div id=\"attachment_99919\" style=\"width: 810px\" class=\"wp-caption aligncenter\"><a href=\"http:\/\/epinalinfos.fr\/2016\/09\/remiremont-lultime-pirouette-maire-bernard-godfroy-demissionne-de\/08-the-mask\/\" rel=\"attachment wp-att-99919\"><img decoding=\"async\" aria-describedby=\"caption-attachment-99919\" class=\"size-full wp-image-99919\" src=\"\/2016\/09\/08-The-Mask.jpg\" alt=\"Bernard Godfroy lors du conseil municipal extraordinaire du vendredi 9 septembre 2016.\" width=\"800\" height=\"600\" \/><\/a><p id=\"caption-attachment-99919\" class=\"wp-caption-text\">Bernard Godfroy lors du conseil municipal extraordinaire du vendredi 9 septembre 2016.<\/p><\/div>\n<p><strong>Bernard Godfroy, maire de Remiremont depuis mars 2014, a adress\u00e9\u00a0sa d\u00e9mission au pr\u00e9fet des Vosges. Un prochain conseil municipal se r\u00e9unira pour \u00e9lire un nouveau premier magistrat et de nouveaux adjoints.<br \/>\n<\/strong><\/p>\n<p>Bernard Godfroy est sorti consid\u00e9rablement diminu\u00e9 et surtout meurtri du conseil municipal extraordinaire du vendredi 9 septembre 2016. 22 des 29 membres du conseil ont vot\u00e9 \u00e0 mains lev\u00e9es pour dire <em>\u00ab\u00a0qu\u2019il ne font pas ou plus confiance \u00e0 Bernard Godfroy\u00a0\u00bb.<\/em> 22 c\u2019est-\u00e0-dire 16 des 22 \u00e9lus de sa majorit\u00e9 et les 6 de la liste de droite. Seuls 5 \u00e9lus de sa majorit\u00e9 et l\u2019ind\u00e9pendant Hugues Laine n\u2019avaient pas vot\u00e9 pour ce qui ressemblait \u00e0 un appel \u00e0 la d\u00e9mission.<\/p>\n<p>De nombreux \u00e9lus de son camp et de l\u2019opposition de droite ont pris la parole pour exprimer tout haut leurs griefs avec plus ou moins de v\u00e9h\u00e9mence.<em> \u00ab\u00a0En deux ans de mandat, vous avez fait de Remiremont la deux chevaux de Bourvil dans la premi\u00e8re sc\u00e8ne du Corniaud\u00a0\u00bb<\/em> avait commenc\u00e9 par dire son ancien premier adjoint Roger Durupt dans un v\u00e9ritable r\u00e9quisitoire contre celui qu\u2019il avait adoub\u00e9 durant la campagne des municipales de 2014.\u00a0<em>\u00ab\u00a0D\u00e8s le lendemain de votre \u00e9lection, nous allions d\u00e9couvrir un autre personnage, avec d\u2019autres ambitions que celles affich\u00e9es par notre \u00e9quipe, des ambitions beaucoup plus personnelles, non exprim\u00e9es jusqu\u2019alors. Vous alliez transformer notre slogan en \u00ab\u00a0Mon projet c\u2019est moi. D\u00e9velopp\u00e9 dans trois directions\u00a0: r\u00e9gler des comptes personnels cons\u00e9cutifs \u00e0 votre vie professionnelle d\u2019employ\u00e9 communal, courir apr\u00e8s tous les mandats \u00e9lectifs qui passaient \u00e0 votre port\u00e9e et privil\u00e9gier votre image personnelle\u00a0\u00bb<\/em> s\u2019\u00e9tait insurg\u00e9 Roger Durupt.<\/p>\n<p>Bernard Godfroy, directeur des services techniques municipaux jusqu\u2019\u00e0 sa retraite en 2010, s\u2019\u00e9tait pr\u00e9sent\u00e9 pour la premi\u00e8re fois aux suffrages en 2014 en f\u00e9d\u00e9rant des \u00e9nergies venues de tous bords politiques. De gauche avec notamment Claude Jacquel et Roger Durupt, tous deux engag\u00e9s dans la vie municipale depuis plusieurs mandats,\u00a0et de droite avec notamment Fran\u00e7oise Duval.<\/p>\n<p>Mais d\u00e8s son \u00e9lection dans le fauteuil de premier magistrat, l\u2019entente cordiale avait tourn\u00e9 court. Les dissensions \u00e9taient apparues au grand jour lors du conseil municipal du 24 juin 2016 o\u00f9 ses propres co-listiers avaient rejet\u00e9 massivement sa proposition d\u2019une \u00e9tude sur le passage six \u00e0 huit couloirs de la piste d\u2019athl\u00e9tisme du stade de B\u00e9champ.<\/p>\n<p>Une semaine plus tard,\u00a0le vendredi 1<sup>er<\/sup> juillet 2016, Bernard Godfroy adressait une lettre de d\u00e9mission \u00a0\u00e0 ses 21 co-listiers:\u00a0<em>\u00ab Je d\u00e9missionne, pour le bien de Remiremont et des Romarimontains, pour que vous puissiez travailler en toute s\u00e9r\u00e9nit\u00e9 et dans une confiance retrouv\u00e9e, je vous laisse le soin de dessiner et de g\u00e9rer l\u2019avenir de la commune\u00a0\u00bb<\/em> leur annon\u00e7ait-il. Mais\u00a0le 5 juillet, Bernard Godfroy revenait sur sa d\u00e9cision.<\/p>\n<p align=\"justify\">Un conseil municipal extraordinaire \u00e9tait ensuite demand\u00e9 \u00a0par 15 \u00a0de ses co-listiers. D\u2019abord programm\u00e9 le vendredi 26 ao\u00fbt 2016, il \u00e9tait report\u00e9 au 9 septembre par Bernard Godfroy pour d\u2019obscures raisons administratives. Un conseil municipal extraordinaire o\u00f9 une majorit\u00e9 d\u2019\u00e9lus devait \u00e9galement retirer \u00e0 Bernard Godfroy 20 de ses 25 d\u00e9l\u00e9gations.<\/p>\n<p><em>\u00ab\u00a0Je suis toujours le maire de Remiremont. La gestion des Romarimontains et le quotidien des Romarimontains ne seront pas impact\u00e9s par le retrait de certaines de mes d\u00e9l\u00e9gations\u00a0\u00bb<\/em> avait conclu Bernard Godfroy.<\/p>\n<p>Mardi 13 septembre 2016, il pr\u00e9sidait , comme si de rien n\u2019\u00e9tait,\u00a0le conseil communautaire de la communaut\u00e9 de communes de la Porte des Hautes-Vosges. Pas une fois\u00a0la situation de crise du conseil municipal romarimontain n\u2019y \u00e9tait abord\u00e9e ni m\u00eame effleur\u00e9e. Bernard Godfroy n\u2019a rien laiss\u00e9 transpara\u00eetre.<\/p>\n<p>Mais ce mercredi 14 septembre 2016, la rumeur s\u2019est r\u00e9pandue comme une tra\u00een\u00e9e de poudre en matin\u00e9e. Bernard Godfroy aurait d\u00e9missionn\u00e9 de son poste de maire de Remiremont.<\/p>\n<p>Nous avons tent\u00e9 de joindre Bernard Godfroy, en vain.<\/p>\n<p>Lors d\u2019une prochaine s\u00e9ance du conseil municipal, les \u00e9lus devront donc \u00e9lire un nouveau maire mais aussi de nouveaux adjoints suite \u00e0 la d\u00e9mission de cinq d\u2019entre eux.<\/p>\n","protected":false},"excerpt":{"rendered":"<p>Bernard Godfroy, maire de Remiremont depuis mars 2014, a adress\u00e9\u00a0sa d\u00e9mission au pr\u00e9fet des Vosges. Un prochain conseil municipal se [&hellip;]<\/p>\n","protected":false},"author":52,"featured_media":65147,"comment_status":"open","ping_status":"open","sticky":false,"template":"","format":"standard","meta":{"footnotes":""},"categories":[9],"tags":[3128,1287,706],"class_list":["post-65146","post","type-post","status-publish","format-standard","has-post-thumbnail","hentry","category-politique","tag-demission","tag-maire","tag-remiremont"],"acf":[],"yoast_head":"<!-- This site is optimized with the Yoast SEO plugin v22.5 - https:\/\/yoast.com\/wordpress\/plugins\/seo\/ -->\n<title>Remiremont \u2013 L\u2019ultime pirouette du maire Bernard Godfroy, il d\u00e9missionne pour de bon ! - Epinal Info<\/title>\n<meta name=\"robots\" content=\"index, follow, max-snippet:-1, max-image-preview:large, max-video-preview:-1\" \/>\n<link rel=\"canonical\" href=\"https:\/\/vosgesinfo.fr\/epinalinfo\/2016\/09\/remiremont-lultime-pirouette-maire-bernard-godfroy-demissionne-de\/\" \/>\n<meta name=\"twitter:card\" content=\"summary_large_image\" \/>\n<meta name=\"twitter:title\" content=\"Remiremont \u2013 L\u2019ultime pirouette du maire Bernard Godfroy, il d\u00e9missionne pour de bon ! - Epinal Info\" \/>\n<meta name=\"twitter:description\" content=\"Bernard Godfroy, maire de Remiremont depuis mars 2014, a adress\u00e9\u00a0sa d\u00e9mission au pr\u00e9fet des Vosges. Un prochain conseil municipal se [&hellip;]\" \/>\n<meta name=\"twitter:image\" content=\"https:\/\/vosgesinfo.fr\/app\/uploads\/sites\/3\/2024\/08\/20160908-the-mask.jpg\" \/>\n<meta name=\"twitter:creator\" content=\"@VosgesInfo88\" \/>\n<meta name=\"twitter:site\" content=\"@VosgesInfo88\" \/>\n<meta name=\"twitter:label1\" content=\"\u00c9crit par\" \/>\n\t<meta name=\"twitter:data1\" content=\"C.K.\" \/>\n\t<meta name=\"twitter:label2\" content=\"Dur\u00e9e de lecture estim\u00e9e\" \/>\n\t<meta name=\"twitter:data2\" content=\"4 minutes\" \/>\n<script type=\"application\/ld+json\" class=\"yoast-schema-graph\">{\"@context\":\"https:\/\/schema.org\",\"@graph\":[{\"@type\":\"Article\",\"@id\":\"https:\/\/vosgesinfo.fr\/epinalinfo\/2016\/09\/remiremont-lultime-pirouette-maire-bernard-godfroy-demissionne-de\/#article\",\"isPartOf\":{\"@id\":\"https:\/\/vosgesinfo.fr\/epinalinfo\/2016\/09\/remiremont-lultime-pirouette-maire-bernard-godfroy-demissionne-de\/\"},\"author\":{\"name\":\"C.K.\",\"@id\":\"https:\/\/vosgesinfo.fr\/epinalinfo\/#\/schema\/person\/6f9a650eeea99d969b6c4ab78fccbe81\"},\"headline\":\"Remiremont \u2013 L\u2019ultime pirouette du maire Bernard Godfroy, il d\u00e9missionne pour de bon !\",\"datePublished\":\"2016-09-15T05:31:20+00:00\",\"dateModified\":\"2016-09-15T05:31:20+00:00\",\"mainEntityOfPage\":{\"@id\":\"https:\/\/vosgesinfo.fr\/epinalinfo\/2016\/09\/remiremont-lultime-pirouette-maire-bernard-godfroy-demissionne-de\/\"},\"wordCount\":715,\"commentCount\":0,\"publisher\":{\"@id\":\"https:\/\/vosgesinfo.fr\/epinalinfo\/#organization\"},\"image\":{\"@id\":\"https:\/\/vosgesinfo.fr\/epinalinfo\/2016\/09\/remiremont-lultime-pirouette-maire-bernard-godfroy-demissionne-de\/#primaryimage\"},\"thumbnailUrl\":\"https:\/\/vosgesinfo.fr\/app\/uploads\/sites\/3\/2024\/08\/20160908-the-mask.jpg\",\"keywords\":[\"d\u00e9mission\",\"maire\",\"Remiremont\"],\"articleSection\":[\"Politique\"],\"inLanguage\":\"fr-FR\",\"potentialAction\":[{\"@type\":\"CommentAction\",\"name\":\"Comment\",\"target\":[\"https:\/\/vosgesinfo.fr\/epinalinfo\/2016\/09\/remiremont-lultime-pirouette-maire-bernard-godfroy-demissionne-de\/#respond\"]}]},{\"@type\":\"WebPage\",\"@id\":\"https:\/\/vosgesinfo.fr\/epinalinfo\/2016\/09\/remiremont-lultime-pirouette-maire-bernard-godfroy-demissionne-de\/\",\"url\":\"https:\/\/vosgesinfo.fr\/epinalinfo\/2016\/09\/remiremont-lultime-pirouette-maire-bernard-godfroy-demissionne-de\/\",\"name\":\"Remiremont \u2013 L\u2019ultime pirouette du maire Bernard Godfroy, il d\u00e9missionne pour de bon ! - Epinal Info\",\"isPartOf\":{\"@id\":\"https:\/\/vosgesinfo.fr\/epinalinfo\/#website\"},\"primaryImageOfPage\":{\"@id\":\"https:\/\/vosgesinfo.fr\/epinalinfo\/2016\/09\/remiremont-lultime-pirouette-maire-bernard-godfroy-demissionne-de\/#primaryimage\"},\"image\":{\"@id\":\"https:\/\/vosgesinfo.fr\/epinalinfo\/2016\/09\/remiremont-lultime-pirouette-maire-bernard-godfroy-demissionne-de\/#primaryimage\"},\"thumbnailUrl\":\"https:\/\/vosgesinfo.fr\/app\/uploads\/sites\/3\/2024\/08\/20160908-the-mask.jpg\",\"datePublished\":\"2016-09-15T05:31:20+00:00\",\"dateModified\":\"2016-09-15T05:31:20+00:00\",\"breadcrumb\":{\"@id\":\"https:\/\/vosgesinfo.fr\/epinalinfo\/2016\/09\/remiremont-lultime-pirouette-maire-bernard-godfroy-demissionne-de\/#breadcrumb\"},\"inLanguage\":\"fr-FR\",\"potentialAction\":[{\"@type\":\"ReadAction\",\"target\":[\"https:\/\/vosgesinfo.fr\/epinalinfo\/2016\/09\/remiremont-lultime-pirouette-maire-bernard-godfroy-demissionne-de\/\"]}]},{\"@type\":\"ImageObject\",\"inLanguage\":\"fr-FR\",\"@id\":\"https:\/\/vosgesinfo.fr\/epinalinfo\/2016\/09\/remiremont-lultime-pirouette-maire-bernard-godfroy-demissionne-de\/#primaryimage\",\"url\":\"https:\/\/vosgesinfo.fr\/app\/uploads\/sites\/3\/2024\/08\/20160908-the-mask.jpg\",\"contentUrl\":\"https:\/\/vosgesinfo.fr\/app\/uploads\/sites\/3\/2024\/08\/20160908-the-mask.jpg\",\"width\":800,\"height\":600},{\"@type\":\"BreadcrumbList\",\"@id\":\"https:\/\/vosgesinfo.fr\/epinalinfo\/2016\/09\/remiremont-lultime-pirouette-maire-bernard-godfroy-demissionne-de\/#breadcrumb\",\"itemListElement\":[{\"@type\":\"ListItem\",\"position\":1,\"name\":\"Home\",\"item\":\"https:\/\/vosgesinfo.fr\/epinalinfo\/\"},{\"@type\":\"ListItem\",\"position\":2,\"name\":\"Remiremont \u2013 L\u2019ultime pirouette du maire Bernard Godfroy, il d\u00e9missionne pour de bon !\"}]},{\"@type\":\"WebSite\",\"@id\":\"https:\/\/vosgesinfo.fr\/epinalinfo\/#website\",\"url\":\"https:\/\/vosgesinfo.fr\/epinalinfo\/\",\"name\":\"Epinal Info\",\"description\":\"Toute l&#039;actualit\u00e9 d&#039;\u00c9pinal\",\"publisher\":{\"@id\":\"https:\/\/vosgesinfo.fr\/epinalinfo\/#organization\"},\"alternateName\":\"Toute l'actualit\u00e9 d'\u00c9pinal\",\"potentialAction\":[{\"@type\":\"SearchAction\",\"target\":{\"@type\":\"EntryPoint\",\"urlTemplate\":\"https:\/\/vosgesinfo.fr\/epinalinfo\/?s={search_term_string}\"},\"query-input\":\"required name=search_term_string\"}],\"inLanguage\":\"fr-FR\"},{\"@type\":\"Organization\",\"@id\":\"https:\/\/vosgesinfo.fr\/epinalinfo\/#organization\",\"name\":\"Epinal Info\",\"url\":\"https:\/\/vosgesinfo.fr\/epinalinfo\/\",\"logo\":{\"@type\":\"ImageObject\",\"inLanguage\":\"fr-FR\",\"@id\":\"https:\/\/vosgesinfo.fr\/epinalinfo\/#\/schema\/logo\/image\/\",\"url\":\"https:\/\/vosgesinfo.fr\/app\/uploads\/sites\/3\/2023\/08\/logo-epinalinfos.svg\",\"contentUrl\":\"https:\/\/vosgesinfo.fr\/app\/uploads\/sites\/3\/2023\/08\/logo-epinalinfos.svg\",\"width\":1,\"height\":1,\"caption\":\"Epinal Info\"},\"image\":{\"@id\":\"https:\/\/vosgesinfo.fr\/epinalinfo\/#\/schema\/logo\/image\/\"},\"sameAs\":[\"https:\/\/www.facebook.com\/Epinalinfos\",\"https:\/\/x.com\/VosgesInfo88\",\"https:\/\/www.youtube.com\/@vosgesinfo\"]},{\"@type\":\"Person\",\"@id\":\"https:\/\/vosgesinfo.fr\/epinalinfo\/#\/schema\/person\/6f9a650eeea99d969b6c4ab78fccbe81\",\"name\":\"C.K.\",\"image\":{\"@type\":\"ImageObject\",\"inLanguage\":\"fr-FR\",\"@id\":\"https:\/\/vosgesinfo.fr\/epinalinfo\/#\/schema\/person\/image\/\",\"url\":\"https:\/\/secure.gravatar.com\/avatar\/48e3fc7f8421ba8942be6b74a2b7f014ca39bc00dece156b7a8e098ae7dc87bf?s=96&d=mm&r=g\",\"contentUrl\":\"https:\/\/secure.gravatar.com\/avatar\/48e3fc7f8421ba8942be6b74a2b7f014ca39bc00dece156b7a8e098ae7dc87bf?s=96&d=mm&r=g\",\"caption\":\"C.K.\"},\"url\":\"https:\/\/vosgesinfo.fr\/epinalinfo\/author\/celia-k-n\/\"}]}<\/script>\n<!-- \/ Yoast SEO plugin. -->","yoast_head_json":{"title":"Remiremont \u2013 L\u2019ultime pirouette du maire Bernard Godfroy, il d\u00e9missionne pour de bon ! - Epinal Info","robots":{"index":"index","follow":"follow","max-snippet":"max-snippet:-1","max-image-preview":"max-image-preview:large","max-video-preview":"max-video-preview:-1"},"canonical":"https:\/\/vosgesinfo.fr\/epinalinfo\/2016\/09\/remiremont-lultime-pirouette-maire-bernard-godfroy-demissionne-de\/","twitter_card":"summary_large_image","twitter_title":"Remiremont \u2013 L\u2019ultime pirouette du maire Bernard Godfroy, il d\u00e9missionne pour de bon ! - Epinal Info","twitter_description":"Bernard Godfroy, maire de Remiremont depuis mars 2014, a adress\u00e9\u00a0sa d\u00e9mission au pr\u00e9fet des Vosges. Un prochain conseil municipal se [&hellip;]","twitter_image":"https:\/\/vosgesinfo.fr\/app\/uploads\/sites\/3\/2024\/08\/20160908-the-mask.jpg","twitter_creator":"@VosgesInfo88","twitter_site":"@VosgesInfo88","twitter_misc":{"\u00c9crit par":"C.K.","Dur\u00e9e de lecture estim\u00e9e":"4 minutes"},"schema":{"@context":"https:\/\/schema.org","@graph":[{"@type":"Article","@id":"https:\/\/vosgesinfo.fr\/epinalinfo\/2016\/09\/remiremont-lultime-pirouette-maire-bernard-godfroy-demissionne-de\/#article","isPartOf":{"@id":"https:\/\/vosgesinfo.fr\/epinalinfo\/2016\/09\/remiremont-lultime-pirouette-maire-bernard-godfroy-demissionne-de\/"},"author":{"name":"C.K.","@id":"https:\/\/vosgesinfo.fr\/epinalinfo\/#\/schema\/person\/6f9a650eeea99d969b6c4ab78fccbe81"},"headline":"Remiremont \u2013 L\u2019ultime pirouette du maire Bernard Godfroy, il d\u00e9missionne pour de bon !","datePublished":"2016-09-15T05:31:20+00:00","dateModified":"2016-09-15T05:31:20+00:00","mainEntityOfPage":{"@id":"https:\/\/vosgesinfo.fr\/epinalinfo\/2016\/09\/remiremont-lultime-pirouette-maire-bernard-godfroy-demissionne-de\/"},"wordCount":715,"commentCount":0,"publisher":{"@id":"https:\/\/vosgesinfo.fr\/epinalinfo\/#organization"},"image":{"@id":"https:\/\/vosgesinfo.fr\/epinalinfo\/2016\/09\/remiremont-lultime-pirouette-maire-bernard-godfroy-demissionne-de\/#primaryimage"},"thumbnailUrl":"https:\/\/vosgesinfo.fr\/app\/uploads\/sites\/3\/2024\/08\/20160908-the-mask.jpg","keywords":["d\u00e9mission","maire","Remiremont"],"articleSection":["Politique"],"inLanguage":"fr-FR","potentialAction":[{"@type":"CommentAction","name":"Comment","target":["https:\/\/vosgesinfo.fr\/epinalinfo\/2016\/09\/remiremont-lultime-pirouette-maire-bernard-godfroy-demissionne-de\/#respond"]}]},{"@type":"WebPage","@id":"https:\/\/vosgesinfo.fr\/epinalinfo\/2016\/09\/remiremont-lultime-pirouette-maire-bernard-godfroy-demissionne-de\/","url":"https:\/\/vosgesinfo.fr\/epinalinfo\/2016\/09\/remiremont-lultime-pirouette-maire-bernard-godfroy-demissionne-de\/","name":"Remiremont \u2013 L\u2019ultime pirouette du maire Bernard Godfroy, il d\u00e9missionne pour de bon ! - Epinal Info","isPartOf":{"@id":"https:\/\/vosgesinfo.fr\/epinalinfo\/#website"},"primaryImageOfPage":{"@id":"https:\/\/vosgesinfo.fr\/epinalinfo\/2016\/09\/remiremont-lultime-pirouette-maire-bernard-godfroy-demissionne-de\/#primaryimage"},"image":{"@id":"https:\/\/vosgesinfo.fr\/epinalinfo\/2016\/09\/remiremont-lultime-pirouette-maire-bernard-godfroy-demissionne-de\/#primaryimage"},"thumbnailUrl":"https:\/\/vosgesinfo.fr\/app\/uploads\/sites\/3\/2024\/08\/20160908-the-mask.jpg","datePublished":"2016-09-15T05:31:20+00:00","dateModified":"2016-09-15T05:31:20+00:00","breadcrumb":{"@id":"https:\/\/vosgesinfo.fr\/epinalinfo\/2016\/09\/remiremont-lultime-pirouette-maire-bernard-godfroy-demissionne-de\/#breadcrumb"},"inLanguage":"fr-FR","potentialAction":[{"@type":"ReadAction","target":["https:\/\/vosgesinfo.fr\/epinalinfo\/2016\/09\/remiremont-lultime-pirouette-maire-bernard-godfroy-demissionne-de\/"]}]},{"@type":"ImageObject","inLanguage":"fr-FR","@id":"https:\/\/vosgesinfo.fr\/epinalinfo\/2016\/09\/remiremont-lultime-pirouette-maire-bernard-godfroy-demissionne-de\/#primaryimage","url":"https:\/\/vosgesinfo.fr\/app\/uploads\/sites\/3\/2024\/08\/20160908-the-mask.jpg","contentUrl":"https:\/\/vosgesinfo.fr\/app\/uploads\/sites\/3\/2024\/08\/20160908-the-mask.jpg","width":800,"height":600},{"@type":"BreadcrumbList","@id":"https:\/\/vosgesinfo.fr\/epinalinfo\/2016\/09\/remiremont-lultime-pirouette-maire-bernard-godfroy-demissionne-de\/#breadcrumb","itemListElement":[{"@type":"ListItem","position":1,"name":"Home","item":"https:\/\/vosgesinfo.fr\/epinalinfo\/"},{"@type":"ListItem","position":2,"name":"Remiremont \u2013 L\u2019ultime pirouette du maire Bernard Godfroy, il d\u00e9missionne pour de bon !"}]},{"@type":"WebSite","@id":"https:\/\/vosgesinfo.fr\/epinalinfo\/#website","url":"https:\/\/vosgesinfo.fr\/epinalinfo\/","name":"Epinal Info","description":"Toute l&#039;actualit\u00e9 d&#039;\u00c9pinal","publisher":{"@id":"https:\/\/vosgesinfo.fr\/epinalinfo\/#organization"},"alternateName":"Toute l'actualit\u00e9 d'\u00c9pinal","potentialAction":[{"@type":"SearchAction","target":{"@type":"EntryPoint","urlTemplate":"https:\/\/vosgesinfo.fr\/epinalinfo\/?s={search_term_string}"},"query-input":"required name=search_term_string"}],"inLanguage":"fr-FR"},{"@type":"Organization","@id":"https:\/\/vosgesinfo.fr\/epinalinfo\/#organization","name":"Epinal Info","url":"https:\/\/vosgesinfo.fr\/epinalinfo\/","logo":{"@type":"ImageObject","inLanguage":"fr-FR","@id":"https:\/\/vosgesinfo.fr\/epinalinfo\/#\/schema\/logo\/image\/","url":"https:\/\/vosgesinfo.fr\/app\/uploads\/sites\/3\/2023\/08\/logo-epinalinfos.svg","contentUrl":"https:\/\/vosgesinfo.fr\/app\/uploads\/sites\/3\/2023\/08\/logo-epinalinfos.svg","width":1,"height":1,"caption":"Epinal Info"},"image":{"@id":"https:\/\/vosgesinfo.fr\/epinalinfo\/#\/schema\/logo\/image\/"},"sameAs":["https:\/\/www.facebook.com\/Epinalinfos","https:\/\/x.com\/VosgesInfo88","https:\/\/www.youtube.com\/@vosgesinfo"]},{"@type":"Person","@id":"https:\/\/vosgesinfo.fr\/epinalinfo\/#\/schema\/person\/6f9a650eeea99d969b6c4ab78fccbe81","name":"C.K.","image":{"@type":"ImageObject","inLanguage":"fr-FR","@id":"https:\/\/vosgesinfo.fr\/epinalinfo\/#\/schema\/person\/image\/","url":"https:\/\/secure.gravatar.com\/avatar\/48e3fc7f8421ba8942be6b74a2b7f014ca39bc00dece156b7a8e098ae7dc87bf?s=96&d=mm&r=g","contentUrl":"https:\/\/secure.gravatar.com\/avatar\/48e3fc7f8421ba8942be6b74a2b7f014ca39bc00dece156b7a8e098ae7dc87bf?s=96&d=mm&r=g","caption":"C.K."},"url":"https:\/\/vosgesinfo.fr\/epinalinfo\/author\/celia-k-n\/"}]}},"_links":{"self":[{"href":"https:\/\/vosgesinfo.fr\/epinalinfo\/wp-json\/wp\/v2\/posts\/65146","targetHints":{"allow":["GET"]}}],"collection":[{"href":"https:\/\/vosgesinfo.fr\/epinalinfo\/wp-json\/wp\/v2\/posts"}],"about":[{"href":"https:\/\/vosgesinfo.fr\/epinalinfo\/wp-json\/wp\/v2\/types\/post"}],"author":[{"embeddable":true,"href":"https:\/\/vosgesinfo.fr\/epinalinfo\/wp-json\/wp\/v2\/users\/52"}],"replies":[{"embeddable":true,"href":"https:\/\/vosgesinfo.fr\/epinalinfo\/wp-json\/wp\/v2\/comments?post=65146"}],"version-history":[{"count":0,"href":"https:\/\/vosgesinfo.fr\/epinalinfo\/wp-json\/wp\/v2\/posts\/65146\/revisions"}],"wp:featuredmedia":[{"embeddable":true,"href":"https:\/\/vosgesinfo.fr\/epinalinfo\/wp-json\/wp\/v2\/media\/65147"}],"wp:attachment":[{"href":"https:\/\/vosgesinfo.fr\/epinalinfo\/wp-json\/wp\/v2\/media?parent=65146"}],"wp:term":[{"taxonomy":"category","embeddable":true,"href":"https:\/\/vosgesinfo.fr\/epinalinfo\/wp-json\/wp\/v2\/categories?post=65146"},{"taxonomy":"post_tag","embeddable":true,"href":"https:\/\/vosgesinfo.fr\/epinalinfo\/wp-json\/wp\/v2\/tags?post=65146"}],"curies":[{"name":"wp","href":"https:\/\/api.w.org\/{rel}","templated":true}]}}