{"id":65154,"date":"2016-09-15T05:44:41","date_gmt":"2016-09-15T03:44:41","guid":{"rendered":"https:\/\/vosgesinfo.fr\/epinalinfo\/2016\/09\/charmes-fete-pomme\/"},"modified":"2016-09-15T05:44:41","modified_gmt":"2016-09-15T03:44:41","slug":"charmes-fete-pomme","status":"publish","type":"post","link":"https:\/\/vosgesinfo.fr\/epinalinfo\/2016\/09\/charmes-fete-pomme\/","title":{"rendered":"Charmes f\u00eate la pomme"},"content":{"rendered":"<p><strong><a href=\"http:\/\/epinalinfos.fr\/2016\/09\/charmes-fete-pomme\/sans-titre-291\/\" rel=\"attachment wp-att-99935\"><img decoding=\"async\" class=\"aligncenter size-full wp-image-99935\" src=\"\/2016\/09\/Sans-titre2.jpg\" alt=\"Sans titre\" width=\"549\" height=\"793\" \/><\/a>Le dimanche 16 octobre 2016, de 10h \u00e0 18h, la ville de Charmes accueillera \u00ab La F\u00eate de la Pomme et du d\u00e9veloppement durable \u00bb. L\u2019association \u00ab Les Croqueurs de Pommes, Centre Vosges \u00bb est \u00e0 l\u2019initiative de cet \u00e9v\u00e8nement que la commune de Charmes organise en partenariat avec la Communaut\u00e9 de Communes de la Moyenne Moselle (CCMM). <\/strong><\/p>\n<p>Cette festivit\u00e9 est l\u2019occasion, pour l\u2019association, de mettre en avant ses objectifs : la sensibilisation du grand public \u00e0 l\u2019int\u00e9r\u00eat de la sauvegarde des vergers traditionnels et des vari\u00e9t\u00e9s locales, ainsi que la valorisation du territoire dans son ensemble, la promotion et la mise en valeur du savoir-faire local (artisanat, produits locaux\u2026). Diff\u00e9rents stands seront tenus sur le th\u00e8me de la pomme afin de la d\u00e9couvrir ou red\u00e9couvrir sous toutes ses formes ! Les visiteurs pourront ainsi participer \u00e0 une d\u00e9monstration de pressage et d\u00e9guster du jus de pomme. Ils pourront s\u2019initier \u00e0 la greffe et d\u00e9couvrir de nombreuses vari\u00e9t\u00e9s de fruits\u2026<\/p>\n<p>Bien que la pomme constitue le th\u00e8me central de cette manifestation, cette journ\u00e9e est \u00e9galement l\u2019occasion de pouvoir aborder les diff\u00e9rents enjeux li\u00e9s \u00e0 la labellisation \u00ab Territoire \u00e0 Energie Positive pour la Croissance Verte \u00bb (TEPCV) du territoire de la Communaut\u00e9 de Communes tels que la biodiversit\u00e9, les \u00e9conomies d\u2019\u00e9nergie, les circuits courts et plus largement la transition \u00e9nerg\u00e9tique. Ainsi, de nombreux producteurs et artisans locaux viendront \u00e0 Charmes pour pr\u00e9senter aux visiteurs leurs sp\u00e9cialit\u00e9s. Diff\u00e9rents institutionnels et associations seront pr\u00e9sents afin d\u2019exposer et\/ou tenir des stands (ex : l\u2019Espace Info Energie, URBAM Conseil, le Conseil d\u00e9partemental des Vosges, l\u2019ADEME, le SMD, Les Jardins de Cocagne, l\u2019association Oiseaux Nature et bien d\u2019autres encore\u2026).<\/p>\n<p>De nombreuses surprises seront au rendez-vous de cette \u00ab F\u00eate de la Pomme et du D\u00e9veloppement durable \u00bb (promenades en poney, bapt\u00eame en montgolfi\u00e8re selon m\u00e9t\u00e9o, etc.) qui sera rythm\u00e9e par des d\u00e9couvertes en famille, des moments de partage ainsi qu\u2019une grande convivialit\u00e9 !<\/p>\n","protected":false},"excerpt":{"rendered":"<p>Le dimanche 16 octobre 2016, de 10h \u00e0 18h, la ville de Charmes accueillera \u00ab La F\u00eate de la Pomme [&hellip;]<\/p>\n","protected":false},"author":52,"featured_media":65155,"comment_status":"open","ping_status":"open","sticky":false,"template":"","format":"standard","meta":{"footnotes":""},"categories":[17,5],"tags":[110,8779],"class_list":["post-65154","post","type-post","status-publish","format-standard","has-post-thumbnail","hentry","category-tourisme","category-vosges","tag-charmes","tag-fete-de-la-pomme"],"acf":[],"yoast_head":"<!-- This site is optimized with the Yoast SEO plugin v22.5 - https:\/\/yoast.com\/wordpress\/plugins\/seo\/ -->\n<title>Charmes f\u00eate la pomme - Epinal Info<\/title>\n<meta name=\"robots\" content=\"index, follow, max-snippet:-1, max-image-preview:large, max-video-preview:-1\" \/>\n<link rel=\"canonical\" href=\"https:\/\/vosgesinfo.fr\/epinalinfo\/2016\/09\/charmes-fete-pomme\/\" \/>\n<meta name=\"twitter:card\" content=\"summary_large_image\" \/>\n<meta name=\"twitter:title\" content=\"Charmes f\u00eate la pomme - Epinal Info\" \/>\n<meta name=\"twitter:description\" content=\"Le dimanche 16 octobre 2016, de 10h \u00e0 18h, la ville de Charmes accueillera \u00ab La F\u00eate de la Pomme [&hellip;]\" \/>\n<meta name=\"twitter:image\" content=\"https:\/\/vosgesinfo.fr\/app\/uploads\/sites\/3\/2024\/08\/201609apple-1532055-960-720.jpg\" \/>\n<meta name=\"twitter:creator\" content=\"@VosgesInfo88\" \/>\n<meta name=\"twitter:site\" content=\"@VosgesInfo88\" \/>\n<meta name=\"twitter:label1\" content=\"\u00c9crit par\" \/>\n\t<meta name=\"twitter:data1\" content=\"C.K.\" \/>\n\t<meta name=\"twitter:label2\" content=\"Dur\u00e9e de lecture estim\u00e9e\" \/>\n\t<meta name=\"twitter:data2\" content=\"2 minutes\" \/>\n<script type=\"application\/ld+json\" class=\"yoast-schema-graph\">{\"@context\":\"https:\/\/schema.org\",\"@graph\":[{\"@type\":\"Article\",\"@id\":\"https:\/\/vosgesinfo.fr\/epinalinfo\/2016\/09\/charmes-fete-pomme\/#article\",\"isPartOf\":{\"@id\":\"https:\/\/vosgesinfo.fr\/epinalinfo\/2016\/09\/charmes-fete-pomme\/\"},\"author\":{\"name\":\"C.K.\",\"@id\":\"https:\/\/vosgesinfo.fr\/epinalinfo\/#\/schema\/person\/6f9a650eeea99d969b6c4ab78fccbe81\"},\"headline\":\"Charmes f\u00eate la pomme\",\"datePublished\":\"2016-09-15T03:44:41+00:00\",\"dateModified\":\"2016-09-15T03:44:41+00:00\",\"mainEntityOfPage\":{\"@id\":\"https:\/\/vosgesinfo.fr\/epinalinfo\/2016\/09\/charmes-fete-pomme\/\"},\"wordCount\":351,\"commentCount\":0,\"publisher\":{\"@id\":\"https:\/\/vosgesinfo.fr\/epinalinfo\/#organization\"},\"image\":{\"@id\":\"https:\/\/vosgesinfo.fr\/epinalinfo\/2016\/09\/charmes-fete-pomme\/#primaryimage\"},\"thumbnailUrl\":\"https:\/\/vosgesinfo.fr\/app\/uploads\/sites\/3\/2024\/08\/201609apple-1532055-960-720.jpg\",\"keywords\":[\"Charmes\",\"F\u00eate de la pomme\"],\"articleSection\":[\"Tourisme\",\"Vosges\"],\"inLanguage\":\"fr-FR\",\"potentialAction\":[{\"@type\":\"CommentAction\",\"name\":\"Comment\",\"target\":[\"https:\/\/vosgesinfo.fr\/epinalinfo\/2016\/09\/charmes-fete-pomme\/#respond\"]}]},{\"@type\":\"WebPage\",\"@id\":\"https:\/\/vosgesinfo.fr\/epinalinfo\/2016\/09\/charmes-fete-pomme\/\",\"url\":\"https:\/\/vosgesinfo.fr\/epinalinfo\/2016\/09\/charmes-fete-pomme\/\",\"name\":\"Charmes f\u00eate la pomme - Epinal Info\",\"isPartOf\":{\"@id\":\"https:\/\/vosgesinfo.fr\/epinalinfo\/#website\"},\"primaryImageOfPage\":{\"@id\":\"https:\/\/vosgesinfo.fr\/epinalinfo\/2016\/09\/charmes-fete-pomme\/#primaryimage\"},\"image\":{\"@id\":\"https:\/\/vosgesinfo.fr\/epinalinfo\/2016\/09\/charmes-fete-pomme\/#primaryimage\"},\"thumbnailUrl\":\"https:\/\/vosgesinfo.fr\/app\/uploads\/sites\/3\/2024\/08\/201609apple-1532055-960-720.jpg\",\"datePublished\":\"2016-09-15T03:44:41+00:00\",\"dateModified\":\"2016-09-15T03:44:41+00:00\",\"breadcrumb\":{\"@id\":\"https:\/\/vosgesinfo.fr\/epinalinfo\/2016\/09\/charmes-fete-pomme\/#breadcrumb\"},\"inLanguage\":\"fr-FR\",\"potentialAction\":[{\"@type\":\"ReadAction\",\"target\":[\"https:\/\/vosgesinfo.fr\/epinalinfo\/2016\/09\/charmes-fete-pomme\/\"]}]},{\"@type\":\"ImageObject\",\"inLanguage\":\"fr-FR\",\"@id\":\"https:\/\/vosgesinfo.fr\/epinalinfo\/2016\/09\/charmes-fete-pomme\/#primaryimage\",\"url\":\"https:\/\/vosgesinfo.fr\/app\/uploads\/sites\/3\/2024\/08\/201609apple-1532055-960-720.jpg\",\"contentUrl\":\"https:\/\/vosgesinfo.fr\/app\/uploads\/sites\/3\/2024\/08\/201609apple-1532055-960-720.jpg\",\"width\":800,\"height\":529},{\"@type\":\"BreadcrumbList\",\"@id\":\"https:\/\/vosgesinfo.fr\/epinalinfo\/2016\/09\/charmes-fete-pomme\/#breadcrumb\",\"itemListElement\":[{\"@type\":\"ListItem\",\"position\":1,\"name\":\"Home\",\"item\":\"https:\/\/vosgesinfo.fr\/epinalinfo\/\"},{\"@type\":\"ListItem\",\"position\":2,\"name\":\"Charmes f\u00eate la pomme\"}]},{\"@type\":\"WebSite\",\"@id\":\"https:\/\/vosgesinfo.fr\/epinalinfo\/#website\",\"url\":\"https:\/\/vosgesinfo.fr\/epinalinfo\/\",\"name\":\"Epinal Info\",\"description\":\"Toute l&#039;actualit\u00e9 d&#039;\u00c9pinal\",\"publisher\":{\"@id\":\"https:\/\/vosgesinfo.fr\/epinalinfo\/#organization\"},\"alternateName\":\"Toute l'actualit\u00e9 d'\u00c9pinal\",\"potentialAction\":[{\"@type\":\"SearchAction\",\"target\":{\"@type\":\"EntryPoint\",\"urlTemplate\":\"https:\/\/vosgesinfo.fr\/epinalinfo\/?s={search_term_string}\"},\"query-input\":\"required name=search_term_string\"}],\"inLanguage\":\"fr-FR\"},{\"@type\":\"Organization\",\"@id\":\"https:\/\/vosgesinfo.fr\/epinalinfo\/#organization\",\"name\":\"Epinal Info\",\"url\":\"https:\/\/vosgesinfo.fr\/epinalinfo\/\",\"logo\":{\"@type\":\"ImageObject\",\"inLanguage\":\"fr-FR\",\"@id\":\"https:\/\/vosgesinfo.fr\/epinalinfo\/#\/schema\/logo\/image\/\",\"url\":\"https:\/\/vosgesinfo.fr\/app\/uploads\/sites\/3\/2023\/08\/logo-epinalinfos.svg\",\"contentUrl\":\"https:\/\/vosgesinfo.fr\/app\/uploads\/sites\/3\/2023\/08\/logo-epinalinfos.svg\",\"width\":1,\"height\":1,\"caption\":\"Epinal Info\"},\"image\":{\"@id\":\"https:\/\/vosgesinfo.fr\/epinalinfo\/#\/schema\/logo\/image\/\"},\"sameAs\":[\"https:\/\/www.facebook.com\/Epinalinfos\",\"https:\/\/x.com\/VosgesInfo88\",\"https:\/\/www.youtube.com\/@vosgesinfo\"]},{\"@type\":\"Person\",\"@id\":\"https:\/\/vosgesinfo.fr\/epinalinfo\/#\/schema\/person\/6f9a650eeea99d969b6c4ab78fccbe81\",\"name\":\"C.K.\",\"image\":{\"@type\":\"ImageObject\",\"inLanguage\":\"fr-FR\",\"@id\":\"https:\/\/vosgesinfo.fr\/epinalinfo\/#\/schema\/person\/image\/\",\"url\":\"https:\/\/secure.gravatar.com\/avatar\/48e3fc7f8421ba8942be6b74a2b7f014ca39bc00dece156b7a8e098ae7dc87bf?s=96&d=mm&r=g\",\"contentUrl\":\"https:\/\/secure.gravatar.com\/avatar\/48e3fc7f8421ba8942be6b74a2b7f014ca39bc00dece156b7a8e098ae7dc87bf?s=96&d=mm&r=g\",\"caption\":\"C.K.\"},\"url\":\"https:\/\/vosgesinfo.fr\/epinalinfo\/author\/celia-k-n\/\"}]}<\/script>\n<!-- \/ Yoast SEO plugin. -->","yoast_head_json":{"title":"Charmes f\u00eate la pomme - Epinal Info","robots":{"index":"index","follow":"follow","max-snippet":"max-snippet:-1","max-image-preview":"max-image-preview:large","max-video-preview":"max-video-preview:-1"},"canonical":"https:\/\/vosgesinfo.fr\/epinalinfo\/2016\/09\/charmes-fete-pomme\/","twitter_card":"summary_large_image","twitter_title":"Charmes f\u00eate la pomme - Epinal Info","twitter_description":"Le dimanche 16 octobre 2016, de 10h \u00e0 18h, la ville de Charmes accueillera \u00ab La F\u00eate de la Pomme [&hellip;]","twitter_image":"https:\/\/vosgesinfo.fr\/app\/uploads\/sites\/3\/2024\/08\/201609apple-1532055-960-720.jpg","twitter_creator":"@VosgesInfo88","twitter_site":"@VosgesInfo88","twitter_misc":{"\u00c9crit par":"C.K.","Dur\u00e9e de lecture estim\u00e9e":"2 minutes"},"schema":{"@context":"https:\/\/schema.org","@graph":[{"@type":"Article","@id":"https:\/\/vosgesinfo.fr\/epinalinfo\/2016\/09\/charmes-fete-pomme\/#article","isPartOf":{"@id":"https:\/\/vosgesinfo.fr\/epinalinfo\/2016\/09\/charmes-fete-pomme\/"},"author":{"name":"C.K.","@id":"https:\/\/vosgesinfo.fr\/epinalinfo\/#\/schema\/person\/6f9a650eeea99d969b6c4ab78fccbe81"},"headline":"Charmes f\u00eate la pomme","datePublished":"2016-09-15T03:44:41+00:00","dateModified":"2016-09-15T03:44:41+00:00","mainEntityOfPage":{"@id":"https:\/\/vosgesinfo.fr\/epinalinfo\/2016\/09\/charmes-fete-pomme\/"},"wordCount":351,"commentCount":0,"publisher":{"@id":"https:\/\/vosgesinfo.fr\/epinalinfo\/#organization"},"image":{"@id":"https:\/\/vosgesinfo.fr\/epinalinfo\/2016\/09\/charmes-fete-pomme\/#primaryimage"},"thumbnailUrl":"https:\/\/vosgesinfo.fr\/app\/uploads\/sites\/3\/2024\/08\/201609apple-1532055-960-720.jpg","keywords":["Charmes","F\u00eate de la pomme"],"articleSection":["Tourisme","Vosges"],"inLanguage":"fr-FR","potentialAction":[{"@type":"CommentAction","name":"Comment","target":["https:\/\/vosgesinfo.fr\/epinalinfo\/2016\/09\/charmes-fete-pomme\/#respond"]}]},{"@type":"WebPage","@id":"https:\/\/vosgesinfo.fr\/epinalinfo\/2016\/09\/charmes-fete-pomme\/","url":"https:\/\/vosgesinfo.fr\/epinalinfo\/2016\/09\/charmes-fete-pomme\/","name":"Charmes f\u00eate la pomme - Epinal Info","isPartOf":{"@id":"https:\/\/vosgesinfo.fr\/epinalinfo\/#website"},"primaryImageOfPage":{"@id":"https:\/\/vosgesinfo.fr\/epinalinfo\/2016\/09\/charmes-fete-pomme\/#primaryimage"},"image":{"@id":"https:\/\/vosgesinfo.fr\/epinalinfo\/2016\/09\/charmes-fete-pomme\/#primaryimage"},"thumbnailUrl":"https:\/\/vosgesinfo.fr\/app\/uploads\/sites\/3\/2024\/08\/201609apple-1532055-960-720.jpg","datePublished":"2016-09-15T03:44:41+00:00","dateModified":"2016-09-15T03:44:41+00:00","breadcrumb":{"@id":"https:\/\/vosgesinfo.fr\/epinalinfo\/2016\/09\/charmes-fete-pomme\/#breadcrumb"},"inLanguage":"fr-FR","potentialAction":[{"@type":"ReadAction","target":["https:\/\/vosgesinfo.fr\/epinalinfo\/2016\/09\/charmes-fete-pomme\/"]}]},{"@type":"ImageObject","inLanguage":"fr-FR","@id":"https:\/\/vosgesinfo.fr\/epinalinfo\/2016\/09\/charmes-fete-pomme\/#primaryimage","url":"https:\/\/vosgesinfo.fr\/app\/uploads\/sites\/3\/2024\/08\/201609apple-1532055-960-720.jpg","contentUrl":"https:\/\/vosgesinfo.fr\/app\/uploads\/sites\/3\/2024\/08\/201609apple-1532055-960-720.jpg","width":800,"height":529},{"@type":"BreadcrumbList","@id":"https:\/\/vosgesinfo.fr\/epinalinfo\/2016\/09\/charmes-fete-pomme\/#breadcrumb","itemListElement":[{"@type":"ListItem","position":1,"name":"Home","item":"https:\/\/vosgesinfo.fr\/epinalinfo\/"},{"@type":"ListItem","position":2,"name":"Charmes f\u00eate la pomme"}]},{"@type":"WebSite","@id":"https:\/\/vosgesinfo.fr\/epinalinfo\/#website","url":"https:\/\/vosgesinfo.fr\/epinalinfo\/","name":"Epinal Info","description":"Toute l&#039;actualit\u00e9 d&#039;\u00c9pinal","publisher":{"@id":"https:\/\/vosgesinfo.fr\/epinalinfo\/#organization"},"alternateName":"Toute l'actualit\u00e9 d'\u00c9pinal","potentialAction":[{"@type":"SearchAction","target":{"@type":"EntryPoint","urlTemplate":"https:\/\/vosgesinfo.fr\/epinalinfo\/?s={search_term_string}"},"query-input":"required name=search_term_string"}],"inLanguage":"fr-FR"},{"@type":"Organization","@id":"https:\/\/vosgesinfo.fr\/epinalinfo\/#organization","name":"Epinal Info","url":"https:\/\/vosgesinfo.fr\/epinalinfo\/","logo":{"@type":"ImageObject","inLanguage":"fr-FR","@id":"https:\/\/vosgesinfo.fr\/epinalinfo\/#\/schema\/logo\/image\/","url":"https:\/\/vosgesinfo.fr\/app\/uploads\/sites\/3\/2023\/08\/logo-epinalinfos.svg","contentUrl":"https:\/\/vosgesinfo.fr\/app\/uploads\/sites\/3\/2023\/08\/logo-epinalinfos.svg","width":1,"height":1,"caption":"Epinal Info"},"image":{"@id":"https:\/\/vosgesinfo.fr\/epinalinfo\/#\/schema\/logo\/image\/"},"sameAs":["https:\/\/www.facebook.com\/Epinalinfos","https:\/\/x.com\/VosgesInfo88","https:\/\/www.youtube.com\/@vosgesinfo"]},{"@type":"Person","@id":"https:\/\/vosgesinfo.fr\/epinalinfo\/#\/schema\/person\/6f9a650eeea99d969b6c4ab78fccbe81","name":"C.K.","image":{"@type":"ImageObject","inLanguage":"fr-FR","@id":"https:\/\/vosgesinfo.fr\/epinalinfo\/#\/schema\/person\/image\/","url":"https:\/\/secure.gravatar.com\/avatar\/48e3fc7f8421ba8942be6b74a2b7f014ca39bc00dece156b7a8e098ae7dc87bf?s=96&d=mm&r=g","contentUrl":"https:\/\/secure.gravatar.com\/avatar\/48e3fc7f8421ba8942be6b74a2b7f014ca39bc00dece156b7a8e098ae7dc87bf?s=96&d=mm&r=g","caption":"C.K."},"url":"https:\/\/vosgesinfo.fr\/epinalinfo\/author\/celia-k-n\/"}]}},"_links":{"self":[{"href":"https:\/\/vosgesinfo.fr\/epinalinfo\/wp-json\/wp\/v2\/posts\/65154","targetHints":{"allow":["GET"]}}],"collection":[{"href":"https:\/\/vosgesinfo.fr\/epinalinfo\/wp-json\/wp\/v2\/posts"}],"about":[{"href":"https:\/\/vosgesinfo.fr\/epinalinfo\/wp-json\/wp\/v2\/types\/post"}],"author":[{"embeddable":true,"href":"https:\/\/vosgesinfo.fr\/epinalinfo\/wp-json\/wp\/v2\/users\/52"}],"replies":[{"embeddable":true,"href":"https:\/\/vosgesinfo.fr\/epinalinfo\/wp-json\/wp\/v2\/comments?post=65154"}],"version-history":[{"count":0,"href":"https:\/\/vosgesinfo.fr\/epinalinfo\/wp-json\/wp\/v2\/posts\/65154\/revisions"}],"wp:featuredmedia":[{"embeddable":true,"href":"https:\/\/vosgesinfo.fr\/epinalinfo\/wp-json\/wp\/v2\/media\/65155"}],"wp:attachment":[{"href":"https:\/\/vosgesinfo.fr\/epinalinfo\/wp-json\/wp\/v2\/media?parent=65154"}],"wp:term":[{"taxonomy":"category","embeddable":true,"href":"https:\/\/vosgesinfo.fr\/epinalinfo\/wp-json\/wp\/v2\/categories?post=65154"},{"taxonomy":"post_tag","embeddable":true,"href":"https:\/\/vosgesinfo.fr\/epinalinfo\/wp-json\/wp\/v2\/tags?post=65154"}],"curies":[{"name":"wp","href":"https:\/\/api.w.org\/{rel}","templated":true}]}}